{"id":10263,"date":"2019-02-01T11:47:25","date_gmt":"2019-02-01T10:47:25","guid":{"rendered":"https:\/\/vosgesinfo.fr\/remiremontinfo\/2019\/02\/vosges-on-se-faisait-petit-selfie-rob-zombie\/"},"modified":"2019-02-01T11:47:25","modified_gmt":"2019-02-01T10:47:25","slug":"vosges-on-se-faisait-petit-selfie-rob-zombie","status":"publish","type":"post","link":"https:\/\/vosgesinfo.fr\/remiremontinfo\/2019\/02\/vosges-on-se-faisait-petit-selfie-rob-zombie\/","title":{"rendered":"Vosges \u2013 Et si on se faisait un petit selfie avec Rob le Zombie"},"content":{"rendered":"<h2><iframe loading=\"lazy\" src=\"\/\/www.youtube.com\/embed\/pOTWT_hfbEM\" width=\"425\" height=\"350\" allowfullscreen=\"allowfullscreen\"><\/iframe><\/h2>\n<h2><span style=\"font-size: 14pt;\"><strong>Le festival de G\u00e9rardmer est un temps fort pour la culture dans les Vosges. Son rayonnement au niveau national et international n\u2019est plus \u00e0 prouver.<\/strong><\/span><\/h2>\n<p>Durant les quatre\u00a0jours que dure\u00a0le festival, les retomb\u00e9es pour l\u2019\u00e9conomie geromoise sont notables\u00a0; notamment pour les restaurateurs et les h\u00f4teliers. \u00a0De nombreux festivaliers viennent de toutes les Vosges et mais aussi des r\u00e9gions voisines. Le festival v\u00e9hicule une image positive et attractive du territoire et la marque \u00ab\u00a0Je Vois la Vie en Vosges\u00a0\u00bb l\u2019a bien compris\u00a0!<\/p>\n<p>C\u2019est pourquoi, tout au long du festival, la marque est visible sur de nombreux supports de communication (banderoles, kak\u00e9monos et logos). Les b\u00e9n\u00e9voles (chauffeurs, agents d\u2019accueil) portent des v\u00eatements aux couleurs de la marque. Les voitures officielles qui assurent le d\u00e9placement des membres du jury, sont-elles aussi floqu\u00e9es \u00ab\u00a0Je Vois la Vie en Vosges\u00a0\u00bb. Cette pr\u00e9sence visuelle\u00a0est indispensable pour toucher un large public qui associe le festival \u00e0 la marque.<\/p>\n<p>La mini-s\u00e9rie, \u00ab Zombie en terre\u2026 Vosgienne \u00bb, diffus\u00e9e en marge des films en comp\u00e9titions, met en lumi\u00e8re les atouts de la r\u00e9gion\u00a0: vastes \u00e9tendues foresti\u00e8res, des montagnes\u00a0 accueillantes o\u00f9 il fait bon skier, se balader et se ressourcer\u2026 \u00a0A noter que cette ann\u00e9e, Rob le Zombie se prom\u00e8nera dans les all\u00e9es du festival et au centre-ville de Gerardmer. Un jeu concours est \u00e9galement propos\u00e9. Il suffit de faire un selfie avec Rob et de le poster avec le #ROBSELFIE sur Facebook et Instagram\u00a0! De nombreux lots sont \u00e0 remporter\u00a0!<\/p>\n<p><strong><a href=\"http:\/\/www.jevoislavieenvosges.com\/FestivaldeGerardmer\/jeuConcours.aspx\" target=\"_blank\" rel=\"noopener\">Pour conna\u00eetre les lots \u00e0 remporter cliquer ici<\/a><\/strong><\/p>\n<p><span class=\"marker\">Le D\u00e9partement des Vosges soutient financi\u00e8rement le festival \u00e0 hauteur de 27 000 euros.\u00a0<\/span><\/p>\n<div class=\"tiled-gallery type-rectangular\" data-original-width=\"960\" data-carousel-extra=\"null\">\n<div class=\"gallery-row\" data-original-width=\"960\" data-original-height=\"272\">\n<div class=\"gallery-group images-1\" data-original-width=\"480\" data-original-height=\"272\">\n<div class=\"tiled-gallery-item tiled-gallery-item-large\"><a href=\"https:\/\/saintdieinfo.fr\/wp-content\/uploads\/2019\/02\/Jury3.jpg\"><img decoding=\"async\" class=\"aligncenter\" title=\"Jury3\" src=\"https:\/\/i2.wp.com\/saintdieinfo.fr\/wp-content\/uploads\/2019\/02\/Jury3.jpg?resize=476%2C268&amp;ssl=1\" alt=\"Jury3\" width=\"476\" height=\"268\" data-attachment-id=\"133570\" data-orig-file=\"https:\/\/saintdieinfo.fr\/wp-content\/uploads\/2019\/02\/Jury3.jpg\" data-orig-size=\"1600,900\" data-comments-opened=\"1\" data-image-meta=\"{&quot;aperture&quot;:&quot;0&quot;,&quot;credit&quot;:&quot;&quot;,&quot;camera&quot;:&quot;&quot;,&quot;caption&quot;:&quot;&quot;,&quot;created_timestamp&quot;:&quot;0&quot;,&quot;copyright&quot;:&quot;&quot;,&quot;focal_length&quot;:&quot;0&quot;,&quot;iso&quot;:&quot;0&quot;,&quot;shutter_speed&quot;:&quot;0&quot;,&quot;title&quot;:&quot;&quot;,&quot;orientation&quot;:&quot;1&quot;}\" data-image-title=\"Jury3\" data-image-description=\"\" data-medium-file=\"https:\/\/saintdieinfo.fr\/wp-content\/uploads\/2019\/02\/Jury3-400x225.jpg\" data-large-file=\"https:\/\/saintdieinfo.fr\/wp-content\/uploads\/2019\/02\/Jury3-1024x576.jpg\" data-original-width=\"476\" data-original-height=\"268\" data-recalc-dims=\"1\" \/><\/a><\/div>\n<\/div>\n<div class=\"gallery-group images-1\" data-original-width=\"480\" data-original-height=\"272\">\n<div class=\"tiled-gallery-item tiled-gallery-item-large\"><a href=\"https:\/\/saintdieinfo.fr\/wp-content\/uploads\/2019\/02\/SelfieRobconcours.jpg\"><img decoding=\"async\" class=\"aligncenter\" title=\"SelfieRobconcours\" src=\"https:\/\/i0.wp.com\/saintdieinfo.fr\/wp-content\/uploads\/2019\/02\/SelfieRobconcours.jpg?resize=476%2C268&amp;ssl=1\" alt=\"SelfieRobconcours\" width=\"476\" height=\"268\" data-attachment-id=\"133573\" data-orig-file=\"https:\/\/saintdieinfo.fr\/wp-content\/uploads\/2019\/02\/SelfieRobconcours.jpg\" data-orig-size=\"1600,900\" data-comments-opened=\"1\" data-image-meta=\"{&quot;aperture&quot;:&quot;0&quot;,&quot;credit&quot;:&quot;&quot;,&quot;camera&quot;:&quot;&quot;,&quot;caption&quot;:&quot;&quot;,&quot;created_timestamp&quot;:&quot;0&quot;,&quot;copyright&quot;:&quot;&quot;,&quot;focal_length&quot;:&quot;0&quot;,&quot;iso&quot;:&quot;0&quot;,&quot;shutter_speed&quot;:&quot;0&quot;,&quot;title&quot;:&quot;&quot;,&quot;orientation&quot;:&quot;1&quot;}\" data-image-title=\"SelfieRobconcours\" data-image-description=\"\" data-medium-file=\"https:\/\/saintdieinfo.fr\/wp-content\/uploads\/2019\/02\/SelfieRobconcours-400x225.jpg\" data-large-file=\"https:\/\/saintdieinfo.fr\/wp-content\/uploads\/2019\/02\/SelfieRobconcours-1024x576.jpg\" data-original-width=\"476\" data-original-height=\"268\" data-recalc-dims=\"1\" \/><\/a><\/div>\n<\/div>\n<\/div>\n<\/div>\n","protected":false},"excerpt":{"rendered":"<p>Le festival de G\u00e9rardmer est un temps fort pour la culture dans les Vosges. Son rayonnement au niveau national et [&hellip;]<\/p>\n","protected":false},"author":39,"featured_media":10264,"comment_status":"open","ping_status":"open","sticky":false,"template":"","format":"standard","meta":{"footnotes":""},"categories":[26,18],"tags":[],"class_list":["post-10263","post","type-post","status-publish","format-standard","has-post-thumbnail","hentry","category-a-la-une","category-vosges"],"acf":[],"yoast_head":"<!-- This site is optimized with the Yoast SEO plugin v22.5 - https:\/\/yoast.com\/wordpress\/plugins\/seo\/ -->\n<title>Vosges \u2013 Et si on se faisait un petit selfie avec Rob le Zombie - Remiremont Info<\/title>\n<meta name=\"robots\" content=\"index, follow, max-snippet:-1, max-image-preview:large, max-video-preview:-1\" \/>\n<link rel=\"canonical\" href=\"https:\/\/vosgesinfo.fr\/remiremontinfo\/2019\/02\/vosges-on-se-faisait-petit-selfie-rob-zombie\/\" \/>\n<meta name=\"twitter:card\" content=\"summary_large_image\" \/>\n<meta name=\"twitter:title\" content=\"Vosges \u2013 Et si on se faisait un petit selfie avec Rob le Zombie - Remiremont Info\" \/>\n<meta name=\"twitter:description\" content=\"Le festival de G\u00e9rardmer est un temps fort pour la culture dans les Vosges. Son rayonnement au niveau national et [&hellip;]\" \/>\n<meta name=\"twitter:image\" content=\"https:\/\/vosgesinfo.fr\/app\/uploads\/sites\/5\/2024\/09\/201902x576.jpg\" \/>\n<meta name=\"twitter:creator\" content=\"@VosgesInfo88\" \/>\n<meta name=\"twitter:site\" content=\"@VosgesInfo88\" \/>\n<meta name=\"twitter:label1\" content=\"\u00c9crit par\" \/>\n\t<meta name=\"twitter:data1\" content=\"Phj\" \/>\n\t<meta name=\"twitter:label2\" content=\"Dur\u00e9e de lecture estim\u00e9e\" \/>\n\t<meta name=\"twitter:data2\" content=\"1 minute\" \/>\n<script type=\"application\/ld+json\" class=\"yoast-schema-graph\">{\"@context\":\"https:\/\/schema.org\",\"@graph\":[{\"@type\":\"Article\",\"@id\":\"https:\/\/vosgesinfo.fr\/remiremontinfo\/2019\/02\/vosges-on-se-faisait-petit-selfie-rob-zombie\/#article\",\"isPartOf\":{\"@id\":\"https:\/\/vosgesinfo.fr\/remiremontinfo\/2019\/02\/vosges-on-se-faisait-petit-selfie-rob-zombie\/\"},\"author\":{\"name\":\"Phj\",\"@id\":\"https:\/\/vosgesinfo.fr\/remiremontinfo\/#\/schema\/person\/4f57dc393faf2ac8b9f1cab30ad79250\"},\"headline\":\"Vosges \u2013 Et si on se faisait un petit selfie avec Rob le Zombie\",\"datePublished\":\"2019-02-01T10:47:25+00:00\",\"dateModified\":\"2019-02-01T10:47:25+00:00\",\"mainEntityOfPage\":{\"@id\":\"https:\/\/vosgesinfo.fr\/remiremontinfo\/2019\/02\/vosges-on-se-faisait-petit-selfie-rob-zombie\/\"},\"wordCount\":299,\"commentCount\":0,\"publisher\":{\"@id\":\"https:\/\/vosgesinfo.fr\/remiremontinfo\/#organization\"},\"image\":{\"@id\":\"https:\/\/vosgesinfo.fr\/remiremontinfo\/2019\/02\/vosges-on-se-faisait-petit-selfie-rob-zombie\/#primaryimage\"},\"thumbnailUrl\":\"https:\/\/vosgesinfo.fr\/app\/uploads\/sites\/5\/2024\/09\/201902x576.jpg\",\"articleSection\":[\"A la Une\",\"Vosges\"],\"inLanguage\":\"fr-FR\",\"potentialAction\":[{\"@type\":\"CommentAction\",\"name\":\"Comment\",\"target\":[\"https:\/\/vosgesinfo.fr\/remiremontinfo\/2019\/02\/vosges-on-se-faisait-petit-selfie-rob-zombie\/#respond\"]}]},{\"@type\":\"WebPage\",\"@id\":\"https:\/\/vosgesinfo.fr\/remiremontinfo\/2019\/02\/vosges-on-se-faisait-petit-selfie-rob-zombie\/\",\"url\":\"https:\/\/vosgesinfo.fr\/remiremontinfo\/2019\/02\/vosges-on-se-faisait-petit-selfie-rob-zombie\/\",\"name\":\"Vosges \u2013 Et si on se faisait un petit selfie avec Rob le Zombie - Remiremont Info\",\"isPartOf\":{\"@id\":\"https:\/\/vosgesinfo.fr\/remiremontinfo\/#website\"},\"primaryImageOfPage\":{\"@id\":\"https:\/\/vosgesinfo.fr\/remiremontinfo\/2019\/02\/vosges-on-se-faisait-petit-selfie-rob-zombie\/#primaryimage\"},\"image\":{\"@id\":\"https:\/\/vosgesinfo.fr\/remiremontinfo\/2019\/02\/vosges-on-se-faisait-petit-selfie-rob-zombie\/#primaryimage\"},\"thumbnailUrl\":\"https:\/\/vosgesinfo.fr\/app\/uploads\/sites\/5\/2024\/09\/201902x576.jpg\",\"datePublished\":\"2019-02-01T10:47:25+00:00\",\"dateModified\":\"2019-02-01T10:47:25+00:00\",\"breadcrumb\":{\"@id\":\"https:\/\/vosgesinfo.fr\/remiremontinfo\/2019\/02\/vosges-on-se-faisait-petit-selfie-rob-zombie\/#breadcrumb\"},\"inLanguage\":\"fr-FR\",\"potentialAction\":[{\"@type\":\"ReadAction\",\"target\":[\"https:\/\/vosgesinfo.fr\/remiremontinfo\/2019\/02\/vosges-on-se-faisait-petit-selfie-rob-zombie\/\"]}]},{\"@type\":\"ImageObject\",\"inLanguage\":\"fr-FR\",\"@id\":\"https:\/\/vosgesinfo.fr\/remiremontinfo\/2019\/02\/vosges-on-se-faisait-petit-selfie-rob-zombie\/#primaryimage\",\"url\":\"https:\/\/vosgesinfo.fr\/app\/uploads\/sites\/5\/2024\/09\/201902x576.jpg\",\"contentUrl\":\"https:\/\/vosgesinfo.fr\/app\/uploads\/sites\/5\/2024\/09\/201902x576.jpg\",\"width\":1024,\"height\":576},{\"@type\":\"BreadcrumbList\",\"@id\":\"https:\/\/vosgesinfo.fr\/remiremontinfo\/2019\/02\/vosges-on-se-faisait-petit-selfie-rob-zombie\/#breadcrumb\",\"itemListElement\":[{\"@type\":\"ListItem\",\"position\":1,\"name\":\"Home\",\"item\":\"https:\/\/vosgesinfo.fr\/remiremontinfo\/\"},{\"@type\":\"ListItem\",\"position\":2,\"name\":\"Vosges \u2013 Et si on se faisait un petit selfie avec Rob le Zombie\"}]},{\"@type\":\"WebSite\",\"@id\":\"https:\/\/vosgesinfo.fr\/remiremontinfo\/#website\",\"url\":\"https:\/\/vosgesinfo.fr\/remiremontinfo\/\",\"name\":\"Remiremont Info\",\"description\":\"Toute l&#039;actualit\u00e9 de Remiremont\",\"publisher\":{\"@id\":\"https:\/\/vosgesinfo.fr\/remiremontinfo\/#organization\"},\"alternateName\":\"Toute l'actualit\u00e9 de Remiremont\",\"potentialAction\":[{\"@type\":\"SearchAction\",\"target\":{\"@type\":\"EntryPoint\",\"urlTemplate\":\"https:\/\/vosgesinfo.fr\/remiremontinfo\/?s={search_term_string}\"},\"query-input\":\"required name=search_term_string\"}],\"inLanguage\":\"fr-FR\"},{\"@type\":\"Organization\",\"@id\":\"https:\/\/vosgesinfo.fr\/remiremontinfo\/#organization\",\"name\":\"Remiremont Info\",\"url\":\"https:\/\/vosgesinfo.fr\/remiremontinfo\/\",\"logo\":{\"@type\":\"ImageObject\",\"inLanguage\":\"fr-FR\",\"@id\":\"https:\/\/vosgesinfo.fr\/remiremontinfo\/#\/schema\/logo\/image\/\",\"url\":\"https:\/\/vosgesinfo.fr\/app\/uploads\/sites\/5\/2023\/08\/favicon-remiremontinfo.png\",\"contentUrl\":\"https:\/\/vosgesinfo.fr\/app\/uploads\/sites\/5\/2023\/08\/favicon-remiremontinfo.png\",\"width\":512,\"height\":512,\"caption\":\"Remiremont Info\"},\"image\":{\"@id\":\"https:\/\/vosgesinfo.fr\/remiremontinfo\/#\/schema\/logo\/image\/\"},\"sameAs\":[\"https:\/\/www.facebook.com\/remiremontinfo\",\"https:\/\/x.com\/VosgesInfo88\",\"https:\/\/www.youtube.com\/@vosgesinfo\"]},{\"@type\":\"Person\",\"@id\":\"https:\/\/vosgesinfo.fr\/remiremontinfo\/#\/schema\/person\/4f57dc393faf2ac8b9f1cab30ad79250\",\"name\":\"Phj\",\"image\":{\"@type\":\"ImageObject\",\"inLanguage\":\"fr-FR\",\"@id\":\"https:\/\/vosgesinfo.fr\/remiremontinfo\/#\/schema\/person\/image\/\",\"url\":\"https:\/\/secure.gravatar.com\/avatar\/ada60265080fb9a89c9809bf0abb1f448a128cb85db1c08905baa5038fbe3cfe?s=96&d=mm&r=g\",\"contentUrl\":\"https:\/\/secure.gravatar.com\/avatar\/ada60265080fb9a89c9809bf0abb1f448a128cb85db1c08905baa5038fbe3cfe?s=96&d=mm&r=g\",\"caption\":\"Phj\"},\"url\":\"https:\/\/vosgesinfo.fr\/remiremontinfo\/author\/phj\/\"}]}<\/script>\n<!-- \/ Yoast SEO plugin. -->","yoast_head_json":{"title":"Vosges \u2013 Et si on se faisait un petit selfie avec Rob le Zombie - Remiremont Info","robots":{"index":"index","follow":"follow","max-snippet":"max-snippet:-1","max-image-preview":"max-image-preview:large","max-video-preview":"max-video-preview:-1"},"canonical":"https:\/\/vosgesinfo.fr\/remiremontinfo\/2019\/02\/vosges-on-se-faisait-petit-selfie-rob-zombie\/","twitter_card":"summary_large_image","twitter_title":"Vosges \u2013 Et si on se faisait un petit selfie avec Rob le Zombie - Remiremont Info","twitter_description":"Le festival de G\u00e9rardmer est un temps fort pour la culture dans les Vosges. Son rayonnement au niveau national et [&hellip;]","twitter_image":"https:\/\/vosgesinfo.fr\/app\/uploads\/sites\/5\/2024\/09\/201902x576.jpg","twitter_creator":"@VosgesInfo88","twitter_site":"@VosgesInfo88","twitter_misc":{"\u00c9crit par":"Phj","Dur\u00e9e de lecture estim\u00e9e":"1 minute"},"schema":{"@context":"https:\/\/schema.org","@graph":[{"@type":"Article","@id":"https:\/\/vosgesinfo.fr\/remiremontinfo\/2019\/02\/vosges-on-se-faisait-petit-selfie-rob-zombie\/#article","isPartOf":{"@id":"https:\/\/vosgesinfo.fr\/remiremontinfo\/2019\/02\/vosges-on-se-faisait-petit-selfie-rob-zombie\/"},"author":{"name":"Phj","@id":"https:\/\/vosgesinfo.fr\/remiremontinfo\/#\/schema\/person\/4f57dc393faf2ac8b9f1cab30ad79250"},"headline":"Vosges \u2013 Et si on se faisait un petit selfie avec Rob le Zombie","datePublished":"2019-02-01T10:47:25+00:00","dateModified":"2019-02-01T10:47:25+00:00","mainEntityOfPage":{"@id":"https:\/\/vosgesinfo.fr\/remiremontinfo\/2019\/02\/vosges-on-se-faisait-petit-selfie-rob-zombie\/"},"wordCount":299,"commentCount":0,"publisher":{"@id":"https:\/\/vosgesinfo.fr\/remiremontinfo\/#organization"},"image":{"@id":"https:\/\/vosgesinfo.fr\/remiremontinfo\/2019\/02\/vosges-on-se-faisait-petit-selfie-rob-zombie\/#primaryimage"},"thumbnailUrl":"https:\/\/vosgesinfo.fr\/app\/uploads\/sites\/5\/2024\/09\/201902x576.jpg","articleSection":["A la Une","Vosges"],"inLanguage":"fr-FR","potentialAction":[{"@type":"CommentAction","name":"Comment","target":["https:\/\/vosgesinfo.fr\/remiremontinfo\/2019\/02\/vosges-on-se-faisait-petit-selfie-rob-zombie\/#respond"]}]},{"@type":"WebPage","@id":"https:\/\/vosgesinfo.fr\/remiremontinfo\/2019\/02\/vosges-on-se-faisait-petit-selfie-rob-zombie\/","url":"https:\/\/vosgesinfo.fr\/remiremontinfo\/2019\/02\/vosges-on-se-faisait-petit-selfie-rob-zombie\/","name":"Vosges \u2013 Et si on se faisait un petit selfie avec Rob le Zombie - Remiremont Info","isPartOf":{"@id":"https:\/\/vosgesinfo.fr\/remiremontinfo\/#website"},"primaryImageOfPage":{"@id":"https:\/\/vosgesinfo.fr\/remiremontinfo\/2019\/02\/vosges-on-se-faisait-petit-selfie-rob-zombie\/#primaryimage"},"image":{"@id":"https:\/\/vosgesinfo.fr\/remiremontinfo\/2019\/02\/vosges-on-se-faisait-petit-selfie-rob-zombie\/#primaryimage"},"thumbnailUrl":"https:\/\/vosgesinfo.fr\/app\/uploads\/sites\/5\/2024\/09\/201902x576.jpg","datePublished":"2019-02-01T10:47:25+00:00","dateModified":"2019-02-01T10:47:25+00:00","breadcrumb":{"@id":"https:\/\/vosgesinfo.fr\/remiremontinfo\/2019\/02\/vosges-on-se-faisait-petit-selfie-rob-zombie\/#breadcrumb"},"inLanguage":"fr-FR","potentialAction":[{"@type":"ReadAction","target":["https:\/\/vosgesinfo.fr\/remiremontinfo\/2019\/02\/vosges-on-se-faisait-petit-selfie-rob-zombie\/"]}]},{"@type":"ImageObject","inLanguage":"fr-FR","@id":"https:\/\/vosgesinfo.fr\/remiremontinfo\/2019\/02\/vosges-on-se-faisait-petit-selfie-rob-zombie\/#primaryimage","url":"https:\/\/vosgesinfo.fr\/app\/uploads\/sites\/5\/2024\/09\/201902x576.jpg","contentUrl":"https:\/\/vosgesinfo.fr\/app\/uploads\/sites\/5\/2024\/09\/201902x576.jpg","width":1024,"height":576},{"@type":"BreadcrumbList","@id":"https:\/\/vosgesinfo.fr\/remiremontinfo\/2019\/02\/vosges-on-se-faisait-petit-selfie-rob-zombie\/#breadcrumb","itemListElement":[{"@type":"ListItem","position":1,"name":"Home","item":"https:\/\/vosgesinfo.fr\/remiremontinfo\/"},{"@type":"ListItem","position":2,"name":"Vosges \u2013 Et si on se faisait un petit selfie avec Rob le Zombie"}]},{"@type":"WebSite","@id":"https:\/\/vosgesinfo.fr\/remiremontinfo\/#website","url":"https:\/\/vosgesinfo.fr\/remiremontinfo\/","name":"Remiremont Info","description":"Toute l&#039;actualit\u00e9 de Remiremont","publisher":{"@id":"https:\/\/vosgesinfo.fr\/remiremontinfo\/#organization"},"alternateName":"Toute l'actualit\u00e9 de Remiremont","potentialAction":[{"@type":"SearchAction","target":{"@type":"EntryPoint","urlTemplate":"https:\/\/vosgesinfo.fr\/remiremontinfo\/?s={search_term_string}"},"query-input":"required name=search_term_string"}],"inLanguage":"fr-FR"},{"@type":"Organization","@id":"https:\/\/vosgesinfo.fr\/remiremontinfo\/#organization","name":"Remiremont Info","url":"https:\/\/vosgesinfo.fr\/remiremontinfo\/","logo":{"@type":"ImageObject","inLanguage":"fr-FR","@id":"https:\/\/vosgesinfo.fr\/remiremontinfo\/#\/schema\/logo\/image\/","url":"https:\/\/vosgesinfo.fr\/app\/uploads\/sites\/5\/2023\/08\/favicon-remiremontinfo.png","contentUrl":"https:\/\/vosgesinfo.fr\/app\/uploads\/sites\/5\/2023\/08\/favicon-remiremontinfo.png","width":512,"height":512,"caption":"Remiremont Info"},"image":{"@id":"https:\/\/vosgesinfo.fr\/remiremontinfo\/#\/schema\/logo\/image\/"},"sameAs":["https:\/\/www.facebook.com\/remiremontinfo","https:\/\/x.com\/VosgesInfo88","https:\/\/www.youtube.com\/@vosgesinfo"]},{"@type":"Person","@id":"https:\/\/vosgesinfo.fr\/remiremontinfo\/#\/schema\/person\/4f57dc393faf2ac8b9f1cab30ad79250","name":"Phj","image":{"@type":"ImageObject","inLanguage":"fr-FR","@id":"https:\/\/vosgesinfo.fr\/remiremontinfo\/#\/schema\/person\/image\/","url":"https:\/\/secure.gravatar.com\/avatar\/ada60265080fb9a89c9809bf0abb1f448a128cb85db1c08905baa5038fbe3cfe?s=96&d=mm&r=g","contentUrl":"https:\/\/secure.gravatar.com\/avatar\/ada60265080fb9a89c9809bf0abb1f448a128cb85db1c08905baa5038fbe3cfe?s=96&d=mm&r=g","caption":"Phj"},"url":"https:\/\/vosgesinfo.fr\/remiremontinfo\/author\/phj\/"}]}},"_links":{"self":[{"href":"https:\/\/vosgesinfo.fr\/remiremontinfo\/wp-json\/wp\/v2\/posts\/10263","targetHints":{"allow":["GET"]}}],"collection":[{"href":"https:\/\/vosgesinfo.fr\/remiremontinfo\/wp-json\/wp\/v2\/posts"}],"about":[{"href":"https:\/\/vosgesinfo.fr\/remiremontinfo\/wp-json\/wp\/v2\/types\/post"}],"author":[{"embeddable":true,"href":"https:\/\/vosgesinfo.fr\/remiremontinfo\/wp-json\/wp\/v2\/users\/39"}],"replies":[{"embeddable":true,"href":"https:\/\/vosgesinfo.fr\/remiremontinfo\/wp-json\/wp\/v2\/comments?post=10263"}],"version-history":[{"count":0,"href":"https:\/\/vosgesinfo.fr\/remiremontinfo\/wp-json\/wp\/v2\/posts\/10263\/revisions"}],"wp:featuredmedia":[{"embeddable":true,"href":"https:\/\/vosgesinfo.fr\/remiremontinfo\/wp-json\/wp\/v2\/media\/10264"}],"wp:attachment":[{"href":"https:\/\/vosgesinfo.fr\/remiremontinfo\/wp-json\/wp\/v2\/media?parent=10263"}],"wp:term":[{"taxonomy":"category","embeddable":true,"href":"https:\/\/vosgesinfo.fr\/remiremontinfo\/wp-json\/wp\/v2\/categories?post=10263"},{"taxonomy":"post_tag","embeddable":true,"href":"https:\/\/vosgesinfo.fr\/remiremontinfo\/wp-json\/wp\/v2\/tags?post=10263"}],"curies":[{"name":"wp","href":"https:\/\/api.w.org\/{rel}","templated":true}]}}