{"id":10265,"date":"2019-02-01T11:00:57","date_gmt":"2019-02-01T10:00:57","guid":{"rendered":"https:\/\/vosgesinfo.fr\/remiremontinfo\/2019\/02\/lu2p-lance-grand-debat-entreprises-de-proximite\/"},"modified":"2019-02-01T11:00:57","modified_gmt":"2019-02-01T10:00:57","slug":"lu2p-lance-grand-debat-entreprises-de-proximite","status":"publish","type":"post","link":"https:\/\/vosgesinfo.fr\/remiremontinfo\/2019\/02\/lu2p-lance-grand-debat-entreprises-de-proximite\/","title":{"rendered":"L&rsquo;U2P lance le grand d\u00e9bat des entreprises de proximit\u00e9"},"content":{"rendered":"<div class=\"page\" title=\"Page 1\">\n<div class=\"layoutArea\">\n<div class=\"column\">\n<p>L\u2019U2P LANCE LE GRAND DEBAT DES ENTREPRISES DE PROXIMITE<\/p>\n<p>L\u2019U2P (Union des entreprises de proximit\u00e9) lance le \u00ab Grand de\u0301bat des entreprises de proximite\u0301, a\u0300 destination des chefs d\u2019entreprise de l\u2019artisanat, du commerce de proximite\u0301 et des professions libe\u0301rales, soit les deux tiers des entreprises franc\u0327aises.<\/p>\n<p>Pre\u0300s de 40 re\u0301unions se tiendront partout en France jusqu\u2019a\u0300 la fin fe\u0301vrier. Cette initiative s\u2019inscrit dans le cadre du Grand de\u0301bat national mais vise a\u0300 traiter plus spe\u0301cifiquement les proble\u0301matiques de l\u2019e\u0301conomie de proximite\u0301 : fiscalite\u0301 locale, nationale et e\u0301cologique, besoins en compe\u0301tences, pouvoir d\u2019achat, e\u0301galite\u0301 de traitement entre entreprises, revitalisation des centres-villes et centres-bourgs&#8230;<\/p>\n<p>Les objectifs prioritaires de cette rencontre sont :<\/p>\n<p>&#8211; d\u2019aller a\u0300 la rencontre des chefs d\u2019entreprise de proximite\u0301 afin qu\u2019ils expriment leurs re\u0301alite\u0301s quotidiennes parfois proches de celles des gilets jaunes ;<br \/>\n&#8211; de recueillir leurs revendications et propositions en vue de les pre\u0301senter publiquement le 7 mars 2019 et de les transmettre au gouvernement.<\/p>\n<p>Inscription obligatoire \u00e0 l&rsquo;adresse suivante : https:\/\/docs.google.com\/forms\/d\/e\/1FAIpQLSf8GFxRNjqSTdvdCsdbhPn8mZyXHNYPcFZt7op1IX6dK1N-DQ\/viewform<\/p>\n<p style=\"text-align: center;\"><a href=\"\/2019\/02\/Capture-d\u2019e\u0301cran-2019-02-01-a\u0300-14.48.52.png\"><img decoding=\"async\" class=\"alignnone size-thumbnail wp-image-252465\" src=\"\/2019\/02\/Capture-d\u2019e\u0301cran-2019-02-01-a\u0300-14.48.52-150x150.png\" alt=\"Capture d\u2019e\u0301cran 2019-02-01 a\u0300 14.48.52\" width=\"150\" height=\"150\" \/><\/a><\/p>\n<p><a href=\"\/2019\/02\/U2P_29-01_248x360-HD-page-001.jpg\"><img decoding=\"async\" class=\"alignnone size-full wp-image-252464\" src=\"\/2019\/02\/U2P_29-01_248x360-HD-page-001.jpg\" alt=\"U2P_29-01_248x360-HD-page-001\" width=\"1465\" height=\"2126\" \/><\/a><\/p>\n<\/div>\n<\/div>\n<\/div>\n","protected":false},"excerpt":{"rendered":"<p>L\u2019U2P LANCE LE GRAND DEBAT DES ENTREPRISES DE PROXIMITE L\u2019U2P (Union des entreprises de proximit\u00e9) lance le \u00ab Grand de\u0301bat [&hellip;]<\/p>\n","protected":false},"author":407,"featured_media":10266,"comment_status":"open","ping_status":"open","sticky":false,"template":"","format":"standard","meta":{"footnotes":""},"categories":[26,144,18],"tags":[551,1682,1683,32],"class_list":["post-10265","post","type-post","status-publish","format-standard","has-post-thumbnail","hentry","category-a-la-une","category-entreprise","category-vosges","tag-entreprise","tag-grand-debat","tag-proximite","tag-vosges"],"acf":[],"yoast_head":"<!-- This site is optimized with the Yoast SEO plugin v22.5 - https:\/\/yoast.com\/wordpress\/plugins\/seo\/ -->\n<title>L&#039;U2P lance le grand d\u00e9bat des entreprises de proximit\u00e9 - Remiremont Info<\/title>\n<meta name=\"robots\" content=\"index, follow, max-snippet:-1, max-image-preview:large, max-video-preview:-1\" \/>\n<link rel=\"canonical\" href=\"https:\/\/vosgesinfo.fr\/remiremontinfo\/2019\/02\/lu2p-lance-grand-debat-entreprises-de-proximite\/\" \/>\n<meta name=\"twitter:card\" content=\"summary_large_image\" \/>\n<meta name=\"twitter:title\" content=\"L&#039;U2P lance le grand d\u00e9bat des entreprises de proximit\u00e9 - Remiremont Info\" \/>\n<meta name=\"twitter:description\" content=\"L\u2019U2P LANCE LE GRAND DEBAT DES ENTREPRISES DE PROXIMITE L\u2019U2P (Union des entreprises de proximit\u00e9) lance le \u00ab Grand de\u0301bat [&hellip;]\" \/>\n<meta name=\"twitter:image\" content=\"https:\/\/vosgesinfo.fr\/app\/uploads\/sites\/5\/2024\/09\/201902u2p-29-01-248x360-hd-page-001.jpg\" \/>\n<meta name=\"twitter:creator\" content=\"@VosgesInfo88\" \/>\n<meta name=\"twitter:site\" content=\"@VosgesInfo88\" \/>\n<meta name=\"twitter:label1\" content=\"\u00c9crit par\" \/>\n\t<meta name=\"twitter:data1\" content=\"C D\" \/>\n\t<meta name=\"twitter:label2\" content=\"Dur\u00e9e de lecture estim\u00e9e\" \/>\n\t<meta name=\"twitter:data2\" content=\"1 minute\" \/>\n<script type=\"application\/ld+json\" class=\"yoast-schema-graph\">{\"@context\":\"https:\/\/schema.org\",\"@graph\":[{\"@type\":\"Article\",\"@id\":\"https:\/\/vosgesinfo.fr\/remiremontinfo\/2019\/02\/lu2p-lance-grand-debat-entreprises-de-proximite\/#article\",\"isPartOf\":{\"@id\":\"https:\/\/vosgesinfo.fr\/remiremontinfo\/2019\/02\/lu2p-lance-grand-debat-entreprises-de-proximite\/\"},\"author\":{\"name\":\"C D\",\"@id\":\"https:\/\/vosgesinfo.fr\/remiremontinfo\/#\/schema\/person\/3bfd164d5218a185b1db68655a265316\"},\"headline\":\"L&rsquo;U2P lance le grand d\u00e9bat des entreprises de proximit\u00e9\",\"datePublished\":\"2019-02-01T10:00:57+00:00\",\"dateModified\":\"2019-02-01T10:00:57+00:00\",\"mainEntityOfPage\":{\"@id\":\"https:\/\/vosgesinfo.fr\/remiremontinfo\/2019\/02\/lu2p-lance-grand-debat-entreprises-de-proximite\/\"},\"wordCount\":211,\"commentCount\":0,\"publisher\":{\"@id\":\"https:\/\/vosgesinfo.fr\/remiremontinfo\/#organization\"},\"image\":{\"@id\":\"https:\/\/vosgesinfo.fr\/remiremontinfo\/2019\/02\/lu2p-lance-grand-debat-entreprises-de-proximite\/#primaryimage\"},\"thumbnailUrl\":\"https:\/\/vosgesinfo.fr\/app\/uploads\/sites\/5\/2024\/09\/201902u2p-29-01-248x360-hd-page-001.jpg\",\"keywords\":[\"entreprise\",\"grand d\u00e9bat\",\"proximit\u00e9\",\"Vosges\"],\"articleSection\":[\"A la Une\",\"Entreprise\",\"Vosges\"],\"inLanguage\":\"fr-FR\",\"potentialAction\":[{\"@type\":\"CommentAction\",\"name\":\"Comment\",\"target\":[\"https:\/\/vosgesinfo.fr\/remiremontinfo\/2019\/02\/lu2p-lance-grand-debat-entreprises-de-proximite\/#respond\"]}]},{\"@type\":\"WebPage\",\"@id\":\"https:\/\/vosgesinfo.fr\/remiremontinfo\/2019\/02\/lu2p-lance-grand-debat-entreprises-de-proximite\/\",\"url\":\"https:\/\/vosgesinfo.fr\/remiremontinfo\/2019\/02\/lu2p-lance-grand-debat-entreprises-de-proximite\/\",\"name\":\"L'U2P lance le grand d\u00e9bat des entreprises de proximit\u00e9 - Remiremont Info\",\"isPartOf\":{\"@id\":\"https:\/\/vosgesinfo.fr\/remiremontinfo\/#website\"},\"primaryImageOfPage\":{\"@id\":\"https:\/\/vosgesinfo.fr\/remiremontinfo\/2019\/02\/lu2p-lance-grand-debat-entreprises-de-proximite\/#primaryimage\"},\"image\":{\"@id\":\"https:\/\/vosgesinfo.fr\/remiremontinfo\/2019\/02\/lu2p-lance-grand-debat-entreprises-de-proximite\/#primaryimage\"},\"thumbnailUrl\":\"https:\/\/vosgesinfo.fr\/app\/uploads\/sites\/5\/2024\/09\/201902u2p-29-01-248x360-hd-page-001.jpg\",\"datePublished\":\"2019-02-01T10:00:57+00:00\",\"dateModified\":\"2019-02-01T10:00:57+00:00\",\"breadcrumb\":{\"@id\":\"https:\/\/vosgesinfo.fr\/remiremontinfo\/2019\/02\/lu2p-lance-grand-debat-entreprises-de-proximite\/#breadcrumb\"},\"inLanguage\":\"fr-FR\",\"potentialAction\":[{\"@type\":\"ReadAction\",\"target\":[\"https:\/\/vosgesinfo.fr\/remiremontinfo\/2019\/02\/lu2p-lance-grand-debat-entreprises-de-proximite\/\"]}]},{\"@type\":\"ImageObject\",\"inLanguage\":\"fr-FR\",\"@id\":\"https:\/\/vosgesinfo.fr\/remiremontinfo\/2019\/02\/lu2p-lance-grand-debat-entreprises-de-proximite\/#primaryimage\",\"url\":\"https:\/\/vosgesinfo.fr\/app\/uploads\/sites\/5\/2024\/09\/201902u2p-29-01-248x360-hd-page-001.jpg\",\"contentUrl\":\"https:\/\/vosgesinfo.fr\/app\/uploads\/sites\/5\/2024\/09\/201902u2p-29-01-248x360-hd-page-001.jpg\",\"width\":1465,\"height\":2126},{\"@type\":\"BreadcrumbList\",\"@id\":\"https:\/\/vosgesinfo.fr\/remiremontinfo\/2019\/02\/lu2p-lance-grand-debat-entreprises-de-proximite\/#breadcrumb\",\"itemListElement\":[{\"@type\":\"ListItem\",\"position\":1,\"name\":\"Home\",\"item\":\"https:\/\/vosgesinfo.fr\/remiremontinfo\/\"},{\"@type\":\"ListItem\",\"position\":2,\"name\":\"L&rsquo;U2P lance le grand d\u00e9bat des entreprises de proximit\u00e9\"}]},{\"@type\":\"WebSite\",\"@id\":\"https:\/\/vosgesinfo.fr\/remiremontinfo\/#website\",\"url\":\"https:\/\/vosgesinfo.fr\/remiremontinfo\/\",\"name\":\"Remiremont Info\",\"description\":\"Toute l&#039;actualit\u00e9 de Remiremont\",\"publisher\":{\"@id\":\"https:\/\/vosgesinfo.fr\/remiremontinfo\/#organization\"},\"alternateName\":\"Toute l'actualit\u00e9 de Remiremont\",\"potentialAction\":[{\"@type\":\"SearchAction\",\"target\":{\"@type\":\"EntryPoint\",\"urlTemplate\":\"https:\/\/vosgesinfo.fr\/remiremontinfo\/?s={search_term_string}\"},\"query-input\":\"required name=search_term_string\"}],\"inLanguage\":\"fr-FR\"},{\"@type\":\"Organization\",\"@id\":\"https:\/\/vosgesinfo.fr\/remiremontinfo\/#organization\",\"name\":\"Remiremont Info\",\"url\":\"https:\/\/vosgesinfo.fr\/remiremontinfo\/\",\"logo\":{\"@type\":\"ImageObject\",\"inLanguage\":\"fr-FR\",\"@id\":\"https:\/\/vosgesinfo.fr\/remiremontinfo\/#\/schema\/logo\/image\/\",\"url\":\"https:\/\/vosgesinfo.fr\/app\/uploads\/sites\/5\/2023\/08\/favicon-remiremontinfo.png\",\"contentUrl\":\"https:\/\/vosgesinfo.fr\/app\/uploads\/sites\/5\/2023\/08\/favicon-remiremontinfo.png\",\"width\":512,\"height\":512,\"caption\":\"Remiremont Info\"},\"image\":{\"@id\":\"https:\/\/vosgesinfo.fr\/remiremontinfo\/#\/schema\/logo\/image\/\"},\"sameAs\":[\"https:\/\/www.facebook.com\/remiremontinfo\",\"https:\/\/x.com\/VosgesInfo88\",\"https:\/\/www.youtube.com\/@vosgesinfo\"]},{\"@type\":\"Person\",\"@id\":\"https:\/\/vosgesinfo.fr\/remiremontinfo\/#\/schema\/person\/3bfd164d5218a185b1db68655a265316\",\"name\":\"C D\",\"image\":{\"@type\":\"ImageObject\",\"inLanguage\":\"fr-FR\",\"@id\":\"https:\/\/vosgesinfo.fr\/remiremontinfo\/#\/schema\/person\/image\/\",\"url\":\"https:\/\/secure.gravatar.com\/avatar\/1f9a70007336511a47468b8f1c66f922b8b7cf617b02a31149ada43893a5d48f?s=96&d=mm&r=g\",\"contentUrl\":\"https:\/\/secure.gravatar.com\/avatar\/1f9a70007336511a47468b8f1c66f922b8b7cf617b02a31149ada43893a5d48f?s=96&d=mm&r=g\",\"caption\":\"C D\"},\"url\":\"https:\/\/vosgesinfo.fr\/remiremontinfo\/author\/cedric-drevet\/\"}]}<\/script>\n<!-- \/ Yoast SEO plugin. -->","yoast_head_json":{"title":"L'U2P lance le grand d\u00e9bat des entreprises de proximit\u00e9 - Remiremont Info","robots":{"index":"index","follow":"follow","max-snippet":"max-snippet:-1","max-image-preview":"max-image-preview:large","max-video-preview":"max-video-preview:-1"},"canonical":"https:\/\/vosgesinfo.fr\/remiremontinfo\/2019\/02\/lu2p-lance-grand-debat-entreprises-de-proximite\/","twitter_card":"summary_large_image","twitter_title":"L'U2P lance le grand d\u00e9bat des entreprises de proximit\u00e9 - Remiremont Info","twitter_description":"L\u2019U2P LANCE LE GRAND DEBAT DES ENTREPRISES DE PROXIMITE L\u2019U2P (Union des entreprises de proximit\u00e9) lance le \u00ab Grand de\u0301bat [&hellip;]","twitter_image":"https:\/\/vosgesinfo.fr\/app\/uploads\/sites\/5\/2024\/09\/201902u2p-29-01-248x360-hd-page-001.jpg","twitter_creator":"@VosgesInfo88","twitter_site":"@VosgesInfo88","twitter_misc":{"\u00c9crit par":"C D","Dur\u00e9e de lecture estim\u00e9e":"1 minute"},"schema":{"@context":"https:\/\/schema.org","@graph":[{"@type":"Article","@id":"https:\/\/vosgesinfo.fr\/remiremontinfo\/2019\/02\/lu2p-lance-grand-debat-entreprises-de-proximite\/#article","isPartOf":{"@id":"https:\/\/vosgesinfo.fr\/remiremontinfo\/2019\/02\/lu2p-lance-grand-debat-entreprises-de-proximite\/"},"author":{"name":"C D","@id":"https:\/\/vosgesinfo.fr\/remiremontinfo\/#\/schema\/person\/3bfd164d5218a185b1db68655a265316"},"headline":"L&rsquo;U2P lance le grand d\u00e9bat des entreprises de proximit\u00e9","datePublished":"2019-02-01T10:00:57+00:00","dateModified":"2019-02-01T10:00:57+00:00","mainEntityOfPage":{"@id":"https:\/\/vosgesinfo.fr\/remiremontinfo\/2019\/02\/lu2p-lance-grand-debat-entreprises-de-proximite\/"},"wordCount":211,"commentCount":0,"publisher":{"@id":"https:\/\/vosgesinfo.fr\/remiremontinfo\/#organization"},"image":{"@id":"https:\/\/vosgesinfo.fr\/remiremontinfo\/2019\/02\/lu2p-lance-grand-debat-entreprises-de-proximite\/#primaryimage"},"thumbnailUrl":"https:\/\/vosgesinfo.fr\/app\/uploads\/sites\/5\/2024\/09\/201902u2p-29-01-248x360-hd-page-001.jpg","keywords":["entreprise","grand d\u00e9bat","proximit\u00e9","Vosges"],"articleSection":["A la Une","Entreprise","Vosges"],"inLanguage":"fr-FR","potentialAction":[{"@type":"CommentAction","name":"Comment","target":["https:\/\/vosgesinfo.fr\/remiremontinfo\/2019\/02\/lu2p-lance-grand-debat-entreprises-de-proximite\/#respond"]}]},{"@type":"WebPage","@id":"https:\/\/vosgesinfo.fr\/remiremontinfo\/2019\/02\/lu2p-lance-grand-debat-entreprises-de-proximite\/","url":"https:\/\/vosgesinfo.fr\/remiremontinfo\/2019\/02\/lu2p-lance-grand-debat-entreprises-de-proximite\/","name":"L'U2P lance le grand d\u00e9bat des entreprises de proximit\u00e9 - Remiremont Info","isPartOf":{"@id":"https:\/\/vosgesinfo.fr\/remiremontinfo\/#website"},"primaryImageOfPage":{"@id":"https:\/\/vosgesinfo.fr\/remiremontinfo\/2019\/02\/lu2p-lance-grand-debat-entreprises-de-proximite\/#primaryimage"},"image":{"@id":"https:\/\/vosgesinfo.fr\/remiremontinfo\/2019\/02\/lu2p-lance-grand-debat-entreprises-de-proximite\/#primaryimage"},"thumbnailUrl":"https:\/\/vosgesinfo.fr\/app\/uploads\/sites\/5\/2024\/09\/201902u2p-29-01-248x360-hd-page-001.jpg","datePublished":"2019-02-01T10:00:57+00:00","dateModified":"2019-02-01T10:00:57+00:00","breadcrumb":{"@id":"https:\/\/vosgesinfo.fr\/remiremontinfo\/2019\/02\/lu2p-lance-grand-debat-entreprises-de-proximite\/#breadcrumb"},"inLanguage":"fr-FR","potentialAction":[{"@type":"ReadAction","target":["https:\/\/vosgesinfo.fr\/remiremontinfo\/2019\/02\/lu2p-lance-grand-debat-entreprises-de-proximite\/"]}]},{"@type":"ImageObject","inLanguage":"fr-FR","@id":"https:\/\/vosgesinfo.fr\/remiremontinfo\/2019\/02\/lu2p-lance-grand-debat-entreprises-de-proximite\/#primaryimage","url":"https:\/\/vosgesinfo.fr\/app\/uploads\/sites\/5\/2024\/09\/201902u2p-29-01-248x360-hd-page-001.jpg","contentUrl":"https:\/\/vosgesinfo.fr\/app\/uploads\/sites\/5\/2024\/09\/201902u2p-29-01-248x360-hd-page-001.jpg","width":1465,"height":2126},{"@type":"BreadcrumbList","@id":"https:\/\/vosgesinfo.fr\/remiremontinfo\/2019\/02\/lu2p-lance-grand-debat-entreprises-de-proximite\/#breadcrumb","itemListElement":[{"@type":"ListItem","position":1,"name":"Home","item":"https:\/\/vosgesinfo.fr\/remiremontinfo\/"},{"@type":"ListItem","position":2,"name":"L&rsquo;U2P lance le grand d\u00e9bat des entreprises de proximit\u00e9"}]},{"@type":"WebSite","@id":"https:\/\/vosgesinfo.fr\/remiremontinfo\/#website","url":"https:\/\/vosgesinfo.fr\/remiremontinfo\/","name":"Remiremont Info","description":"Toute l&#039;actualit\u00e9 de Remiremont","publisher":{"@id":"https:\/\/vosgesinfo.fr\/remiremontinfo\/#organization"},"alternateName":"Toute l'actualit\u00e9 de Remiremont","potentialAction":[{"@type":"SearchAction","target":{"@type":"EntryPoint","urlTemplate":"https:\/\/vosgesinfo.fr\/remiremontinfo\/?s={search_term_string}"},"query-input":"required name=search_term_string"}],"inLanguage":"fr-FR"},{"@type":"Organization","@id":"https:\/\/vosgesinfo.fr\/remiremontinfo\/#organization","name":"Remiremont Info","url":"https:\/\/vosgesinfo.fr\/remiremontinfo\/","logo":{"@type":"ImageObject","inLanguage":"fr-FR","@id":"https:\/\/vosgesinfo.fr\/remiremontinfo\/#\/schema\/logo\/image\/","url":"https:\/\/vosgesinfo.fr\/app\/uploads\/sites\/5\/2023\/08\/favicon-remiremontinfo.png","contentUrl":"https:\/\/vosgesinfo.fr\/app\/uploads\/sites\/5\/2023\/08\/favicon-remiremontinfo.png","width":512,"height":512,"caption":"Remiremont Info"},"image":{"@id":"https:\/\/vosgesinfo.fr\/remiremontinfo\/#\/schema\/logo\/image\/"},"sameAs":["https:\/\/www.facebook.com\/remiremontinfo","https:\/\/x.com\/VosgesInfo88","https:\/\/www.youtube.com\/@vosgesinfo"]},{"@type":"Person","@id":"https:\/\/vosgesinfo.fr\/remiremontinfo\/#\/schema\/person\/3bfd164d5218a185b1db68655a265316","name":"C D","image":{"@type":"ImageObject","inLanguage":"fr-FR","@id":"https:\/\/vosgesinfo.fr\/remiremontinfo\/#\/schema\/person\/image\/","url":"https:\/\/secure.gravatar.com\/avatar\/1f9a70007336511a47468b8f1c66f922b8b7cf617b02a31149ada43893a5d48f?s=96&d=mm&r=g","contentUrl":"https:\/\/secure.gravatar.com\/avatar\/1f9a70007336511a47468b8f1c66f922b8b7cf617b02a31149ada43893a5d48f?s=96&d=mm&r=g","caption":"C D"},"url":"https:\/\/vosgesinfo.fr\/remiremontinfo\/author\/cedric-drevet\/"}]}},"_links":{"self":[{"href":"https:\/\/vosgesinfo.fr\/remiremontinfo\/wp-json\/wp\/v2\/posts\/10265","targetHints":{"allow":["GET"]}}],"collection":[{"href":"https:\/\/vosgesinfo.fr\/remiremontinfo\/wp-json\/wp\/v2\/posts"}],"about":[{"href":"https:\/\/vosgesinfo.fr\/remiremontinfo\/wp-json\/wp\/v2\/types\/post"}],"author":[{"embeddable":true,"href":"https:\/\/vosgesinfo.fr\/remiremontinfo\/wp-json\/wp\/v2\/users\/407"}],"replies":[{"embeddable":true,"href":"https:\/\/vosgesinfo.fr\/remiremontinfo\/wp-json\/wp\/v2\/comments?post=10265"}],"version-history":[{"count":0,"href":"https:\/\/vosgesinfo.fr\/remiremontinfo\/wp-json\/wp\/v2\/posts\/10265\/revisions"}],"wp:featuredmedia":[{"embeddable":true,"href":"https:\/\/vosgesinfo.fr\/remiremontinfo\/wp-json\/wp\/v2\/media\/10266"}],"wp:attachment":[{"href":"https:\/\/vosgesinfo.fr\/remiremontinfo\/wp-json\/wp\/v2\/media?parent=10265"}],"wp:term":[{"taxonomy":"category","embeddable":true,"href":"https:\/\/vosgesinfo.fr\/remiremontinfo\/wp-json\/wp\/v2\/categories?post=10265"},{"taxonomy":"post_tag","embeddable":true,"href":"https:\/\/vosgesinfo.fr\/remiremontinfo\/wp-json\/wp\/v2\/tags?post=10265"}],"curies":[{"name":"wp","href":"https:\/\/api.w.org\/{rel}","templated":true}]}}