{"id":10380,"date":"2019-02-05T07:42:08","date_gmt":"2019-02-05T06:42:08","guid":{"rendered":"https:\/\/vosgesinfo.fr\/remiremontinfo\/2019\/02\/saint-ame-basket-a-nuit-dansante\/"},"modified":"2019-02-05T07:42:08","modified_gmt":"2019-02-05T06:42:08","slug":"saint-ame-basket-a-nuit-dansante","status":"publish","type":"post","link":"https:\/\/vosgesinfo.fr\/remiremontinfo\/2019\/02\/saint-ame-basket-a-nuit-dansante\/","title":{"rendered":"Saint-Am\u00e9 &#8211; Le Basket a fait sa nuit dansante !"},"content":{"rendered":"<div>\n<h2 class=\"m_4421784122290309931_1mf m_4421784122290309931_1mj\"><a href=\"\/2019\/02\/DSCN4450-1.jpg\"><img decoding=\"async\" class=\"alignnone size-full wp-image-252692\" src=\"\/2019\/02\/DSCN4450-1.jpg\" alt=\"DSCN4450 (1)\" width=\"5152\" height=\"3864\" \/><\/a><\/h2>\n<h2 class=\"m_4421784122290309931_1mf m_4421784122290309931_1mj\"><span style=\"font-size: 12pt;\">Samedi 02 f\u00e9vrier dernier, le club de basket de Saint-Am\u00e9 organisait sa traditionnelle nuit du basket \u00e0 la salle polyvalente !<\/span><\/h2>\n<div class=\"m_4421784122290309931_1mf m_4421784122290309931_1mj\"><\/div>\n<div class=\"m_4421784122290309931_1mf m_4421784122290309931_1mj\">Une belle soir\u00e9e, au cours de laquelle le club a servi plus de 280 repas. Avec l&rsquo;orchestre de vari\u00e9t\u00e9 \u00ab\u00a0Bal&rsquo;N\u00e9o\u00a0\u00bb, l&rsquo;ambiance a \u00e9t\u00e9 parfaitement assur\u00e9e, avec de la musique pour tous les go\u00fbts jusqu&rsquo;\u00e0 03h20 du matin ! Avec des b\u00e9n\u00e9voles d\u00e9vou\u00e9s et des danseurs survolt\u00e9s, tout \u00e9tait r\u00e9uni pour passer une excellente soir\u00e9e ! Le club remercie tous ses b\u00e9n\u00e9voles, tous les participants pour leur pr\u00e9sence ainsi que l&rsquo;ensemble de ses partenaires ayant de pr\u00e8s ou de loin contribu\u00e9 \u00e0 cet \u00e9v\u00e9nement.\u00a0Le club esp\u00e8re pouvoir reproduire cette manifestation la saison prochaine.<\/div>\n<div class=\"m_4421784122290309931_1mf m_4421784122290309931_1mj\"><\/div>\n<div class=\"m_4421784122290309931_1mf m_4421784122290309931_1mj\">Par ailleurs, pour information, suite au bal, certains lots de la tombola n&rsquo;ont pas \u00e9t\u00e9 demand\u00e9s par leur heureux b\u00e9n\u00e9ficiaire !<\/div>\n<div class=\"m_4421784122290309931_1mf m_4421784122290309931_1mj\">Les personnes concern\u00e9es peuvent se rapprocher du club pour venir chercher leur gain en s&rsquo;adressant directement par mail ou t\u00e9l\u00e9phone aux coordonn\u00e9es fournies pour la r\u00e9servation (06 27 95 05 93 &#8211; <a class=\"m_4421784122290309931moz-txt-link-abbreviated\" href=\"mailto:1588028@ffbb365.com\" target=\"_blank\" rel=\"noopener\"> 1588028@ffbb365.com<\/a>).<\/div>\n<div class=\"m_4421784122290309931_1mf m_4421784122290309931_1mj\"><\/div>\n<\/div>\n<div>\n<div class=\"m_4421784122290309931_1mf m_4421784122290309931_1mj\">Agrafeuse Rocafix : ticket n\u00b0433.<\/div>\n<\/div>\n<div>\n<div class=\"m_4421784122290309931_1mf m_4421784122290309931_1mj\">Montre \u00e9tanche : ticket n\u00b0518.<\/div>\n<\/div>\n<div>\n<div class=\"m_4421784122290309931_1mf m_4421784122290309931_1mj\">Lots de viande chez Courroye : tickets n\u00b0165, 119, 6 et 83.<\/div>\n<\/div>\n<div>\n<div class=\"m_4421784122290309931_1mf m_4421784122290309931_1mj\">Mini-agrafeuse : tickets n\u00b0188, 104 et 520.<\/div>\n<\/div>\n<div>\n<div class=\"m_4421784122290309931_1mf m_4421784122290309931_1mj\">Bouteilles de champagne : tickets n\u00b0 36, 572 et 357.<\/div>\n<\/div>\n<div>\n<div class=\"m_4421784122290309931_1mf m_4421784122290309931_1mj\">Baladeur MP3 : ticket n\u00b0406.<\/div>\n<\/div>\n<div>\n<div class=\"m_4421784122290309931_1mf m_4421784122290309931_1mj\">Casque audio : ticket n\u00b010.<\/p>\n<div class=\"yj6qo\"><\/div>\n<div class=\"adL\"><\/div>\n<\/div>\n<\/div>\n<p>&nbsp;<\/p>\n","protected":false},"excerpt":{"rendered":"<p>Samedi 02 f\u00e9vrier dernier, le club de basket de Saint-Am\u00e9 organisait sa traditionnelle nuit du basket \u00e0 la salle polyvalente [&hellip;]<\/p>\n","protected":false},"author":407,"featured_media":10381,"comment_status":"open","ping_status":"open","sticky":false,"template":"","format":"standard","meta":{"footnotes":""},"categories":[26,35,223],"tags":[1451,1700,225,61],"class_list":["post-10380","post","type-post","status-publish","format-standard","has-post-thumbnail","hentry","category-a-la-une","category-remiremont-son-canton","category-saint-ame","tag-basket","tag-nuit-dansante","tag-saint-ame","tag-sport"],"acf":[],"yoast_head":"<!-- This site is optimized with the Yoast SEO plugin v22.5 - https:\/\/yoast.com\/wordpress\/plugins\/seo\/ -->\n<title>Saint-Am\u00e9 - Le Basket a fait sa nuit dansante ! - Remiremont Info<\/title>\n<meta name=\"robots\" content=\"index, follow, max-snippet:-1, max-image-preview:large, max-video-preview:-1\" \/>\n<link rel=\"canonical\" href=\"https:\/\/vosgesinfo.fr\/remiremontinfo\/2019\/02\/saint-ame-basket-a-nuit-dansante\/\" \/>\n<meta name=\"twitter:card\" content=\"summary_large_image\" \/>\n<meta name=\"twitter:title\" content=\"Saint-Am\u00e9 - Le Basket a fait sa nuit dansante ! - Remiremont Info\" \/>\n<meta name=\"twitter:description\" content=\"Samedi 02 f\u00e9vrier dernier, le club de basket de Saint-Am\u00e9 organisait sa traditionnelle nuit du basket \u00e0 la salle polyvalente [&hellip;]\" \/>\n<meta name=\"twitter:image\" content=\"https:\/\/vosgesinfo.fr\/app\/uploads\/sites\/5\/2024\/09\/201902dscn4450-1-scaled.jpg\" \/>\n<meta name=\"twitter:creator\" content=\"@VosgesInfo88\" \/>\n<meta name=\"twitter:site\" content=\"@VosgesInfo88\" \/>\n<meta name=\"twitter:label1\" content=\"\u00c9crit par\" \/>\n\t<meta name=\"twitter:data1\" content=\"C D\" \/>\n\t<meta name=\"twitter:label2\" content=\"Dur\u00e9e de lecture estim\u00e9e\" \/>\n\t<meta name=\"twitter:data2\" content=\"1 minute\" \/>\n<script type=\"application\/ld+json\" class=\"yoast-schema-graph\">{\"@context\":\"https:\/\/schema.org\",\"@graph\":[{\"@type\":\"Article\",\"@id\":\"https:\/\/vosgesinfo.fr\/remiremontinfo\/2019\/02\/saint-ame-basket-a-nuit-dansante\/#article\",\"isPartOf\":{\"@id\":\"https:\/\/vosgesinfo.fr\/remiremontinfo\/2019\/02\/saint-ame-basket-a-nuit-dansante\/\"},\"author\":{\"name\":\"C D\",\"@id\":\"https:\/\/vosgesinfo.fr\/remiremontinfo\/#\/schema\/person\/3bfd164d5218a185b1db68655a265316\"},\"headline\":\"Saint-Am\u00e9 &#8211; Le Basket a fait sa nuit dansante !\",\"datePublished\":\"2019-02-05T06:42:08+00:00\",\"dateModified\":\"2019-02-05T06:42:08+00:00\",\"mainEntityOfPage\":{\"@id\":\"https:\/\/vosgesinfo.fr\/remiremontinfo\/2019\/02\/saint-ame-basket-a-nuit-dansante\/\"},\"wordCount\":233,\"commentCount\":0,\"publisher\":{\"@id\":\"https:\/\/vosgesinfo.fr\/remiremontinfo\/#organization\"},\"image\":{\"@id\":\"https:\/\/vosgesinfo.fr\/remiremontinfo\/2019\/02\/saint-ame-basket-a-nuit-dansante\/#primaryimage\"},\"thumbnailUrl\":\"https:\/\/vosgesinfo.fr\/app\/uploads\/sites\/5\/2024\/09\/201902dscn4450-1-scaled.jpg\",\"keywords\":[\"Basket\",\"nuit dansante\",\"saint-am\u00e9\",\"sport\"],\"articleSection\":[\"A la Une\",\"Remiremont &amp; son canton\",\"Saint-Am\u00e9\"],\"inLanguage\":\"fr-FR\",\"potentialAction\":[{\"@type\":\"CommentAction\",\"name\":\"Comment\",\"target\":[\"https:\/\/vosgesinfo.fr\/remiremontinfo\/2019\/02\/saint-ame-basket-a-nuit-dansante\/#respond\"]}]},{\"@type\":\"WebPage\",\"@id\":\"https:\/\/vosgesinfo.fr\/remiremontinfo\/2019\/02\/saint-ame-basket-a-nuit-dansante\/\",\"url\":\"https:\/\/vosgesinfo.fr\/remiremontinfo\/2019\/02\/saint-ame-basket-a-nuit-dansante\/\",\"name\":\"Saint-Am\u00e9 - Le Basket a fait sa nuit dansante ! - Remiremont Info\",\"isPartOf\":{\"@id\":\"https:\/\/vosgesinfo.fr\/remiremontinfo\/#website\"},\"primaryImageOfPage\":{\"@id\":\"https:\/\/vosgesinfo.fr\/remiremontinfo\/2019\/02\/saint-ame-basket-a-nuit-dansante\/#primaryimage\"},\"image\":{\"@id\":\"https:\/\/vosgesinfo.fr\/remiremontinfo\/2019\/02\/saint-ame-basket-a-nuit-dansante\/#primaryimage\"},\"thumbnailUrl\":\"https:\/\/vosgesinfo.fr\/app\/uploads\/sites\/5\/2024\/09\/201902dscn4450-1-scaled.jpg\",\"datePublished\":\"2019-02-05T06:42:08+00:00\",\"dateModified\":\"2019-02-05T06:42:08+00:00\",\"breadcrumb\":{\"@id\":\"https:\/\/vosgesinfo.fr\/remiremontinfo\/2019\/02\/saint-ame-basket-a-nuit-dansante\/#breadcrumb\"},\"inLanguage\":\"fr-FR\",\"potentialAction\":[{\"@type\":\"ReadAction\",\"target\":[\"https:\/\/vosgesinfo.fr\/remiremontinfo\/2019\/02\/saint-ame-basket-a-nuit-dansante\/\"]}]},{\"@type\":\"ImageObject\",\"inLanguage\":\"fr-FR\",\"@id\":\"https:\/\/vosgesinfo.fr\/remiremontinfo\/2019\/02\/saint-ame-basket-a-nuit-dansante\/#primaryimage\",\"url\":\"https:\/\/vosgesinfo.fr\/app\/uploads\/sites\/5\/2024\/09\/201902dscn4450-1-scaled.jpg\",\"contentUrl\":\"https:\/\/vosgesinfo.fr\/app\/uploads\/sites\/5\/2024\/09\/201902dscn4450-1-scaled.jpg\",\"width\":2560,\"height\":1920},{\"@type\":\"BreadcrumbList\",\"@id\":\"https:\/\/vosgesinfo.fr\/remiremontinfo\/2019\/02\/saint-ame-basket-a-nuit-dansante\/#breadcrumb\",\"itemListElement\":[{\"@type\":\"ListItem\",\"position\":1,\"name\":\"Home\",\"item\":\"https:\/\/vosgesinfo.fr\/remiremontinfo\/\"},{\"@type\":\"ListItem\",\"position\":2,\"name\":\"Saint-Am\u00e9 &#8211; Le Basket a fait sa nuit dansante !\"}]},{\"@type\":\"WebSite\",\"@id\":\"https:\/\/vosgesinfo.fr\/remiremontinfo\/#website\",\"url\":\"https:\/\/vosgesinfo.fr\/remiremontinfo\/\",\"name\":\"Remiremont Info\",\"description\":\"Toute l&#039;actualit\u00e9 de Remiremont\",\"publisher\":{\"@id\":\"https:\/\/vosgesinfo.fr\/remiremontinfo\/#organization\"},\"alternateName\":\"Toute l'actualit\u00e9 de Remiremont\",\"potentialAction\":[{\"@type\":\"SearchAction\",\"target\":{\"@type\":\"EntryPoint\",\"urlTemplate\":\"https:\/\/vosgesinfo.fr\/remiremontinfo\/?s={search_term_string}\"},\"query-input\":\"required name=search_term_string\"}],\"inLanguage\":\"fr-FR\"},{\"@type\":\"Organization\",\"@id\":\"https:\/\/vosgesinfo.fr\/remiremontinfo\/#organization\",\"name\":\"Remiremont Info\",\"url\":\"https:\/\/vosgesinfo.fr\/remiremontinfo\/\",\"logo\":{\"@type\":\"ImageObject\",\"inLanguage\":\"fr-FR\",\"@id\":\"https:\/\/vosgesinfo.fr\/remiremontinfo\/#\/schema\/logo\/image\/\",\"url\":\"https:\/\/vosgesinfo.fr\/app\/uploads\/sites\/5\/2023\/08\/favicon-remiremontinfo.png\",\"contentUrl\":\"https:\/\/vosgesinfo.fr\/app\/uploads\/sites\/5\/2023\/08\/favicon-remiremontinfo.png\",\"width\":512,\"height\":512,\"caption\":\"Remiremont Info\"},\"image\":{\"@id\":\"https:\/\/vosgesinfo.fr\/remiremontinfo\/#\/schema\/logo\/image\/\"},\"sameAs\":[\"https:\/\/www.facebook.com\/remiremontinfo\",\"https:\/\/x.com\/VosgesInfo88\",\"https:\/\/www.youtube.com\/@vosgesinfo\"]},{\"@type\":\"Person\",\"@id\":\"https:\/\/vosgesinfo.fr\/remiremontinfo\/#\/schema\/person\/3bfd164d5218a185b1db68655a265316\",\"name\":\"C D\",\"image\":{\"@type\":\"ImageObject\",\"inLanguage\":\"fr-FR\",\"@id\":\"https:\/\/vosgesinfo.fr\/remiremontinfo\/#\/schema\/person\/image\/\",\"url\":\"https:\/\/secure.gravatar.com\/avatar\/1f9a70007336511a47468b8f1c66f922b8b7cf617b02a31149ada43893a5d48f?s=96&d=mm&r=g\",\"contentUrl\":\"https:\/\/secure.gravatar.com\/avatar\/1f9a70007336511a47468b8f1c66f922b8b7cf617b02a31149ada43893a5d48f?s=96&d=mm&r=g\",\"caption\":\"C D\"},\"url\":\"https:\/\/vosgesinfo.fr\/remiremontinfo\/author\/cedric-drevet\/\"}]}<\/script>\n<!-- \/ Yoast SEO plugin. -->","yoast_head_json":{"title":"Saint-Am\u00e9 - Le Basket a fait sa nuit dansante ! - Remiremont Info","robots":{"index":"index","follow":"follow","max-snippet":"max-snippet:-1","max-image-preview":"max-image-preview:large","max-video-preview":"max-video-preview:-1"},"canonical":"https:\/\/vosgesinfo.fr\/remiremontinfo\/2019\/02\/saint-ame-basket-a-nuit-dansante\/","twitter_card":"summary_large_image","twitter_title":"Saint-Am\u00e9 - Le Basket a fait sa nuit dansante ! - Remiremont Info","twitter_description":"Samedi 02 f\u00e9vrier dernier, le club de basket de Saint-Am\u00e9 organisait sa traditionnelle nuit du basket \u00e0 la salle polyvalente [&hellip;]","twitter_image":"https:\/\/vosgesinfo.fr\/app\/uploads\/sites\/5\/2024\/09\/201902dscn4450-1-scaled.jpg","twitter_creator":"@VosgesInfo88","twitter_site":"@VosgesInfo88","twitter_misc":{"\u00c9crit par":"C D","Dur\u00e9e de lecture estim\u00e9e":"1 minute"},"schema":{"@context":"https:\/\/schema.org","@graph":[{"@type":"Article","@id":"https:\/\/vosgesinfo.fr\/remiremontinfo\/2019\/02\/saint-ame-basket-a-nuit-dansante\/#article","isPartOf":{"@id":"https:\/\/vosgesinfo.fr\/remiremontinfo\/2019\/02\/saint-ame-basket-a-nuit-dansante\/"},"author":{"name":"C D","@id":"https:\/\/vosgesinfo.fr\/remiremontinfo\/#\/schema\/person\/3bfd164d5218a185b1db68655a265316"},"headline":"Saint-Am\u00e9 &#8211; Le Basket a fait sa nuit dansante !","datePublished":"2019-02-05T06:42:08+00:00","dateModified":"2019-02-05T06:42:08+00:00","mainEntityOfPage":{"@id":"https:\/\/vosgesinfo.fr\/remiremontinfo\/2019\/02\/saint-ame-basket-a-nuit-dansante\/"},"wordCount":233,"commentCount":0,"publisher":{"@id":"https:\/\/vosgesinfo.fr\/remiremontinfo\/#organization"},"image":{"@id":"https:\/\/vosgesinfo.fr\/remiremontinfo\/2019\/02\/saint-ame-basket-a-nuit-dansante\/#primaryimage"},"thumbnailUrl":"https:\/\/vosgesinfo.fr\/app\/uploads\/sites\/5\/2024\/09\/201902dscn4450-1-scaled.jpg","keywords":["Basket","nuit dansante","saint-am\u00e9","sport"],"articleSection":["A la Une","Remiremont &amp; son canton","Saint-Am\u00e9"],"inLanguage":"fr-FR","potentialAction":[{"@type":"CommentAction","name":"Comment","target":["https:\/\/vosgesinfo.fr\/remiremontinfo\/2019\/02\/saint-ame-basket-a-nuit-dansante\/#respond"]}]},{"@type":"WebPage","@id":"https:\/\/vosgesinfo.fr\/remiremontinfo\/2019\/02\/saint-ame-basket-a-nuit-dansante\/","url":"https:\/\/vosgesinfo.fr\/remiremontinfo\/2019\/02\/saint-ame-basket-a-nuit-dansante\/","name":"Saint-Am\u00e9 - Le Basket a fait sa nuit dansante ! - Remiremont Info","isPartOf":{"@id":"https:\/\/vosgesinfo.fr\/remiremontinfo\/#website"},"primaryImageOfPage":{"@id":"https:\/\/vosgesinfo.fr\/remiremontinfo\/2019\/02\/saint-ame-basket-a-nuit-dansante\/#primaryimage"},"image":{"@id":"https:\/\/vosgesinfo.fr\/remiremontinfo\/2019\/02\/saint-ame-basket-a-nuit-dansante\/#primaryimage"},"thumbnailUrl":"https:\/\/vosgesinfo.fr\/app\/uploads\/sites\/5\/2024\/09\/201902dscn4450-1-scaled.jpg","datePublished":"2019-02-05T06:42:08+00:00","dateModified":"2019-02-05T06:42:08+00:00","breadcrumb":{"@id":"https:\/\/vosgesinfo.fr\/remiremontinfo\/2019\/02\/saint-ame-basket-a-nuit-dansante\/#breadcrumb"},"inLanguage":"fr-FR","potentialAction":[{"@type":"ReadAction","target":["https:\/\/vosgesinfo.fr\/remiremontinfo\/2019\/02\/saint-ame-basket-a-nuit-dansante\/"]}]},{"@type":"ImageObject","inLanguage":"fr-FR","@id":"https:\/\/vosgesinfo.fr\/remiremontinfo\/2019\/02\/saint-ame-basket-a-nuit-dansante\/#primaryimage","url":"https:\/\/vosgesinfo.fr\/app\/uploads\/sites\/5\/2024\/09\/201902dscn4450-1-scaled.jpg","contentUrl":"https:\/\/vosgesinfo.fr\/app\/uploads\/sites\/5\/2024\/09\/201902dscn4450-1-scaled.jpg","width":2560,"height":1920},{"@type":"BreadcrumbList","@id":"https:\/\/vosgesinfo.fr\/remiremontinfo\/2019\/02\/saint-ame-basket-a-nuit-dansante\/#breadcrumb","itemListElement":[{"@type":"ListItem","position":1,"name":"Home","item":"https:\/\/vosgesinfo.fr\/remiremontinfo\/"},{"@type":"ListItem","position":2,"name":"Saint-Am\u00e9 &#8211; Le Basket a fait sa nuit dansante !"}]},{"@type":"WebSite","@id":"https:\/\/vosgesinfo.fr\/remiremontinfo\/#website","url":"https:\/\/vosgesinfo.fr\/remiremontinfo\/","name":"Remiremont Info","description":"Toute l&#039;actualit\u00e9 de Remiremont","publisher":{"@id":"https:\/\/vosgesinfo.fr\/remiremontinfo\/#organization"},"alternateName":"Toute l'actualit\u00e9 de Remiremont","potentialAction":[{"@type":"SearchAction","target":{"@type":"EntryPoint","urlTemplate":"https:\/\/vosgesinfo.fr\/remiremontinfo\/?s={search_term_string}"},"query-input":"required name=search_term_string"}],"inLanguage":"fr-FR"},{"@type":"Organization","@id":"https:\/\/vosgesinfo.fr\/remiremontinfo\/#organization","name":"Remiremont Info","url":"https:\/\/vosgesinfo.fr\/remiremontinfo\/","logo":{"@type":"ImageObject","inLanguage":"fr-FR","@id":"https:\/\/vosgesinfo.fr\/remiremontinfo\/#\/schema\/logo\/image\/","url":"https:\/\/vosgesinfo.fr\/app\/uploads\/sites\/5\/2023\/08\/favicon-remiremontinfo.png","contentUrl":"https:\/\/vosgesinfo.fr\/app\/uploads\/sites\/5\/2023\/08\/favicon-remiremontinfo.png","width":512,"height":512,"caption":"Remiremont Info"},"image":{"@id":"https:\/\/vosgesinfo.fr\/remiremontinfo\/#\/schema\/logo\/image\/"},"sameAs":["https:\/\/www.facebook.com\/remiremontinfo","https:\/\/x.com\/VosgesInfo88","https:\/\/www.youtube.com\/@vosgesinfo"]},{"@type":"Person","@id":"https:\/\/vosgesinfo.fr\/remiremontinfo\/#\/schema\/person\/3bfd164d5218a185b1db68655a265316","name":"C D","image":{"@type":"ImageObject","inLanguage":"fr-FR","@id":"https:\/\/vosgesinfo.fr\/remiremontinfo\/#\/schema\/person\/image\/","url":"https:\/\/secure.gravatar.com\/avatar\/1f9a70007336511a47468b8f1c66f922b8b7cf617b02a31149ada43893a5d48f?s=96&d=mm&r=g","contentUrl":"https:\/\/secure.gravatar.com\/avatar\/1f9a70007336511a47468b8f1c66f922b8b7cf617b02a31149ada43893a5d48f?s=96&d=mm&r=g","caption":"C D"},"url":"https:\/\/vosgesinfo.fr\/remiremontinfo\/author\/cedric-drevet\/"}]}},"_links":{"self":[{"href":"https:\/\/vosgesinfo.fr\/remiremontinfo\/wp-json\/wp\/v2\/posts\/10380","targetHints":{"allow":["GET"]}}],"collection":[{"href":"https:\/\/vosgesinfo.fr\/remiremontinfo\/wp-json\/wp\/v2\/posts"}],"about":[{"href":"https:\/\/vosgesinfo.fr\/remiremontinfo\/wp-json\/wp\/v2\/types\/post"}],"author":[{"embeddable":true,"href":"https:\/\/vosgesinfo.fr\/remiremontinfo\/wp-json\/wp\/v2\/users\/407"}],"replies":[{"embeddable":true,"href":"https:\/\/vosgesinfo.fr\/remiremontinfo\/wp-json\/wp\/v2\/comments?post=10380"}],"version-history":[{"count":0,"href":"https:\/\/vosgesinfo.fr\/remiremontinfo\/wp-json\/wp\/v2\/posts\/10380\/revisions"}],"wp:featuredmedia":[{"embeddable":true,"href":"https:\/\/vosgesinfo.fr\/remiremontinfo\/wp-json\/wp\/v2\/media\/10381"}],"wp:attachment":[{"href":"https:\/\/vosgesinfo.fr\/remiremontinfo\/wp-json\/wp\/v2\/media?parent=10380"}],"wp:term":[{"taxonomy":"category","embeddable":true,"href":"https:\/\/vosgesinfo.fr\/remiremontinfo\/wp-json\/wp\/v2\/categories?post=10380"},{"taxonomy":"post_tag","embeddable":true,"href":"https:\/\/vosgesinfo.fr\/remiremontinfo\/wp-json\/wp\/v2\/tags?post=10380"}],"curies":[{"name":"wp","href":"https:\/\/api.w.org\/{rel}","templated":true}]}}