{"id":10443,"date":"2019-02-07T08:27:33","date_gmt":"2019-02-07T07:27:33","guid":{"rendered":"https:\/\/vosgesinfo.fr\/remiremontinfo\/2019\/02\/vagney-programme-cinema-lentractes-7-13-fevrier\/"},"modified":"2019-02-07T08:27:33","modified_gmt":"2019-02-07T07:27:33","slug":"vagney-programme-cinema-lentractes-7-13-fevrier","status":"publish","type":"post","link":"https:\/\/vosgesinfo.fr\/remiremontinfo\/2019\/02\/vagney-programme-cinema-lentractes-7-13-fevrier\/","title":{"rendered":"Vagney \u2013 Le programme du cin\u00e9ma l\u2019Entr\u2019Actes du 7 au 13 f\u00e9vrier"},"content":{"rendered":"<section id=\"header7-lf\" class=\"header7 cid-rgbZam1IDR\">\n<div class=\"container\">\n<div class=\"media-container-row\">\n<div class=\"media-content align-right\">\n<h1 class=\"mbr-section-title mbr-white pb-3 mbr-fonts-style display-2\" style=\"text-align: center;\">R\u00e9mi sans famille<\/h1>\n<p><img decoding=\"async\" class=\"aligncenter\" title=\"\" src=\"http:\/\/www.cinema-vagney.fr\/assets\/images\/55601731-412x549.jpg\" alt=\"Mobirise\" width=\"165\" height=\"220\" \/><\/p>\n<div class=\"mbr-section-text mbr-white pb-3\">\n<p class=\"mbr-text mbr-fonts-style display-7\"><span style=\"color: #ff0000;\"><strong>Jeudi 7 \u00e0 16h00<\/strong><\/span><br \/>\n(1h 49min)<br \/>\nDe Antoine Blossier<br \/>\nAvec Daniel Auteuil, Maleaume Paquin, Virginie Ledoyen<br \/>\nGenres Aventure, Famille;\u00a0Nationalit\u00e9 Fran\u00e7ais<\/p>\n<\/div>\n<\/div>\n<div class=\"mbr-figure\"><span style=\"color: #008080;\">Synopsis<\/span><\/div>\n<\/div>\n<\/div>\n<\/section>\n<section id=\"features11-lg\" class=\"features11 cid-rgbZqJEtg5\">\n<div class=\"container\">\n<div class=\"col-md-12\">\n<div class=\"media-container-row\">\n<div class=\" align-left\">\n<div class=\"block-content\">\n<div class=\"card p-3 pr-3\">\n<div class=\"card-box\">\n<p class=\"block-text mbr-fonts-style display-7\"><span style=\"color: #008000;\">A partir de 6 ans<\/span><br \/>\nLes aventures du jeune R\u00e9mi, orphelin recueilli par la douce Madame Barberin. A l\u2019\u00e2ge de 10 ans, il est arrach\u00e9 \u00e0 sa m\u00e8re adoptive et confi\u00e9 au Signor Vitalis, un myst\u00e9rieux musicien ambulant. A ses c\u00f4t\u00e9s, il va apprendre la rude vie de saltimbanque et \u00e0 chanter pour gagner son pain. Accompagn\u00e9 du fid\u00e8le chien Capi et du petit singe Joli-C\u0153ur, son long voyage \u00e0 travers la France, fait de rencontres, d\u2019amiti\u00e9s et d\u2019entraide, le m\u00e8ne au secret de ses origines\u2026<\/p>\n<\/div>\n<\/div>\n<\/div>\n<\/div>\n<\/div>\n<\/div>\n<\/div>\n<\/section>\n<section id=\"header7-lh\" class=\"header7 cid-rgbZK32vVt\">\n<div class=\"container\">\n<div class=\"media-container-row\">\n<div class=\"media-content align-right\">\n<h1 class=\"mbr-section-title mbr-white pb-3 mbr-fonts-style display-2\" style=\"text-align: center;\">Les Invisibles<\/h1>\n<p><img decoding=\"async\" class=\"aligncenter\" title=\"\" src=\"http:\/\/www.cinema-vagney.fr\/assets\/images\/32332621-412x549.jpg\" alt=\"Mobirise\" width=\"157\" height=\"209\" \/><\/p>\n<div class=\"mbr-section-text mbr-white pb-3\">\n<p class=\"mbr-text mbr-fonts-style display-7\"><span style=\"color: #ff0000;\"><strong>Jeudi 7 \u00a0\u00e0 20h30<\/strong><\/span><br \/>\n<strong><span style=\"color: #ff0000;\">Lundi 18 \u00e0 20h30<\/span><br \/>\n<\/strong><br \/>\n(1h 42min);\u00a0De Louis-Julien Petit<br \/>\nAvec Audrey Lamy, Corinne Masiero, No\u00e9mie Lvovsky<br \/>\nGenre Com\u00e9die;\u00a0Nationalit\u00e9 Fran\u00e7ais<\/p>\n<\/div>\n<\/div>\n<div class=\"mbr-figure\"><span style=\"color: #008080;\"><em><strong>Synopsis<\/strong><\/em><\/span><\/div>\n<\/div>\n<\/div>\n<\/section>\n<section id=\"features11-li\" class=\"features11 cid-rgbZLQ3l9j\">\n<div class=\"container\">\n<div class=\"col-md-12\">\n<div class=\"media-container-row\">\n<div class=\" align-left\">\n<div class=\"block-content\">\n<div class=\"card p-3 pr-3\">\n<div class=\"card-box\">\n<p class=\"block-text mbr-fonts-style display-7\">Suite \u00e0 une d\u00e9cision municipale, l\u2019Envol, centre d\u2019accueil pour femmes SDF, va fermer. Il ne reste plus que trois mois aux travailleuses sociales pour r\u00e9ins\u00e9rer co\u00fbte que co\u00fbte les femmes dont elles s\u2019occupent : falsifications, pistons, mensonges\u2026 D\u00e9sormais, tout est permis !<\/p>\n<section id=\"header7-le\" class=\"header7 cid-rgbXPN4yMt\">\n<div class=\"container\">\n<div class=\"media-container-row\">\n<div class=\"media-content align-right\">\n<h1 class=\"mbr-section-title mbr-white pb-3 mbr-fonts-style display-2\" style=\"text-align: center;\">Oscar et<br \/>\nle monde des chats<\/h1>\n<p><img decoding=\"async\" class=\"aligncenter\" title=\"\" src=\"http:\/\/www.cinema-vagney.fr\/assets\/images\/15720331-412x583.jpg\" alt=\"Mobirise\" width=\"168\" height=\"237\" \/><\/p>\n<div class=\"mbr-section-text mbr-white pb-3\">\n<p class=\"mbr-text mbr-fonts-style display-7\"><span style=\"color: #ff0000;\"><strong>Mercredi 6 \u00e0 17h00<\/strong><\/span><br \/>\n<span style=\"color: #ff0000;\"><strong>Samedi 9 \u00e0 17h00<\/strong><\/span><\/p>\n<p class=\"mbr-text mbr-fonts-style display-7\"><strong><br \/>\n<\/strong>(1h 27min)<br \/>\nDe Gary Wang,\u00a0Avec Jean-Michel Vovk, Charlie Langendries, Ioanna Gkizas<br \/>\nGenres Animation, Famille;\u00a0Nationalit\u00e9 Chinois<\/p>\n<\/div>\n<\/div>\n<div class=\"mbr-figure\"><span style=\"color: #008080;\"><em><strong>Synopsis<\/strong><\/em><\/span><\/div>\n<\/div>\n<\/div>\n<\/section>\n<section id=\"features11-lc\" class=\"features11 cid-rgbXFQUjJ2\">\n<div class=\"container\">\n<div class=\"col-md-12\">\n<div class=\"media-container-row\">\n<div class=\" align-left\">\n<div class=\"block-content\">\n<div class=\"card p-3 pr-3\">\n<div class=\"card-box\">\n<p class=\"block-text mbr-fonts-style display-7\"><span style=\"color: #008000;\">A partir de 3 ans<\/span><br \/>\nOscar est un chaton qui vit paisiblement avec son p\u00e8re L\u00e9on, un gros chat d\u2019appartement. R\u00eaveur, il croit en l\u2019existence de Catstopia, un monde merveilleux o\u00f9 vivent les chats. Il d\u00e9cide un jour de partir \u00e0 l\u2019aventure !<\/p>\n<\/div>\n<\/div>\n<\/div>\n<\/div>\n<\/div>\n<\/div>\n<\/div>\n<\/section>\n<\/div>\n<\/div>\n<\/div>\n<\/div>\n<\/div>\n<\/div>\n<\/div>\n<\/section>\n<section id=\"header7-lj\" class=\"header7 cid-rgc38kCogb\">\n<div class=\"container\">\n<div class=\"media-container-row\">\n<div class=\"media-content align-right\">\n<h1 class=\"mbr-section-title mbr-white pb-3 mbr-fonts-style display-2\" style=\"text-align: center;\">Creed 2<\/h1>\n<p><img decoding=\"async\" class=\"aligncenter\" title=\"\" src=\"http:\/\/www.cinema-vagney.fr\/assets\/images\/14518971-412x549.jpg\" alt=\"Mobirise\" width=\"158\" height=\"210\" \/><\/p>\n<div class=\"mbr-section-text mbr-white pb-3\">\n<p class=\"mbr-text mbr-fonts-style display-7\"><span style=\"color: #ff0000;\"><strong>Vendredi 8 \u00e0 21h00<\/strong><\/span><br \/>\n<strong><span style=\"color: #ff0000;\">Samedi 9 \u00e0 21h00<\/span><\/strong><\/p>\n<p class=\"mbr-text mbr-fonts-style display-7\"><strong><br \/>\n<\/strong>\u00a0(2h 10min);\u00a0De Steven Caple Jr.<br \/>\nAvec Michael B. Jordan, Sylvester Stallone, Tessa Thompson<br \/>\nGenres Drame, Action;\u00a0Nationalit\u00e9 Am\u00e9ricain<\/p>\n<\/div>\n<\/div>\n<div class=\"mbr-figure\"><span style=\"color: #008080;\"><em><strong>Synopsis<\/strong><\/em><\/span><\/div>\n<\/div>\n<\/div>\n<\/section>\n<section id=\"features11-lk\" class=\"features11 cid-rgc3aHRZ2c\">\n<div class=\"container\">\n<div class=\"col-md-12\">\n<div class=\"media-container-row\">\n<div class=\" align-left\">\n<div class=\"block-content\">\n<div class=\"card p-3 pr-3\">\n<div class=\"card-box\">\n<p class=\"block-text mbr-fonts-style display-7\">La vie est devenue un num\u00e9ro d&rsquo;\u00e9quilibriste pour Adonis Creed. Entre ses obligations personnelles et son entra\u00eenement pour son prochain grand match, il est \u00e0 la crois\u00e9e des chemins. Et l&rsquo;enjeu du combat est d&rsquo;autant plus \u00e9lev\u00e9 que son rival est li\u00e9 au pass\u00e9 de sa famille. Mais il peut compter sur la pr\u00e9sence de Rocky Balboa \u00e0 ses c\u00f4t\u00e9s : avec lui, il comprendra ce qui vaut la peine de se battre et d\u00e9couvrira qu&rsquo;il n&rsquo;y a rien de plus important que les valeurs familiales.<\/p>\n<\/div>\n<\/div>\n<\/div>\n<\/div>\n<\/div>\n<\/div>\n<\/div>\n<\/section>\n<section id=\"header7-ll\" class=\"header7 cid-rgc3O6cjLW\">\n<div class=\"container\">\n<div class=\"media-container-row\">\n<div class=\"media-content align-right\">\n<h1 class=\"mbr-section-title mbr-white pb-3 mbr-fonts-style display-2\" style=\"text-align: center;\">Edmond<\/h1>\n<p><img decoding=\"async\" class=\"aligncenter\" title=\"\" src=\"http:\/\/www.cinema-vagney.fr\/assets\/images\/10592941-412x561.jpg\" alt=\"Mobirise\" width=\"143\" height=\"195\" \/><\/p>\n<div class=\"mbr-section-text mbr-white pb-3\">\n<p class=\"mbr-text mbr-fonts-style display-7\"><span style=\"color: #ff0000;\"><strong>Dimanche 10 \u00e0 17h00<\/strong><\/span><br \/>\n<span style=\"color: #ff0000;\"><strong>Lundi 11 \u00e0 20h30<\/strong><\/span><\/p>\n<p class=\"mbr-text mbr-fonts-style display-7\"><strong><br \/>\n<\/strong>(1h 50min);\u00a0De Alexis Michalik<br \/>\nAvec Thomas Soliv\u00e9r\u00e8s, Olivier Gourmet, Mathilde Seigner<br \/>\nGenres Drame, Com\u00e9die;\u00a0Nationalit\u00e9s Fran\u00e7ais, Belge<\/p>\n<\/div>\n<\/div>\n<div class=\"mbr-figure\"><span style=\"color: #008080;\"><em><strong>Synopsis<\/strong><\/em><\/span><\/div>\n<\/div>\n<\/div>\n<\/section>\n<section id=\"features11-lm\" class=\"features11 cid-rgc3P72SLH\">\n<div class=\"container\">\n<div class=\"col-md-12\">\n<div class=\"media-container-row\">\n<div class=\" align-left\">\n<div class=\"block-content\">\n<div class=\"card p-3 pr-3\">\n<div class=\"card-box\">\n<p class=\"block-text mbr-fonts-style display-7\">D\u00e9cembre 1897, Paris. Edmond Rostand n\u2019a pas encore trente ans mais d\u00e9j\u00e0 deux enfants et beaucoup d\u2019angoisses. Il n\u2019a rien \u00e9crit depuis deux ans. En d\u00e9sespoir de cause, il propose au grand Constant Coquelin une pi\u00e8ce nouvelle, une com\u00e9die h\u00e9ro\u00efque, en vers, pour les f\u00eates. Seul souci : elle n\u2019est pas encore \u00e9crite. Faisant fi des caprices des actrices, des exigences de ses producteurs corses, de la jalousie de sa femme, des histoires de c\u0153ur de son meilleur ami et du manque d\u2019enthousiasme de l\u2019ensemble de son entourage, Edmond se met \u00e0 \u00e9crire cette pi\u00e8ce \u00e0 laquelle personne ne croit. Pour l\u2019instant, il n\u2019a que le titre : \u00ab Cyrano de Bergerac \u00bb.<\/p>\n<\/div>\n<\/div>\n<\/div>\n<\/div>\n<\/div>\n<\/div>\n<\/div>\n<\/section>\n<section id=\"header7-lp\" class=\"header7 cid-rgc4PSq9zX\">\n<div class=\"mbr-overlay\"><\/div>\n<div class=\"container\">\n<div class=\"media-container-row\">\n<div class=\"media-content align-right\">\n<h1 class=\"mbr-section-title mbr-white pb-3 mbr-fonts-style display-2\" style=\"text-align: center;\">Le Chant du loup<\/h1>\n<p><img decoding=\"async\" class=\"aligncenter\" title=\"\" src=\"http:\/\/www.cinema-vagney.fr\/assets\/images\/38928291-412x561.jpg\" alt=\"Mobirise\" width=\"129\" height=\"175\" \/><\/p>\n<div class=\"mbr-section-text mbr-white pb-3\">\n<p class=\"mbr-text mbr-fonts-style display-7\"><span style=\"color: #ff0000;\">Avant-premi\u00e8re : Mardi 12 \u00e0 20h30 <\/span><br \/>\n<span style=\"color: #ff0000;\">(1h 55min)<\/span><br \/>\nDe Antonin Baudry<br \/>\nAvec Fran\u00e7ois Civil, Omar Sy, Reda Kateb<br \/>\nGenre Drame;\u00a0Nationalit\u00e9 Fran\u00e7ais<\/p>\n<\/div>\n<\/div>\n<div class=\"mbr-figure\"><span style=\"color: #008080;\"><em><strong>Synopsis<\/strong><\/em><\/span><\/div>\n<\/div>\n<\/div>\n<\/section>\n<section id=\"features11-lo\" class=\"features11 cid-rgc4H8OvXL\">\n<div class=\"container\">\n<div class=\"col-md-12\">\n<div class=\"media-container-row\">\n<div class=\" align-left\">\n<div class=\"block-content\">\n<div class=\"card p-3 pr-3\">\n<div class=\"card-box\">\n<p class=\"block-text mbr-fonts-style display-7\">Un jeune homme a le don rare de reconna\u00eetre chaque son qu\u2019il entend. A bord d\u2019un sous-marin nucl\u00e9aire fran\u00e7ais, tout repose sur lui, l\u2019Oreille d\u2019Or.<br \/>\nR\u00e9put\u00e9 infaillible, il commet pourtant une erreur qui met l\u2019\u00e9quipage en danger de mort. Il veut retrouver la confiance de ses camarades mais sa qu\u00eate les entra\u00eene dans une situation encore plus dramatique.<br \/>\nDans le monde de la dissuasion nucl\u00e9aire et de la d\u00e9sinformation, ils se retrouvent tous pris au pi\u00e8ge d\u2019un engrenage incontr\u00f4lable.<\/p>\n<\/div>\n<\/div>\n<\/div>\n<\/div>\n<\/div>\n<\/div>\n<\/div>\n<\/section>\n<section id=\"header7-lr\" class=\"header7 cid-rgcodT18w2\">\n<div class=\"container\">\n<div class=\"media-container-row\">\n<div class=\"media-content align-right\">\n<h1 class=\"mbr-section-title mbr-white pb-3 mbr-fonts-style display-2\" style=\"text-align: center;\">Wallace et Gromit:<br \/>\nCoeurs \u00e0 modeler<\/h1>\n<p><img decoding=\"async\" class=\"aligncenter\" title=\"\" src=\"http:\/\/www.cinema-vagney.fr\/assets\/images\/09450061-412x549.jpg\" alt=\"Mobirise\" width=\"178\" height=\"237\" \/><\/p>\n<div class=\"mbr-section-text mbr-white pb-3\">\n<p class=\"mbr-text mbr-fonts-style display-7\"><span style=\"color: #ff0000;\"><strong>Mercredi 13 \u00e0 16h00<\/strong><\/span><\/p>\n<p class=\"mbr-text mbr-fonts-style display-7\"><span style=\"font-size: 14pt;\"><strong><span style=\"color: #008000;\">Cin\u00e9 Atelier<\/span><\/strong><\/span><\/p>\n<p class=\"mbr-text mbr-fonts-style display-7\">(0h 59min)<br \/>\nDe Nick Park;\u00a0Avec acteurs inconnus<br \/>\nGenre Animation;\u00a0Nationalit\u00e9 Britannique<\/p>\n<\/div>\n<\/div>\n<div class=\"mbr-figure\"><span style=\"color: #008080;\"><em><strong>Synopsis<\/strong><\/em><\/span><\/div>\n<\/div>\n<\/div>\n<\/section>\n<section id=\"features11-ls\" class=\"features11 cid-rgcofd1xOp\">\n<div class=\"container\">\n<div class=\"col-md-12\">\n<div class=\"media-container-row\">\n<div class=\" align-left\">\n<div class=\"block-content\">\n<div class=\"card p-3 pr-3\">\n<div class=\"card-box\">\n<p class=\"block-text mbr-fonts-style display-7\"><span style=\"color: #008000;\">A partir de 6 ans<\/span><br \/>\nVous les connaissiez inventeurs ? Les voici entrepreneurs ! Nettoyeurs de vitres ou boulangers, Wallace et Gromit mettent du c\u0153ur \u00e0 l\u2019ouvrage. Un peu trop peut-\u00eatre\u2026 Dans Ras\u00e9 de pr\u00e8s (premi\u00e8re apparition de Shaun le mouton) comme dans Un sacr\u00e9 p\u00e9trin (in\u00e9dit au cin\u00e9ma), l\u2019amour aveugle de Wallace va pr\u00e9cipiter le duo dans de folles aventures aux allures de polar !<\/p>\n<\/div>\n<\/div>\n<\/div>\n<\/div>\n<\/div>\n<\/div>\n<\/div>\n<\/section>\n<section id=\"header7-lu\" class=\"header7 cid-rgcqTjcNA9\">\n<div class=\"container\">\n<div class=\"media-container-row\">\n<div class=\"media-content align-right\">\n<h1 class=\"mbr-section-title mbr-white pb-3 mbr-fonts-style display-2\" style=\"text-align: center;\">L&rsquo;heure de la sortie<\/h1>\n<p><img decoding=\"async\" class=\"aligncenter\" title=\"\" src=\"http:\/\/www.cinema-vagney.fr\/assets\/images\/11132961-412x549.jpg\" alt=\"Mobirise\" width=\"171\" height=\"228\" \/><\/p>\n<div class=\"mbr-section-text mbr-white pb-3\">\n<p class=\"mbr-text mbr-fonts-style display-7\"><span style=\"color: #ff0000;\">\u00a0<strong>Mercredi 13 \u00e0 20h30<\/strong><\/span><br \/>\n(1h 43min)<br \/>\nDe S\u00e9bastien Marnier;\u00a0Avec Laurent Lafitte, Emmanuelle Bercot, Pascal Greggory<br \/>\nGenre Thriller;\u00a0Nationalit\u00e9 Fran\u00e7ais<\/p>\n<\/div>\n<\/div>\n<div class=\"mbr-figure\"><span style=\"color: #008080;\"><em><strong>Synopsis<\/strong><\/em><\/span><\/div>\n<\/div>\n<\/div>\n<\/section>\n<section id=\"features11-lv\" class=\"features11 cid-rgcqW1cb5b\">\n<div class=\"container\">\n<div class=\"col-md-12\">\n<div class=\"media-container-row\">\n<div class=\" align-left\">\n<div class=\"block-content\">\n<div class=\"card p-3 pr-3\">\n<div class=\"card-box\">\n<p class=\"block-text mbr-fonts-style display-7\">Lorsque Pierre Hoffman int\u00e8gre le prestigieux coll\u00e8ge de Saint Joseph il d\u00e9c\u00e8le, chez les 3e 1, une hostilit\u00e9 diffuse et une violence sourde. Est-ce parce que leur professeur de fran\u00e7ais vient de se jeter par la fen\u00eatre en plein cours ? Parce qu\u2019ils sont une classe pilote d\u2019enfants surdou\u00e9s ? Parce qu\u2019ils semblent terrifi\u00e9s par la menace \u00e9cologique et avoir perdu tout espoir en l\u2019avenir ? De la curiosit\u00e9 \u00e0 l\u2019obsession, Pierre va tenter de percer leur secret&#8230;<\/p>\n<p class=\"block-text mbr-fonts-style display-7\" style=\"text-align: center;\"><span style=\"color: #800080;\">\u2014\u2014\u2014\u2014\u2014\u2014\u2014\u2014\u2014\u2014-<\/span><\/p>\n<section id=\"features11-b8\" class=\"features11 cid-qQx9IjEte1\">\n<div class=\"container\">\n<div class=\"col-md-12\">\n<div class=\"media-container-row\">\n<div class=\" align-left\">\n<div class=\"block-content\">\n<div class=\"card p-3 pr-3\">\n<div class=\"card-box\">\n<p class=\"block-text mbr-fonts-style display-7\" style=\"text-align: center;\"><span style=\"color: #800080;\"><strong>Tarifs Cin\u00e9ma L\u2019Entr\u2019Actes<\/strong> : Normal : <strong>5\u20ac<\/strong> \/ R\u00e9duit, \u2013 de18ans,\u00a0\u00c9tudiant : <strong>4\u20ac<\/strong> \/ S\u00e9ance 3D : \u00a0<strong>+ 1\u00a0\u20ac. \u00a0.<\/strong><\/span><\/p>\n<p class=\"block-text mbr-fonts-style display-7\" style=\"text-align: center;\"><span style=\"color: #800080;\"><strong><img decoding=\"async\" class=\"\" src=\"http:\/\/geo.cine-market.fr\/bundles\/synacomcinemalocator\/images\/logov2_cinecheque.png\" alt=\"\" width=\"144\" height=\"54\" \/><img decoding=\"async\" class=\"\" src=\"https:\/\/www.vosges.fr\/Portals\/1\/xBlog\/uploads\/2018\/4\/24\/7242b8d5-b8ba-408c-b724-cf96cdb9c5b8.jpg\" alt=\"R\u00e9sultat de recherche d'images pour &quot;carte zap 2018&quot;\" width=\"67\" height=\"67\" \/><img decoding=\"async\" class=\"irc_mi\" src=\"https:\/\/www.cezam-auvergne.fr\/modules\/kameleon\/upload\/carte_cezam_2017_(1).jpg\" alt=\"R\u00e9sultat de recherche d'images pour &quot;logo carte cezam&quot;\" width=\"103\" height=\"65\" \/><\/strong><\/span><\/p>\n<p class=\"block-text mbr-fonts-style display-7\" style=\"text-align: center;\"><span style=\"color: #800080;\"><img decoding=\"async\" class=\"\" src=\"https:\/\/vosgesinfo.fr\/app\/uploads\/sites\/5\/2016\/12\/gie-carte-bancaire.jpeg\" alt=\"R\u00e9sultat de recherche d'images pour &quot;carte bancaire&quot;\" width=\"101\" height=\"109\" \/><\/span><\/p>\n<p class=\"block-text mbr-fonts-style display-7\" style=\"text-align: center;\"><span style=\"color: #800080;\">\u2014\u2014\u2014\u2014\u2014\u2014\u2014\u2014\u2014\u2014-<\/span><\/p>\n<p class=\"block-text mbr-fonts-style display-7\"><span style=\"color: #ff0000;\"><strong>Retrouvez le programme complet du mois\u00a0de f\u00e9vrier\u00a0en format Image Jpeg :<\/strong><\/span><\/p>\n<p class=\"block-text mbr-fonts-style display-7\"><a href=\"\/2019\/01\/Screenshot_20190122-105610_Drive.jpg\"><img decoding=\"async\" class=\"alignnone size-medium wp-image-252293 aligncenter\" src=\"\/2019\/01\/Screenshot_20190122-105610_Drive-179x255.jpg\" alt=\"Screenshot_20190122-105610_Drive\" width=\"179\" height=\"255\" \/><\/a><\/p>\n<p><strong><span style=\"color: #ff0000;\">CARTE D\u2019ABONNEMENT<\/span> (renseignement en caisse)<\/strong><\/p>\n<p><strong><a href=\"\/2018\/06\/fly-carte-abonnement.jpg\"><img decoding=\"async\" class=\"size-medium wp-image-233878 aligncenter\" src=\"\/2018\/06\/fly-carte-abonnement-359x255.jpg\" alt=\"fly carte abonnement\" width=\"359\" height=\"255\" \/><\/a><\/strong><\/p>\n<div class=\"card p-3 pr-3\">\n<p class=\"block-text mbr-fonts-style display-7\"><span style=\"color: #ff0000;\">Site internet:<\/span>\u00a0<a href=\"http:\/\/www.cinema-vagney.fr\/\">http:\/\/www.cinema-vagney.fr\/<\/a><\/p>\n<p class=\"block-text mbr-fonts-style display-7\"><span style=\"color: #ff0000;\">Facebook:<\/span>\u00a0<a href=\"https:\/\/fr-fr.facebook.com\/Cin%C3%A9ma-Lentractes-de-VAGNEY-186434849771\/\">https:\/\/fr-fr.facebook.com\/Cin%C3%A9ma-Lentractes-de-VAGNEY-186434849771\/<\/a><\/p>\n<p class=\"block-text mbr-fonts-style display-7\"><span style=\"color: #ff0000;\">Twitter:<\/span>\u00a0<a href=\"https:\/\/twitter.com\/cinemaVagney\">https:\/\/twitter.com\/cinemaVagney<\/a><\/p>\n<p class=\"block-text mbr-fonts-style display-7\"><span style=\"color: #ff0000;\">SnapChat :<\/span> cinemavagney\u00a0<a href=\"\/2018\/02\/20180103_0044581.jpg\"><img decoding=\"async\" class=\"alignnone wp-image-220378\" src=\"\/2018\/02\/20180103_0044581-214x255.jpg\" alt=\"20180103_004458\" width=\"86\" height=\"102\" \/><\/a><\/p>\n<p class=\"block-text mbr-fonts-style display-7\">\n<\/div>\n<p class=\"block-text mbr-fonts-style display-7\"><strong><em>-Yann.C-<\/em><\/strong><\/p>\n<\/div>\n<\/div>\n<\/div>\n<\/div>\n<\/div>\n<\/div>\n<\/div>\n<\/section>\n<p class=\"block-text mbr-fonts-style display-7\">\n<\/div>\n<\/div>\n<\/div>\n<\/div>\n<\/div>\n<\/div>\n<\/div>\n<\/section>\n","protected":false},"excerpt":{"rendered":"<p>R\u00e9mi sans famille Jeudi 7 \u00e0 16h00 (1h 49min) De Antoine Blossier Avec Daniel Auteuil, Maleaume Paquin, Virginie Ledoyen Genres [&hellip;]<\/p>\n","protected":false},"author":272,"featured_media":10444,"comment_status":"open","ping_status":"open","sticky":false,"template":"","format":"standard","meta":{"footnotes":""},"categories":[4,25,36],"tags":[],"class_list":["post-10443","post","type-post","status-publish","format-standard","has-post-thumbnail","hentry","category-culture","category-la-bresse-son-canton","category-vagney"],"acf":[],"yoast_head":"<!-- This site is optimized with the Yoast SEO plugin v22.5 - https:\/\/yoast.com\/wordpress\/plugins\/seo\/ -->\n<title>Vagney \u2013 Le programme du cin\u00e9ma l\u2019Entr\u2019Actes du 7 au 13 f\u00e9vrier - Remiremont Info<\/title>\n<meta name=\"robots\" content=\"index, follow, max-snippet:-1, max-image-preview:large, max-video-preview:-1\" \/>\n<link rel=\"canonical\" href=\"https:\/\/vosgesinfo.fr\/remiremontinfo\/2019\/02\/vagney-programme-cinema-lentractes-7-13-fevrier\/\" \/>\n<meta name=\"twitter:card\" content=\"summary_large_image\" \/>\n<meta name=\"twitter:title\" content=\"Vagney \u2013 Le programme du cin\u00e9ma l\u2019Entr\u2019Actes du 7 au 13 f\u00e9vrier - Remiremont Info\" \/>\n<meta name=\"twitter:description\" content=\"R\u00e9mi sans famille Jeudi 7 \u00e0 16h00 (1h 49min) De Antoine Blossier Avec Daniel Auteuil, Maleaume Paquin, Virginie Ledoyen Genres [&hellip;]\" \/>\n<meta name=\"twitter:image\" content=\"https:\/\/vosgesinfo.fr\/app\/uploads\/sites\/5\/2024\/09\/201803cinema2-3.jpg\" \/>\n<meta name=\"twitter:creator\" content=\"@VosgesInfo88\" \/>\n<meta name=\"twitter:site\" content=\"@VosgesInfo88\" \/>\n<meta name=\"twitter:label1\" content=\"\u00c9crit par\" \/>\n\t<meta name=\"twitter:data1\" content=\"cinemavagney\" \/>\n\t<meta name=\"twitter:label2\" content=\"Dur\u00e9e de lecture estim\u00e9e\" \/>\n\t<meta name=\"twitter:data2\" content=\"5 minutes\" \/>\n<script type=\"application\/ld+json\" class=\"yoast-schema-graph\">{\"@context\":\"https:\/\/schema.org\",\"@graph\":[{\"@type\":\"Article\",\"@id\":\"https:\/\/vosgesinfo.fr\/remiremontinfo\/2019\/02\/vagney-programme-cinema-lentractes-7-13-fevrier\/#article\",\"isPartOf\":{\"@id\":\"https:\/\/vosgesinfo.fr\/remiremontinfo\/2019\/02\/vagney-programme-cinema-lentractes-7-13-fevrier\/\"},\"author\":{\"name\":\"cinemavagney\",\"@id\":\"https:\/\/vosgesinfo.fr\/remiremontinfo\/#\/schema\/person\/865f8c711468b81237613764bdab66e7\"},\"headline\":\"Vagney \u2013 Le programme du cin\u00e9ma l\u2019Entr\u2019Actes du 7 au 13 f\u00e9vrier\",\"datePublished\":\"2019-02-07T07:27:33+00:00\",\"dateModified\":\"2019-02-07T07:27:33+00:00\",\"mainEntityOfPage\":{\"@id\":\"https:\/\/vosgesinfo.fr\/remiremontinfo\/2019\/02\/vagney-programme-cinema-lentractes-7-13-fevrier\/\"},\"wordCount\":941,\"commentCount\":0,\"publisher\":{\"@id\":\"https:\/\/vosgesinfo.fr\/remiremontinfo\/#organization\"},\"image\":{\"@id\":\"https:\/\/vosgesinfo.fr\/remiremontinfo\/2019\/02\/vagney-programme-cinema-lentractes-7-13-fevrier\/#primaryimage\"},\"thumbnailUrl\":\"https:\/\/vosgesinfo.fr\/app\/uploads\/sites\/5\/2024\/09\/201803cinema2-3.jpg\",\"articleSection\":[\"Culture\",\"La Bresse &amp; son canton\",\"Vagney\"],\"inLanguage\":\"fr-FR\",\"potentialAction\":[{\"@type\":\"CommentAction\",\"name\":\"Comment\",\"target\":[\"https:\/\/vosgesinfo.fr\/remiremontinfo\/2019\/02\/vagney-programme-cinema-lentractes-7-13-fevrier\/#respond\"]}]},{\"@type\":\"WebPage\",\"@id\":\"https:\/\/vosgesinfo.fr\/remiremontinfo\/2019\/02\/vagney-programme-cinema-lentractes-7-13-fevrier\/\",\"url\":\"https:\/\/vosgesinfo.fr\/remiremontinfo\/2019\/02\/vagney-programme-cinema-lentractes-7-13-fevrier\/\",\"name\":\"Vagney \u2013 Le programme du cin\u00e9ma l\u2019Entr\u2019Actes du 7 au 13 f\u00e9vrier - Remiremont Info\",\"isPartOf\":{\"@id\":\"https:\/\/vosgesinfo.fr\/remiremontinfo\/#website\"},\"primaryImageOfPage\":{\"@id\":\"https:\/\/vosgesinfo.fr\/remiremontinfo\/2019\/02\/vagney-programme-cinema-lentractes-7-13-fevrier\/#primaryimage\"},\"image\":{\"@id\":\"https:\/\/vosgesinfo.fr\/remiremontinfo\/2019\/02\/vagney-programme-cinema-lentractes-7-13-fevrier\/#primaryimage\"},\"thumbnailUrl\":\"https:\/\/vosgesinfo.fr\/app\/uploads\/sites\/5\/2024\/09\/201803cinema2-3.jpg\",\"datePublished\":\"2019-02-07T07:27:33+00:00\",\"dateModified\":\"2019-02-07T07:27:33+00:00\",\"breadcrumb\":{\"@id\":\"https:\/\/vosgesinfo.fr\/remiremontinfo\/2019\/02\/vagney-programme-cinema-lentractes-7-13-fevrier\/#breadcrumb\"},\"inLanguage\":\"fr-FR\",\"potentialAction\":[{\"@type\":\"ReadAction\",\"target\":[\"https:\/\/vosgesinfo.fr\/remiremontinfo\/2019\/02\/vagney-programme-cinema-lentractes-7-13-fevrier\/\"]}]},{\"@type\":\"ImageObject\",\"inLanguage\":\"fr-FR\",\"@id\":\"https:\/\/vosgesinfo.fr\/remiremontinfo\/2019\/02\/vagney-programme-cinema-lentractes-7-13-fevrier\/#primaryimage\",\"url\":\"https:\/\/vosgesinfo.fr\/app\/uploads\/sites\/5\/2024\/09\/201803cinema2-3.jpg\",\"contentUrl\":\"https:\/\/vosgesinfo.fr\/app\/uploads\/sites\/5\/2024\/09\/201803cinema2-3.jpg\",\"width\":1656,\"height\":1117},{\"@type\":\"BreadcrumbList\",\"@id\":\"https:\/\/vosgesinfo.fr\/remiremontinfo\/2019\/02\/vagney-programme-cinema-lentractes-7-13-fevrier\/#breadcrumb\",\"itemListElement\":[{\"@type\":\"ListItem\",\"position\":1,\"name\":\"Home\",\"item\":\"https:\/\/vosgesinfo.fr\/remiremontinfo\/\"},{\"@type\":\"ListItem\",\"position\":2,\"name\":\"Vagney \u2013 Le programme du cin\u00e9ma l\u2019Entr\u2019Actes du 7 au 13 f\u00e9vrier\"}]},{\"@type\":\"WebSite\",\"@id\":\"https:\/\/vosgesinfo.fr\/remiremontinfo\/#website\",\"url\":\"https:\/\/vosgesinfo.fr\/remiremontinfo\/\",\"name\":\"Remiremont Info\",\"description\":\"Toute l&#039;actualit\u00e9 de Remiremont\",\"publisher\":{\"@id\":\"https:\/\/vosgesinfo.fr\/remiremontinfo\/#organization\"},\"alternateName\":\"Toute l'actualit\u00e9 de Remiremont\",\"potentialAction\":[{\"@type\":\"SearchAction\",\"target\":{\"@type\":\"EntryPoint\",\"urlTemplate\":\"https:\/\/vosgesinfo.fr\/remiremontinfo\/?s={search_term_string}\"},\"query-input\":\"required name=search_term_string\"}],\"inLanguage\":\"fr-FR\"},{\"@type\":\"Organization\",\"@id\":\"https:\/\/vosgesinfo.fr\/remiremontinfo\/#organization\",\"name\":\"Remiremont Info\",\"url\":\"https:\/\/vosgesinfo.fr\/remiremontinfo\/\",\"logo\":{\"@type\":\"ImageObject\",\"inLanguage\":\"fr-FR\",\"@id\":\"https:\/\/vosgesinfo.fr\/remiremontinfo\/#\/schema\/logo\/image\/\",\"url\":\"https:\/\/vosgesinfo.fr\/app\/uploads\/sites\/5\/2023\/08\/favicon-remiremontinfo.png\",\"contentUrl\":\"https:\/\/vosgesinfo.fr\/app\/uploads\/sites\/5\/2023\/08\/favicon-remiremontinfo.png\",\"width\":512,\"height\":512,\"caption\":\"Remiremont Info\"},\"image\":{\"@id\":\"https:\/\/vosgesinfo.fr\/remiremontinfo\/#\/schema\/logo\/image\/\"},\"sameAs\":[\"https:\/\/www.facebook.com\/remiremontinfo\",\"https:\/\/x.com\/VosgesInfo88\",\"https:\/\/www.youtube.com\/@vosgesinfo\"]},{\"@type\":\"Person\",\"@id\":\"https:\/\/vosgesinfo.fr\/remiremontinfo\/#\/schema\/person\/865f8c711468b81237613764bdab66e7\",\"name\":\"cinemavagney\",\"image\":{\"@type\":\"ImageObject\",\"inLanguage\":\"fr-FR\",\"@id\":\"https:\/\/vosgesinfo.fr\/remiremontinfo\/#\/schema\/person\/image\/\",\"url\":\"https:\/\/secure.gravatar.com\/avatar\/af843eff690e434be300227f0bd39478b841e9734f6d4b9d40bb723f10ed2948?s=96&d=mm&r=g\",\"contentUrl\":\"https:\/\/secure.gravatar.com\/avatar\/af843eff690e434be300227f0bd39478b841e9734f6d4b9d40bb723f10ed2948?s=96&d=mm&r=g\",\"caption\":\"cinemavagney\"},\"description\":\"Cin\u00e9ma de Vagney Place de la Lib\u00e9ration 88120 VAGNEY Association Vagney-Loisirs\",\"url\":\"https:\/\/vosgesinfo.fr\/remiremontinfo\/author\/cinemavagney\/\"}]}<\/script>\n<!-- \/ Yoast SEO plugin. -->","yoast_head_json":{"title":"Vagney \u2013 Le programme du cin\u00e9ma l\u2019Entr\u2019Actes du 7 au 13 f\u00e9vrier - Remiremont Info","robots":{"index":"index","follow":"follow","max-snippet":"max-snippet:-1","max-image-preview":"max-image-preview:large","max-video-preview":"max-video-preview:-1"},"canonical":"https:\/\/vosgesinfo.fr\/remiremontinfo\/2019\/02\/vagney-programme-cinema-lentractes-7-13-fevrier\/","twitter_card":"summary_large_image","twitter_title":"Vagney \u2013 Le programme du cin\u00e9ma l\u2019Entr\u2019Actes du 7 au 13 f\u00e9vrier - Remiremont Info","twitter_description":"R\u00e9mi sans famille Jeudi 7 \u00e0 16h00 (1h 49min) De Antoine Blossier Avec Daniel Auteuil, Maleaume Paquin, Virginie Ledoyen Genres [&hellip;]","twitter_image":"https:\/\/vosgesinfo.fr\/app\/uploads\/sites\/5\/2024\/09\/201803cinema2-3.jpg","twitter_creator":"@VosgesInfo88","twitter_site":"@VosgesInfo88","twitter_misc":{"\u00c9crit par":"cinemavagney","Dur\u00e9e de lecture estim\u00e9e":"5 minutes"},"schema":{"@context":"https:\/\/schema.org","@graph":[{"@type":"Article","@id":"https:\/\/vosgesinfo.fr\/remiremontinfo\/2019\/02\/vagney-programme-cinema-lentractes-7-13-fevrier\/#article","isPartOf":{"@id":"https:\/\/vosgesinfo.fr\/remiremontinfo\/2019\/02\/vagney-programme-cinema-lentractes-7-13-fevrier\/"},"author":{"name":"cinemavagney","@id":"https:\/\/vosgesinfo.fr\/remiremontinfo\/#\/schema\/person\/865f8c711468b81237613764bdab66e7"},"headline":"Vagney \u2013 Le programme du cin\u00e9ma l\u2019Entr\u2019Actes du 7 au 13 f\u00e9vrier","datePublished":"2019-02-07T07:27:33+00:00","dateModified":"2019-02-07T07:27:33+00:00","mainEntityOfPage":{"@id":"https:\/\/vosgesinfo.fr\/remiremontinfo\/2019\/02\/vagney-programme-cinema-lentractes-7-13-fevrier\/"},"wordCount":941,"commentCount":0,"publisher":{"@id":"https:\/\/vosgesinfo.fr\/remiremontinfo\/#organization"},"image":{"@id":"https:\/\/vosgesinfo.fr\/remiremontinfo\/2019\/02\/vagney-programme-cinema-lentractes-7-13-fevrier\/#primaryimage"},"thumbnailUrl":"https:\/\/vosgesinfo.fr\/app\/uploads\/sites\/5\/2024\/09\/201803cinema2-3.jpg","articleSection":["Culture","La Bresse &amp; son canton","Vagney"],"inLanguage":"fr-FR","potentialAction":[{"@type":"CommentAction","name":"Comment","target":["https:\/\/vosgesinfo.fr\/remiremontinfo\/2019\/02\/vagney-programme-cinema-lentractes-7-13-fevrier\/#respond"]}]},{"@type":"WebPage","@id":"https:\/\/vosgesinfo.fr\/remiremontinfo\/2019\/02\/vagney-programme-cinema-lentractes-7-13-fevrier\/","url":"https:\/\/vosgesinfo.fr\/remiremontinfo\/2019\/02\/vagney-programme-cinema-lentractes-7-13-fevrier\/","name":"Vagney \u2013 Le programme du cin\u00e9ma l\u2019Entr\u2019Actes du 7 au 13 f\u00e9vrier - Remiremont Info","isPartOf":{"@id":"https:\/\/vosgesinfo.fr\/remiremontinfo\/#website"},"primaryImageOfPage":{"@id":"https:\/\/vosgesinfo.fr\/remiremontinfo\/2019\/02\/vagney-programme-cinema-lentractes-7-13-fevrier\/#primaryimage"},"image":{"@id":"https:\/\/vosgesinfo.fr\/remiremontinfo\/2019\/02\/vagney-programme-cinema-lentractes-7-13-fevrier\/#primaryimage"},"thumbnailUrl":"https:\/\/vosgesinfo.fr\/app\/uploads\/sites\/5\/2024\/09\/201803cinema2-3.jpg","datePublished":"2019-02-07T07:27:33+00:00","dateModified":"2019-02-07T07:27:33+00:00","breadcrumb":{"@id":"https:\/\/vosgesinfo.fr\/remiremontinfo\/2019\/02\/vagney-programme-cinema-lentractes-7-13-fevrier\/#breadcrumb"},"inLanguage":"fr-FR","potentialAction":[{"@type":"ReadAction","target":["https:\/\/vosgesinfo.fr\/remiremontinfo\/2019\/02\/vagney-programme-cinema-lentractes-7-13-fevrier\/"]}]},{"@type":"ImageObject","inLanguage":"fr-FR","@id":"https:\/\/vosgesinfo.fr\/remiremontinfo\/2019\/02\/vagney-programme-cinema-lentractes-7-13-fevrier\/#primaryimage","url":"https:\/\/vosgesinfo.fr\/app\/uploads\/sites\/5\/2024\/09\/201803cinema2-3.jpg","contentUrl":"https:\/\/vosgesinfo.fr\/app\/uploads\/sites\/5\/2024\/09\/201803cinema2-3.jpg","width":1656,"height":1117},{"@type":"BreadcrumbList","@id":"https:\/\/vosgesinfo.fr\/remiremontinfo\/2019\/02\/vagney-programme-cinema-lentractes-7-13-fevrier\/#breadcrumb","itemListElement":[{"@type":"ListItem","position":1,"name":"Home","item":"https:\/\/vosgesinfo.fr\/remiremontinfo\/"},{"@type":"ListItem","position":2,"name":"Vagney \u2013 Le programme du cin\u00e9ma l\u2019Entr\u2019Actes du 7 au 13 f\u00e9vrier"}]},{"@type":"WebSite","@id":"https:\/\/vosgesinfo.fr\/remiremontinfo\/#website","url":"https:\/\/vosgesinfo.fr\/remiremontinfo\/","name":"Remiremont Info","description":"Toute l&#039;actualit\u00e9 de Remiremont","publisher":{"@id":"https:\/\/vosgesinfo.fr\/remiremontinfo\/#organization"},"alternateName":"Toute l'actualit\u00e9 de Remiremont","potentialAction":[{"@type":"SearchAction","target":{"@type":"EntryPoint","urlTemplate":"https:\/\/vosgesinfo.fr\/remiremontinfo\/?s={search_term_string}"},"query-input":"required name=search_term_string"}],"inLanguage":"fr-FR"},{"@type":"Organization","@id":"https:\/\/vosgesinfo.fr\/remiremontinfo\/#organization","name":"Remiremont Info","url":"https:\/\/vosgesinfo.fr\/remiremontinfo\/","logo":{"@type":"ImageObject","inLanguage":"fr-FR","@id":"https:\/\/vosgesinfo.fr\/remiremontinfo\/#\/schema\/logo\/image\/","url":"https:\/\/vosgesinfo.fr\/app\/uploads\/sites\/5\/2023\/08\/favicon-remiremontinfo.png","contentUrl":"https:\/\/vosgesinfo.fr\/app\/uploads\/sites\/5\/2023\/08\/favicon-remiremontinfo.png","width":512,"height":512,"caption":"Remiremont Info"},"image":{"@id":"https:\/\/vosgesinfo.fr\/remiremontinfo\/#\/schema\/logo\/image\/"},"sameAs":["https:\/\/www.facebook.com\/remiremontinfo","https:\/\/x.com\/VosgesInfo88","https:\/\/www.youtube.com\/@vosgesinfo"]},{"@type":"Person","@id":"https:\/\/vosgesinfo.fr\/remiremontinfo\/#\/schema\/person\/865f8c711468b81237613764bdab66e7","name":"cinemavagney","image":{"@type":"ImageObject","inLanguage":"fr-FR","@id":"https:\/\/vosgesinfo.fr\/remiremontinfo\/#\/schema\/person\/image\/","url":"https:\/\/secure.gravatar.com\/avatar\/af843eff690e434be300227f0bd39478b841e9734f6d4b9d40bb723f10ed2948?s=96&d=mm&r=g","contentUrl":"https:\/\/secure.gravatar.com\/avatar\/af843eff690e434be300227f0bd39478b841e9734f6d4b9d40bb723f10ed2948?s=96&d=mm&r=g","caption":"cinemavagney"},"description":"Cin\u00e9ma de Vagney Place de la Lib\u00e9ration 88120 VAGNEY Association Vagney-Loisirs","url":"https:\/\/vosgesinfo.fr\/remiremontinfo\/author\/cinemavagney\/"}]}},"_links":{"self":[{"href":"https:\/\/vosgesinfo.fr\/remiremontinfo\/wp-json\/wp\/v2\/posts\/10443","targetHints":{"allow":["GET"]}}],"collection":[{"href":"https:\/\/vosgesinfo.fr\/remiremontinfo\/wp-json\/wp\/v2\/posts"}],"about":[{"href":"https:\/\/vosgesinfo.fr\/remiremontinfo\/wp-json\/wp\/v2\/types\/post"}],"author":[{"embeddable":true,"href":"https:\/\/vosgesinfo.fr\/remiremontinfo\/wp-json\/wp\/v2\/users\/272"}],"replies":[{"embeddable":true,"href":"https:\/\/vosgesinfo.fr\/remiremontinfo\/wp-json\/wp\/v2\/comments?post=10443"}],"version-history":[{"count":0,"href":"https:\/\/vosgesinfo.fr\/remiremontinfo\/wp-json\/wp\/v2\/posts\/10443\/revisions"}],"wp:featuredmedia":[{"embeddable":true,"href":"https:\/\/vosgesinfo.fr\/remiremontinfo\/wp-json\/wp\/v2\/media\/10444"}],"wp:attachment":[{"href":"https:\/\/vosgesinfo.fr\/remiremontinfo\/wp-json\/wp\/v2\/media?parent=10443"}],"wp:term":[{"taxonomy":"category","embeddable":true,"href":"https:\/\/vosgesinfo.fr\/remiremontinfo\/wp-json\/wp\/v2\/categories?post=10443"},{"taxonomy":"post_tag","embeddable":true,"href":"https:\/\/vosgesinfo.fr\/remiremontinfo\/wp-json\/wp\/v2\/tags?post=10443"}],"curies":[{"name":"wp","href":"https:\/\/api.w.org\/{rel}","templated":true}]}}