{"id":10533,"date":"2019-02-09T06:15:25","date_gmt":"2019-02-09T05:15:25","guid":{"rendered":"https:\/\/vosgesinfo.fr\/remiremontinfo\/2019\/02\/plan-secheresse-region-reaffirme-soutien-aux-eleveurs-grand\/"},"modified":"2019-02-09T06:15:25","modified_gmt":"2019-02-09T05:15:25","slug":"plan-secheresse-region-reaffirme-soutien-aux-eleveurs-grand","status":"publish","type":"post","link":"https:\/\/vosgesinfo.fr\/remiremontinfo\/2019\/02\/plan-secheresse-region-reaffirme-soutien-aux-eleveurs-grand\/","title":{"rendered":"Plan s\u00e9cheresse : La R\u00e9gion r\u00e9affirme son soutien aux \u00e9leveurs du Grand Est"},"content":{"rendered":"<p class=\"p1\">La Commission permanente du Conseil r\u00e9gional s\u2019est r\u00e9unie ce vendredi 8 f\u00e9vrier 2019.<\/p>\n<p class=\"p1\"><span class=\"s1\">Aider et accompagner le monde agricole face au changement climatique est une pr\u00e9occupation majeure de la R\u00e9gion Grand Est. Dans le cadre du plan s\u00e9cheresse de 6 millions d\u2019euros vot\u00e9 en d\u00e9cembre 2018 par la R\u00e9gion, une s\u00e9rie de mesures a \u00e9t\u00e9 mise en \u0153uvre afin d\u2019accompagner et de r\u00e9pondre efficacement et le plus rapidement possible aux besoins des agriculteurs du Grand Est. <\/span><\/p>\n<p class=\"p1\"><span class=\"s1\">Les \u00e9lus de la Commission permanente de ce jour, r\u00e9unis sous la pr\u00e9sidence de Jean Rottner, ont vot\u00e9 une aide de pr\u00e8s de 800 000 euros pour soutenir 258 \u00e9leveurs du Grand Est, dans le cadre de la deuxi\u00e8me tranche d\u2019aides du plan s\u00e9cheresse.<\/span><\/p>\n<p class=\"p1\"><span class=\"s1\">Les agriculteurs concern\u00e9s recevront la subvention de la R\u00e9gion pour soutenir les achats suppl\u00e9mentaires de fourrages et d\u2019aliments qu\u2019ils ont r\u00e9alis\u00e9s pour leurs \u00e9levages bovins, ovins, caprins ou \u00e9quins.<\/span><\/p>\n<p class=\"p1\"><span class=\"s1\">Les huit premiers dossiers ont \u00e9t\u00e9 approuv\u00e9s en janvier dernier, pour une aide r\u00e9gionale de <\/span><span class=\"s1\">26 510 euros. Au total, la R\u00e9gion a ainsi attribu\u00e9 plus de 820 000 euros pour 266 dossiers.<\/span><\/p>\n<p class=\"p1\" style=\"text-align: center;\"><a href=\"\/2019\/01\/2.png\"><img decoding=\"async\" class=\"alignnone size-full wp-image-251351\" src=\"\/2019\/01\/2.png\" alt=\"grand est\" width=\"507\" height=\"232\" \/><\/a><\/p>\n","protected":false},"excerpt":{"rendered":"<p>La Commission permanente du Conseil r\u00e9gional s\u2019est r\u00e9unie ce vendredi 8 f\u00e9vrier 2019. Aider et accompagner le monde agricole face [&hellip;]<\/p>\n","protected":false},"author":407,"featured_media":8630,"comment_status":"open","ping_status":"open","sticky":false,"template":"","format":"standard","meta":{"footnotes":""},"categories":[26,47,18],"tags":[],"class_list":["post-10533","post","type-post","status-publish","format-standard","has-post-thumbnail","hentry","category-a-la-une","category-agriculture","category-vosges"],"acf":[],"yoast_head":"<!-- This site is optimized with the Yoast SEO plugin v22.5 - https:\/\/yoast.com\/wordpress\/plugins\/seo\/ -->\n<title>Plan s\u00e9cheresse : La R\u00e9gion r\u00e9affirme son soutien aux \u00e9leveurs du Grand Est - Remiremont Info<\/title>\n<meta name=\"robots\" content=\"index, follow, max-snippet:-1, max-image-preview:large, max-video-preview:-1\" \/>\n<link rel=\"canonical\" href=\"https:\/\/vosgesinfo.fr\/remiremontinfo\/2019\/02\/plan-secheresse-region-reaffirme-soutien-aux-eleveurs-grand\/\" \/>\n<meta name=\"twitter:card\" content=\"summary_large_image\" \/>\n<meta name=\"twitter:title\" content=\"Plan s\u00e9cheresse : La R\u00e9gion r\u00e9affirme son soutien aux \u00e9leveurs du Grand Est - Remiremont Info\" \/>\n<meta name=\"twitter:description\" content=\"La Commission permanente du Conseil r\u00e9gional s\u2019est r\u00e9unie ce vendredi 8 f\u00e9vrier 2019. Aider et accompagner le monde agricole face [&hellip;]\" \/>\n<meta name=\"twitter:image\" content=\"https:\/\/vosgesinfo.fr\/app\/uploads\/sites\/5\/2024\/08\/2.png\" \/>\n<meta name=\"twitter:creator\" content=\"@VosgesInfo88\" \/>\n<meta name=\"twitter:site\" content=\"@VosgesInfo88\" \/>\n<meta name=\"twitter:label1\" content=\"\u00c9crit par\" \/>\n\t<meta name=\"twitter:data1\" content=\"C D\" \/>\n\t<meta name=\"twitter:label2\" content=\"Dur\u00e9e de lecture estim\u00e9e\" \/>\n\t<meta name=\"twitter:data2\" content=\"1 minute\" \/>\n<script type=\"application\/ld+json\" class=\"yoast-schema-graph\">{\"@context\":\"https:\/\/schema.org\",\"@graph\":[{\"@type\":\"Article\",\"@id\":\"https:\/\/vosgesinfo.fr\/remiremontinfo\/2019\/02\/plan-secheresse-region-reaffirme-soutien-aux-eleveurs-grand\/#article\",\"isPartOf\":{\"@id\":\"https:\/\/vosgesinfo.fr\/remiremontinfo\/2019\/02\/plan-secheresse-region-reaffirme-soutien-aux-eleveurs-grand\/\"},\"author\":{\"name\":\"C D\",\"@id\":\"https:\/\/vosgesinfo.fr\/remiremontinfo\/#\/schema\/person\/3bfd164d5218a185b1db68655a265316\"},\"headline\":\"Plan s\u00e9cheresse : La R\u00e9gion r\u00e9affirme son soutien aux \u00e9leveurs du Grand Est\",\"datePublished\":\"2019-02-09T05:15:25+00:00\",\"dateModified\":\"2019-02-09T05:15:25+00:00\",\"mainEntityOfPage\":{\"@id\":\"https:\/\/vosgesinfo.fr\/remiremontinfo\/2019\/02\/plan-secheresse-region-reaffirme-soutien-aux-eleveurs-grand\/\"},\"wordCount\":214,\"commentCount\":0,\"publisher\":{\"@id\":\"https:\/\/vosgesinfo.fr\/remiremontinfo\/#organization\"},\"image\":{\"@id\":\"https:\/\/vosgesinfo.fr\/remiremontinfo\/2019\/02\/plan-secheresse-region-reaffirme-soutien-aux-eleveurs-grand\/#primaryimage\"},\"thumbnailUrl\":\"https:\/\/vosgesinfo.fr\/app\/uploads\/sites\/5\/2024\/08\/2.png\",\"articleSection\":[\"A la Une\",\"Agriculture\",\"Vosges\"],\"inLanguage\":\"fr-FR\",\"potentialAction\":[{\"@type\":\"CommentAction\",\"name\":\"Comment\",\"target\":[\"https:\/\/vosgesinfo.fr\/remiremontinfo\/2019\/02\/plan-secheresse-region-reaffirme-soutien-aux-eleveurs-grand\/#respond\"]}]},{\"@type\":\"WebPage\",\"@id\":\"https:\/\/vosgesinfo.fr\/remiremontinfo\/2019\/02\/plan-secheresse-region-reaffirme-soutien-aux-eleveurs-grand\/\",\"url\":\"https:\/\/vosgesinfo.fr\/remiremontinfo\/2019\/02\/plan-secheresse-region-reaffirme-soutien-aux-eleveurs-grand\/\",\"name\":\"Plan s\u00e9cheresse : La R\u00e9gion r\u00e9affirme son soutien aux \u00e9leveurs du Grand Est - Remiremont Info\",\"isPartOf\":{\"@id\":\"https:\/\/vosgesinfo.fr\/remiremontinfo\/#website\"},\"primaryImageOfPage\":{\"@id\":\"https:\/\/vosgesinfo.fr\/remiremontinfo\/2019\/02\/plan-secheresse-region-reaffirme-soutien-aux-eleveurs-grand\/#primaryimage\"},\"image\":{\"@id\":\"https:\/\/vosgesinfo.fr\/remiremontinfo\/2019\/02\/plan-secheresse-region-reaffirme-soutien-aux-eleveurs-grand\/#primaryimage\"},\"thumbnailUrl\":\"https:\/\/vosgesinfo.fr\/app\/uploads\/sites\/5\/2024\/08\/2.png\",\"datePublished\":\"2019-02-09T05:15:25+00:00\",\"dateModified\":\"2019-02-09T05:15:25+00:00\",\"breadcrumb\":{\"@id\":\"https:\/\/vosgesinfo.fr\/remiremontinfo\/2019\/02\/plan-secheresse-region-reaffirme-soutien-aux-eleveurs-grand\/#breadcrumb\"},\"inLanguage\":\"fr-FR\",\"potentialAction\":[{\"@type\":\"ReadAction\",\"target\":[\"https:\/\/vosgesinfo.fr\/remiremontinfo\/2019\/02\/plan-secheresse-region-reaffirme-soutien-aux-eleveurs-grand\/\"]}]},{\"@type\":\"ImageObject\",\"inLanguage\":\"fr-FR\",\"@id\":\"https:\/\/vosgesinfo.fr\/remiremontinfo\/2019\/02\/plan-secheresse-region-reaffirme-soutien-aux-eleveurs-grand\/#primaryimage\",\"url\":\"https:\/\/vosgesinfo.fr\/app\/uploads\/sites\/5\/2024\/08\/2.png\",\"contentUrl\":\"https:\/\/vosgesinfo.fr\/app\/uploads\/sites\/5\/2024\/08\/2.png\",\"width\":1414,\"height\":2000},{\"@type\":\"BreadcrumbList\",\"@id\":\"https:\/\/vosgesinfo.fr\/remiremontinfo\/2019\/02\/plan-secheresse-region-reaffirme-soutien-aux-eleveurs-grand\/#breadcrumb\",\"itemListElement\":[{\"@type\":\"ListItem\",\"position\":1,\"name\":\"Home\",\"item\":\"https:\/\/vosgesinfo.fr\/remiremontinfo\/\"},{\"@type\":\"ListItem\",\"position\":2,\"name\":\"Plan s\u00e9cheresse : La R\u00e9gion r\u00e9affirme son soutien aux \u00e9leveurs du Grand Est\"}]},{\"@type\":\"WebSite\",\"@id\":\"https:\/\/vosgesinfo.fr\/remiremontinfo\/#website\",\"url\":\"https:\/\/vosgesinfo.fr\/remiremontinfo\/\",\"name\":\"Remiremont Info\",\"description\":\"Toute l&#039;actualit\u00e9 de Remiremont\",\"publisher\":{\"@id\":\"https:\/\/vosgesinfo.fr\/remiremontinfo\/#organization\"},\"alternateName\":\"Toute l'actualit\u00e9 de Remiremont\",\"potentialAction\":[{\"@type\":\"SearchAction\",\"target\":{\"@type\":\"EntryPoint\",\"urlTemplate\":\"https:\/\/vosgesinfo.fr\/remiremontinfo\/?s={search_term_string}\"},\"query-input\":\"required name=search_term_string\"}],\"inLanguage\":\"fr-FR\"},{\"@type\":\"Organization\",\"@id\":\"https:\/\/vosgesinfo.fr\/remiremontinfo\/#organization\",\"name\":\"Remiremont Info\",\"url\":\"https:\/\/vosgesinfo.fr\/remiremontinfo\/\",\"logo\":{\"@type\":\"ImageObject\",\"inLanguage\":\"fr-FR\",\"@id\":\"https:\/\/vosgesinfo.fr\/remiremontinfo\/#\/schema\/logo\/image\/\",\"url\":\"https:\/\/vosgesinfo.fr\/app\/uploads\/sites\/5\/2023\/08\/favicon-remiremontinfo.png\",\"contentUrl\":\"https:\/\/vosgesinfo.fr\/app\/uploads\/sites\/5\/2023\/08\/favicon-remiremontinfo.png\",\"width\":512,\"height\":512,\"caption\":\"Remiremont Info\"},\"image\":{\"@id\":\"https:\/\/vosgesinfo.fr\/remiremontinfo\/#\/schema\/logo\/image\/\"},\"sameAs\":[\"https:\/\/www.facebook.com\/remiremontinfo\",\"https:\/\/x.com\/VosgesInfo88\",\"https:\/\/www.youtube.com\/@vosgesinfo\"]},{\"@type\":\"Person\",\"@id\":\"https:\/\/vosgesinfo.fr\/remiremontinfo\/#\/schema\/person\/3bfd164d5218a185b1db68655a265316\",\"name\":\"C D\",\"image\":{\"@type\":\"ImageObject\",\"inLanguage\":\"fr-FR\",\"@id\":\"https:\/\/vosgesinfo.fr\/remiremontinfo\/#\/schema\/person\/image\/\",\"url\":\"https:\/\/secure.gravatar.com\/avatar\/1f9a70007336511a47468b8f1c66f922b8b7cf617b02a31149ada43893a5d48f?s=96&d=mm&r=g\",\"contentUrl\":\"https:\/\/secure.gravatar.com\/avatar\/1f9a70007336511a47468b8f1c66f922b8b7cf617b02a31149ada43893a5d48f?s=96&d=mm&r=g\",\"caption\":\"C D\"},\"url\":\"https:\/\/vosgesinfo.fr\/remiremontinfo\/author\/cedric-drevet\/\"}]}<\/script>\n<!-- \/ Yoast SEO plugin. -->","yoast_head_json":{"title":"Plan s\u00e9cheresse : La R\u00e9gion r\u00e9affirme son soutien aux \u00e9leveurs du Grand Est - Remiremont Info","robots":{"index":"index","follow":"follow","max-snippet":"max-snippet:-1","max-image-preview":"max-image-preview:large","max-video-preview":"max-video-preview:-1"},"canonical":"https:\/\/vosgesinfo.fr\/remiremontinfo\/2019\/02\/plan-secheresse-region-reaffirme-soutien-aux-eleveurs-grand\/","twitter_card":"summary_large_image","twitter_title":"Plan s\u00e9cheresse : La R\u00e9gion r\u00e9affirme son soutien aux \u00e9leveurs du Grand Est - Remiremont Info","twitter_description":"La Commission permanente du Conseil r\u00e9gional s\u2019est r\u00e9unie ce vendredi 8 f\u00e9vrier 2019. Aider et accompagner le monde agricole face [&hellip;]","twitter_image":"https:\/\/vosgesinfo.fr\/app\/uploads\/sites\/5\/2024\/08\/2.png","twitter_creator":"@VosgesInfo88","twitter_site":"@VosgesInfo88","twitter_misc":{"\u00c9crit par":"C D","Dur\u00e9e de lecture estim\u00e9e":"1 minute"},"schema":{"@context":"https:\/\/schema.org","@graph":[{"@type":"Article","@id":"https:\/\/vosgesinfo.fr\/remiremontinfo\/2019\/02\/plan-secheresse-region-reaffirme-soutien-aux-eleveurs-grand\/#article","isPartOf":{"@id":"https:\/\/vosgesinfo.fr\/remiremontinfo\/2019\/02\/plan-secheresse-region-reaffirme-soutien-aux-eleveurs-grand\/"},"author":{"name":"C D","@id":"https:\/\/vosgesinfo.fr\/remiremontinfo\/#\/schema\/person\/3bfd164d5218a185b1db68655a265316"},"headline":"Plan s\u00e9cheresse : La R\u00e9gion r\u00e9affirme son soutien aux \u00e9leveurs du Grand Est","datePublished":"2019-02-09T05:15:25+00:00","dateModified":"2019-02-09T05:15:25+00:00","mainEntityOfPage":{"@id":"https:\/\/vosgesinfo.fr\/remiremontinfo\/2019\/02\/plan-secheresse-region-reaffirme-soutien-aux-eleveurs-grand\/"},"wordCount":214,"commentCount":0,"publisher":{"@id":"https:\/\/vosgesinfo.fr\/remiremontinfo\/#organization"},"image":{"@id":"https:\/\/vosgesinfo.fr\/remiremontinfo\/2019\/02\/plan-secheresse-region-reaffirme-soutien-aux-eleveurs-grand\/#primaryimage"},"thumbnailUrl":"https:\/\/vosgesinfo.fr\/app\/uploads\/sites\/5\/2024\/08\/2.png","articleSection":["A la Une","Agriculture","Vosges"],"inLanguage":"fr-FR","potentialAction":[{"@type":"CommentAction","name":"Comment","target":["https:\/\/vosgesinfo.fr\/remiremontinfo\/2019\/02\/plan-secheresse-region-reaffirme-soutien-aux-eleveurs-grand\/#respond"]}]},{"@type":"WebPage","@id":"https:\/\/vosgesinfo.fr\/remiremontinfo\/2019\/02\/plan-secheresse-region-reaffirme-soutien-aux-eleveurs-grand\/","url":"https:\/\/vosgesinfo.fr\/remiremontinfo\/2019\/02\/plan-secheresse-region-reaffirme-soutien-aux-eleveurs-grand\/","name":"Plan s\u00e9cheresse : La R\u00e9gion r\u00e9affirme son soutien aux \u00e9leveurs du Grand Est - Remiremont Info","isPartOf":{"@id":"https:\/\/vosgesinfo.fr\/remiremontinfo\/#website"},"primaryImageOfPage":{"@id":"https:\/\/vosgesinfo.fr\/remiremontinfo\/2019\/02\/plan-secheresse-region-reaffirme-soutien-aux-eleveurs-grand\/#primaryimage"},"image":{"@id":"https:\/\/vosgesinfo.fr\/remiremontinfo\/2019\/02\/plan-secheresse-region-reaffirme-soutien-aux-eleveurs-grand\/#primaryimage"},"thumbnailUrl":"https:\/\/vosgesinfo.fr\/app\/uploads\/sites\/5\/2024\/08\/2.png","datePublished":"2019-02-09T05:15:25+00:00","dateModified":"2019-02-09T05:15:25+00:00","breadcrumb":{"@id":"https:\/\/vosgesinfo.fr\/remiremontinfo\/2019\/02\/plan-secheresse-region-reaffirme-soutien-aux-eleveurs-grand\/#breadcrumb"},"inLanguage":"fr-FR","potentialAction":[{"@type":"ReadAction","target":["https:\/\/vosgesinfo.fr\/remiremontinfo\/2019\/02\/plan-secheresse-region-reaffirme-soutien-aux-eleveurs-grand\/"]}]},{"@type":"ImageObject","inLanguage":"fr-FR","@id":"https:\/\/vosgesinfo.fr\/remiremontinfo\/2019\/02\/plan-secheresse-region-reaffirme-soutien-aux-eleveurs-grand\/#primaryimage","url":"https:\/\/vosgesinfo.fr\/app\/uploads\/sites\/5\/2024\/08\/2.png","contentUrl":"https:\/\/vosgesinfo.fr\/app\/uploads\/sites\/5\/2024\/08\/2.png","width":1414,"height":2000},{"@type":"BreadcrumbList","@id":"https:\/\/vosgesinfo.fr\/remiremontinfo\/2019\/02\/plan-secheresse-region-reaffirme-soutien-aux-eleveurs-grand\/#breadcrumb","itemListElement":[{"@type":"ListItem","position":1,"name":"Home","item":"https:\/\/vosgesinfo.fr\/remiremontinfo\/"},{"@type":"ListItem","position":2,"name":"Plan s\u00e9cheresse : La R\u00e9gion r\u00e9affirme son soutien aux \u00e9leveurs du Grand Est"}]},{"@type":"WebSite","@id":"https:\/\/vosgesinfo.fr\/remiremontinfo\/#website","url":"https:\/\/vosgesinfo.fr\/remiremontinfo\/","name":"Remiremont Info","description":"Toute l&#039;actualit\u00e9 de Remiremont","publisher":{"@id":"https:\/\/vosgesinfo.fr\/remiremontinfo\/#organization"},"alternateName":"Toute l'actualit\u00e9 de Remiremont","potentialAction":[{"@type":"SearchAction","target":{"@type":"EntryPoint","urlTemplate":"https:\/\/vosgesinfo.fr\/remiremontinfo\/?s={search_term_string}"},"query-input":"required name=search_term_string"}],"inLanguage":"fr-FR"},{"@type":"Organization","@id":"https:\/\/vosgesinfo.fr\/remiremontinfo\/#organization","name":"Remiremont Info","url":"https:\/\/vosgesinfo.fr\/remiremontinfo\/","logo":{"@type":"ImageObject","inLanguage":"fr-FR","@id":"https:\/\/vosgesinfo.fr\/remiremontinfo\/#\/schema\/logo\/image\/","url":"https:\/\/vosgesinfo.fr\/app\/uploads\/sites\/5\/2023\/08\/favicon-remiremontinfo.png","contentUrl":"https:\/\/vosgesinfo.fr\/app\/uploads\/sites\/5\/2023\/08\/favicon-remiremontinfo.png","width":512,"height":512,"caption":"Remiremont Info"},"image":{"@id":"https:\/\/vosgesinfo.fr\/remiremontinfo\/#\/schema\/logo\/image\/"},"sameAs":["https:\/\/www.facebook.com\/remiremontinfo","https:\/\/x.com\/VosgesInfo88","https:\/\/www.youtube.com\/@vosgesinfo"]},{"@type":"Person","@id":"https:\/\/vosgesinfo.fr\/remiremontinfo\/#\/schema\/person\/3bfd164d5218a185b1db68655a265316","name":"C D","image":{"@type":"ImageObject","inLanguage":"fr-FR","@id":"https:\/\/vosgesinfo.fr\/remiremontinfo\/#\/schema\/person\/image\/","url":"https:\/\/secure.gravatar.com\/avatar\/1f9a70007336511a47468b8f1c66f922b8b7cf617b02a31149ada43893a5d48f?s=96&d=mm&r=g","contentUrl":"https:\/\/secure.gravatar.com\/avatar\/1f9a70007336511a47468b8f1c66f922b8b7cf617b02a31149ada43893a5d48f?s=96&d=mm&r=g","caption":"C D"},"url":"https:\/\/vosgesinfo.fr\/remiremontinfo\/author\/cedric-drevet\/"}]}},"_links":{"self":[{"href":"https:\/\/vosgesinfo.fr\/remiremontinfo\/wp-json\/wp\/v2\/posts\/10533","targetHints":{"allow":["GET"]}}],"collection":[{"href":"https:\/\/vosgesinfo.fr\/remiremontinfo\/wp-json\/wp\/v2\/posts"}],"about":[{"href":"https:\/\/vosgesinfo.fr\/remiremontinfo\/wp-json\/wp\/v2\/types\/post"}],"author":[{"embeddable":true,"href":"https:\/\/vosgesinfo.fr\/remiremontinfo\/wp-json\/wp\/v2\/users\/407"}],"replies":[{"embeddable":true,"href":"https:\/\/vosgesinfo.fr\/remiremontinfo\/wp-json\/wp\/v2\/comments?post=10533"}],"version-history":[{"count":0,"href":"https:\/\/vosgesinfo.fr\/remiremontinfo\/wp-json\/wp\/v2\/posts\/10533\/revisions"}],"wp:featuredmedia":[{"embeddable":true,"href":"https:\/\/vosgesinfo.fr\/remiremontinfo\/wp-json\/wp\/v2\/media\/8630"}],"wp:attachment":[{"href":"https:\/\/vosgesinfo.fr\/remiremontinfo\/wp-json\/wp\/v2\/media?parent=10533"}],"wp:term":[{"taxonomy":"category","embeddable":true,"href":"https:\/\/vosgesinfo.fr\/remiremontinfo\/wp-json\/wp\/v2\/categories?post=10533"},{"taxonomy":"post_tag","embeddable":true,"href":"https:\/\/vosgesinfo.fr\/remiremontinfo\/wp-json\/wp\/v2\/tags?post=10533"}],"curies":[{"name":"wp","href":"https:\/\/api.w.org\/{rel}","templated":true}]}}