{"id":10612,"date":"2019-02-11T15:26:08","date_gmt":"2019-02-11T14:26:08","guid":{"rendered":"https:\/\/vosgesinfo.fr\/remiremontinfo\/2019\/02\/football-club-u15-u19-qualifies-finale-regionale-de-futsal\/"},"modified":"2019-02-11T15:26:08","modified_gmt":"2019-02-11T14:26:08","slug":"football-club-u15-u19-qualifies-finale-regionale-de-futsal","status":"publish","type":"post","link":"https:\/\/vosgesinfo.fr\/remiremontinfo\/2019\/02\/football-club-u15-u19-qualifies-finale-regionale-de-futsal\/","title":{"rendered":"Football Club &#8211; Les U15 et U19 qualifi\u00e9s pour la finale r\u00e9gionale de Futsal !"},"content":{"rendered":"<h2><strong><span style=\"font-size: 12pt;\">Ce dimanche avaient lieu les finales d\u00e9partementales de Futsal U15, U17 et U19 dans lesquelles les jeunes du RSE s\u2019\u00e9taient qualifi\u00e9es.<\/span><\/strong><\/h2>\n<p>En d\u00e9butant la journ\u00e9e dans la salle de Moyenmoutier contre le SAS, les U19 \u00e0 Gokay ESKIN et Mohamed<br \/>\nAIT ALA n\u2019ont pas eu le temps de se mettre en jambes contre le futur vainqueur d\u00e9partemental et ont \u00e9t\u00e9<br \/>\ncueillis \u00e0 froid 3 \u00e0 0 alors qu\u2019ils ont gagn\u00e9 toutes les autres rencontres terminant alors \u00e0 la 2 e place et \u00e0 2<br \/>\npoints du SAS avec 22 points, se qualifiant ainsi pour la finale r\u00e9gionale \u00e0 Dompaire ce prochain dimanche.<\/p>\n<div id=\"attachment_253115\" style=\"width: 970px\" class=\"wp-caption alignnone\"><a href=\"\/2019\/02\/U19-Finale-Moyenmoutier-10-02-2019-5.jpg\"><img decoding=\"async\" aria-describedby=\"caption-attachment-253115\" class=\"size-large wp-image-253115\" src=\"\/2019\/02\/U19-Finale-Moyenmoutier-10-02-2019-5-1024x700.jpg\" alt=\"U19\" width=\"960\" height=\"656\" \/><\/a><p id=\"caption-attachment-253115\" class=\"wp-caption-text\">U19<\/p><\/div>\n<p>Les U15 ont fini eux aussi \u00e0 la seconde place apr\u00e8s un tournoi tr\u00e8s intense \u00e0 Hadol et en ne c\u00e9dant qu\u2019\u00e0<br \/>\nl\u2019\u00e9preuve des tirs au but lors de leur derni\u00e8re rencontre face \u00e0 Thaon qui sera alors le vainqueur de<br \/>\nl\u2019\u00e9preuve. Les prot\u00e9g\u00e9s d\u2019Enzo CISTA, Vincent APPREDERISSE et Eric VINCENT sont n\u00e9anmoins qualifi\u00e9s<br \/>\npour la finale r\u00e9gionale dont le lieu n\u2019est pas encore connu.<\/p>\n<div id=\"attachment_253124\" style=\"width: 970px\" class=\"wp-caption alignnone\"><a href=\"\/2019\/02\/U15-Finale-Futsal-Hadol-10-02-2019-2.jpg\"><img decoding=\"async\" aria-describedby=\"caption-attachment-253124\" class=\"size-large wp-image-253124\" src=\"\/2019\/02\/U15-Finale-Futsal-Hadol-10-02-2019-2-993x1024.jpg\" alt=\"U15\" width=\"960\" height=\"990\" \/><\/a><p id=\"caption-attachment-253124\" class=\"wp-caption-text\">U15<\/p><\/div>\n<p>A Eloyes, les U17 \u00e0 Francis CISTA ont manqu\u00e9 leur journ\u00e9e et n\u2019iront pas \u00e0 la finale r\u00e9gionale.<\/p>\n<h3><span style=\"font-size: 12pt;\"><strong>Matches amicaux pour les plus jeunes.<\/strong>\u00a0<\/span><\/h3>\n<p><strong>U16F\u00a0:<\/strong> Dans la salle de Charlet, 2 \u00e9quipes du RSE ont fait une opposition contre les filles de l\u2019ES Avi\u00e8re.<\/p>\n<p><strong>U13G\u00a0:<\/strong> Au Bois des Petits, l\u2019\u00e9quipe 2 \u00e0 Sileymane BASSOUM a jou\u00e9 contre son homologue d\u2019Eloyes et a<br \/>\ngagn\u00e9 5 buts \u00e0 2 tandis que l\u2019apr\u00e8s-midi, les prot\u00e9g\u00e9s Mathieu FEBVAY ont affront\u00e9 l\u2019\u00e9quipe de<br \/>\nRamonchamp qu\u2019ils ont domin\u00e9e 8 buts \u00e0 1.C\u2019\u00e9tait l\u2019occasion d\u2019int\u00e9grer quelques futurs U12 qui ont bien<br \/>\nfigur\u00e9.<br \/>\n<strong>U11\u00a0:<\/strong> L\u2019\u00e9quipe 1 \u00e0 jou\u00e9 sur le terrain de St Di\u00e9 qui \u00e9tait affaibli par les absences d\u00fbes aux vacances<br \/>\nscolaires. Il n\u2019a fallu que quelques minutes aux petits bleus pour reprendre leurs habitudes apr\u00e8s une<br \/>\nlongue p\u00e9riode hivernale de futsal. Au bout des 3 p\u00e9riodes de 20 minutes, le score \u00e9tait de 9 buts \u00e0 1 pour<br \/>\nl\u2019\u00e9quipe du RSE qui a montr\u00e9 un jeu offensif et de qualit\u00e9. L\u2019\u00e9quipe 2 \u00e0 Lionel RODRIGUES est all\u00e9e \u00e0 Eloyes pour un tournoi avec 4 \u00e9quipes de niveau 2. C\u2019\u00e9tait aussi l\u2019occasion d\u2019int\u00e9grer 3 joueurs U9 qui ont bien particip\u00e9 aux bons r\u00e9sultats obtenus avec 2 victoires contre Raon (2\/0) et Bl\u00e9nod-l\u00e8s-Pont-\u00e0-Mousson (2\/1) et une d\u00e9faite 2 \u00e0 1 contre Eloyes. Pour une premi\u00e8re, le jeu propos\u00e9 fut int\u00e9ressant et de bonne augure pour la suite de la saison.<\/p>\n<p>D.DUVAL<\/p>\n<p>&nbsp;<\/p>\n<p>&nbsp;<\/p>\n","protected":false},"excerpt":{"rendered":"<p>Ce dimanche avaient lieu les finales d\u00e9partementales de Futsal U15, U17 et U19 dans lesquelles les jeunes du RSE s\u2019\u00e9taient [&hellip;]<\/p>\n","protected":false},"author":407,"featured_media":10613,"comment_status":"open","ping_status":"open","sticky":false,"template":"","format":"standard","meta":{"footnotes":""},"categories":[26,1556,35,155,14],"tags":[1764,1563,44,156],"class_list":["post-10612","post","type-post","status-publish","format-standard","has-post-thumbnail","hentry","category-a-la-une","category-remiremont-remiremont-son-canton-2","category-remiremont-son-canton","category-saint-etienne","category-sport","tag-football-club","tag-futsal","tag-remiremont","tag-saint-etienne"],"acf":[],"yoast_head":"<!-- This site is optimized with the Yoast SEO plugin v22.5 - https:\/\/yoast.com\/wordpress\/plugins\/seo\/ -->\n<title>Football Club - Les U15 et U19 qualifi\u00e9s pour la finale r\u00e9gionale de Futsal ! - Remiremont Info<\/title>\n<meta name=\"robots\" content=\"index, follow, max-snippet:-1, max-image-preview:large, max-video-preview:-1\" \/>\n<link rel=\"canonical\" href=\"https:\/\/vosgesinfo.fr\/remiremontinfo\/2019\/02\/football-club-u15-u19-qualifies-finale-regionale-de-futsal\/\" \/>\n<meta name=\"twitter:card\" content=\"summary_large_image\" \/>\n<meta name=\"twitter:title\" content=\"Football Club - Les U15 et U19 qualifi\u00e9s pour la finale r\u00e9gionale de Futsal ! - Remiremont Info\" \/>\n<meta name=\"twitter:description\" content=\"Ce dimanche avaient lieu les finales d\u00e9partementales de Futsal U15, U17 et U19 dans lesquelles les jeunes du RSE s\u2019\u00e9taient [&hellip;]\" \/>\n<meta name=\"twitter:image\" content=\"https:\/\/vosgesinfo.fr\/app\/uploads\/sites\/5\/2024\/09\/201902u19-finale-moyenmoutier-10-02-2019-51-scaled.jpg\" \/>\n<meta name=\"twitter:creator\" content=\"@VosgesInfo88\" \/>\n<meta name=\"twitter:site\" content=\"@VosgesInfo88\" \/>\n<meta name=\"twitter:label1\" content=\"\u00c9crit par\" \/>\n\t<meta name=\"twitter:data1\" content=\"C D\" \/>\n\t<meta name=\"twitter:label2\" content=\"Dur\u00e9e de lecture estim\u00e9e\" \/>\n\t<meta name=\"twitter:data2\" content=\"2 minutes\" \/>\n<script type=\"application\/ld+json\" class=\"yoast-schema-graph\">{\"@context\":\"https:\/\/schema.org\",\"@graph\":[{\"@type\":\"Article\",\"@id\":\"https:\/\/vosgesinfo.fr\/remiremontinfo\/2019\/02\/football-club-u15-u19-qualifies-finale-regionale-de-futsal\/#article\",\"isPartOf\":{\"@id\":\"https:\/\/vosgesinfo.fr\/remiremontinfo\/2019\/02\/football-club-u15-u19-qualifies-finale-regionale-de-futsal\/\"},\"author\":{\"name\":\"C D\",\"@id\":\"https:\/\/vosgesinfo.fr\/remiremontinfo\/#\/schema\/person\/3bfd164d5218a185b1db68655a265316\"},\"headline\":\"Football Club &#8211; Les U15 et U19 qualifi\u00e9s pour la finale r\u00e9gionale de Futsal !\",\"datePublished\":\"2019-02-11T14:26:08+00:00\",\"dateModified\":\"2019-02-11T14:26:08+00:00\",\"mainEntityOfPage\":{\"@id\":\"https:\/\/vosgesinfo.fr\/remiremontinfo\/2019\/02\/football-club-u15-u19-qualifies-finale-regionale-de-futsal\/\"},\"wordCount\":455,\"commentCount\":0,\"publisher\":{\"@id\":\"https:\/\/vosgesinfo.fr\/remiremontinfo\/#organization\"},\"image\":{\"@id\":\"https:\/\/vosgesinfo.fr\/remiremontinfo\/2019\/02\/football-club-u15-u19-qualifies-finale-regionale-de-futsal\/#primaryimage\"},\"thumbnailUrl\":\"https:\/\/vosgesinfo.fr\/app\/uploads\/sites\/5\/2024\/09\/201902u19-finale-moyenmoutier-10-02-2019-51-scaled.jpg\",\"keywords\":[\"Football-club\",\"Futsal\",\"remiremont\",\"saint \u00e9tienne\"],\"articleSection\":[\"A la Une\",\"Remiremont\",\"Remiremont &amp; son canton\",\"Saint-Etienne\",\"Sport\"],\"inLanguage\":\"fr-FR\",\"potentialAction\":[{\"@type\":\"CommentAction\",\"name\":\"Comment\",\"target\":[\"https:\/\/vosgesinfo.fr\/remiremontinfo\/2019\/02\/football-club-u15-u19-qualifies-finale-regionale-de-futsal\/#respond\"]}]},{\"@type\":\"WebPage\",\"@id\":\"https:\/\/vosgesinfo.fr\/remiremontinfo\/2019\/02\/football-club-u15-u19-qualifies-finale-regionale-de-futsal\/\",\"url\":\"https:\/\/vosgesinfo.fr\/remiremontinfo\/2019\/02\/football-club-u15-u19-qualifies-finale-regionale-de-futsal\/\",\"name\":\"Football Club - Les U15 et U19 qualifi\u00e9s pour la finale r\u00e9gionale de Futsal ! - Remiremont Info\",\"isPartOf\":{\"@id\":\"https:\/\/vosgesinfo.fr\/remiremontinfo\/#website\"},\"primaryImageOfPage\":{\"@id\":\"https:\/\/vosgesinfo.fr\/remiremontinfo\/2019\/02\/football-club-u15-u19-qualifies-finale-regionale-de-futsal\/#primaryimage\"},\"image\":{\"@id\":\"https:\/\/vosgesinfo.fr\/remiremontinfo\/2019\/02\/football-club-u15-u19-qualifies-finale-regionale-de-futsal\/#primaryimage\"},\"thumbnailUrl\":\"https:\/\/vosgesinfo.fr\/app\/uploads\/sites\/5\/2024\/09\/201902u19-finale-moyenmoutier-10-02-2019-51-scaled.jpg\",\"datePublished\":\"2019-02-11T14:26:08+00:00\",\"dateModified\":\"2019-02-11T14:26:08+00:00\",\"breadcrumb\":{\"@id\":\"https:\/\/vosgesinfo.fr\/remiremontinfo\/2019\/02\/football-club-u15-u19-qualifies-finale-regionale-de-futsal\/#breadcrumb\"},\"inLanguage\":\"fr-FR\",\"potentialAction\":[{\"@type\":\"ReadAction\",\"target\":[\"https:\/\/vosgesinfo.fr\/remiremontinfo\/2019\/02\/football-club-u15-u19-qualifies-finale-regionale-de-futsal\/\"]}]},{\"@type\":\"ImageObject\",\"inLanguage\":\"fr-FR\",\"@id\":\"https:\/\/vosgesinfo.fr\/remiremontinfo\/2019\/02\/football-club-u15-u19-qualifies-finale-regionale-de-futsal\/#primaryimage\",\"url\":\"https:\/\/vosgesinfo.fr\/app\/uploads\/sites\/5\/2024\/09\/201902u19-finale-moyenmoutier-10-02-2019-51-scaled.jpg\",\"contentUrl\":\"https:\/\/vosgesinfo.fr\/app\/uploads\/sites\/5\/2024\/09\/201902u19-finale-moyenmoutier-10-02-2019-51-scaled.jpg\",\"width\":2560,\"height\":1751},{\"@type\":\"BreadcrumbList\",\"@id\":\"https:\/\/vosgesinfo.fr\/remiremontinfo\/2019\/02\/football-club-u15-u19-qualifies-finale-regionale-de-futsal\/#breadcrumb\",\"itemListElement\":[{\"@type\":\"ListItem\",\"position\":1,\"name\":\"Home\",\"item\":\"https:\/\/vosgesinfo.fr\/remiremontinfo\/\"},{\"@type\":\"ListItem\",\"position\":2,\"name\":\"Football Club &#8211; Les U15 et U19 qualifi\u00e9s pour la finale r\u00e9gionale de Futsal !\"}]},{\"@type\":\"WebSite\",\"@id\":\"https:\/\/vosgesinfo.fr\/remiremontinfo\/#website\",\"url\":\"https:\/\/vosgesinfo.fr\/remiremontinfo\/\",\"name\":\"Remiremont Info\",\"description\":\"Toute l&#039;actualit\u00e9 de Remiremont\",\"publisher\":{\"@id\":\"https:\/\/vosgesinfo.fr\/remiremontinfo\/#organization\"},\"alternateName\":\"Toute l'actualit\u00e9 de Remiremont\",\"potentialAction\":[{\"@type\":\"SearchAction\",\"target\":{\"@type\":\"EntryPoint\",\"urlTemplate\":\"https:\/\/vosgesinfo.fr\/remiremontinfo\/?s={search_term_string}\"},\"query-input\":\"required name=search_term_string\"}],\"inLanguage\":\"fr-FR\"},{\"@type\":\"Organization\",\"@id\":\"https:\/\/vosgesinfo.fr\/remiremontinfo\/#organization\",\"name\":\"Remiremont Info\",\"url\":\"https:\/\/vosgesinfo.fr\/remiremontinfo\/\",\"logo\":{\"@type\":\"ImageObject\",\"inLanguage\":\"fr-FR\",\"@id\":\"https:\/\/vosgesinfo.fr\/remiremontinfo\/#\/schema\/logo\/image\/\",\"url\":\"https:\/\/vosgesinfo.fr\/app\/uploads\/sites\/5\/2023\/08\/favicon-remiremontinfo.png\",\"contentUrl\":\"https:\/\/vosgesinfo.fr\/app\/uploads\/sites\/5\/2023\/08\/favicon-remiremontinfo.png\",\"width\":512,\"height\":512,\"caption\":\"Remiremont Info\"},\"image\":{\"@id\":\"https:\/\/vosgesinfo.fr\/remiremontinfo\/#\/schema\/logo\/image\/\"},\"sameAs\":[\"https:\/\/www.facebook.com\/remiremontinfo\",\"https:\/\/x.com\/VosgesInfo88\",\"https:\/\/www.youtube.com\/@vosgesinfo\"]},{\"@type\":\"Person\",\"@id\":\"https:\/\/vosgesinfo.fr\/remiremontinfo\/#\/schema\/person\/3bfd164d5218a185b1db68655a265316\",\"name\":\"C D\",\"image\":{\"@type\":\"ImageObject\",\"inLanguage\":\"fr-FR\",\"@id\":\"https:\/\/vosgesinfo.fr\/remiremontinfo\/#\/schema\/person\/image\/\",\"url\":\"https:\/\/secure.gravatar.com\/avatar\/1f9a70007336511a47468b8f1c66f922b8b7cf617b02a31149ada43893a5d48f?s=96&d=mm&r=g\",\"contentUrl\":\"https:\/\/secure.gravatar.com\/avatar\/1f9a70007336511a47468b8f1c66f922b8b7cf617b02a31149ada43893a5d48f?s=96&d=mm&r=g\",\"caption\":\"C D\"},\"url\":\"https:\/\/vosgesinfo.fr\/remiremontinfo\/author\/cedric-drevet\/\"}]}<\/script>\n<!-- \/ Yoast SEO plugin. -->","yoast_head_json":{"title":"Football Club - Les U15 et U19 qualifi\u00e9s pour la finale r\u00e9gionale de Futsal ! - Remiremont Info","robots":{"index":"index","follow":"follow","max-snippet":"max-snippet:-1","max-image-preview":"max-image-preview:large","max-video-preview":"max-video-preview:-1"},"canonical":"https:\/\/vosgesinfo.fr\/remiremontinfo\/2019\/02\/football-club-u15-u19-qualifies-finale-regionale-de-futsal\/","twitter_card":"summary_large_image","twitter_title":"Football Club - Les U15 et U19 qualifi\u00e9s pour la finale r\u00e9gionale de Futsal ! - Remiremont Info","twitter_description":"Ce dimanche avaient lieu les finales d\u00e9partementales de Futsal U15, U17 et U19 dans lesquelles les jeunes du RSE s\u2019\u00e9taient [&hellip;]","twitter_image":"https:\/\/vosgesinfo.fr\/app\/uploads\/sites\/5\/2024\/09\/201902u19-finale-moyenmoutier-10-02-2019-51-scaled.jpg","twitter_creator":"@VosgesInfo88","twitter_site":"@VosgesInfo88","twitter_misc":{"\u00c9crit par":"C D","Dur\u00e9e de lecture estim\u00e9e":"2 minutes"},"schema":{"@context":"https:\/\/schema.org","@graph":[{"@type":"Article","@id":"https:\/\/vosgesinfo.fr\/remiremontinfo\/2019\/02\/football-club-u15-u19-qualifies-finale-regionale-de-futsal\/#article","isPartOf":{"@id":"https:\/\/vosgesinfo.fr\/remiremontinfo\/2019\/02\/football-club-u15-u19-qualifies-finale-regionale-de-futsal\/"},"author":{"name":"C D","@id":"https:\/\/vosgesinfo.fr\/remiremontinfo\/#\/schema\/person\/3bfd164d5218a185b1db68655a265316"},"headline":"Football Club &#8211; Les U15 et U19 qualifi\u00e9s pour la finale r\u00e9gionale de Futsal !","datePublished":"2019-02-11T14:26:08+00:00","dateModified":"2019-02-11T14:26:08+00:00","mainEntityOfPage":{"@id":"https:\/\/vosgesinfo.fr\/remiremontinfo\/2019\/02\/football-club-u15-u19-qualifies-finale-regionale-de-futsal\/"},"wordCount":455,"commentCount":0,"publisher":{"@id":"https:\/\/vosgesinfo.fr\/remiremontinfo\/#organization"},"image":{"@id":"https:\/\/vosgesinfo.fr\/remiremontinfo\/2019\/02\/football-club-u15-u19-qualifies-finale-regionale-de-futsal\/#primaryimage"},"thumbnailUrl":"https:\/\/vosgesinfo.fr\/app\/uploads\/sites\/5\/2024\/09\/201902u19-finale-moyenmoutier-10-02-2019-51-scaled.jpg","keywords":["Football-club","Futsal","remiremont","saint \u00e9tienne"],"articleSection":["A la Une","Remiremont","Remiremont &amp; son canton","Saint-Etienne","Sport"],"inLanguage":"fr-FR","potentialAction":[{"@type":"CommentAction","name":"Comment","target":["https:\/\/vosgesinfo.fr\/remiremontinfo\/2019\/02\/football-club-u15-u19-qualifies-finale-regionale-de-futsal\/#respond"]}]},{"@type":"WebPage","@id":"https:\/\/vosgesinfo.fr\/remiremontinfo\/2019\/02\/football-club-u15-u19-qualifies-finale-regionale-de-futsal\/","url":"https:\/\/vosgesinfo.fr\/remiremontinfo\/2019\/02\/football-club-u15-u19-qualifies-finale-regionale-de-futsal\/","name":"Football Club - Les U15 et U19 qualifi\u00e9s pour la finale r\u00e9gionale de Futsal ! - Remiremont Info","isPartOf":{"@id":"https:\/\/vosgesinfo.fr\/remiremontinfo\/#website"},"primaryImageOfPage":{"@id":"https:\/\/vosgesinfo.fr\/remiremontinfo\/2019\/02\/football-club-u15-u19-qualifies-finale-regionale-de-futsal\/#primaryimage"},"image":{"@id":"https:\/\/vosgesinfo.fr\/remiremontinfo\/2019\/02\/football-club-u15-u19-qualifies-finale-regionale-de-futsal\/#primaryimage"},"thumbnailUrl":"https:\/\/vosgesinfo.fr\/app\/uploads\/sites\/5\/2024\/09\/201902u19-finale-moyenmoutier-10-02-2019-51-scaled.jpg","datePublished":"2019-02-11T14:26:08+00:00","dateModified":"2019-02-11T14:26:08+00:00","breadcrumb":{"@id":"https:\/\/vosgesinfo.fr\/remiremontinfo\/2019\/02\/football-club-u15-u19-qualifies-finale-regionale-de-futsal\/#breadcrumb"},"inLanguage":"fr-FR","potentialAction":[{"@type":"ReadAction","target":["https:\/\/vosgesinfo.fr\/remiremontinfo\/2019\/02\/football-club-u15-u19-qualifies-finale-regionale-de-futsal\/"]}]},{"@type":"ImageObject","inLanguage":"fr-FR","@id":"https:\/\/vosgesinfo.fr\/remiremontinfo\/2019\/02\/football-club-u15-u19-qualifies-finale-regionale-de-futsal\/#primaryimage","url":"https:\/\/vosgesinfo.fr\/app\/uploads\/sites\/5\/2024\/09\/201902u19-finale-moyenmoutier-10-02-2019-51-scaled.jpg","contentUrl":"https:\/\/vosgesinfo.fr\/app\/uploads\/sites\/5\/2024\/09\/201902u19-finale-moyenmoutier-10-02-2019-51-scaled.jpg","width":2560,"height":1751},{"@type":"BreadcrumbList","@id":"https:\/\/vosgesinfo.fr\/remiremontinfo\/2019\/02\/football-club-u15-u19-qualifies-finale-regionale-de-futsal\/#breadcrumb","itemListElement":[{"@type":"ListItem","position":1,"name":"Home","item":"https:\/\/vosgesinfo.fr\/remiremontinfo\/"},{"@type":"ListItem","position":2,"name":"Football Club &#8211; Les U15 et U19 qualifi\u00e9s pour la finale r\u00e9gionale de Futsal !"}]},{"@type":"WebSite","@id":"https:\/\/vosgesinfo.fr\/remiremontinfo\/#website","url":"https:\/\/vosgesinfo.fr\/remiremontinfo\/","name":"Remiremont Info","description":"Toute l&#039;actualit\u00e9 de Remiremont","publisher":{"@id":"https:\/\/vosgesinfo.fr\/remiremontinfo\/#organization"},"alternateName":"Toute l'actualit\u00e9 de Remiremont","potentialAction":[{"@type":"SearchAction","target":{"@type":"EntryPoint","urlTemplate":"https:\/\/vosgesinfo.fr\/remiremontinfo\/?s={search_term_string}"},"query-input":"required name=search_term_string"}],"inLanguage":"fr-FR"},{"@type":"Organization","@id":"https:\/\/vosgesinfo.fr\/remiremontinfo\/#organization","name":"Remiremont Info","url":"https:\/\/vosgesinfo.fr\/remiremontinfo\/","logo":{"@type":"ImageObject","inLanguage":"fr-FR","@id":"https:\/\/vosgesinfo.fr\/remiremontinfo\/#\/schema\/logo\/image\/","url":"https:\/\/vosgesinfo.fr\/app\/uploads\/sites\/5\/2023\/08\/favicon-remiremontinfo.png","contentUrl":"https:\/\/vosgesinfo.fr\/app\/uploads\/sites\/5\/2023\/08\/favicon-remiremontinfo.png","width":512,"height":512,"caption":"Remiremont Info"},"image":{"@id":"https:\/\/vosgesinfo.fr\/remiremontinfo\/#\/schema\/logo\/image\/"},"sameAs":["https:\/\/www.facebook.com\/remiremontinfo","https:\/\/x.com\/VosgesInfo88","https:\/\/www.youtube.com\/@vosgesinfo"]},{"@type":"Person","@id":"https:\/\/vosgesinfo.fr\/remiremontinfo\/#\/schema\/person\/3bfd164d5218a185b1db68655a265316","name":"C D","image":{"@type":"ImageObject","inLanguage":"fr-FR","@id":"https:\/\/vosgesinfo.fr\/remiremontinfo\/#\/schema\/person\/image\/","url":"https:\/\/secure.gravatar.com\/avatar\/1f9a70007336511a47468b8f1c66f922b8b7cf617b02a31149ada43893a5d48f?s=96&d=mm&r=g","contentUrl":"https:\/\/secure.gravatar.com\/avatar\/1f9a70007336511a47468b8f1c66f922b8b7cf617b02a31149ada43893a5d48f?s=96&d=mm&r=g","caption":"C D"},"url":"https:\/\/vosgesinfo.fr\/remiremontinfo\/author\/cedric-drevet\/"}]}},"_links":{"self":[{"href":"https:\/\/vosgesinfo.fr\/remiremontinfo\/wp-json\/wp\/v2\/posts\/10612","targetHints":{"allow":["GET"]}}],"collection":[{"href":"https:\/\/vosgesinfo.fr\/remiremontinfo\/wp-json\/wp\/v2\/posts"}],"about":[{"href":"https:\/\/vosgesinfo.fr\/remiremontinfo\/wp-json\/wp\/v2\/types\/post"}],"author":[{"embeddable":true,"href":"https:\/\/vosgesinfo.fr\/remiremontinfo\/wp-json\/wp\/v2\/users\/407"}],"replies":[{"embeddable":true,"href":"https:\/\/vosgesinfo.fr\/remiremontinfo\/wp-json\/wp\/v2\/comments?post=10612"}],"version-history":[{"count":0,"href":"https:\/\/vosgesinfo.fr\/remiremontinfo\/wp-json\/wp\/v2\/posts\/10612\/revisions"}],"wp:featuredmedia":[{"embeddable":true,"href":"https:\/\/vosgesinfo.fr\/remiremontinfo\/wp-json\/wp\/v2\/media\/10613"}],"wp:attachment":[{"href":"https:\/\/vosgesinfo.fr\/remiremontinfo\/wp-json\/wp\/v2\/media?parent=10612"}],"wp:term":[{"taxonomy":"category","embeddable":true,"href":"https:\/\/vosgesinfo.fr\/remiremontinfo\/wp-json\/wp\/v2\/categories?post=10612"},{"taxonomy":"post_tag","embeddable":true,"href":"https:\/\/vosgesinfo.fr\/remiremontinfo\/wp-json\/wp\/v2\/tags?post=10612"}],"curies":[{"name":"wp","href":"https:\/\/api.w.org\/{rel}","templated":true}]}}