{"id":10682,"date":"2019-02-13T07:00:33","date_gmt":"2019-02-13T06:00:33","guid":{"rendered":"https:\/\/vosgesinfo.fr\/remiremontinfo\/2019\/02\/traite-daix-chapelle-christophe-naegelen-interpelle-ministre-chargee-affaires-europeennes\/"},"modified":"2019-02-13T07:00:33","modified_gmt":"2019-02-13T06:00:33","slug":"traite-daix-chapelle-christophe-naegelen-interpelle-ministre-chargee-affaires-europeennes","status":"publish","type":"post","link":"https:\/\/vosgesinfo.fr\/remiremontinfo\/2019\/02\/traite-daix-chapelle-christophe-naegelen-interpelle-ministre-chargee-affaires-europeennes\/","title":{"rendered":"Trait\u00e9 d\u2019Aix-la-Chapelle : Christophe Naegelen interpelle la ministre charg\u00e9e des affaires europ\u00e9ennes"},"content":{"rendered":"<p class=\"p2\"><a href=\"\/2017\/12\/Christophe-Naegelen.png\"><img decoding=\"async\" class=\"alignnone size-large wp-image-215447\" src=\"\/2017\/12\/Christophe-Naegelen-1024x576.png\" alt=\"Christophe Naegelen\" width=\"960\" height=\"540\" \/><\/a><a href=\"\/2017\/06\/Christophe-Naegelen-1.jpg\"><br \/>\n<\/a><\/p>\n<h2 class=\"p2\"><span style=\"font-size: 12pt;\"><strong>Le Trait\u00e9 d\u2019Aix-la-Chapelle, sign\u00e9 le 22 janvier dernier par Emmanuel Macron et Angela Merkel, est l\u2019objet d\u2019une forte contestation, notamment au sein du mouvement des gilets jaunes. Christophe Naegelen exprime des \u00ab\u00a0regrets\u00a0\u00bb sur la mani\u00e8re dont le texte \u00e0 \u00e9t\u00e9 impos\u00e9.<\/strong><\/span><\/h2>\n<p class=\"p2\"><span class=\"s1\">Lors de la s\u00e9ance de la Commission des affaires \u00e9trang\u00e8res de ce mardi 12 f\u00e9vrier, le d\u00e9put\u00e9 de la 3\u00e8me circonscription des Vosges a interpell\u00e9 Nathalie Oiseau, ministre charg\u00e9e des affaires europ\u00e9ennes : <em>\u00ab\u00a0Que l\u2019ex\u00e9cutif d\u00e9cide, impose aux parlementaires fran\u00e7ais de cr\u00e9er ce groupe sans lui demander son avis, on peut le regretter\u00a0\u00bb. <\/em><\/span><\/p>\n<p class=\"p2\"><span class=\"s1\">S\u2019il ne rejette pas totalement le fond du trait\u00e9 : <em>\u00ab\u00a0Que deux pays voisins, que deux pays amis, travaillent ensemble, bien s\u00fbr, pourquoi pas\u00a0\u00bb<\/em>, il \u00e9met des r\u00e9serves sur la <em>\u00ab\u00a0forme\u00a0\u00bb<\/em>. <em>\u00ab\u00a0La commission n\u2019a pas \u00e9t\u00e9 consult\u00e9e. La repr\u00e9sentation nationale n\u2019a pas \u00e9t\u00e9 consult\u00e9e\u00a0\u00bb<\/em>, d\u00e9plore t\u2019il.<\/span><\/p>\n<p class=\"p2\"><span class=\"s1\">Christophe Naegelen pose \u00e9galement la question du co\u00fbt engendr\u00e9 par ce trait\u00e9 : <em>\u00ab\u00a0Qui finance ? Sur quel budget ?\u00a0\u00bb.<\/em><\/span><\/p>\n","protected":false},"excerpt":{"rendered":"<p>Le Trait\u00e9 d\u2019Aix-la-Chapelle, sign\u00e9 le 22 janvier dernier par Emmanuel Macron et Angela Merkel, est l\u2019objet d\u2019une forte contestation, notamment [&hellip;]<\/p>\n","protected":false},"author":407,"featured_media":10683,"comment_status":"open","ping_status":"open","sticky":false,"template":"","format":"standard","meta":{"footnotes":""},"categories":[26,10,18],"tags":[1778,1712,501,1779,1780],"class_list":["post-10682","post","type-post","status-publish","format-standard","has-post-thumbnail","hentry","category-a-la-une","category-politique","category-vosges","tag-3eme-circonscription","tag-assemblee-nationale","tag-christophe-naegelen","tag-traite-daix-la-chapelle","tag-union-europeenne"],"acf":[],"yoast_head":"<!-- This site is optimized with the Yoast SEO plugin v22.5 - https:\/\/yoast.com\/wordpress\/plugins\/seo\/ -->\n<title>Trait\u00e9 d\u2019Aix-la-Chapelle : Christophe Naegelen interpelle la ministre charg\u00e9e des affaires europ\u00e9ennes - Remiremont Info<\/title>\n<meta name=\"robots\" content=\"index, follow, max-snippet:-1, max-image-preview:large, max-video-preview:-1\" \/>\n<link rel=\"canonical\" href=\"https:\/\/vosgesinfo.fr\/remiremontinfo\/2019\/02\/traite-daix-chapelle-christophe-naegelen-interpelle-ministre-chargee-affaires-europeennes\/\" \/>\n<meta name=\"twitter:card\" content=\"summary_large_image\" \/>\n<meta name=\"twitter:title\" content=\"Trait\u00e9 d\u2019Aix-la-Chapelle : Christophe Naegelen interpelle la ministre charg\u00e9e des affaires europ\u00e9ennes - Remiremont Info\" \/>\n<meta name=\"twitter:description\" content=\"Le Trait\u00e9 d\u2019Aix-la-Chapelle, sign\u00e9 le 22 janvier dernier par Emmanuel Macron et Angela Merkel, est l\u2019objet d\u2019une forte contestation, notamment [&hellip;]\" \/>\n<meta name=\"twitter:image\" content=\"https:\/\/vosgesinfo.fr\/app\/uploads\/sites\/5\/2024\/09\/201902capture-decran-2019-02-13-a-11.21.36.png\" \/>\n<meta name=\"twitter:creator\" content=\"@VosgesInfo88\" \/>\n<meta name=\"twitter:site\" content=\"@VosgesInfo88\" \/>\n<meta name=\"twitter:label1\" content=\"\u00c9crit par\" \/>\n\t<meta name=\"twitter:data1\" content=\"C D\" \/>\n\t<meta name=\"twitter:label2\" content=\"Dur\u00e9e de lecture estim\u00e9e\" \/>\n\t<meta name=\"twitter:data2\" content=\"1 minute\" \/>\n<script type=\"application\/ld+json\" class=\"yoast-schema-graph\">{\"@context\":\"https:\/\/schema.org\",\"@graph\":[{\"@type\":\"Article\",\"@id\":\"https:\/\/vosgesinfo.fr\/remiremontinfo\/2019\/02\/traite-daix-chapelle-christophe-naegelen-interpelle-ministre-chargee-affaires-europeennes\/#article\",\"isPartOf\":{\"@id\":\"https:\/\/vosgesinfo.fr\/remiremontinfo\/2019\/02\/traite-daix-chapelle-christophe-naegelen-interpelle-ministre-chargee-affaires-europeennes\/\"},\"author\":{\"name\":\"C D\",\"@id\":\"https:\/\/vosgesinfo.fr\/remiremontinfo\/#\/schema\/person\/3bfd164d5218a185b1db68655a265316\"},\"headline\":\"Trait\u00e9 d\u2019Aix-la-Chapelle : Christophe Naegelen interpelle la ministre charg\u00e9e des affaires europ\u00e9ennes\",\"datePublished\":\"2019-02-13T06:00:33+00:00\",\"dateModified\":\"2019-02-13T06:00:33+00:00\",\"mainEntityOfPage\":{\"@id\":\"https:\/\/vosgesinfo.fr\/remiremontinfo\/2019\/02\/traite-daix-chapelle-christophe-naegelen-interpelle-ministre-chargee-affaires-europeennes\/\"},\"wordCount\":192,\"commentCount\":0,\"publisher\":{\"@id\":\"https:\/\/vosgesinfo.fr\/remiremontinfo\/#organization\"},\"image\":{\"@id\":\"https:\/\/vosgesinfo.fr\/remiremontinfo\/2019\/02\/traite-daix-chapelle-christophe-naegelen-interpelle-ministre-chargee-affaires-europeennes\/#primaryimage\"},\"thumbnailUrl\":\"https:\/\/vosgesinfo.fr\/app\/uploads\/sites\/5\/2024\/09\/201902capture-decran-2019-02-13-a-11.21.36.png\",\"keywords\":[\"3\u00e8me circonscription\",\"Assembl\u00e9e nationale\",\"Christophe Naegelen\",\"trait\u00e9 d'aix la chapelle\",\"union europ\u00e9enne\"],\"articleSection\":[\"A la Une\",\"Politique\",\"Vosges\"],\"inLanguage\":\"fr-FR\",\"potentialAction\":[{\"@type\":\"CommentAction\",\"name\":\"Comment\",\"target\":[\"https:\/\/vosgesinfo.fr\/remiremontinfo\/2019\/02\/traite-daix-chapelle-christophe-naegelen-interpelle-ministre-chargee-affaires-europeennes\/#respond\"]}]},{\"@type\":\"WebPage\",\"@id\":\"https:\/\/vosgesinfo.fr\/remiremontinfo\/2019\/02\/traite-daix-chapelle-christophe-naegelen-interpelle-ministre-chargee-affaires-europeennes\/\",\"url\":\"https:\/\/vosgesinfo.fr\/remiremontinfo\/2019\/02\/traite-daix-chapelle-christophe-naegelen-interpelle-ministre-chargee-affaires-europeennes\/\",\"name\":\"Trait\u00e9 d\u2019Aix-la-Chapelle : Christophe Naegelen interpelle la ministre charg\u00e9e des affaires europ\u00e9ennes - Remiremont Info\",\"isPartOf\":{\"@id\":\"https:\/\/vosgesinfo.fr\/remiremontinfo\/#website\"},\"primaryImageOfPage\":{\"@id\":\"https:\/\/vosgesinfo.fr\/remiremontinfo\/2019\/02\/traite-daix-chapelle-christophe-naegelen-interpelle-ministre-chargee-affaires-europeennes\/#primaryimage\"},\"image\":{\"@id\":\"https:\/\/vosgesinfo.fr\/remiremontinfo\/2019\/02\/traite-daix-chapelle-christophe-naegelen-interpelle-ministre-chargee-affaires-europeennes\/#primaryimage\"},\"thumbnailUrl\":\"https:\/\/vosgesinfo.fr\/app\/uploads\/sites\/5\/2024\/09\/201902capture-decran-2019-02-13-a-11.21.36.png\",\"datePublished\":\"2019-02-13T06:00:33+00:00\",\"dateModified\":\"2019-02-13T06:00:33+00:00\",\"breadcrumb\":{\"@id\":\"https:\/\/vosgesinfo.fr\/remiremontinfo\/2019\/02\/traite-daix-chapelle-christophe-naegelen-interpelle-ministre-chargee-affaires-europeennes\/#breadcrumb\"},\"inLanguage\":\"fr-FR\",\"potentialAction\":[{\"@type\":\"ReadAction\",\"target\":[\"https:\/\/vosgesinfo.fr\/remiremontinfo\/2019\/02\/traite-daix-chapelle-christophe-naegelen-interpelle-ministre-chargee-affaires-europeennes\/\"]}]},{\"@type\":\"ImageObject\",\"inLanguage\":\"fr-FR\",\"@id\":\"https:\/\/vosgesinfo.fr\/remiremontinfo\/2019\/02\/traite-daix-chapelle-christophe-naegelen-interpelle-ministre-chargee-affaires-europeennes\/#primaryimage\",\"url\":\"https:\/\/vosgesinfo.fr\/app\/uploads\/sites\/5\/2024\/09\/201902capture-decran-2019-02-13-a-11.21.36.png\",\"contentUrl\":\"https:\/\/vosgesinfo.fr\/app\/uploads\/sites\/5\/2024\/09\/201902capture-decran-2019-02-13-a-11.21.36.png\",\"width\":1254,\"height\":1160},{\"@type\":\"BreadcrumbList\",\"@id\":\"https:\/\/vosgesinfo.fr\/remiremontinfo\/2019\/02\/traite-daix-chapelle-christophe-naegelen-interpelle-ministre-chargee-affaires-europeennes\/#breadcrumb\",\"itemListElement\":[{\"@type\":\"ListItem\",\"position\":1,\"name\":\"Home\",\"item\":\"https:\/\/vosgesinfo.fr\/remiremontinfo\/\"},{\"@type\":\"ListItem\",\"position\":2,\"name\":\"Trait\u00e9 d\u2019Aix-la-Chapelle : Christophe Naegelen interpelle la ministre charg\u00e9e des affaires europ\u00e9ennes\"}]},{\"@type\":\"WebSite\",\"@id\":\"https:\/\/vosgesinfo.fr\/remiremontinfo\/#website\",\"url\":\"https:\/\/vosgesinfo.fr\/remiremontinfo\/\",\"name\":\"Remiremont Info\",\"description\":\"Toute l&#039;actualit\u00e9 de Remiremont\",\"publisher\":{\"@id\":\"https:\/\/vosgesinfo.fr\/remiremontinfo\/#organization\"},\"alternateName\":\"Toute l'actualit\u00e9 de Remiremont\",\"potentialAction\":[{\"@type\":\"SearchAction\",\"target\":{\"@type\":\"EntryPoint\",\"urlTemplate\":\"https:\/\/vosgesinfo.fr\/remiremontinfo\/?s={search_term_string}\"},\"query-input\":\"required name=search_term_string\"}],\"inLanguage\":\"fr-FR\"},{\"@type\":\"Organization\",\"@id\":\"https:\/\/vosgesinfo.fr\/remiremontinfo\/#organization\",\"name\":\"Remiremont Info\",\"url\":\"https:\/\/vosgesinfo.fr\/remiremontinfo\/\",\"logo\":{\"@type\":\"ImageObject\",\"inLanguage\":\"fr-FR\",\"@id\":\"https:\/\/vosgesinfo.fr\/remiremontinfo\/#\/schema\/logo\/image\/\",\"url\":\"https:\/\/vosgesinfo.fr\/app\/uploads\/sites\/5\/2023\/08\/favicon-remiremontinfo.png\",\"contentUrl\":\"https:\/\/vosgesinfo.fr\/app\/uploads\/sites\/5\/2023\/08\/favicon-remiremontinfo.png\",\"width\":512,\"height\":512,\"caption\":\"Remiremont Info\"},\"image\":{\"@id\":\"https:\/\/vosgesinfo.fr\/remiremontinfo\/#\/schema\/logo\/image\/\"},\"sameAs\":[\"https:\/\/www.facebook.com\/remiremontinfo\",\"https:\/\/x.com\/VosgesInfo88\",\"https:\/\/www.youtube.com\/@vosgesinfo\"]},{\"@type\":\"Person\",\"@id\":\"https:\/\/vosgesinfo.fr\/remiremontinfo\/#\/schema\/person\/3bfd164d5218a185b1db68655a265316\",\"name\":\"C D\",\"image\":{\"@type\":\"ImageObject\",\"inLanguage\":\"fr-FR\",\"@id\":\"https:\/\/vosgesinfo.fr\/remiremontinfo\/#\/schema\/person\/image\/\",\"url\":\"https:\/\/secure.gravatar.com\/avatar\/1f9a70007336511a47468b8f1c66f922b8b7cf617b02a31149ada43893a5d48f?s=96&d=mm&r=g\",\"contentUrl\":\"https:\/\/secure.gravatar.com\/avatar\/1f9a70007336511a47468b8f1c66f922b8b7cf617b02a31149ada43893a5d48f?s=96&d=mm&r=g\",\"caption\":\"C D\"},\"url\":\"https:\/\/vosgesinfo.fr\/remiremontinfo\/author\/cedric-drevet\/\"}]}<\/script>\n<!-- \/ Yoast SEO plugin. -->","yoast_head_json":{"title":"Trait\u00e9 d\u2019Aix-la-Chapelle : Christophe Naegelen interpelle la ministre charg\u00e9e des affaires europ\u00e9ennes - Remiremont Info","robots":{"index":"index","follow":"follow","max-snippet":"max-snippet:-1","max-image-preview":"max-image-preview:large","max-video-preview":"max-video-preview:-1"},"canonical":"https:\/\/vosgesinfo.fr\/remiremontinfo\/2019\/02\/traite-daix-chapelle-christophe-naegelen-interpelle-ministre-chargee-affaires-europeennes\/","twitter_card":"summary_large_image","twitter_title":"Trait\u00e9 d\u2019Aix-la-Chapelle : Christophe Naegelen interpelle la ministre charg\u00e9e des affaires europ\u00e9ennes - Remiremont Info","twitter_description":"Le Trait\u00e9 d\u2019Aix-la-Chapelle, sign\u00e9 le 22 janvier dernier par Emmanuel Macron et Angela Merkel, est l\u2019objet d\u2019une forte contestation, notamment [&hellip;]","twitter_image":"https:\/\/vosgesinfo.fr\/app\/uploads\/sites\/5\/2024\/09\/201902capture-decran-2019-02-13-a-11.21.36.png","twitter_creator":"@VosgesInfo88","twitter_site":"@VosgesInfo88","twitter_misc":{"\u00c9crit par":"C D","Dur\u00e9e de lecture estim\u00e9e":"1 minute"},"schema":{"@context":"https:\/\/schema.org","@graph":[{"@type":"Article","@id":"https:\/\/vosgesinfo.fr\/remiremontinfo\/2019\/02\/traite-daix-chapelle-christophe-naegelen-interpelle-ministre-chargee-affaires-europeennes\/#article","isPartOf":{"@id":"https:\/\/vosgesinfo.fr\/remiremontinfo\/2019\/02\/traite-daix-chapelle-christophe-naegelen-interpelle-ministre-chargee-affaires-europeennes\/"},"author":{"name":"C D","@id":"https:\/\/vosgesinfo.fr\/remiremontinfo\/#\/schema\/person\/3bfd164d5218a185b1db68655a265316"},"headline":"Trait\u00e9 d\u2019Aix-la-Chapelle : Christophe Naegelen interpelle la ministre charg\u00e9e des affaires europ\u00e9ennes","datePublished":"2019-02-13T06:00:33+00:00","dateModified":"2019-02-13T06:00:33+00:00","mainEntityOfPage":{"@id":"https:\/\/vosgesinfo.fr\/remiremontinfo\/2019\/02\/traite-daix-chapelle-christophe-naegelen-interpelle-ministre-chargee-affaires-europeennes\/"},"wordCount":192,"commentCount":0,"publisher":{"@id":"https:\/\/vosgesinfo.fr\/remiremontinfo\/#organization"},"image":{"@id":"https:\/\/vosgesinfo.fr\/remiremontinfo\/2019\/02\/traite-daix-chapelle-christophe-naegelen-interpelle-ministre-chargee-affaires-europeennes\/#primaryimage"},"thumbnailUrl":"https:\/\/vosgesinfo.fr\/app\/uploads\/sites\/5\/2024\/09\/201902capture-decran-2019-02-13-a-11.21.36.png","keywords":["3\u00e8me circonscription","Assembl\u00e9e nationale","Christophe Naegelen","trait\u00e9 d'aix la chapelle","union europ\u00e9enne"],"articleSection":["A la Une","Politique","Vosges"],"inLanguage":"fr-FR","potentialAction":[{"@type":"CommentAction","name":"Comment","target":["https:\/\/vosgesinfo.fr\/remiremontinfo\/2019\/02\/traite-daix-chapelle-christophe-naegelen-interpelle-ministre-chargee-affaires-europeennes\/#respond"]}]},{"@type":"WebPage","@id":"https:\/\/vosgesinfo.fr\/remiremontinfo\/2019\/02\/traite-daix-chapelle-christophe-naegelen-interpelle-ministre-chargee-affaires-europeennes\/","url":"https:\/\/vosgesinfo.fr\/remiremontinfo\/2019\/02\/traite-daix-chapelle-christophe-naegelen-interpelle-ministre-chargee-affaires-europeennes\/","name":"Trait\u00e9 d\u2019Aix-la-Chapelle : Christophe Naegelen interpelle la ministre charg\u00e9e des affaires europ\u00e9ennes - Remiremont Info","isPartOf":{"@id":"https:\/\/vosgesinfo.fr\/remiremontinfo\/#website"},"primaryImageOfPage":{"@id":"https:\/\/vosgesinfo.fr\/remiremontinfo\/2019\/02\/traite-daix-chapelle-christophe-naegelen-interpelle-ministre-chargee-affaires-europeennes\/#primaryimage"},"image":{"@id":"https:\/\/vosgesinfo.fr\/remiremontinfo\/2019\/02\/traite-daix-chapelle-christophe-naegelen-interpelle-ministre-chargee-affaires-europeennes\/#primaryimage"},"thumbnailUrl":"https:\/\/vosgesinfo.fr\/app\/uploads\/sites\/5\/2024\/09\/201902capture-decran-2019-02-13-a-11.21.36.png","datePublished":"2019-02-13T06:00:33+00:00","dateModified":"2019-02-13T06:00:33+00:00","breadcrumb":{"@id":"https:\/\/vosgesinfo.fr\/remiremontinfo\/2019\/02\/traite-daix-chapelle-christophe-naegelen-interpelle-ministre-chargee-affaires-europeennes\/#breadcrumb"},"inLanguage":"fr-FR","potentialAction":[{"@type":"ReadAction","target":["https:\/\/vosgesinfo.fr\/remiremontinfo\/2019\/02\/traite-daix-chapelle-christophe-naegelen-interpelle-ministre-chargee-affaires-europeennes\/"]}]},{"@type":"ImageObject","inLanguage":"fr-FR","@id":"https:\/\/vosgesinfo.fr\/remiremontinfo\/2019\/02\/traite-daix-chapelle-christophe-naegelen-interpelle-ministre-chargee-affaires-europeennes\/#primaryimage","url":"https:\/\/vosgesinfo.fr\/app\/uploads\/sites\/5\/2024\/09\/201902capture-decran-2019-02-13-a-11.21.36.png","contentUrl":"https:\/\/vosgesinfo.fr\/app\/uploads\/sites\/5\/2024\/09\/201902capture-decran-2019-02-13-a-11.21.36.png","width":1254,"height":1160},{"@type":"BreadcrumbList","@id":"https:\/\/vosgesinfo.fr\/remiremontinfo\/2019\/02\/traite-daix-chapelle-christophe-naegelen-interpelle-ministre-chargee-affaires-europeennes\/#breadcrumb","itemListElement":[{"@type":"ListItem","position":1,"name":"Home","item":"https:\/\/vosgesinfo.fr\/remiremontinfo\/"},{"@type":"ListItem","position":2,"name":"Trait\u00e9 d\u2019Aix-la-Chapelle : Christophe Naegelen interpelle la ministre charg\u00e9e des affaires europ\u00e9ennes"}]},{"@type":"WebSite","@id":"https:\/\/vosgesinfo.fr\/remiremontinfo\/#website","url":"https:\/\/vosgesinfo.fr\/remiremontinfo\/","name":"Remiremont Info","description":"Toute l&#039;actualit\u00e9 de Remiremont","publisher":{"@id":"https:\/\/vosgesinfo.fr\/remiremontinfo\/#organization"},"alternateName":"Toute l'actualit\u00e9 de Remiremont","potentialAction":[{"@type":"SearchAction","target":{"@type":"EntryPoint","urlTemplate":"https:\/\/vosgesinfo.fr\/remiremontinfo\/?s={search_term_string}"},"query-input":"required name=search_term_string"}],"inLanguage":"fr-FR"},{"@type":"Organization","@id":"https:\/\/vosgesinfo.fr\/remiremontinfo\/#organization","name":"Remiremont Info","url":"https:\/\/vosgesinfo.fr\/remiremontinfo\/","logo":{"@type":"ImageObject","inLanguage":"fr-FR","@id":"https:\/\/vosgesinfo.fr\/remiremontinfo\/#\/schema\/logo\/image\/","url":"https:\/\/vosgesinfo.fr\/app\/uploads\/sites\/5\/2023\/08\/favicon-remiremontinfo.png","contentUrl":"https:\/\/vosgesinfo.fr\/app\/uploads\/sites\/5\/2023\/08\/favicon-remiremontinfo.png","width":512,"height":512,"caption":"Remiremont Info"},"image":{"@id":"https:\/\/vosgesinfo.fr\/remiremontinfo\/#\/schema\/logo\/image\/"},"sameAs":["https:\/\/www.facebook.com\/remiremontinfo","https:\/\/x.com\/VosgesInfo88","https:\/\/www.youtube.com\/@vosgesinfo"]},{"@type":"Person","@id":"https:\/\/vosgesinfo.fr\/remiremontinfo\/#\/schema\/person\/3bfd164d5218a185b1db68655a265316","name":"C D","image":{"@type":"ImageObject","inLanguage":"fr-FR","@id":"https:\/\/vosgesinfo.fr\/remiremontinfo\/#\/schema\/person\/image\/","url":"https:\/\/secure.gravatar.com\/avatar\/1f9a70007336511a47468b8f1c66f922b8b7cf617b02a31149ada43893a5d48f?s=96&d=mm&r=g","contentUrl":"https:\/\/secure.gravatar.com\/avatar\/1f9a70007336511a47468b8f1c66f922b8b7cf617b02a31149ada43893a5d48f?s=96&d=mm&r=g","caption":"C D"},"url":"https:\/\/vosgesinfo.fr\/remiremontinfo\/author\/cedric-drevet\/"}]}},"_links":{"self":[{"href":"https:\/\/vosgesinfo.fr\/remiremontinfo\/wp-json\/wp\/v2\/posts\/10682","targetHints":{"allow":["GET"]}}],"collection":[{"href":"https:\/\/vosgesinfo.fr\/remiremontinfo\/wp-json\/wp\/v2\/posts"}],"about":[{"href":"https:\/\/vosgesinfo.fr\/remiremontinfo\/wp-json\/wp\/v2\/types\/post"}],"author":[{"embeddable":true,"href":"https:\/\/vosgesinfo.fr\/remiremontinfo\/wp-json\/wp\/v2\/users\/407"}],"replies":[{"embeddable":true,"href":"https:\/\/vosgesinfo.fr\/remiremontinfo\/wp-json\/wp\/v2\/comments?post=10682"}],"version-history":[{"count":0,"href":"https:\/\/vosgesinfo.fr\/remiremontinfo\/wp-json\/wp\/v2\/posts\/10682\/revisions"}],"wp:featuredmedia":[{"embeddable":true,"href":"https:\/\/vosgesinfo.fr\/remiremontinfo\/wp-json\/wp\/v2\/media\/10683"}],"wp:attachment":[{"href":"https:\/\/vosgesinfo.fr\/remiremontinfo\/wp-json\/wp\/v2\/media?parent=10682"}],"wp:term":[{"taxonomy":"category","embeddable":true,"href":"https:\/\/vosgesinfo.fr\/remiremontinfo\/wp-json\/wp\/v2\/categories?post=10682"},{"taxonomy":"post_tag","embeddable":true,"href":"https:\/\/vosgesinfo.fr\/remiremontinfo\/wp-json\/wp\/v2\/tags?post=10682"}],"curies":[{"name":"wp","href":"https:\/\/api.w.org\/{rel}","templated":true}]}}