{"id":10819,"date":"2019-02-16T16:21:15","date_gmt":"2019-02-16T15:21:15","guid":{"rendered":"https:\/\/vosgesinfo.fr\/remiremontinfo\/2019\/02\/val-dajol-intronisations-sein-de-confrerie-taste-andouilles\/"},"modified":"2019-02-16T16:21:15","modified_gmt":"2019-02-16T15:21:15","slug":"val-dajol-intronisations-sein-de-confrerie-taste-andouilles","status":"publish","type":"post","link":"https:\/\/vosgesinfo.fr\/remiremontinfo\/2019\/02\/val-dajol-intronisations-sein-de-confrerie-taste-andouilles\/","title":{"rendered":"Le Val-d\u2019Ajol : intronisations au sein de la confr\u00e9rie des Taste-Andouilles"},"content":{"rendered":"<h2 class=\"p1\"><a href=\"\/2019\/02\/P1020636.jpg\"><img decoding=\"async\" class=\"alignnone wp-image-253474 size-large\" src=\"\/2019\/02\/P1020636-1024x768.jpg\" alt=\"P1020636\" width=\"960\" height=\"720\" \/><\/a><\/h2>\n<h2 class=\"p1\"><span style=\"font-size: 12pt;\"><strong>Ce premier jour de la Foire aux andouilles du Val-d\u2019Ajol \u00e9tait consacr\u00e9 \u00e0 l\u2019accueil des Confr\u00e9ries Gastronomiques et Vineuses du Grand-Est, de Franche-Comt\u00e9 ou d\u2019ailleurs. Un chapitre sp\u00e9cial leur \u00e9tait d\u00e9di\u00e9, avec de nouvelles intronisations au sein des Taste-Andouilles.<\/strong><\/span><\/h2>\n<p class=\"p1\"><span class=\"s1\">Rassembl\u00e9s devant la salle des f\u00eates du village, les membres des confr\u00e9ries invit\u00e9es ont assist\u00e9 \u00e0 la c\u00e9r\u00e9monie des intronisations. Ces confr\u00e9ries viennent de Rambervillers, Fougerolles, Melun, Vittel, Epinal, Nancy\u2026 et m\u00eame d\u2019Allemagne ou de Mad\u00e8re.<\/span><\/p>\n<div id=\"attachment_253499\" style=\"width: 350px\" class=\"wp-caption alignright\"><a href=\"\/2019\/02\/P1020820-e1550333373485.jpg\"><img decoding=\"async\" aria-describedby=\"caption-attachment-253499\" class=\"size-medium wp-image-253499\" src=\"\/2019\/02\/P1020820-340x255.jpg\" alt=\"Laurent Gandloff et Claude-Louis Contoux, pr\u00e9sident et secr\u00e9taire de la f\u00e9d\u00e9ration r\u00e9gionale des confr\u00e9ries.\" width=\"340\" height=\"255\" \/><\/a><p id=\"caption-attachment-253499\" class=\"wp-caption-text\"><span style=\"font-size: 8pt;\">Laurent Gandloff et Claude-Louis Contoux, pr\u00e9sident et secr\u00e9taire de la f\u00e9d\u00e9ration r\u00e9gionale des confr\u00e9ries.<\/span><\/p><\/div>\n<p class=\"p1\"><span class=\"s1\">Laurent Gangloff, ayant fait le d\u00e9placement depuis la Moselle, dit avoir \u00ab\u00a0toujours beaucoup de plaisir\u00a0<\/span><span class=\"s1\">\u00e0\u00a0<\/span>venir\u00a0\u00bb. Il vient \u00e0 la foire du Val d\u2019Ajol depuis une vingtaine d\u2019ann\u00e9es. Il est le pr\u00e9sident de la F\u00e9d\u00e9ration R\u00e9gionale des Confr\u00e9ries du Grand Est. Cette r\u00e9gion \u00ab\u00a0Grand Est\u00a0\u00bb, plus ancienne que la r\u00e9gion politique du m\u00eame nom, comprend la Lorraine, l\u2019Alsace, la Champagne-Ardenne et la Franche-comt\u00e9.\u00ab\u00a0On a plaisir \u00e0 retrouver des gens des quatre coins du grand est, et d\u2019ailleurs \u00bb.<\/p>\n<p class=\"p1\">Pour Lino Dionisio, ambassadeur de la confr\u00e9rie enogastronomique de Mad\u00e8re, ces rencontres sont l\u2019occasion de \u00ab\u00a0faire conna\u00eetre notre gastronomie et connaitre celle des autres\u00a0confr\u00e9ries\u00a0\u00bb.<\/p>\n<div id=\"attachment_253502\" style=\"width: 201px\" class=\"wp-caption alignleft\"><a href=\"\/2019\/02\/P1020867-e1550333586665.jpg\"><img decoding=\"async\" aria-describedby=\"caption-attachment-253502\" class=\"size-medium wp-image-253502\" src=\"\/2019\/02\/P1020867-e1550333586665-191x255.jpg\" alt=\"L\u2019\u00e9v\u00eaque de Saint Di\u00e9, Didier Berthet.\" width=\"191\" height=\"255\" \/><\/a><p id=\"caption-attachment-253502\" class=\"wp-caption-text\"><span style=\"font-size: 8pt;\">L\u2019\u00e9v\u00eaque de Saint Di\u00e9, Didier Berthet.<\/span><\/p><\/div>\n<p class=\"p1\"><span class=\"s1\" style=\"font-size: 12pt;\">L\u2019\u00e9v\u00eaque de Saint Di\u00e9, Didier Berthet, fait partie des intronis\u00e9s : \u00ab\u00a0C\u2019est une mani\u00e8re de dire mon coup de chapeau pour tous ceux qui ont soin de conserver les traditions locales (\u2026) tisser du lien social autour de choses simples et bonnes, de la vie, de la nature, de la Cr\u00e9ation \u00bb. Il met en avant \u00ab\u00a0l\u2019amiti\u00e9, la simplicit\u00e9 des relations entre les gens, la joie d\u2019\u00eatre ensemble\u00a0\u00bb. En tant que membre de l\u2019Eglise, il insiste sur la \u00ab\u00a0fraternit\u00e9 des chr\u00e9tiens entre eux et avec ceux avec qui ils vivent\u00a0\u00bb Il se dit agr\u00e9ablement surpris du maintien d\u2019un dynamisme dans la vie locale. \u00ab\u00a0Tout ce qui peut tisser un lien de fraternit\u00e9, je l\u2019encourage\u00a0\u00bb.<\/span><\/p>\n<p class=\"p1\">\n<p class=\"p1\">\n\n","protected":false},"excerpt":{"rendered":"<p>Ce premier jour de la Foire aux andouilles du Val-d\u2019Ajol \u00e9tait consacr\u00e9 \u00e0 l\u2019accueil des Confr\u00e9ries Gastronomiques et Vineuses du [&hellip;]<\/p>\n","protected":false},"author":407,"featured_media":10820,"comment_status":"open","ping_status":"open","sticky":false,"template":"","format":"standard","meta":{"footnotes":""},"categories":[26,121,82],"tags":[1794,1667,1795,197,123],"class_list":["post-10819","post","type-post","status-publish","format-standard","has-post-thumbnail","hentry","category-a-la-une","category-le-val-dajol-le-val-dajol-son-canton","category-le-val-dajol-son-canton","tag-confreries","tag-foire-aux-andouilles","tag-taste-andouilles","tag-traditions","tag-val-dajol"],"acf":[],"yoast_head":"<!-- This site is optimized with the Yoast SEO plugin v22.5 - https:\/\/yoast.com\/wordpress\/plugins\/seo\/ -->\n<title>Le Val-d\u2019Ajol : intronisations au sein de la confr\u00e9rie des Taste-Andouilles - Remiremont Info<\/title>\n<meta name=\"robots\" content=\"index, follow, max-snippet:-1, max-image-preview:large, max-video-preview:-1\" \/>\n<link rel=\"canonical\" href=\"https:\/\/vosgesinfo.fr\/remiremontinfo\/2019\/02\/val-dajol-intronisations-sein-de-confrerie-taste-andouilles\/\" \/>\n<meta name=\"twitter:card\" content=\"summary_large_image\" \/>\n<meta name=\"twitter:title\" content=\"Le Val-d\u2019Ajol : intronisations au sein de la confr\u00e9rie des Taste-Andouilles - Remiremont Info\" \/>\n<meta name=\"twitter:description\" content=\"Ce premier jour de la Foire aux andouilles du Val-d\u2019Ajol \u00e9tait consacr\u00e9 \u00e0 l\u2019accueil des Confr\u00e9ries Gastronomiques et Vineuses du [&hellip;]\" \/>\n<meta name=\"twitter:image\" content=\"https:\/\/vosgesinfo.fr\/app\/uploads\/sites\/5\/2024\/09\/201902p1020636-scaled.jpg\" \/>\n<meta name=\"twitter:creator\" content=\"@VosgesInfo88\" \/>\n<meta name=\"twitter:site\" content=\"@VosgesInfo88\" \/>\n<meta name=\"twitter:label1\" content=\"\u00c9crit par\" \/>\n\t<meta name=\"twitter:data1\" content=\"C D\" \/>\n\t<meta name=\"twitter:label2\" content=\"Dur\u00e9e de lecture estim\u00e9e\" \/>\n\t<meta name=\"twitter:data2\" content=\"2 minutes\" \/>\n<script type=\"application\/ld+json\" class=\"yoast-schema-graph\">{\"@context\":\"https:\/\/schema.org\",\"@graph\":[{\"@type\":\"Article\",\"@id\":\"https:\/\/vosgesinfo.fr\/remiremontinfo\/2019\/02\/val-dajol-intronisations-sein-de-confrerie-taste-andouilles\/#article\",\"isPartOf\":{\"@id\":\"https:\/\/vosgesinfo.fr\/remiremontinfo\/2019\/02\/val-dajol-intronisations-sein-de-confrerie-taste-andouilles\/\"},\"author\":{\"name\":\"C D\",\"@id\":\"https:\/\/vosgesinfo.fr\/remiremontinfo\/#\/schema\/person\/3bfd164d5218a185b1db68655a265316\"},\"headline\":\"Le Val-d\u2019Ajol : intronisations au sein de la confr\u00e9rie des Taste-Andouilles\",\"datePublished\":\"2019-02-16T15:21:15+00:00\",\"dateModified\":\"2019-02-16T15:21:15+00:00\",\"mainEntityOfPage\":{\"@id\":\"https:\/\/vosgesinfo.fr\/remiremontinfo\/2019\/02\/val-dajol-intronisations-sein-de-confrerie-taste-andouilles\/\"},\"wordCount\":395,\"commentCount\":0,\"publisher\":{\"@id\":\"https:\/\/vosgesinfo.fr\/remiremontinfo\/#organization\"},\"image\":{\"@id\":\"https:\/\/vosgesinfo.fr\/remiremontinfo\/2019\/02\/val-dajol-intronisations-sein-de-confrerie-taste-andouilles\/#primaryimage\"},\"thumbnailUrl\":\"https:\/\/vosgesinfo.fr\/app\/uploads\/sites\/5\/2024\/09\/201902p1020636-scaled.jpg\",\"keywords\":[\"confr\u00e9ries\",\"foire aux andouilles\",\"taste-andouilles\",\"traditions\",\"val d'ajol\"],\"articleSection\":[\"A la Une\",\"Le Val d'Ajol\",\"Le Val-d'Ajol &amp; son canton\"],\"inLanguage\":\"fr-FR\",\"potentialAction\":[{\"@type\":\"CommentAction\",\"name\":\"Comment\",\"target\":[\"https:\/\/vosgesinfo.fr\/remiremontinfo\/2019\/02\/val-dajol-intronisations-sein-de-confrerie-taste-andouilles\/#respond\"]}]},{\"@type\":\"WebPage\",\"@id\":\"https:\/\/vosgesinfo.fr\/remiremontinfo\/2019\/02\/val-dajol-intronisations-sein-de-confrerie-taste-andouilles\/\",\"url\":\"https:\/\/vosgesinfo.fr\/remiremontinfo\/2019\/02\/val-dajol-intronisations-sein-de-confrerie-taste-andouilles\/\",\"name\":\"Le Val-d\u2019Ajol : intronisations au sein de la confr\u00e9rie des Taste-Andouilles - Remiremont Info\",\"isPartOf\":{\"@id\":\"https:\/\/vosgesinfo.fr\/remiremontinfo\/#website\"},\"primaryImageOfPage\":{\"@id\":\"https:\/\/vosgesinfo.fr\/remiremontinfo\/2019\/02\/val-dajol-intronisations-sein-de-confrerie-taste-andouilles\/#primaryimage\"},\"image\":{\"@id\":\"https:\/\/vosgesinfo.fr\/remiremontinfo\/2019\/02\/val-dajol-intronisations-sein-de-confrerie-taste-andouilles\/#primaryimage\"},\"thumbnailUrl\":\"https:\/\/vosgesinfo.fr\/app\/uploads\/sites\/5\/2024\/09\/201902p1020636-scaled.jpg\",\"datePublished\":\"2019-02-16T15:21:15+00:00\",\"dateModified\":\"2019-02-16T15:21:15+00:00\",\"breadcrumb\":{\"@id\":\"https:\/\/vosgesinfo.fr\/remiremontinfo\/2019\/02\/val-dajol-intronisations-sein-de-confrerie-taste-andouilles\/#breadcrumb\"},\"inLanguage\":\"fr-FR\",\"potentialAction\":[{\"@type\":\"ReadAction\",\"target\":[\"https:\/\/vosgesinfo.fr\/remiremontinfo\/2019\/02\/val-dajol-intronisations-sein-de-confrerie-taste-andouilles\/\"]}]},{\"@type\":\"ImageObject\",\"inLanguage\":\"fr-FR\",\"@id\":\"https:\/\/vosgesinfo.fr\/remiremontinfo\/2019\/02\/val-dajol-intronisations-sein-de-confrerie-taste-andouilles\/#primaryimage\",\"url\":\"https:\/\/vosgesinfo.fr\/app\/uploads\/sites\/5\/2024\/09\/201902p1020636-scaled.jpg\",\"contentUrl\":\"https:\/\/vosgesinfo.fr\/app\/uploads\/sites\/5\/2024\/09\/201902p1020636-scaled.jpg\",\"width\":2560,\"height\":1920},{\"@type\":\"BreadcrumbList\",\"@id\":\"https:\/\/vosgesinfo.fr\/remiremontinfo\/2019\/02\/val-dajol-intronisations-sein-de-confrerie-taste-andouilles\/#breadcrumb\",\"itemListElement\":[{\"@type\":\"ListItem\",\"position\":1,\"name\":\"Home\",\"item\":\"https:\/\/vosgesinfo.fr\/remiremontinfo\/\"},{\"@type\":\"ListItem\",\"position\":2,\"name\":\"Le Val-d\u2019Ajol : intronisations au sein de la confr\u00e9rie des Taste-Andouilles\"}]},{\"@type\":\"WebSite\",\"@id\":\"https:\/\/vosgesinfo.fr\/remiremontinfo\/#website\",\"url\":\"https:\/\/vosgesinfo.fr\/remiremontinfo\/\",\"name\":\"Remiremont Info\",\"description\":\"Toute l&#039;actualit\u00e9 de Remiremont\",\"publisher\":{\"@id\":\"https:\/\/vosgesinfo.fr\/remiremontinfo\/#organization\"},\"alternateName\":\"Toute l'actualit\u00e9 de Remiremont\",\"potentialAction\":[{\"@type\":\"SearchAction\",\"target\":{\"@type\":\"EntryPoint\",\"urlTemplate\":\"https:\/\/vosgesinfo.fr\/remiremontinfo\/?s={search_term_string}\"},\"query-input\":\"required name=search_term_string\"}],\"inLanguage\":\"fr-FR\"},{\"@type\":\"Organization\",\"@id\":\"https:\/\/vosgesinfo.fr\/remiremontinfo\/#organization\",\"name\":\"Remiremont Info\",\"url\":\"https:\/\/vosgesinfo.fr\/remiremontinfo\/\",\"logo\":{\"@type\":\"ImageObject\",\"inLanguage\":\"fr-FR\",\"@id\":\"https:\/\/vosgesinfo.fr\/remiremontinfo\/#\/schema\/logo\/image\/\",\"url\":\"https:\/\/vosgesinfo.fr\/app\/uploads\/sites\/5\/2023\/08\/favicon-remiremontinfo.png\",\"contentUrl\":\"https:\/\/vosgesinfo.fr\/app\/uploads\/sites\/5\/2023\/08\/favicon-remiremontinfo.png\",\"width\":512,\"height\":512,\"caption\":\"Remiremont Info\"},\"image\":{\"@id\":\"https:\/\/vosgesinfo.fr\/remiremontinfo\/#\/schema\/logo\/image\/\"},\"sameAs\":[\"https:\/\/www.facebook.com\/remiremontinfo\",\"https:\/\/x.com\/VosgesInfo88\",\"https:\/\/www.youtube.com\/@vosgesinfo\"]},{\"@type\":\"Person\",\"@id\":\"https:\/\/vosgesinfo.fr\/remiremontinfo\/#\/schema\/person\/3bfd164d5218a185b1db68655a265316\",\"name\":\"C D\",\"image\":{\"@type\":\"ImageObject\",\"inLanguage\":\"fr-FR\",\"@id\":\"https:\/\/vosgesinfo.fr\/remiremontinfo\/#\/schema\/person\/image\/\",\"url\":\"https:\/\/secure.gravatar.com\/avatar\/1f9a70007336511a47468b8f1c66f922b8b7cf617b02a31149ada43893a5d48f?s=96&d=mm&r=g\",\"contentUrl\":\"https:\/\/secure.gravatar.com\/avatar\/1f9a70007336511a47468b8f1c66f922b8b7cf617b02a31149ada43893a5d48f?s=96&d=mm&r=g\",\"caption\":\"C D\"},\"url\":\"https:\/\/vosgesinfo.fr\/remiremontinfo\/author\/cedric-drevet\/\"}]}<\/script>\n<!-- \/ Yoast SEO plugin. -->","yoast_head_json":{"title":"Le Val-d\u2019Ajol : intronisations au sein de la confr\u00e9rie des Taste-Andouilles - Remiremont Info","robots":{"index":"index","follow":"follow","max-snippet":"max-snippet:-1","max-image-preview":"max-image-preview:large","max-video-preview":"max-video-preview:-1"},"canonical":"https:\/\/vosgesinfo.fr\/remiremontinfo\/2019\/02\/val-dajol-intronisations-sein-de-confrerie-taste-andouilles\/","twitter_card":"summary_large_image","twitter_title":"Le Val-d\u2019Ajol : intronisations au sein de la confr\u00e9rie des Taste-Andouilles - Remiremont Info","twitter_description":"Ce premier jour de la Foire aux andouilles du Val-d\u2019Ajol \u00e9tait consacr\u00e9 \u00e0 l\u2019accueil des Confr\u00e9ries Gastronomiques et Vineuses du [&hellip;]","twitter_image":"https:\/\/vosgesinfo.fr\/app\/uploads\/sites\/5\/2024\/09\/201902p1020636-scaled.jpg","twitter_creator":"@VosgesInfo88","twitter_site":"@VosgesInfo88","twitter_misc":{"\u00c9crit par":"C D","Dur\u00e9e de lecture estim\u00e9e":"2 minutes"},"schema":{"@context":"https:\/\/schema.org","@graph":[{"@type":"Article","@id":"https:\/\/vosgesinfo.fr\/remiremontinfo\/2019\/02\/val-dajol-intronisations-sein-de-confrerie-taste-andouilles\/#article","isPartOf":{"@id":"https:\/\/vosgesinfo.fr\/remiremontinfo\/2019\/02\/val-dajol-intronisations-sein-de-confrerie-taste-andouilles\/"},"author":{"name":"C D","@id":"https:\/\/vosgesinfo.fr\/remiremontinfo\/#\/schema\/person\/3bfd164d5218a185b1db68655a265316"},"headline":"Le Val-d\u2019Ajol : intronisations au sein de la confr\u00e9rie des Taste-Andouilles","datePublished":"2019-02-16T15:21:15+00:00","dateModified":"2019-02-16T15:21:15+00:00","mainEntityOfPage":{"@id":"https:\/\/vosgesinfo.fr\/remiremontinfo\/2019\/02\/val-dajol-intronisations-sein-de-confrerie-taste-andouilles\/"},"wordCount":395,"commentCount":0,"publisher":{"@id":"https:\/\/vosgesinfo.fr\/remiremontinfo\/#organization"},"image":{"@id":"https:\/\/vosgesinfo.fr\/remiremontinfo\/2019\/02\/val-dajol-intronisations-sein-de-confrerie-taste-andouilles\/#primaryimage"},"thumbnailUrl":"https:\/\/vosgesinfo.fr\/app\/uploads\/sites\/5\/2024\/09\/201902p1020636-scaled.jpg","keywords":["confr\u00e9ries","foire aux andouilles","taste-andouilles","traditions","val d'ajol"],"articleSection":["A la Une","Le Val d'Ajol","Le Val-d'Ajol &amp; son canton"],"inLanguage":"fr-FR","potentialAction":[{"@type":"CommentAction","name":"Comment","target":["https:\/\/vosgesinfo.fr\/remiremontinfo\/2019\/02\/val-dajol-intronisations-sein-de-confrerie-taste-andouilles\/#respond"]}]},{"@type":"WebPage","@id":"https:\/\/vosgesinfo.fr\/remiremontinfo\/2019\/02\/val-dajol-intronisations-sein-de-confrerie-taste-andouilles\/","url":"https:\/\/vosgesinfo.fr\/remiremontinfo\/2019\/02\/val-dajol-intronisations-sein-de-confrerie-taste-andouilles\/","name":"Le Val-d\u2019Ajol : intronisations au sein de la confr\u00e9rie des Taste-Andouilles - Remiremont Info","isPartOf":{"@id":"https:\/\/vosgesinfo.fr\/remiremontinfo\/#website"},"primaryImageOfPage":{"@id":"https:\/\/vosgesinfo.fr\/remiremontinfo\/2019\/02\/val-dajol-intronisations-sein-de-confrerie-taste-andouilles\/#primaryimage"},"image":{"@id":"https:\/\/vosgesinfo.fr\/remiremontinfo\/2019\/02\/val-dajol-intronisations-sein-de-confrerie-taste-andouilles\/#primaryimage"},"thumbnailUrl":"https:\/\/vosgesinfo.fr\/app\/uploads\/sites\/5\/2024\/09\/201902p1020636-scaled.jpg","datePublished":"2019-02-16T15:21:15+00:00","dateModified":"2019-02-16T15:21:15+00:00","breadcrumb":{"@id":"https:\/\/vosgesinfo.fr\/remiremontinfo\/2019\/02\/val-dajol-intronisations-sein-de-confrerie-taste-andouilles\/#breadcrumb"},"inLanguage":"fr-FR","potentialAction":[{"@type":"ReadAction","target":["https:\/\/vosgesinfo.fr\/remiremontinfo\/2019\/02\/val-dajol-intronisations-sein-de-confrerie-taste-andouilles\/"]}]},{"@type":"ImageObject","inLanguage":"fr-FR","@id":"https:\/\/vosgesinfo.fr\/remiremontinfo\/2019\/02\/val-dajol-intronisations-sein-de-confrerie-taste-andouilles\/#primaryimage","url":"https:\/\/vosgesinfo.fr\/app\/uploads\/sites\/5\/2024\/09\/201902p1020636-scaled.jpg","contentUrl":"https:\/\/vosgesinfo.fr\/app\/uploads\/sites\/5\/2024\/09\/201902p1020636-scaled.jpg","width":2560,"height":1920},{"@type":"BreadcrumbList","@id":"https:\/\/vosgesinfo.fr\/remiremontinfo\/2019\/02\/val-dajol-intronisations-sein-de-confrerie-taste-andouilles\/#breadcrumb","itemListElement":[{"@type":"ListItem","position":1,"name":"Home","item":"https:\/\/vosgesinfo.fr\/remiremontinfo\/"},{"@type":"ListItem","position":2,"name":"Le Val-d\u2019Ajol : intronisations au sein de la confr\u00e9rie des Taste-Andouilles"}]},{"@type":"WebSite","@id":"https:\/\/vosgesinfo.fr\/remiremontinfo\/#website","url":"https:\/\/vosgesinfo.fr\/remiremontinfo\/","name":"Remiremont Info","description":"Toute l&#039;actualit\u00e9 de Remiremont","publisher":{"@id":"https:\/\/vosgesinfo.fr\/remiremontinfo\/#organization"},"alternateName":"Toute l'actualit\u00e9 de Remiremont","potentialAction":[{"@type":"SearchAction","target":{"@type":"EntryPoint","urlTemplate":"https:\/\/vosgesinfo.fr\/remiremontinfo\/?s={search_term_string}"},"query-input":"required name=search_term_string"}],"inLanguage":"fr-FR"},{"@type":"Organization","@id":"https:\/\/vosgesinfo.fr\/remiremontinfo\/#organization","name":"Remiremont Info","url":"https:\/\/vosgesinfo.fr\/remiremontinfo\/","logo":{"@type":"ImageObject","inLanguage":"fr-FR","@id":"https:\/\/vosgesinfo.fr\/remiremontinfo\/#\/schema\/logo\/image\/","url":"https:\/\/vosgesinfo.fr\/app\/uploads\/sites\/5\/2023\/08\/favicon-remiremontinfo.png","contentUrl":"https:\/\/vosgesinfo.fr\/app\/uploads\/sites\/5\/2023\/08\/favicon-remiremontinfo.png","width":512,"height":512,"caption":"Remiremont Info"},"image":{"@id":"https:\/\/vosgesinfo.fr\/remiremontinfo\/#\/schema\/logo\/image\/"},"sameAs":["https:\/\/www.facebook.com\/remiremontinfo","https:\/\/x.com\/VosgesInfo88","https:\/\/www.youtube.com\/@vosgesinfo"]},{"@type":"Person","@id":"https:\/\/vosgesinfo.fr\/remiremontinfo\/#\/schema\/person\/3bfd164d5218a185b1db68655a265316","name":"C D","image":{"@type":"ImageObject","inLanguage":"fr-FR","@id":"https:\/\/vosgesinfo.fr\/remiremontinfo\/#\/schema\/person\/image\/","url":"https:\/\/secure.gravatar.com\/avatar\/1f9a70007336511a47468b8f1c66f922b8b7cf617b02a31149ada43893a5d48f?s=96&d=mm&r=g","contentUrl":"https:\/\/secure.gravatar.com\/avatar\/1f9a70007336511a47468b8f1c66f922b8b7cf617b02a31149ada43893a5d48f?s=96&d=mm&r=g","caption":"C D"},"url":"https:\/\/vosgesinfo.fr\/remiremontinfo\/author\/cedric-drevet\/"}]}},"_links":{"self":[{"href":"https:\/\/vosgesinfo.fr\/remiremontinfo\/wp-json\/wp\/v2\/posts\/10819","targetHints":{"allow":["GET"]}}],"collection":[{"href":"https:\/\/vosgesinfo.fr\/remiremontinfo\/wp-json\/wp\/v2\/posts"}],"about":[{"href":"https:\/\/vosgesinfo.fr\/remiremontinfo\/wp-json\/wp\/v2\/types\/post"}],"author":[{"embeddable":true,"href":"https:\/\/vosgesinfo.fr\/remiremontinfo\/wp-json\/wp\/v2\/users\/407"}],"replies":[{"embeddable":true,"href":"https:\/\/vosgesinfo.fr\/remiremontinfo\/wp-json\/wp\/v2\/comments?post=10819"}],"version-history":[{"count":0,"href":"https:\/\/vosgesinfo.fr\/remiremontinfo\/wp-json\/wp\/v2\/posts\/10819\/revisions"}],"wp:featuredmedia":[{"embeddable":true,"href":"https:\/\/vosgesinfo.fr\/remiremontinfo\/wp-json\/wp\/v2\/media\/10820"}],"wp:attachment":[{"href":"https:\/\/vosgesinfo.fr\/remiremontinfo\/wp-json\/wp\/v2\/media?parent=10819"}],"wp:term":[{"taxonomy":"category","embeddable":true,"href":"https:\/\/vosgesinfo.fr\/remiremontinfo\/wp-json\/wp\/v2\/categories?post=10819"},{"taxonomy":"post_tag","embeddable":true,"href":"https:\/\/vosgesinfo.fr\/remiremontinfo\/wp-json\/wp\/v2\/tags?post=10819"}],"curies":[{"name":"wp","href":"https:\/\/api.w.org\/{rel}","templated":true}]}}