{"id":10857,"date":"2019-02-17T07:49:52","date_gmt":"2019-02-17T06:49:52","guid":{"rendered":"https:\/\/vosgesinfo.fr\/remiremontinfo\/2019\/02\/petanque-pierre-galmiche-frederic-moeckes-vainqueurs-8eme-souvenir-armelle-richard\/"},"modified":"2019-02-17T07:49:52","modified_gmt":"2019-02-17T06:49:52","slug":"petanque-pierre-galmiche-frederic-moeckes-vainqueurs-8eme-souvenir-armelle-richard","status":"publish","type":"post","link":"https:\/\/vosgesinfo.fr\/remiremontinfo\/2019\/02\/petanque-pierre-galmiche-frederic-moeckes-vainqueurs-8eme-souvenir-armelle-richard\/","title":{"rendered":"P\u00e9tanque : Pierre Galmiche et Fr\u00e9d\u00e9ric Moeckes vainqueurs du \u00ab 8\u00e8me Souvenir Armelle Richard\u00a0\u00bb"},"content":{"rendered":"<h2><a href=\"\/2019\/02\/DSCF2812.jpg\"><img decoding=\"async\" class=\"alignnone wp-image-253511 size-large\" src=\"\/2019\/02\/DSCF2812-1024x768.jpg\" alt=\"DSCF2812\" width=\"960\" height=\"720\" \/><\/a><\/h2>\n<h2><span style=\"font-size: 12pt;\"><strong>Voici le classement du 8\u00e8me concours de p\u00e9tanque sur invitation 8 Doublettes \u2013 \u00ab 8\u00e8me Souvenir Armelle RICHARD\u00a0\u00bb organis\u00e9 par le G.C.L. le Samedi 16 F\u00e9vrier au Boulodrome couvert du centre d\u2019activit\u00e9s 46. Rue de la Chaume.<\/strong><\/span><\/h2>\n<p><span class=\"s1\" style=\"font-size: 12pt;\">1er)\u00a0\u00a0\u00a0\u00a0\u00a0 Pierre GALMICHE &#8211; Fr\u00e9d\u00e9ric MOECKES (GOLBEY)<\/span><\/p>\n<p><span class=\"s1\" style=\"font-size: 12pt;\">2\u00e8me)\u00a0 Gilles BEGIN &#8211; Thierry GALMICHE (LA BRESSE)<\/span><\/p>\n<p><span class=\"s1\" style=\"font-size: 12pt;\">3\u00e8me)\u00a0 Brigitte RAMPAZZO &#8211; G\u00e9rard COMTE (GCL)<\/span><\/p>\n<p><span class=\"s1\" style=\"font-size: 12pt;\">4\u00e8me)\u00a0 Luc HOLVECK &#8211; Ren\u00e9 STOECKLIN (LA BRESSE)<\/span><\/p>\n<p><span class=\"s1\" style=\"font-size: 12pt;\">5\u00e8me)\u00a0 Maurice CONESSA &#8211; Paul SONET (LUXEUIL)<\/span><\/p>\n<p><span class=\"s1\" style=\"font-size: 12pt;\">6\u00e8me)\u00a0 Franck SCHUTZ &#8211; Philippe RIBLET (GCL)\u00a0<\/span><\/p>\n<p><span class=\"s1\" style=\"font-size: 12pt;\">7\u00e8me)\u00a0 Ir\u00e8ne OUDOT &#8211; Bruno ROTA (GCL)<\/span><\/p>\n<p><span class=\"s1\" style=\"font-size: 12pt;\">8\u00e8me)\u00a0\u00a0Delphine GALMICHE &#8211; Ma\u00eblys MOECKES (GOLBEY)<\/span><\/p>\n<p>&nbsp;<\/p>\n<p><a href=\"\/2019\/02\/DSCF2814.jpg\"><img decoding=\"async\" class=\"aligncenter wp-image-253512 size-large\" src=\"\/2019\/02\/DSCF2814-1024x768.jpg\" alt=\"DSCF2814\" width=\"960\" height=\"720\" \/><\/a><\/p>\n<p>&nbsp;<\/p>\n<p><span class=\"s2\" style=\"font-size: 12pt;\">CONCOURS HIVERNAUX GCL SUR INVITATIONS 2018-2019 <\/span><\/p>\n<p><span class=\"s1\" style=\"font-size: 12pt;\">CONCOURS DE PETANQUE EN DOUBLETTES FORMEES HOMOGENES 14H <\/span><\/p>\n<p><span class=\"s1\" style=\"font-size: 12pt;\">INSCRIPTIONS A L&rsquo;AVANCE (limit\u00e9s \u00e0 8 \u00e9quipes) <\/span><\/p>\n<p><span class=\"s1\" style=\"font-size: 12pt;\">jp.rampazzo49@orange.fr ou 06 76 24 37 67 <\/span><\/p>\n<p><span class=\"s1\" style=\"font-size: 12pt;\">* SAMEDI 2 MARS 2019 SOUVENIR Gilbert VERNIER<\/span><\/p>\n<p>&nbsp;<\/p>\n<p>&nbsp;<\/p>\n","protected":false},"excerpt":{"rendered":"<p>Voici le classement du 8\u00e8me concours de p\u00e9tanque sur invitation 8 Doublettes \u2013 \u00ab 8\u00e8me Souvenir Armelle RICHARD\u00a0\u00bb organis\u00e9 par [&hellip;]<\/p>\n","protected":false},"author":407,"featured_media":10858,"comment_status":"open","ping_status":"open","sticky":false,"template":"","format":"standard","meta":{"footnotes":""},"categories":[26,14],"tags":[],"class_list":["post-10857","post","type-post","status-publish","format-standard","has-post-thumbnail","hentry","category-a-la-une","category-sport"],"acf":[],"yoast_head":"<!-- This site is optimized with the Yoast SEO plugin v22.5 - https:\/\/yoast.com\/wordpress\/plugins\/seo\/ -->\n<title>P\u00e9tanque : Pierre Galmiche et Fr\u00e9d\u00e9ric Moeckes vainqueurs du \u00ab 8\u00e8me Souvenir Armelle Richard\u00a0\u00bb - Remiremont Info<\/title>\n<meta name=\"robots\" content=\"index, follow, max-snippet:-1, max-image-preview:large, max-video-preview:-1\" \/>\n<link rel=\"canonical\" href=\"https:\/\/vosgesinfo.fr\/remiremontinfo\/2019\/02\/petanque-pierre-galmiche-frederic-moeckes-vainqueurs-8eme-souvenir-armelle-richard\/\" \/>\n<meta name=\"twitter:card\" content=\"summary_large_image\" \/>\n<meta name=\"twitter:title\" content=\"P\u00e9tanque : Pierre Galmiche et Fr\u00e9d\u00e9ric Moeckes vainqueurs du \u00ab 8\u00e8me Souvenir Armelle Richard\u00a0\u00bb - Remiremont Info\" \/>\n<meta name=\"twitter:description\" content=\"Voici le classement du 8\u00e8me concours de p\u00e9tanque sur invitation 8 Doublettes \u2013 \u00ab 8\u00e8me Souvenir Armelle RICHARD\u00a0\u00bb organis\u00e9 par [&hellip;]\" \/>\n<meta name=\"twitter:image\" content=\"https:\/\/vosgesinfo.fr\/app\/uploads\/sites\/5\/2024\/09\/201902dscf2812-scaled.jpg\" \/>\n<meta name=\"twitter:creator\" content=\"@VosgesInfo88\" \/>\n<meta name=\"twitter:site\" content=\"@VosgesInfo88\" \/>\n<meta name=\"twitter:label1\" content=\"\u00c9crit par\" \/>\n\t<meta name=\"twitter:data1\" content=\"C D\" \/>\n\t<meta name=\"twitter:label2\" content=\"Dur\u00e9e de lecture estim\u00e9e\" \/>\n\t<meta name=\"twitter:data2\" content=\"1 minute\" \/>\n<script type=\"application\/ld+json\" class=\"yoast-schema-graph\">{\"@context\":\"https:\/\/schema.org\",\"@graph\":[{\"@type\":\"Article\",\"@id\":\"https:\/\/vosgesinfo.fr\/remiremontinfo\/2019\/02\/petanque-pierre-galmiche-frederic-moeckes-vainqueurs-8eme-souvenir-armelle-richard\/#article\",\"isPartOf\":{\"@id\":\"https:\/\/vosgesinfo.fr\/remiremontinfo\/2019\/02\/petanque-pierre-galmiche-frederic-moeckes-vainqueurs-8eme-souvenir-armelle-richard\/\"},\"author\":{\"name\":\"C D\",\"@id\":\"https:\/\/vosgesinfo.fr\/remiremontinfo\/#\/schema\/person\/3bfd164d5218a185b1db68655a265316\"},\"headline\":\"P\u00e9tanque : Pierre Galmiche et Fr\u00e9d\u00e9ric Moeckes vainqueurs du \u00ab 8\u00e8me Souvenir Armelle Richard\u00a0\u00bb\",\"datePublished\":\"2019-02-17T06:49:52+00:00\",\"dateModified\":\"2019-02-17T06:49:52+00:00\",\"mainEntityOfPage\":{\"@id\":\"https:\/\/vosgesinfo.fr\/remiremontinfo\/2019\/02\/petanque-pierre-galmiche-frederic-moeckes-vainqueurs-8eme-souvenir-armelle-richard\/\"},\"wordCount\":151,\"commentCount\":0,\"publisher\":{\"@id\":\"https:\/\/vosgesinfo.fr\/remiremontinfo\/#organization\"},\"image\":{\"@id\":\"https:\/\/vosgesinfo.fr\/remiremontinfo\/2019\/02\/petanque-pierre-galmiche-frederic-moeckes-vainqueurs-8eme-souvenir-armelle-richard\/#primaryimage\"},\"thumbnailUrl\":\"https:\/\/vosgesinfo.fr\/app\/uploads\/sites\/5\/2024\/09\/201902dscf2812-scaled.jpg\",\"articleSection\":[\"A la Une\",\"Sport\"],\"inLanguage\":\"fr-FR\",\"potentialAction\":[{\"@type\":\"CommentAction\",\"name\":\"Comment\",\"target\":[\"https:\/\/vosgesinfo.fr\/remiremontinfo\/2019\/02\/petanque-pierre-galmiche-frederic-moeckes-vainqueurs-8eme-souvenir-armelle-richard\/#respond\"]}]},{\"@type\":\"WebPage\",\"@id\":\"https:\/\/vosgesinfo.fr\/remiremontinfo\/2019\/02\/petanque-pierre-galmiche-frederic-moeckes-vainqueurs-8eme-souvenir-armelle-richard\/\",\"url\":\"https:\/\/vosgesinfo.fr\/remiremontinfo\/2019\/02\/petanque-pierre-galmiche-frederic-moeckes-vainqueurs-8eme-souvenir-armelle-richard\/\",\"name\":\"P\u00e9tanque : Pierre Galmiche et Fr\u00e9d\u00e9ric Moeckes vainqueurs du \u00ab 8\u00e8me Souvenir Armelle Richard\u00a0\u00bb - Remiremont Info\",\"isPartOf\":{\"@id\":\"https:\/\/vosgesinfo.fr\/remiremontinfo\/#website\"},\"primaryImageOfPage\":{\"@id\":\"https:\/\/vosgesinfo.fr\/remiremontinfo\/2019\/02\/petanque-pierre-galmiche-frederic-moeckes-vainqueurs-8eme-souvenir-armelle-richard\/#primaryimage\"},\"image\":{\"@id\":\"https:\/\/vosgesinfo.fr\/remiremontinfo\/2019\/02\/petanque-pierre-galmiche-frederic-moeckes-vainqueurs-8eme-souvenir-armelle-richard\/#primaryimage\"},\"thumbnailUrl\":\"https:\/\/vosgesinfo.fr\/app\/uploads\/sites\/5\/2024\/09\/201902dscf2812-scaled.jpg\",\"datePublished\":\"2019-02-17T06:49:52+00:00\",\"dateModified\":\"2019-02-17T06:49:52+00:00\",\"breadcrumb\":{\"@id\":\"https:\/\/vosgesinfo.fr\/remiremontinfo\/2019\/02\/petanque-pierre-galmiche-frederic-moeckes-vainqueurs-8eme-souvenir-armelle-richard\/#breadcrumb\"},\"inLanguage\":\"fr-FR\",\"potentialAction\":[{\"@type\":\"ReadAction\",\"target\":[\"https:\/\/vosgesinfo.fr\/remiremontinfo\/2019\/02\/petanque-pierre-galmiche-frederic-moeckes-vainqueurs-8eme-souvenir-armelle-richard\/\"]}]},{\"@type\":\"ImageObject\",\"inLanguage\":\"fr-FR\",\"@id\":\"https:\/\/vosgesinfo.fr\/remiremontinfo\/2019\/02\/petanque-pierre-galmiche-frederic-moeckes-vainqueurs-8eme-souvenir-armelle-richard\/#primaryimage\",\"url\":\"https:\/\/vosgesinfo.fr\/app\/uploads\/sites\/5\/2024\/09\/201902dscf2812-scaled.jpg\",\"contentUrl\":\"https:\/\/vosgesinfo.fr\/app\/uploads\/sites\/5\/2024\/09\/201902dscf2812-scaled.jpg\",\"width\":2560,\"height\":1920},{\"@type\":\"BreadcrumbList\",\"@id\":\"https:\/\/vosgesinfo.fr\/remiremontinfo\/2019\/02\/petanque-pierre-galmiche-frederic-moeckes-vainqueurs-8eme-souvenir-armelle-richard\/#breadcrumb\",\"itemListElement\":[{\"@type\":\"ListItem\",\"position\":1,\"name\":\"Home\",\"item\":\"https:\/\/vosgesinfo.fr\/remiremontinfo\/\"},{\"@type\":\"ListItem\",\"position\":2,\"name\":\"P\u00e9tanque : Pierre Galmiche et Fr\u00e9d\u00e9ric Moeckes vainqueurs du \u00ab 8\u00e8me Souvenir Armelle Richard\u00a0\u00bb\"}]},{\"@type\":\"WebSite\",\"@id\":\"https:\/\/vosgesinfo.fr\/remiremontinfo\/#website\",\"url\":\"https:\/\/vosgesinfo.fr\/remiremontinfo\/\",\"name\":\"Remiremont Info\",\"description\":\"Toute l&#039;actualit\u00e9 de Remiremont\",\"publisher\":{\"@id\":\"https:\/\/vosgesinfo.fr\/remiremontinfo\/#organization\"},\"alternateName\":\"Toute l'actualit\u00e9 de Remiremont\",\"potentialAction\":[{\"@type\":\"SearchAction\",\"target\":{\"@type\":\"EntryPoint\",\"urlTemplate\":\"https:\/\/vosgesinfo.fr\/remiremontinfo\/?s={search_term_string}\"},\"query-input\":\"required name=search_term_string\"}],\"inLanguage\":\"fr-FR\"},{\"@type\":\"Organization\",\"@id\":\"https:\/\/vosgesinfo.fr\/remiremontinfo\/#organization\",\"name\":\"Remiremont Info\",\"url\":\"https:\/\/vosgesinfo.fr\/remiremontinfo\/\",\"logo\":{\"@type\":\"ImageObject\",\"inLanguage\":\"fr-FR\",\"@id\":\"https:\/\/vosgesinfo.fr\/remiremontinfo\/#\/schema\/logo\/image\/\",\"url\":\"https:\/\/vosgesinfo.fr\/app\/uploads\/sites\/5\/2023\/08\/favicon-remiremontinfo.png\",\"contentUrl\":\"https:\/\/vosgesinfo.fr\/app\/uploads\/sites\/5\/2023\/08\/favicon-remiremontinfo.png\",\"width\":512,\"height\":512,\"caption\":\"Remiremont Info\"},\"image\":{\"@id\":\"https:\/\/vosgesinfo.fr\/remiremontinfo\/#\/schema\/logo\/image\/\"},\"sameAs\":[\"https:\/\/www.facebook.com\/remiremontinfo\",\"https:\/\/x.com\/VosgesInfo88\",\"https:\/\/www.youtube.com\/@vosgesinfo\"]},{\"@type\":\"Person\",\"@id\":\"https:\/\/vosgesinfo.fr\/remiremontinfo\/#\/schema\/person\/3bfd164d5218a185b1db68655a265316\",\"name\":\"C D\",\"image\":{\"@type\":\"ImageObject\",\"inLanguage\":\"fr-FR\",\"@id\":\"https:\/\/vosgesinfo.fr\/remiremontinfo\/#\/schema\/person\/image\/\",\"url\":\"https:\/\/secure.gravatar.com\/avatar\/1f9a70007336511a47468b8f1c66f922b8b7cf617b02a31149ada43893a5d48f?s=96&d=mm&r=g\",\"contentUrl\":\"https:\/\/secure.gravatar.com\/avatar\/1f9a70007336511a47468b8f1c66f922b8b7cf617b02a31149ada43893a5d48f?s=96&d=mm&r=g\",\"caption\":\"C D\"},\"url\":\"https:\/\/vosgesinfo.fr\/remiremontinfo\/author\/cedric-drevet\/\"}]}<\/script>\n<!-- \/ Yoast SEO plugin. -->","yoast_head_json":{"title":"P\u00e9tanque : Pierre Galmiche et Fr\u00e9d\u00e9ric Moeckes vainqueurs du \u00ab 8\u00e8me Souvenir Armelle Richard\u00a0\u00bb - Remiremont Info","robots":{"index":"index","follow":"follow","max-snippet":"max-snippet:-1","max-image-preview":"max-image-preview:large","max-video-preview":"max-video-preview:-1"},"canonical":"https:\/\/vosgesinfo.fr\/remiremontinfo\/2019\/02\/petanque-pierre-galmiche-frederic-moeckes-vainqueurs-8eme-souvenir-armelle-richard\/","twitter_card":"summary_large_image","twitter_title":"P\u00e9tanque : Pierre Galmiche et Fr\u00e9d\u00e9ric Moeckes vainqueurs du \u00ab 8\u00e8me Souvenir Armelle Richard\u00a0\u00bb - Remiremont Info","twitter_description":"Voici le classement du 8\u00e8me concours de p\u00e9tanque sur invitation 8 Doublettes \u2013 \u00ab 8\u00e8me Souvenir Armelle RICHARD\u00a0\u00bb organis\u00e9 par [&hellip;]","twitter_image":"https:\/\/vosgesinfo.fr\/app\/uploads\/sites\/5\/2024\/09\/201902dscf2812-scaled.jpg","twitter_creator":"@VosgesInfo88","twitter_site":"@VosgesInfo88","twitter_misc":{"\u00c9crit par":"C D","Dur\u00e9e de lecture estim\u00e9e":"1 minute"},"schema":{"@context":"https:\/\/schema.org","@graph":[{"@type":"Article","@id":"https:\/\/vosgesinfo.fr\/remiremontinfo\/2019\/02\/petanque-pierre-galmiche-frederic-moeckes-vainqueurs-8eme-souvenir-armelle-richard\/#article","isPartOf":{"@id":"https:\/\/vosgesinfo.fr\/remiremontinfo\/2019\/02\/petanque-pierre-galmiche-frederic-moeckes-vainqueurs-8eme-souvenir-armelle-richard\/"},"author":{"name":"C D","@id":"https:\/\/vosgesinfo.fr\/remiremontinfo\/#\/schema\/person\/3bfd164d5218a185b1db68655a265316"},"headline":"P\u00e9tanque : Pierre Galmiche et Fr\u00e9d\u00e9ric Moeckes vainqueurs du \u00ab 8\u00e8me Souvenir Armelle Richard\u00a0\u00bb","datePublished":"2019-02-17T06:49:52+00:00","dateModified":"2019-02-17T06:49:52+00:00","mainEntityOfPage":{"@id":"https:\/\/vosgesinfo.fr\/remiremontinfo\/2019\/02\/petanque-pierre-galmiche-frederic-moeckes-vainqueurs-8eme-souvenir-armelle-richard\/"},"wordCount":151,"commentCount":0,"publisher":{"@id":"https:\/\/vosgesinfo.fr\/remiremontinfo\/#organization"},"image":{"@id":"https:\/\/vosgesinfo.fr\/remiremontinfo\/2019\/02\/petanque-pierre-galmiche-frederic-moeckes-vainqueurs-8eme-souvenir-armelle-richard\/#primaryimage"},"thumbnailUrl":"https:\/\/vosgesinfo.fr\/app\/uploads\/sites\/5\/2024\/09\/201902dscf2812-scaled.jpg","articleSection":["A la Une","Sport"],"inLanguage":"fr-FR","potentialAction":[{"@type":"CommentAction","name":"Comment","target":["https:\/\/vosgesinfo.fr\/remiremontinfo\/2019\/02\/petanque-pierre-galmiche-frederic-moeckes-vainqueurs-8eme-souvenir-armelle-richard\/#respond"]}]},{"@type":"WebPage","@id":"https:\/\/vosgesinfo.fr\/remiremontinfo\/2019\/02\/petanque-pierre-galmiche-frederic-moeckes-vainqueurs-8eme-souvenir-armelle-richard\/","url":"https:\/\/vosgesinfo.fr\/remiremontinfo\/2019\/02\/petanque-pierre-galmiche-frederic-moeckes-vainqueurs-8eme-souvenir-armelle-richard\/","name":"P\u00e9tanque : Pierre Galmiche et Fr\u00e9d\u00e9ric Moeckes vainqueurs du \u00ab 8\u00e8me Souvenir Armelle Richard\u00a0\u00bb - Remiremont Info","isPartOf":{"@id":"https:\/\/vosgesinfo.fr\/remiremontinfo\/#website"},"primaryImageOfPage":{"@id":"https:\/\/vosgesinfo.fr\/remiremontinfo\/2019\/02\/petanque-pierre-galmiche-frederic-moeckes-vainqueurs-8eme-souvenir-armelle-richard\/#primaryimage"},"image":{"@id":"https:\/\/vosgesinfo.fr\/remiremontinfo\/2019\/02\/petanque-pierre-galmiche-frederic-moeckes-vainqueurs-8eme-souvenir-armelle-richard\/#primaryimage"},"thumbnailUrl":"https:\/\/vosgesinfo.fr\/app\/uploads\/sites\/5\/2024\/09\/201902dscf2812-scaled.jpg","datePublished":"2019-02-17T06:49:52+00:00","dateModified":"2019-02-17T06:49:52+00:00","breadcrumb":{"@id":"https:\/\/vosgesinfo.fr\/remiremontinfo\/2019\/02\/petanque-pierre-galmiche-frederic-moeckes-vainqueurs-8eme-souvenir-armelle-richard\/#breadcrumb"},"inLanguage":"fr-FR","potentialAction":[{"@type":"ReadAction","target":["https:\/\/vosgesinfo.fr\/remiremontinfo\/2019\/02\/petanque-pierre-galmiche-frederic-moeckes-vainqueurs-8eme-souvenir-armelle-richard\/"]}]},{"@type":"ImageObject","inLanguage":"fr-FR","@id":"https:\/\/vosgesinfo.fr\/remiremontinfo\/2019\/02\/petanque-pierre-galmiche-frederic-moeckes-vainqueurs-8eme-souvenir-armelle-richard\/#primaryimage","url":"https:\/\/vosgesinfo.fr\/app\/uploads\/sites\/5\/2024\/09\/201902dscf2812-scaled.jpg","contentUrl":"https:\/\/vosgesinfo.fr\/app\/uploads\/sites\/5\/2024\/09\/201902dscf2812-scaled.jpg","width":2560,"height":1920},{"@type":"BreadcrumbList","@id":"https:\/\/vosgesinfo.fr\/remiremontinfo\/2019\/02\/petanque-pierre-galmiche-frederic-moeckes-vainqueurs-8eme-souvenir-armelle-richard\/#breadcrumb","itemListElement":[{"@type":"ListItem","position":1,"name":"Home","item":"https:\/\/vosgesinfo.fr\/remiremontinfo\/"},{"@type":"ListItem","position":2,"name":"P\u00e9tanque : Pierre Galmiche et Fr\u00e9d\u00e9ric Moeckes vainqueurs du \u00ab 8\u00e8me Souvenir Armelle Richard\u00a0\u00bb"}]},{"@type":"WebSite","@id":"https:\/\/vosgesinfo.fr\/remiremontinfo\/#website","url":"https:\/\/vosgesinfo.fr\/remiremontinfo\/","name":"Remiremont Info","description":"Toute l&#039;actualit\u00e9 de Remiremont","publisher":{"@id":"https:\/\/vosgesinfo.fr\/remiremontinfo\/#organization"},"alternateName":"Toute l'actualit\u00e9 de Remiremont","potentialAction":[{"@type":"SearchAction","target":{"@type":"EntryPoint","urlTemplate":"https:\/\/vosgesinfo.fr\/remiremontinfo\/?s={search_term_string}"},"query-input":"required name=search_term_string"}],"inLanguage":"fr-FR"},{"@type":"Organization","@id":"https:\/\/vosgesinfo.fr\/remiremontinfo\/#organization","name":"Remiremont Info","url":"https:\/\/vosgesinfo.fr\/remiremontinfo\/","logo":{"@type":"ImageObject","inLanguage":"fr-FR","@id":"https:\/\/vosgesinfo.fr\/remiremontinfo\/#\/schema\/logo\/image\/","url":"https:\/\/vosgesinfo.fr\/app\/uploads\/sites\/5\/2023\/08\/favicon-remiremontinfo.png","contentUrl":"https:\/\/vosgesinfo.fr\/app\/uploads\/sites\/5\/2023\/08\/favicon-remiremontinfo.png","width":512,"height":512,"caption":"Remiremont Info"},"image":{"@id":"https:\/\/vosgesinfo.fr\/remiremontinfo\/#\/schema\/logo\/image\/"},"sameAs":["https:\/\/www.facebook.com\/remiremontinfo","https:\/\/x.com\/VosgesInfo88","https:\/\/www.youtube.com\/@vosgesinfo"]},{"@type":"Person","@id":"https:\/\/vosgesinfo.fr\/remiremontinfo\/#\/schema\/person\/3bfd164d5218a185b1db68655a265316","name":"C D","image":{"@type":"ImageObject","inLanguage":"fr-FR","@id":"https:\/\/vosgesinfo.fr\/remiremontinfo\/#\/schema\/person\/image\/","url":"https:\/\/secure.gravatar.com\/avatar\/1f9a70007336511a47468b8f1c66f922b8b7cf617b02a31149ada43893a5d48f?s=96&d=mm&r=g","contentUrl":"https:\/\/secure.gravatar.com\/avatar\/1f9a70007336511a47468b8f1c66f922b8b7cf617b02a31149ada43893a5d48f?s=96&d=mm&r=g","caption":"C D"},"url":"https:\/\/vosgesinfo.fr\/remiremontinfo\/author\/cedric-drevet\/"}]}},"_links":{"self":[{"href":"https:\/\/vosgesinfo.fr\/remiremontinfo\/wp-json\/wp\/v2\/posts\/10857","targetHints":{"allow":["GET"]}}],"collection":[{"href":"https:\/\/vosgesinfo.fr\/remiremontinfo\/wp-json\/wp\/v2\/posts"}],"about":[{"href":"https:\/\/vosgesinfo.fr\/remiremontinfo\/wp-json\/wp\/v2\/types\/post"}],"author":[{"embeddable":true,"href":"https:\/\/vosgesinfo.fr\/remiremontinfo\/wp-json\/wp\/v2\/users\/407"}],"replies":[{"embeddable":true,"href":"https:\/\/vosgesinfo.fr\/remiremontinfo\/wp-json\/wp\/v2\/comments?post=10857"}],"version-history":[{"count":0,"href":"https:\/\/vosgesinfo.fr\/remiremontinfo\/wp-json\/wp\/v2\/posts\/10857\/revisions"}],"wp:featuredmedia":[{"embeddable":true,"href":"https:\/\/vosgesinfo.fr\/remiremontinfo\/wp-json\/wp\/v2\/media\/10858"}],"wp:attachment":[{"href":"https:\/\/vosgesinfo.fr\/remiremontinfo\/wp-json\/wp\/v2\/media?parent=10857"}],"wp:term":[{"taxonomy":"category","embeddable":true,"href":"https:\/\/vosgesinfo.fr\/remiremontinfo\/wp-json\/wp\/v2\/categories?post=10857"},{"taxonomy":"post_tag","embeddable":true,"href":"https:\/\/vosgesinfo.fr\/remiremontinfo\/wp-json\/wp\/v2\/tags?post=10857"}],"curies":[{"name":"wp","href":"https:\/\/api.w.org\/{rel}","templated":true}]}}