{"id":10866,"date":"2019-02-17T11:09:02","date_gmt":"2019-02-17T10:09:02","guid":{"rendered":"https:\/\/vosgesinfo.fr\/remiremontinfo\/2019\/02\/gilets-jaunes-rassemblement-a-epinal-hommage-aux-blesses-aux-morts-mouvement\/"},"modified":"2019-02-17T11:09:02","modified_gmt":"2019-02-17T10:09:02","slug":"gilets-jaunes-rassemblement-a-epinal-hommage-aux-blesses-aux-morts-mouvement","status":"publish","type":"post","link":"https:\/\/vosgesinfo.fr\/remiremontinfo\/2019\/02\/gilets-jaunes-rassemblement-a-epinal-hommage-aux-blesses-aux-morts-mouvement\/","title":{"rendered":"Gilets Jaunes &#8211; rassemblement \u00e0 Epinal en hommage aux bless\u00e9s et aux morts du mouvement"},"content":{"rendered":"<h2><a href=\"\/2019\/02\/Capture-d\u2019e\u0301cran-2019-02-17-a\u0300-12.05.40-e1550401669603.png\"><img decoding=\"async\" class=\"alignnone size-full wp-image-253527\" src=\"\/2019\/02\/Capture-d\u2019e\u0301cran-2019-02-17-a\u0300-12.05.40-e1550401669603.png\" alt=\"Capture d\u2019e\u0301cran 2019-02-17 a\u0300 12.05.40\" width=\"1500\" height=\"925\" \/><\/a><span style=\"font-size: 12pt;\"><strong>Les gilets jaunes du d\u00e9partement se rassembleront ce dimanche \u00e0 16 heures sur la place des 4 nations \u00e0 Epinal. Ils allumeront des bougies en hommage aux bless\u00e9s et aux morts du mouvement.<\/strong><\/span><\/h2>\n","protected":false},"excerpt":{"rendered":"<p>Les gilets jaunes du d\u00e9partement se rassembleront ce dimanche \u00e0 16 heures sur la place des 4 nations \u00e0 Epinal. [&hellip;]<\/p>\n","protected":false},"author":407,"featured_media":10867,"comment_status":"open","ping_status":"open","sticky":false,"template":"","format":"standard","meta":{"footnotes":""},"categories":[26,10,18],"tags":[1598,288,1796,32],"class_list":["post-10866","post","type-post","status-publish","format-standard","has-post-thumbnail","hentry","category-a-la-une","category-politique","category-vosges","tag-gilets-jaunes","tag-hommage","tag-rassemblement","tag-vosges"],"acf":[],"yoast_head":"<!-- This site is optimized with the Yoast SEO plugin v22.5 - https:\/\/yoast.com\/wordpress\/plugins\/seo\/ -->\n<title>Gilets Jaunes - rassemblement \u00e0 Epinal en hommage aux bless\u00e9s et aux morts du mouvement - Remiremont Info<\/title>\n<meta name=\"robots\" content=\"index, follow, max-snippet:-1, max-image-preview:large, max-video-preview:-1\" \/>\n<link rel=\"canonical\" href=\"https:\/\/vosgesinfo.fr\/remiremontinfo\/2019\/02\/gilets-jaunes-rassemblement-a-epinal-hommage-aux-blesses-aux-morts-mouvement\/\" \/>\n<meta name=\"twitter:card\" content=\"summary_large_image\" \/>\n<meta name=\"twitter:title\" content=\"Gilets Jaunes - rassemblement \u00e0 Epinal en hommage aux bless\u00e9s et aux morts du mouvement - Remiremont Info\" \/>\n<meta name=\"twitter:description\" content=\"Les gilets jaunes du d\u00e9partement se rassembleront ce dimanche \u00e0 16 heures sur la place des 4 nations \u00e0 Epinal. [&hellip;]\" \/>\n<meta name=\"twitter:image\" content=\"https:\/\/vosgesinfo.fr\/app\/uploads\/sites\/5\/2024\/09\/201902capture-decran-2019-02-17-a-12.05.40-e1550401669603.png\" \/>\n<meta name=\"twitter:creator\" content=\"@VosgesInfo88\" \/>\n<meta name=\"twitter:site\" content=\"@VosgesInfo88\" \/>\n<meta name=\"twitter:label1\" content=\"\u00c9crit par\" \/>\n\t<meta name=\"twitter:data1\" content=\"C D\" \/>\n<script type=\"application\/ld+json\" class=\"yoast-schema-graph\">{\"@context\":\"https:\/\/schema.org\",\"@graph\":[{\"@type\":\"Article\",\"@id\":\"https:\/\/vosgesinfo.fr\/remiremontinfo\/2019\/02\/gilets-jaunes-rassemblement-a-epinal-hommage-aux-blesses-aux-morts-mouvement\/#article\",\"isPartOf\":{\"@id\":\"https:\/\/vosgesinfo.fr\/remiremontinfo\/2019\/02\/gilets-jaunes-rassemblement-a-epinal-hommage-aux-blesses-aux-morts-mouvement\/\"},\"author\":{\"name\":\"C D\",\"@id\":\"https:\/\/vosgesinfo.fr\/remiremontinfo\/#\/schema\/person\/3bfd164d5218a185b1db68655a265316\"},\"headline\":\"Gilets Jaunes &#8211; rassemblement \u00e0 Epinal en hommage aux bless\u00e9s et aux morts du mouvement\",\"datePublished\":\"2019-02-17T10:09:02+00:00\",\"dateModified\":\"2019-02-17T10:09:02+00:00\",\"mainEntityOfPage\":{\"@id\":\"https:\/\/vosgesinfo.fr\/remiremontinfo\/2019\/02\/gilets-jaunes-rassemblement-a-epinal-hommage-aux-blesses-aux-morts-mouvement\/\"},\"wordCount\":46,\"commentCount\":0,\"publisher\":{\"@id\":\"https:\/\/vosgesinfo.fr\/remiremontinfo\/#organization\"},\"image\":{\"@id\":\"https:\/\/vosgesinfo.fr\/remiremontinfo\/2019\/02\/gilets-jaunes-rassemblement-a-epinal-hommage-aux-blesses-aux-morts-mouvement\/#primaryimage\"},\"thumbnailUrl\":\"https:\/\/vosgesinfo.fr\/app\/uploads\/sites\/5\/2024\/09\/201902capture-decran-2019-02-17-a-12.05.40-e1550401669603.png\",\"keywords\":[\"Gilets jaunes\",\"Hommage\",\"rassemblement\",\"Vosges\"],\"articleSection\":[\"A la Une\",\"Politique\",\"Vosges\"],\"inLanguage\":\"fr-FR\",\"potentialAction\":[{\"@type\":\"CommentAction\",\"name\":\"Comment\",\"target\":[\"https:\/\/vosgesinfo.fr\/remiremontinfo\/2019\/02\/gilets-jaunes-rassemblement-a-epinal-hommage-aux-blesses-aux-morts-mouvement\/#respond\"]}]},{\"@type\":\"WebPage\",\"@id\":\"https:\/\/vosgesinfo.fr\/remiremontinfo\/2019\/02\/gilets-jaunes-rassemblement-a-epinal-hommage-aux-blesses-aux-morts-mouvement\/\",\"url\":\"https:\/\/vosgesinfo.fr\/remiremontinfo\/2019\/02\/gilets-jaunes-rassemblement-a-epinal-hommage-aux-blesses-aux-morts-mouvement\/\",\"name\":\"Gilets Jaunes - rassemblement \u00e0 Epinal en hommage aux bless\u00e9s et aux morts du mouvement - Remiremont Info\",\"isPartOf\":{\"@id\":\"https:\/\/vosgesinfo.fr\/remiremontinfo\/#website\"},\"primaryImageOfPage\":{\"@id\":\"https:\/\/vosgesinfo.fr\/remiremontinfo\/2019\/02\/gilets-jaunes-rassemblement-a-epinal-hommage-aux-blesses-aux-morts-mouvement\/#primaryimage\"},\"image\":{\"@id\":\"https:\/\/vosgesinfo.fr\/remiremontinfo\/2019\/02\/gilets-jaunes-rassemblement-a-epinal-hommage-aux-blesses-aux-morts-mouvement\/#primaryimage\"},\"thumbnailUrl\":\"https:\/\/vosgesinfo.fr\/app\/uploads\/sites\/5\/2024\/09\/201902capture-decran-2019-02-17-a-12.05.40-e1550401669603.png\",\"datePublished\":\"2019-02-17T10:09:02+00:00\",\"dateModified\":\"2019-02-17T10:09:02+00:00\",\"breadcrumb\":{\"@id\":\"https:\/\/vosgesinfo.fr\/remiremontinfo\/2019\/02\/gilets-jaunes-rassemblement-a-epinal-hommage-aux-blesses-aux-morts-mouvement\/#breadcrumb\"},\"inLanguage\":\"fr-FR\",\"potentialAction\":[{\"@type\":\"ReadAction\",\"target\":[\"https:\/\/vosgesinfo.fr\/remiremontinfo\/2019\/02\/gilets-jaunes-rassemblement-a-epinal-hommage-aux-blesses-aux-morts-mouvement\/\"]}]},{\"@type\":\"ImageObject\",\"inLanguage\":\"fr-FR\",\"@id\":\"https:\/\/vosgesinfo.fr\/remiremontinfo\/2019\/02\/gilets-jaunes-rassemblement-a-epinal-hommage-aux-blesses-aux-morts-mouvement\/#primaryimage\",\"url\":\"https:\/\/vosgesinfo.fr\/app\/uploads\/sites\/5\/2024\/09\/201902capture-decran-2019-02-17-a-12.05.40-e1550401669603.png\",\"contentUrl\":\"https:\/\/vosgesinfo.fr\/app\/uploads\/sites\/5\/2024\/09\/201902capture-decran-2019-02-17-a-12.05.40-e1550401669603.png\",\"width\":1500,\"height\":925},{\"@type\":\"BreadcrumbList\",\"@id\":\"https:\/\/vosgesinfo.fr\/remiremontinfo\/2019\/02\/gilets-jaunes-rassemblement-a-epinal-hommage-aux-blesses-aux-morts-mouvement\/#breadcrumb\",\"itemListElement\":[{\"@type\":\"ListItem\",\"position\":1,\"name\":\"Home\",\"item\":\"https:\/\/vosgesinfo.fr\/remiremontinfo\/\"},{\"@type\":\"ListItem\",\"position\":2,\"name\":\"Gilets Jaunes &#8211; rassemblement \u00e0 Epinal en hommage aux bless\u00e9s et aux morts du mouvement\"}]},{\"@type\":\"WebSite\",\"@id\":\"https:\/\/vosgesinfo.fr\/remiremontinfo\/#website\",\"url\":\"https:\/\/vosgesinfo.fr\/remiremontinfo\/\",\"name\":\"Remiremont Info\",\"description\":\"Toute l&#039;actualit\u00e9 de Remiremont\",\"publisher\":{\"@id\":\"https:\/\/vosgesinfo.fr\/remiremontinfo\/#organization\"},\"alternateName\":\"Toute l'actualit\u00e9 de Remiremont\",\"potentialAction\":[{\"@type\":\"SearchAction\",\"target\":{\"@type\":\"EntryPoint\",\"urlTemplate\":\"https:\/\/vosgesinfo.fr\/remiremontinfo\/?s={search_term_string}\"},\"query-input\":\"required name=search_term_string\"}],\"inLanguage\":\"fr-FR\"},{\"@type\":\"Organization\",\"@id\":\"https:\/\/vosgesinfo.fr\/remiremontinfo\/#organization\",\"name\":\"Remiremont Info\",\"url\":\"https:\/\/vosgesinfo.fr\/remiremontinfo\/\",\"logo\":{\"@type\":\"ImageObject\",\"inLanguage\":\"fr-FR\",\"@id\":\"https:\/\/vosgesinfo.fr\/remiremontinfo\/#\/schema\/logo\/image\/\",\"url\":\"https:\/\/vosgesinfo.fr\/app\/uploads\/sites\/5\/2023\/08\/favicon-remiremontinfo.png\",\"contentUrl\":\"https:\/\/vosgesinfo.fr\/app\/uploads\/sites\/5\/2023\/08\/favicon-remiremontinfo.png\",\"width\":512,\"height\":512,\"caption\":\"Remiremont Info\"},\"image\":{\"@id\":\"https:\/\/vosgesinfo.fr\/remiremontinfo\/#\/schema\/logo\/image\/\"},\"sameAs\":[\"https:\/\/www.facebook.com\/remiremontinfo\",\"https:\/\/x.com\/VosgesInfo88\",\"https:\/\/www.youtube.com\/@vosgesinfo\"]},{\"@type\":\"Person\",\"@id\":\"https:\/\/vosgesinfo.fr\/remiremontinfo\/#\/schema\/person\/3bfd164d5218a185b1db68655a265316\",\"name\":\"C D\",\"image\":{\"@type\":\"ImageObject\",\"inLanguage\":\"fr-FR\",\"@id\":\"https:\/\/vosgesinfo.fr\/remiremontinfo\/#\/schema\/person\/image\/\",\"url\":\"https:\/\/secure.gravatar.com\/avatar\/1f9a70007336511a47468b8f1c66f922b8b7cf617b02a31149ada43893a5d48f?s=96&d=mm&r=g\",\"contentUrl\":\"https:\/\/secure.gravatar.com\/avatar\/1f9a70007336511a47468b8f1c66f922b8b7cf617b02a31149ada43893a5d48f?s=96&d=mm&r=g\",\"caption\":\"C D\"},\"url\":\"https:\/\/vosgesinfo.fr\/remiremontinfo\/author\/cedric-drevet\/\"}]}<\/script>\n<!-- \/ Yoast SEO plugin. -->","yoast_head_json":{"title":"Gilets Jaunes - rassemblement \u00e0 Epinal en hommage aux bless\u00e9s et aux morts du mouvement - Remiremont Info","robots":{"index":"index","follow":"follow","max-snippet":"max-snippet:-1","max-image-preview":"max-image-preview:large","max-video-preview":"max-video-preview:-1"},"canonical":"https:\/\/vosgesinfo.fr\/remiremontinfo\/2019\/02\/gilets-jaunes-rassemblement-a-epinal-hommage-aux-blesses-aux-morts-mouvement\/","twitter_card":"summary_large_image","twitter_title":"Gilets Jaunes - rassemblement \u00e0 Epinal en hommage aux bless\u00e9s et aux morts du mouvement - Remiremont Info","twitter_description":"Les gilets jaunes du d\u00e9partement se rassembleront ce dimanche \u00e0 16 heures sur la place des 4 nations \u00e0 Epinal. [&hellip;]","twitter_image":"https:\/\/vosgesinfo.fr\/app\/uploads\/sites\/5\/2024\/09\/201902capture-decran-2019-02-17-a-12.05.40-e1550401669603.png","twitter_creator":"@VosgesInfo88","twitter_site":"@VosgesInfo88","twitter_misc":{"\u00c9crit par":"C D"},"schema":{"@context":"https:\/\/schema.org","@graph":[{"@type":"Article","@id":"https:\/\/vosgesinfo.fr\/remiremontinfo\/2019\/02\/gilets-jaunes-rassemblement-a-epinal-hommage-aux-blesses-aux-morts-mouvement\/#article","isPartOf":{"@id":"https:\/\/vosgesinfo.fr\/remiremontinfo\/2019\/02\/gilets-jaunes-rassemblement-a-epinal-hommage-aux-blesses-aux-morts-mouvement\/"},"author":{"name":"C D","@id":"https:\/\/vosgesinfo.fr\/remiremontinfo\/#\/schema\/person\/3bfd164d5218a185b1db68655a265316"},"headline":"Gilets Jaunes &#8211; rassemblement \u00e0 Epinal en hommage aux bless\u00e9s et aux morts du mouvement","datePublished":"2019-02-17T10:09:02+00:00","dateModified":"2019-02-17T10:09:02+00:00","mainEntityOfPage":{"@id":"https:\/\/vosgesinfo.fr\/remiremontinfo\/2019\/02\/gilets-jaunes-rassemblement-a-epinal-hommage-aux-blesses-aux-morts-mouvement\/"},"wordCount":46,"commentCount":0,"publisher":{"@id":"https:\/\/vosgesinfo.fr\/remiremontinfo\/#organization"},"image":{"@id":"https:\/\/vosgesinfo.fr\/remiremontinfo\/2019\/02\/gilets-jaunes-rassemblement-a-epinal-hommage-aux-blesses-aux-morts-mouvement\/#primaryimage"},"thumbnailUrl":"https:\/\/vosgesinfo.fr\/app\/uploads\/sites\/5\/2024\/09\/201902capture-decran-2019-02-17-a-12.05.40-e1550401669603.png","keywords":["Gilets jaunes","Hommage","rassemblement","Vosges"],"articleSection":["A la Une","Politique","Vosges"],"inLanguage":"fr-FR","potentialAction":[{"@type":"CommentAction","name":"Comment","target":["https:\/\/vosgesinfo.fr\/remiremontinfo\/2019\/02\/gilets-jaunes-rassemblement-a-epinal-hommage-aux-blesses-aux-morts-mouvement\/#respond"]}]},{"@type":"WebPage","@id":"https:\/\/vosgesinfo.fr\/remiremontinfo\/2019\/02\/gilets-jaunes-rassemblement-a-epinal-hommage-aux-blesses-aux-morts-mouvement\/","url":"https:\/\/vosgesinfo.fr\/remiremontinfo\/2019\/02\/gilets-jaunes-rassemblement-a-epinal-hommage-aux-blesses-aux-morts-mouvement\/","name":"Gilets Jaunes - rassemblement \u00e0 Epinal en hommage aux bless\u00e9s et aux morts du mouvement - Remiremont Info","isPartOf":{"@id":"https:\/\/vosgesinfo.fr\/remiremontinfo\/#website"},"primaryImageOfPage":{"@id":"https:\/\/vosgesinfo.fr\/remiremontinfo\/2019\/02\/gilets-jaunes-rassemblement-a-epinal-hommage-aux-blesses-aux-morts-mouvement\/#primaryimage"},"image":{"@id":"https:\/\/vosgesinfo.fr\/remiremontinfo\/2019\/02\/gilets-jaunes-rassemblement-a-epinal-hommage-aux-blesses-aux-morts-mouvement\/#primaryimage"},"thumbnailUrl":"https:\/\/vosgesinfo.fr\/app\/uploads\/sites\/5\/2024\/09\/201902capture-decran-2019-02-17-a-12.05.40-e1550401669603.png","datePublished":"2019-02-17T10:09:02+00:00","dateModified":"2019-02-17T10:09:02+00:00","breadcrumb":{"@id":"https:\/\/vosgesinfo.fr\/remiremontinfo\/2019\/02\/gilets-jaunes-rassemblement-a-epinal-hommage-aux-blesses-aux-morts-mouvement\/#breadcrumb"},"inLanguage":"fr-FR","potentialAction":[{"@type":"ReadAction","target":["https:\/\/vosgesinfo.fr\/remiremontinfo\/2019\/02\/gilets-jaunes-rassemblement-a-epinal-hommage-aux-blesses-aux-morts-mouvement\/"]}]},{"@type":"ImageObject","inLanguage":"fr-FR","@id":"https:\/\/vosgesinfo.fr\/remiremontinfo\/2019\/02\/gilets-jaunes-rassemblement-a-epinal-hommage-aux-blesses-aux-morts-mouvement\/#primaryimage","url":"https:\/\/vosgesinfo.fr\/app\/uploads\/sites\/5\/2024\/09\/201902capture-decran-2019-02-17-a-12.05.40-e1550401669603.png","contentUrl":"https:\/\/vosgesinfo.fr\/app\/uploads\/sites\/5\/2024\/09\/201902capture-decran-2019-02-17-a-12.05.40-e1550401669603.png","width":1500,"height":925},{"@type":"BreadcrumbList","@id":"https:\/\/vosgesinfo.fr\/remiremontinfo\/2019\/02\/gilets-jaunes-rassemblement-a-epinal-hommage-aux-blesses-aux-morts-mouvement\/#breadcrumb","itemListElement":[{"@type":"ListItem","position":1,"name":"Home","item":"https:\/\/vosgesinfo.fr\/remiremontinfo\/"},{"@type":"ListItem","position":2,"name":"Gilets Jaunes &#8211; rassemblement \u00e0 Epinal en hommage aux bless\u00e9s et aux morts du mouvement"}]},{"@type":"WebSite","@id":"https:\/\/vosgesinfo.fr\/remiremontinfo\/#website","url":"https:\/\/vosgesinfo.fr\/remiremontinfo\/","name":"Remiremont Info","description":"Toute l&#039;actualit\u00e9 de Remiremont","publisher":{"@id":"https:\/\/vosgesinfo.fr\/remiremontinfo\/#organization"},"alternateName":"Toute l'actualit\u00e9 de Remiremont","potentialAction":[{"@type":"SearchAction","target":{"@type":"EntryPoint","urlTemplate":"https:\/\/vosgesinfo.fr\/remiremontinfo\/?s={search_term_string}"},"query-input":"required name=search_term_string"}],"inLanguage":"fr-FR"},{"@type":"Organization","@id":"https:\/\/vosgesinfo.fr\/remiremontinfo\/#organization","name":"Remiremont Info","url":"https:\/\/vosgesinfo.fr\/remiremontinfo\/","logo":{"@type":"ImageObject","inLanguage":"fr-FR","@id":"https:\/\/vosgesinfo.fr\/remiremontinfo\/#\/schema\/logo\/image\/","url":"https:\/\/vosgesinfo.fr\/app\/uploads\/sites\/5\/2023\/08\/favicon-remiremontinfo.png","contentUrl":"https:\/\/vosgesinfo.fr\/app\/uploads\/sites\/5\/2023\/08\/favicon-remiremontinfo.png","width":512,"height":512,"caption":"Remiremont Info"},"image":{"@id":"https:\/\/vosgesinfo.fr\/remiremontinfo\/#\/schema\/logo\/image\/"},"sameAs":["https:\/\/www.facebook.com\/remiremontinfo","https:\/\/x.com\/VosgesInfo88","https:\/\/www.youtube.com\/@vosgesinfo"]},{"@type":"Person","@id":"https:\/\/vosgesinfo.fr\/remiremontinfo\/#\/schema\/person\/3bfd164d5218a185b1db68655a265316","name":"C D","image":{"@type":"ImageObject","inLanguage":"fr-FR","@id":"https:\/\/vosgesinfo.fr\/remiremontinfo\/#\/schema\/person\/image\/","url":"https:\/\/secure.gravatar.com\/avatar\/1f9a70007336511a47468b8f1c66f922b8b7cf617b02a31149ada43893a5d48f?s=96&d=mm&r=g","contentUrl":"https:\/\/secure.gravatar.com\/avatar\/1f9a70007336511a47468b8f1c66f922b8b7cf617b02a31149ada43893a5d48f?s=96&d=mm&r=g","caption":"C D"},"url":"https:\/\/vosgesinfo.fr\/remiremontinfo\/author\/cedric-drevet\/"}]}},"_links":{"self":[{"href":"https:\/\/vosgesinfo.fr\/remiremontinfo\/wp-json\/wp\/v2\/posts\/10866","targetHints":{"allow":["GET"]}}],"collection":[{"href":"https:\/\/vosgesinfo.fr\/remiremontinfo\/wp-json\/wp\/v2\/posts"}],"about":[{"href":"https:\/\/vosgesinfo.fr\/remiremontinfo\/wp-json\/wp\/v2\/types\/post"}],"author":[{"embeddable":true,"href":"https:\/\/vosgesinfo.fr\/remiremontinfo\/wp-json\/wp\/v2\/users\/407"}],"replies":[{"embeddable":true,"href":"https:\/\/vosgesinfo.fr\/remiremontinfo\/wp-json\/wp\/v2\/comments?post=10866"}],"version-history":[{"count":0,"href":"https:\/\/vosgesinfo.fr\/remiremontinfo\/wp-json\/wp\/v2\/posts\/10866\/revisions"}],"wp:featuredmedia":[{"embeddable":true,"href":"https:\/\/vosgesinfo.fr\/remiremontinfo\/wp-json\/wp\/v2\/media\/10867"}],"wp:attachment":[{"href":"https:\/\/vosgesinfo.fr\/remiremontinfo\/wp-json\/wp\/v2\/media?parent=10866"}],"wp:term":[{"taxonomy":"category","embeddable":true,"href":"https:\/\/vosgesinfo.fr\/remiremontinfo\/wp-json\/wp\/v2\/categories?post=10866"},{"taxonomy":"post_tag","embeddable":true,"href":"https:\/\/vosgesinfo.fr\/remiremontinfo\/wp-json\/wp\/v2\/tags?post=10866"}],"curies":[{"name":"wp","href":"https:\/\/api.w.org\/{rel}","templated":true}]}}