{"id":10868,"date":"2019-02-17T13:31:07","date_gmt":"2019-02-17T12:31:07","guid":{"rendered":"https:\/\/vosgesinfo.fr\/remiremontinfo\/2019\/02\/depute-christophe-naegelen-a-rencontre-salaries-delivia\/"},"modified":"2019-02-17T13:31:07","modified_gmt":"2019-02-17T12:31:07","slug":"depute-christophe-naegelen-a-rencontre-salaries-delivia","status":"publish","type":"post","link":"https:\/\/vosgesinfo.fr\/remiremontinfo\/2019\/02\/depute-christophe-naegelen-a-rencontre-salaries-delivia\/","title":{"rendered":"Le d\u00e9put\u00e9 Christophe Naegelen \u00e0 la rencontre des salari\u00e9s d&rsquo;Elivia"},"content":{"rendered":"<p><a href=\"\/2019\/02\/photo-Elivia.jpg\"><img decoding=\"async\" class=\"size-medium wp-image-253531 aligncenter\" src=\"\/2019\/02\/photo-Elivia-206x255.jpg\" alt=\"photo Elivia\" width=\"206\" height=\"255\" \/><\/a><\/p>\n<p>Comme il l&rsquo;a fait presque chaque jour de la semaine pass\u00e9e, le d\u00e9put\u00e9 de la troisi\u00e8me circonscription des Vosges est venu t\u00e9moigner de son soutien aux salari\u00e9s d&rsquo;Elivia qui \u00e9taient encore mobilis\u00e9s ce week-end.<\/p>\n<p>En effet, si la fermeture du site est bel et bien act\u00e9e, les salari\u00e9s ne veulent \u00ab\u00a0rien l\u00e2cher\u00a0\u00bb quant aux conditions de leur d\u00e9part et d\u00e9plorent un manque de communication par rapport \u00e0 leurs perspectives d&rsquo;avenir. S&rsquo;il est question de propositions de reclassement d&rsquo;une partie des employ\u00e9s, notamment au sein de l&rsquo;abattoir de Mirecourt et de la reprise d&rsquo;une partie de l&rsquo;activit\u00e9 \u00e0 savoir la section conditionnement, les contours sont encore flous. Aussi ont-ils d\u00e9cid\u00e9 de se relayer sur le site samedi et dimanche pour montrer leur d\u00e9termination. Une trentaine de salari\u00e9s est en gr\u00e8ve sur les quatre-vingt-un que compte le site.<\/p>\n<p>Jeudi, \u00e0 Angers, s&rsquo;ouvriront des n\u00e9gociations qui permettront peut-\u00eatre aux salari\u00e9s de faire entendre leurs revendications. En attendant, ce dimanche, il \u00e9tait question d&rsquo;une \u00e9ventuelle reprise du travail pour la partie conditionnement d\u00e8s lundi afin de ne pas p\u00e9naliser les agriculteurs. Une d\u00e9cision devrait \u00eatre prise ce soir par les gr\u00e9vistes.<\/p>\n<p>&nbsp;<\/p>\n","protected":false},"excerpt":{"rendered":"<p>Comme il l&rsquo;a fait presque chaque jour de la semaine pass\u00e9e, le d\u00e9put\u00e9 de la troisi\u00e8me circonscription des Vosges est [&hellip;]<\/p>\n","protected":false},"author":1,"featured_media":10869,"comment_status":"open","ping_status":"open","sticky":false,"template":"","format":"standard","meta":{"footnotes":""},"categories":[26,5,318,35],"tags":[501,1610,506,1797],"class_list":["post-10868","post","type-post","status-publish","format-standard","has-post-thumbnail","hentry","category-a-la-une","category-economie","category-eloyes","category-remiremont-son-canton","tag-christophe-naegelen","tag-elivia","tag-greve","tag-plan-social"],"acf":[],"yoast_head":"<!-- This site is optimized with the Yoast SEO plugin v22.5 - https:\/\/yoast.com\/wordpress\/plugins\/seo\/ -->\n<title>Le d\u00e9put\u00e9 Christophe Naegelen \u00e0 la rencontre des salari\u00e9s d&#039;Elivia - Remiremont Info<\/title>\n<meta name=\"robots\" content=\"index, follow, max-snippet:-1, max-image-preview:large, max-video-preview:-1\" \/>\n<link rel=\"canonical\" href=\"https:\/\/vosgesinfo.fr\/remiremontinfo\/2019\/02\/depute-christophe-naegelen-a-rencontre-salaries-delivia\/\" \/>\n<meta name=\"twitter:card\" content=\"summary_large_image\" \/>\n<meta name=\"twitter:title\" content=\"Le d\u00e9put\u00e9 Christophe Naegelen \u00e0 la rencontre des salari\u00e9s d&#039;Elivia - Remiremont Info\" \/>\n<meta name=\"twitter:description\" content=\"Comme il l&rsquo;a fait presque chaque jour de la semaine pass\u00e9e, le d\u00e9put\u00e9 de la troisi\u00e8me circonscription des Vosges est [&hellip;]\" \/>\n<meta name=\"twitter:image\" content=\"https:\/\/vosgesinfo.fr\/app\/uploads\/sites\/5\/2024\/09\/201902elivia-naegelen-e1550409749305.jpg\" \/>\n<meta name=\"twitter:creator\" content=\"@VosgesInfo88\" \/>\n<meta name=\"twitter:site\" content=\"@VosgesInfo88\" \/>\n<meta name=\"twitter:label1\" content=\"\u00c9crit par\" \/>\n\t<meta name=\"twitter:data1\" content=\"qs_admin\" \/>\n\t<meta name=\"twitter:label2\" content=\"Dur\u00e9e de lecture estim\u00e9e\" \/>\n\t<meta name=\"twitter:data2\" content=\"1 minute\" \/>\n<script type=\"application\/ld+json\" class=\"yoast-schema-graph\">{\"@context\":\"https:\/\/schema.org\",\"@graph\":[{\"@type\":\"Article\",\"@id\":\"https:\/\/vosgesinfo.fr\/remiremontinfo\/2019\/02\/depute-christophe-naegelen-a-rencontre-salaries-delivia\/#article\",\"isPartOf\":{\"@id\":\"https:\/\/vosgesinfo.fr\/remiremontinfo\/2019\/02\/depute-christophe-naegelen-a-rencontre-salaries-delivia\/\"},\"author\":{\"name\":\"qs_admin\",\"@id\":\"https:\/\/vosgesinfo.fr\/remiremontinfo\/#\/schema\/person\/bc5d02d71e6932e81b6dadb7386667b1\"},\"headline\":\"Le d\u00e9put\u00e9 Christophe Naegelen \u00e0 la rencontre des salari\u00e9s d&rsquo;Elivia\",\"datePublished\":\"2019-02-17T12:31:07+00:00\",\"dateModified\":\"2019-02-17T12:31:07+00:00\",\"mainEntityOfPage\":{\"@id\":\"https:\/\/vosgesinfo.fr\/remiremontinfo\/2019\/02\/depute-christophe-naegelen-a-rencontre-salaries-delivia\/\"},\"wordCount\":230,\"commentCount\":0,\"publisher\":{\"@id\":\"https:\/\/vosgesinfo.fr\/remiremontinfo\/#organization\"},\"image\":{\"@id\":\"https:\/\/vosgesinfo.fr\/remiremontinfo\/2019\/02\/depute-christophe-naegelen-a-rencontre-salaries-delivia\/#primaryimage\"},\"thumbnailUrl\":\"https:\/\/vosgesinfo.fr\/app\/uploads\/sites\/5\/2024\/09\/201902elivia-naegelen-e1550409749305.jpg\",\"keywords\":[\"Christophe Naegelen\",\"elivia\",\"gr\u00eave\",\"plan social\"],\"articleSection\":[\"A la Une\",\"\u00c9conomie\",\"Eloyes\",\"Remiremont &amp; son canton\"],\"inLanguage\":\"fr-FR\",\"potentialAction\":[{\"@type\":\"CommentAction\",\"name\":\"Comment\",\"target\":[\"https:\/\/vosgesinfo.fr\/remiremontinfo\/2019\/02\/depute-christophe-naegelen-a-rencontre-salaries-delivia\/#respond\"]}]},{\"@type\":\"WebPage\",\"@id\":\"https:\/\/vosgesinfo.fr\/remiremontinfo\/2019\/02\/depute-christophe-naegelen-a-rencontre-salaries-delivia\/\",\"url\":\"https:\/\/vosgesinfo.fr\/remiremontinfo\/2019\/02\/depute-christophe-naegelen-a-rencontre-salaries-delivia\/\",\"name\":\"Le d\u00e9put\u00e9 Christophe Naegelen \u00e0 la rencontre des salari\u00e9s d'Elivia - Remiremont Info\",\"isPartOf\":{\"@id\":\"https:\/\/vosgesinfo.fr\/remiremontinfo\/#website\"},\"primaryImageOfPage\":{\"@id\":\"https:\/\/vosgesinfo.fr\/remiremontinfo\/2019\/02\/depute-christophe-naegelen-a-rencontre-salaries-delivia\/#primaryimage\"},\"image\":{\"@id\":\"https:\/\/vosgesinfo.fr\/remiremontinfo\/2019\/02\/depute-christophe-naegelen-a-rencontre-salaries-delivia\/#primaryimage\"},\"thumbnailUrl\":\"https:\/\/vosgesinfo.fr\/app\/uploads\/sites\/5\/2024\/09\/201902elivia-naegelen-e1550409749305.jpg\",\"datePublished\":\"2019-02-17T12:31:07+00:00\",\"dateModified\":\"2019-02-17T12:31:07+00:00\",\"breadcrumb\":{\"@id\":\"https:\/\/vosgesinfo.fr\/remiremontinfo\/2019\/02\/depute-christophe-naegelen-a-rencontre-salaries-delivia\/#breadcrumb\"},\"inLanguage\":\"fr-FR\",\"potentialAction\":[{\"@type\":\"ReadAction\",\"target\":[\"https:\/\/vosgesinfo.fr\/remiremontinfo\/2019\/02\/depute-christophe-naegelen-a-rencontre-salaries-delivia\/\"]}]},{\"@type\":\"ImageObject\",\"inLanguage\":\"fr-FR\",\"@id\":\"https:\/\/vosgesinfo.fr\/remiremontinfo\/2019\/02\/depute-christophe-naegelen-a-rencontre-salaries-delivia\/#primaryimage\",\"url\":\"https:\/\/vosgesinfo.fr\/app\/uploads\/sites\/5\/2024\/09\/201902elivia-naegelen-e1550409749305.jpg\",\"contentUrl\":\"https:\/\/vosgesinfo.fr\/app\/uploads\/sites\/5\/2024\/09\/201902elivia-naegelen-e1550409749305.jpg\",\"width\":1512,\"height\":2016},{\"@type\":\"BreadcrumbList\",\"@id\":\"https:\/\/vosgesinfo.fr\/remiremontinfo\/2019\/02\/depute-christophe-naegelen-a-rencontre-salaries-delivia\/#breadcrumb\",\"itemListElement\":[{\"@type\":\"ListItem\",\"position\":1,\"name\":\"Home\",\"item\":\"https:\/\/vosgesinfo.fr\/remiremontinfo\/\"},{\"@type\":\"ListItem\",\"position\":2,\"name\":\"Le d\u00e9put\u00e9 Christophe Naegelen \u00e0 la rencontre des salari\u00e9s d&rsquo;Elivia\"}]},{\"@type\":\"WebSite\",\"@id\":\"https:\/\/vosgesinfo.fr\/remiremontinfo\/#website\",\"url\":\"https:\/\/vosgesinfo.fr\/remiremontinfo\/\",\"name\":\"Remiremont Info\",\"description\":\"Toute l&#039;actualit\u00e9 de Remiremont\",\"publisher\":{\"@id\":\"https:\/\/vosgesinfo.fr\/remiremontinfo\/#organization\"},\"alternateName\":\"Toute l'actualit\u00e9 de Remiremont\",\"potentialAction\":[{\"@type\":\"SearchAction\",\"target\":{\"@type\":\"EntryPoint\",\"urlTemplate\":\"https:\/\/vosgesinfo.fr\/remiremontinfo\/?s={search_term_string}\"},\"query-input\":\"required name=search_term_string\"}],\"inLanguage\":\"fr-FR\"},{\"@type\":\"Organization\",\"@id\":\"https:\/\/vosgesinfo.fr\/remiremontinfo\/#organization\",\"name\":\"Remiremont Info\",\"url\":\"https:\/\/vosgesinfo.fr\/remiremontinfo\/\",\"logo\":{\"@type\":\"ImageObject\",\"inLanguage\":\"fr-FR\",\"@id\":\"https:\/\/vosgesinfo.fr\/remiremontinfo\/#\/schema\/logo\/image\/\",\"url\":\"https:\/\/vosgesinfo.fr\/app\/uploads\/sites\/5\/2023\/08\/favicon-remiremontinfo.png\",\"contentUrl\":\"https:\/\/vosgesinfo.fr\/app\/uploads\/sites\/5\/2023\/08\/favicon-remiremontinfo.png\",\"width\":512,\"height\":512,\"caption\":\"Remiremont Info\"},\"image\":{\"@id\":\"https:\/\/vosgesinfo.fr\/remiremontinfo\/#\/schema\/logo\/image\/\"},\"sameAs\":[\"https:\/\/www.facebook.com\/remiremontinfo\",\"https:\/\/x.com\/VosgesInfo88\",\"https:\/\/www.youtube.com\/@vosgesinfo\"]},{\"@type\":\"Person\",\"@id\":\"https:\/\/vosgesinfo.fr\/remiremontinfo\/#\/schema\/person\/bc5d02d71e6932e81b6dadb7386667b1\",\"name\":\"qs_admin\",\"image\":{\"@type\":\"ImageObject\",\"inLanguage\":\"fr-FR\",\"@id\":\"https:\/\/vosgesinfo.fr\/remiremontinfo\/#\/schema\/person\/image\/\",\"url\":\"https:\/\/secure.gravatar.com\/avatar\/94b18ee0ed79e4a42ea2f2931277b6841a8999fc6fde214600c78057cf1fe1de?s=96&d=mm&r=g\",\"contentUrl\":\"https:\/\/secure.gravatar.com\/avatar\/94b18ee0ed79e4a42ea2f2931277b6841a8999fc6fde214600c78057cf1fe1de?s=96&d=mm&r=g\",\"caption\":\"qs_admin\"},\"sameAs\":[\"https:\/\/vosgesinfo.fr\/wp\"],\"url\":\"https:\/\/vosgesinfo.fr\/remiremontinfo\/author\/qs_admin\/\"}]}<\/script>\n<!-- \/ Yoast SEO plugin. -->","yoast_head_json":{"title":"Le d\u00e9put\u00e9 Christophe Naegelen \u00e0 la rencontre des salari\u00e9s d'Elivia - Remiremont Info","robots":{"index":"index","follow":"follow","max-snippet":"max-snippet:-1","max-image-preview":"max-image-preview:large","max-video-preview":"max-video-preview:-1"},"canonical":"https:\/\/vosgesinfo.fr\/remiremontinfo\/2019\/02\/depute-christophe-naegelen-a-rencontre-salaries-delivia\/","twitter_card":"summary_large_image","twitter_title":"Le d\u00e9put\u00e9 Christophe Naegelen \u00e0 la rencontre des salari\u00e9s d'Elivia - Remiremont Info","twitter_description":"Comme il l&rsquo;a fait presque chaque jour de la semaine pass\u00e9e, le d\u00e9put\u00e9 de la troisi\u00e8me circonscription des Vosges est [&hellip;]","twitter_image":"https:\/\/vosgesinfo.fr\/app\/uploads\/sites\/5\/2024\/09\/201902elivia-naegelen-e1550409749305.jpg","twitter_creator":"@VosgesInfo88","twitter_site":"@VosgesInfo88","twitter_misc":{"\u00c9crit par":"qs_admin","Dur\u00e9e de lecture estim\u00e9e":"1 minute"},"schema":{"@context":"https:\/\/schema.org","@graph":[{"@type":"Article","@id":"https:\/\/vosgesinfo.fr\/remiremontinfo\/2019\/02\/depute-christophe-naegelen-a-rencontre-salaries-delivia\/#article","isPartOf":{"@id":"https:\/\/vosgesinfo.fr\/remiremontinfo\/2019\/02\/depute-christophe-naegelen-a-rencontre-salaries-delivia\/"},"author":{"name":"qs_admin","@id":"https:\/\/vosgesinfo.fr\/remiremontinfo\/#\/schema\/person\/bc5d02d71e6932e81b6dadb7386667b1"},"headline":"Le d\u00e9put\u00e9 Christophe Naegelen \u00e0 la rencontre des salari\u00e9s d&rsquo;Elivia","datePublished":"2019-02-17T12:31:07+00:00","dateModified":"2019-02-17T12:31:07+00:00","mainEntityOfPage":{"@id":"https:\/\/vosgesinfo.fr\/remiremontinfo\/2019\/02\/depute-christophe-naegelen-a-rencontre-salaries-delivia\/"},"wordCount":230,"commentCount":0,"publisher":{"@id":"https:\/\/vosgesinfo.fr\/remiremontinfo\/#organization"},"image":{"@id":"https:\/\/vosgesinfo.fr\/remiremontinfo\/2019\/02\/depute-christophe-naegelen-a-rencontre-salaries-delivia\/#primaryimage"},"thumbnailUrl":"https:\/\/vosgesinfo.fr\/app\/uploads\/sites\/5\/2024\/09\/201902elivia-naegelen-e1550409749305.jpg","keywords":["Christophe Naegelen","elivia","gr\u00eave","plan social"],"articleSection":["A la Une","\u00c9conomie","Eloyes","Remiremont &amp; son canton"],"inLanguage":"fr-FR","potentialAction":[{"@type":"CommentAction","name":"Comment","target":["https:\/\/vosgesinfo.fr\/remiremontinfo\/2019\/02\/depute-christophe-naegelen-a-rencontre-salaries-delivia\/#respond"]}]},{"@type":"WebPage","@id":"https:\/\/vosgesinfo.fr\/remiremontinfo\/2019\/02\/depute-christophe-naegelen-a-rencontre-salaries-delivia\/","url":"https:\/\/vosgesinfo.fr\/remiremontinfo\/2019\/02\/depute-christophe-naegelen-a-rencontre-salaries-delivia\/","name":"Le d\u00e9put\u00e9 Christophe Naegelen \u00e0 la rencontre des salari\u00e9s d'Elivia - Remiremont Info","isPartOf":{"@id":"https:\/\/vosgesinfo.fr\/remiremontinfo\/#website"},"primaryImageOfPage":{"@id":"https:\/\/vosgesinfo.fr\/remiremontinfo\/2019\/02\/depute-christophe-naegelen-a-rencontre-salaries-delivia\/#primaryimage"},"image":{"@id":"https:\/\/vosgesinfo.fr\/remiremontinfo\/2019\/02\/depute-christophe-naegelen-a-rencontre-salaries-delivia\/#primaryimage"},"thumbnailUrl":"https:\/\/vosgesinfo.fr\/app\/uploads\/sites\/5\/2024\/09\/201902elivia-naegelen-e1550409749305.jpg","datePublished":"2019-02-17T12:31:07+00:00","dateModified":"2019-02-17T12:31:07+00:00","breadcrumb":{"@id":"https:\/\/vosgesinfo.fr\/remiremontinfo\/2019\/02\/depute-christophe-naegelen-a-rencontre-salaries-delivia\/#breadcrumb"},"inLanguage":"fr-FR","potentialAction":[{"@type":"ReadAction","target":["https:\/\/vosgesinfo.fr\/remiremontinfo\/2019\/02\/depute-christophe-naegelen-a-rencontre-salaries-delivia\/"]}]},{"@type":"ImageObject","inLanguage":"fr-FR","@id":"https:\/\/vosgesinfo.fr\/remiremontinfo\/2019\/02\/depute-christophe-naegelen-a-rencontre-salaries-delivia\/#primaryimage","url":"https:\/\/vosgesinfo.fr\/app\/uploads\/sites\/5\/2024\/09\/201902elivia-naegelen-e1550409749305.jpg","contentUrl":"https:\/\/vosgesinfo.fr\/app\/uploads\/sites\/5\/2024\/09\/201902elivia-naegelen-e1550409749305.jpg","width":1512,"height":2016},{"@type":"BreadcrumbList","@id":"https:\/\/vosgesinfo.fr\/remiremontinfo\/2019\/02\/depute-christophe-naegelen-a-rencontre-salaries-delivia\/#breadcrumb","itemListElement":[{"@type":"ListItem","position":1,"name":"Home","item":"https:\/\/vosgesinfo.fr\/remiremontinfo\/"},{"@type":"ListItem","position":2,"name":"Le d\u00e9put\u00e9 Christophe Naegelen \u00e0 la rencontre des salari\u00e9s d&rsquo;Elivia"}]},{"@type":"WebSite","@id":"https:\/\/vosgesinfo.fr\/remiremontinfo\/#website","url":"https:\/\/vosgesinfo.fr\/remiremontinfo\/","name":"Remiremont Info","description":"Toute l&#039;actualit\u00e9 de Remiremont","publisher":{"@id":"https:\/\/vosgesinfo.fr\/remiremontinfo\/#organization"},"alternateName":"Toute l'actualit\u00e9 de Remiremont","potentialAction":[{"@type":"SearchAction","target":{"@type":"EntryPoint","urlTemplate":"https:\/\/vosgesinfo.fr\/remiremontinfo\/?s={search_term_string}"},"query-input":"required name=search_term_string"}],"inLanguage":"fr-FR"},{"@type":"Organization","@id":"https:\/\/vosgesinfo.fr\/remiremontinfo\/#organization","name":"Remiremont Info","url":"https:\/\/vosgesinfo.fr\/remiremontinfo\/","logo":{"@type":"ImageObject","inLanguage":"fr-FR","@id":"https:\/\/vosgesinfo.fr\/remiremontinfo\/#\/schema\/logo\/image\/","url":"https:\/\/vosgesinfo.fr\/app\/uploads\/sites\/5\/2023\/08\/favicon-remiremontinfo.png","contentUrl":"https:\/\/vosgesinfo.fr\/app\/uploads\/sites\/5\/2023\/08\/favicon-remiremontinfo.png","width":512,"height":512,"caption":"Remiremont Info"},"image":{"@id":"https:\/\/vosgesinfo.fr\/remiremontinfo\/#\/schema\/logo\/image\/"},"sameAs":["https:\/\/www.facebook.com\/remiremontinfo","https:\/\/x.com\/VosgesInfo88","https:\/\/www.youtube.com\/@vosgesinfo"]},{"@type":"Person","@id":"https:\/\/vosgesinfo.fr\/remiremontinfo\/#\/schema\/person\/bc5d02d71e6932e81b6dadb7386667b1","name":"qs_admin","image":{"@type":"ImageObject","inLanguage":"fr-FR","@id":"https:\/\/vosgesinfo.fr\/remiremontinfo\/#\/schema\/person\/image\/","url":"https:\/\/secure.gravatar.com\/avatar\/94b18ee0ed79e4a42ea2f2931277b6841a8999fc6fde214600c78057cf1fe1de?s=96&d=mm&r=g","contentUrl":"https:\/\/secure.gravatar.com\/avatar\/94b18ee0ed79e4a42ea2f2931277b6841a8999fc6fde214600c78057cf1fe1de?s=96&d=mm&r=g","caption":"qs_admin"},"sameAs":["https:\/\/vosgesinfo.fr\/wp"],"url":"https:\/\/vosgesinfo.fr\/remiremontinfo\/author\/qs_admin\/"}]}},"_links":{"self":[{"href":"https:\/\/vosgesinfo.fr\/remiremontinfo\/wp-json\/wp\/v2\/posts\/10868","targetHints":{"allow":["GET"]}}],"collection":[{"href":"https:\/\/vosgesinfo.fr\/remiremontinfo\/wp-json\/wp\/v2\/posts"}],"about":[{"href":"https:\/\/vosgesinfo.fr\/remiremontinfo\/wp-json\/wp\/v2\/types\/post"}],"author":[{"embeddable":true,"href":"https:\/\/vosgesinfo.fr\/remiremontinfo\/wp-json\/wp\/v2\/users\/1"}],"replies":[{"embeddable":true,"href":"https:\/\/vosgesinfo.fr\/remiremontinfo\/wp-json\/wp\/v2\/comments?post=10868"}],"version-history":[{"count":0,"href":"https:\/\/vosgesinfo.fr\/remiremontinfo\/wp-json\/wp\/v2\/posts\/10868\/revisions"}],"wp:featuredmedia":[{"embeddable":true,"href":"https:\/\/vosgesinfo.fr\/remiremontinfo\/wp-json\/wp\/v2\/media\/10869"}],"wp:attachment":[{"href":"https:\/\/vosgesinfo.fr\/remiremontinfo\/wp-json\/wp\/v2\/media?parent=10868"}],"wp:term":[{"taxonomy":"category","embeddable":true,"href":"https:\/\/vosgesinfo.fr\/remiremontinfo\/wp-json\/wp\/v2\/categories?post=10868"},{"taxonomy":"post_tag","embeddable":true,"href":"https:\/\/vosgesinfo.fr\/remiremontinfo\/wp-json\/wp\/v2\/tags?post=10868"}],"curies":[{"name":"wp","href":"https:\/\/api.w.org\/{rel}","templated":true}]}}