{"id":10943,"date":"2019-02-18T13:23:05","date_gmt":"2019-02-18T12:23:05","guid":{"rendered":"https:\/\/vosgesinfo.fr\/remiremontinfo\/2019\/02\/remiremont-lirlande-a-lhonneur-24e-salon-rendez-terroirs-dailleurs\/"},"modified":"2019-02-18T13:23:05","modified_gmt":"2019-02-18T12:23:05","slug":"remiremont-lirlande-a-lhonneur-24e-salon-rendez-terroirs-dailleurs","status":"publish","type":"post","link":"https:\/\/vosgesinfo.fr\/remiremontinfo\/2019\/02\/remiremont-lirlande-a-lhonneur-24e-salon-rendez-terroirs-dailleurs\/","title":{"rendered":"Remiremont &#8211; l&rsquo;Irlande \u00e0 l&rsquo;honneur du 24e salon \u00ab\u00a0Au Rendez-Vous des Terroirs d&rsquo;Ailleurs \u00bb !"},"content":{"rendered":"<div><a href=\"\/2019\/02\/Pres-to-Ambassador-2-2.jpg\"><img decoding=\"async\" class=\"alignnone size-large wp-image-253644\" src=\"\/2019\/02\/Pres-to-Ambassador-2-2-1024x725.jpg\" alt=\"Pres to Ambassador  (2) (2)\" width=\"960\" height=\"680\" \/><\/a><\/div>\n<h2><span style=\"font-size: 12pt;\"><strong>Cette ann\u00e9e, l&rsquo;Irlande revient \u00e0 Remiremont, repr\u00e9sent\u00e9e au 24e salon Au Rendez-Vous des Terroirs d&rsquo;Ailleurs par Lyndsey Harkins.<\/strong><\/span><\/h2>\n<div>La jeune femme sera l&rsquo;ambassadrice de la distillerie Connacht, bas\u00e9e dans le comt\u00e9 de Mayo. Cette biblioth\u00e9caire de formation, n\u00e9e \u00e0 Castlebar &#8211; lieu de la fameuse bataille remport\u00e9e par les Irlandais contre les Anglais avec le concours du g\u00e9n\u00e9ral Humbert \u00e0 la fin du XVIIIe si\u00e8cle &#8211; travaille \u00e0 la distillerie depuis 2016. Ce qu&rsquo;elle pr\u00e9f\u00e8re dans son m\u00e9tier ? \u00ab\u00a0Echanger avec mes coll\u00e8gues \u00e0 propos des diff\u00e9rents nouveaux alcools que nous pourrions fabriquer ! C&rsquo;est toujours amusant d&rsquo;imaginer puis de concocter de nouvelles recettes !\u00a0\u00bb<\/div>\n<div><\/div>\n<div>Pour rencontrer Lyndsey sur son stand, rendez-vous ce samedi et ce dimanche au Palais des Congr\u00e8s de Remiremont.<\/div>\n<div><\/div>\n<div style=\"text-align: center;\"><a href=\"\/2019\/02\/salon_terroir_2019.jpg\"><img decoding=\"async\" class=\"alignnone size-large wp-image-253645\" src=\"\/2019\/02\/salon_terroir_2019-724x1024.jpg\" alt=\"salon_terroir_2019\" width=\"724\" height=\"1024\" \/><\/a><\/div>\n","protected":false},"excerpt":{"rendered":"<p>Cette ann\u00e9e, l&rsquo;Irlande revient \u00e0 Remiremont, repr\u00e9sent\u00e9e au 24e salon Au Rendez-Vous des Terroirs d&rsquo;Ailleurs par Lyndsey Harkins. La jeune [&hellip;]<\/p>\n","protected":false},"author":407,"featured_media":10944,"comment_status":"open","ping_status":"open","sticky":false,"template":"","format":"standard","meta":{"footnotes":""},"categories":[26,54,1556,35],"tags":[],"class_list":["post-10943","post","type-post","status-publish","format-standard","has-post-thumbnail","hentry","category-a-la-une","category-loisirs","category-remiremont-remiremont-son-canton-2","category-remiremont-son-canton"],"acf":[],"yoast_head":"<!-- This site is optimized with the Yoast SEO plugin v22.5 - https:\/\/yoast.com\/wordpress\/plugins\/seo\/ -->\n<title>Remiremont - l&#039;Irlande \u00e0 l&#039;honneur du 24e salon \u00ab\u00a0Au Rendez-Vous des Terroirs d&#039;Ailleurs \u00bb ! - Remiremont Info<\/title>\n<meta name=\"robots\" content=\"index, follow, max-snippet:-1, max-image-preview:large, max-video-preview:-1\" \/>\n<link rel=\"canonical\" href=\"https:\/\/vosgesinfo.fr\/remiremontinfo\/2019\/02\/remiremont-lirlande-a-lhonneur-24e-salon-rendez-terroirs-dailleurs\/\" \/>\n<meta name=\"twitter:card\" content=\"summary_large_image\" \/>\n<meta name=\"twitter:title\" content=\"Remiremont - l&#039;Irlande \u00e0 l&#039;honneur du 24e salon \u00ab\u00a0Au Rendez-Vous des Terroirs d&#039;Ailleurs \u00bb ! - Remiremont Info\" \/>\n<meta name=\"twitter:description\" content=\"Cette ann\u00e9e, l&rsquo;Irlande revient \u00e0 Remiremont, repr\u00e9sent\u00e9e au 24e salon Au Rendez-Vous des Terroirs d&rsquo;Ailleurs par Lyndsey Harkins. La jeune [&hellip;]\" \/>\n<meta name=\"twitter:image\" content=\"https:\/\/vosgesinfo.fr\/app\/uploads\/sites\/5\/2024\/09\/201902pres-to-ambassador-2-2.jpg\" \/>\n<meta name=\"twitter:creator\" content=\"@VosgesInfo88\" \/>\n<meta name=\"twitter:site\" content=\"@VosgesInfo88\" \/>\n<meta name=\"twitter:label1\" content=\"\u00c9crit par\" \/>\n\t<meta name=\"twitter:data1\" content=\"C D\" \/>\n\t<meta name=\"twitter:label2\" content=\"Dur\u00e9e de lecture estim\u00e9e\" \/>\n\t<meta name=\"twitter:data2\" content=\"1 minute\" \/>\n<script type=\"application\/ld+json\" class=\"yoast-schema-graph\">{\"@context\":\"https:\/\/schema.org\",\"@graph\":[{\"@type\":\"Article\",\"@id\":\"https:\/\/vosgesinfo.fr\/remiremontinfo\/2019\/02\/remiremont-lirlande-a-lhonneur-24e-salon-rendez-terroirs-dailleurs\/#article\",\"isPartOf\":{\"@id\":\"https:\/\/vosgesinfo.fr\/remiremontinfo\/2019\/02\/remiremont-lirlande-a-lhonneur-24e-salon-rendez-terroirs-dailleurs\/\"},\"author\":{\"name\":\"C D\",\"@id\":\"https:\/\/vosgesinfo.fr\/remiremontinfo\/#\/schema\/person\/3bfd164d5218a185b1db68655a265316\"},\"headline\":\"Remiremont &#8211; l&rsquo;Irlande \u00e0 l&rsquo;honneur du 24e salon \u00ab\u00a0Au Rendez-Vous des Terroirs d&rsquo;Ailleurs \u00bb !\",\"datePublished\":\"2019-02-18T12:23:05+00:00\",\"dateModified\":\"2019-02-18T12:23:05+00:00\",\"mainEntityOfPage\":{\"@id\":\"https:\/\/vosgesinfo.fr\/remiremontinfo\/2019\/02\/remiremont-lirlande-a-lhonneur-24e-salon-rendez-terroirs-dailleurs\/\"},\"wordCount\":151,\"commentCount\":0,\"publisher\":{\"@id\":\"https:\/\/vosgesinfo.fr\/remiremontinfo\/#organization\"},\"image\":{\"@id\":\"https:\/\/vosgesinfo.fr\/remiremontinfo\/2019\/02\/remiremont-lirlande-a-lhonneur-24e-salon-rendez-terroirs-dailleurs\/#primaryimage\"},\"thumbnailUrl\":\"https:\/\/vosgesinfo.fr\/app\/uploads\/sites\/5\/2024\/09\/201902pres-to-ambassador-2-2.jpg\",\"articleSection\":[\"A la Une\",\"Loisirs\",\"Remiremont\",\"Remiremont &amp; son canton\"],\"inLanguage\":\"fr-FR\",\"potentialAction\":[{\"@type\":\"CommentAction\",\"name\":\"Comment\",\"target\":[\"https:\/\/vosgesinfo.fr\/remiremontinfo\/2019\/02\/remiremont-lirlande-a-lhonneur-24e-salon-rendez-terroirs-dailleurs\/#respond\"]}]},{\"@type\":\"WebPage\",\"@id\":\"https:\/\/vosgesinfo.fr\/remiremontinfo\/2019\/02\/remiremont-lirlande-a-lhonneur-24e-salon-rendez-terroirs-dailleurs\/\",\"url\":\"https:\/\/vosgesinfo.fr\/remiremontinfo\/2019\/02\/remiremont-lirlande-a-lhonneur-24e-salon-rendez-terroirs-dailleurs\/\",\"name\":\"Remiremont - l'Irlande \u00e0 l'honneur du 24e salon \u00ab\u00a0Au Rendez-Vous des Terroirs d'Ailleurs \u00bb ! - Remiremont Info\",\"isPartOf\":{\"@id\":\"https:\/\/vosgesinfo.fr\/remiremontinfo\/#website\"},\"primaryImageOfPage\":{\"@id\":\"https:\/\/vosgesinfo.fr\/remiremontinfo\/2019\/02\/remiremont-lirlande-a-lhonneur-24e-salon-rendez-terroirs-dailleurs\/#primaryimage\"},\"image\":{\"@id\":\"https:\/\/vosgesinfo.fr\/remiremontinfo\/2019\/02\/remiremont-lirlande-a-lhonneur-24e-salon-rendez-terroirs-dailleurs\/#primaryimage\"},\"thumbnailUrl\":\"https:\/\/vosgesinfo.fr\/app\/uploads\/sites\/5\/2024\/09\/201902pres-to-ambassador-2-2.jpg\",\"datePublished\":\"2019-02-18T12:23:05+00:00\",\"dateModified\":\"2019-02-18T12:23:05+00:00\",\"breadcrumb\":{\"@id\":\"https:\/\/vosgesinfo.fr\/remiremontinfo\/2019\/02\/remiremont-lirlande-a-lhonneur-24e-salon-rendez-terroirs-dailleurs\/#breadcrumb\"},\"inLanguage\":\"fr-FR\",\"potentialAction\":[{\"@type\":\"ReadAction\",\"target\":[\"https:\/\/vosgesinfo.fr\/remiremontinfo\/2019\/02\/remiremont-lirlande-a-lhonneur-24e-salon-rendez-terroirs-dailleurs\/\"]}]},{\"@type\":\"ImageObject\",\"inLanguage\":\"fr-FR\",\"@id\":\"https:\/\/vosgesinfo.fr\/remiremontinfo\/2019\/02\/remiremont-lirlande-a-lhonneur-24e-salon-rendez-terroirs-dailleurs\/#primaryimage\",\"url\":\"https:\/\/vosgesinfo.fr\/app\/uploads\/sites\/5\/2024\/09\/201902pres-to-ambassador-2-2.jpg\",\"contentUrl\":\"https:\/\/vosgesinfo.fr\/app\/uploads\/sites\/5\/2024\/09\/201902pres-to-ambassador-2-2.jpg\",\"width\":1024,\"height\":725},{\"@type\":\"BreadcrumbList\",\"@id\":\"https:\/\/vosgesinfo.fr\/remiremontinfo\/2019\/02\/remiremont-lirlande-a-lhonneur-24e-salon-rendez-terroirs-dailleurs\/#breadcrumb\",\"itemListElement\":[{\"@type\":\"ListItem\",\"position\":1,\"name\":\"Home\",\"item\":\"https:\/\/vosgesinfo.fr\/remiremontinfo\/\"},{\"@type\":\"ListItem\",\"position\":2,\"name\":\"Remiremont &#8211; l&rsquo;Irlande \u00e0 l&rsquo;honneur du 24e salon \u00ab\u00a0Au Rendez-Vous des Terroirs d&rsquo;Ailleurs \u00bb !\"}]},{\"@type\":\"WebSite\",\"@id\":\"https:\/\/vosgesinfo.fr\/remiremontinfo\/#website\",\"url\":\"https:\/\/vosgesinfo.fr\/remiremontinfo\/\",\"name\":\"Remiremont Info\",\"description\":\"Toute l&#039;actualit\u00e9 de Remiremont\",\"publisher\":{\"@id\":\"https:\/\/vosgesinfo.fr\/remiremontinfo\/#organization\"},\"alternateName\":\"Toute l'actualit\u00e9 de Remiremont\",\"potentialAction\":[{\"@type\":\"SearchAction\",\"target\":{\"@type\":\"EntryPoint\",\"urlTemplate\":\"https:\/\/vosgesinfo.fr\/remiremontinfo\/?s={search_term_string}\"},\"query-input\":\"required name=search_term_string\"}],\"inLanguage\":\"fr-FR\"},{\"@type\":\"Organization\",\"@id\":\"https:\/\/vosgesinfo.fr\/remiremontinfo\/#organization\",\"name\":\"Remiremont Info\",\"url\":\"https:\/\/vosgesinfo.fr\/remiremontinfo\/\",\"logo\":{\"@type\":\"ImageObject\",\"inLanguage\":\"fr-FR\",\"@id\":\"https:\/\/vosgesinfo.fr\/remiremontinfo\/#\/schema\/logo\/image\/\",\"url\":\"https:\/\/vosgesinfo.fr\/app\/uploads\/sites\/5\/2023\/08\/favicon-remiremontinfo.png\",\"contentUrl\":\"https:\/\/vosgesinfo.fr\/app\/uploads\/sites\/5\/2023\/08\/favicon-remiremontinfo.png\",\"width\":512,\"height\":512,\"caption\":\"Remiremont Info\"},\"image\":{\"@id\":\"https:\/\/vosgesinfo.fr\/remiremontinfo\/#\/schema\/logo\/image\/\"},\"sameAs\":[\"https:\/\/www.facebook.com\/remiremontinfo\",\"https:\/\/x.com\/VosgesInfo88\",\"https:\/\/www.youtube.com\/@vosgesinfo\"]},{\"@type\":\"Person\",\"@id\":\"https:\/\/vosgesinfo.fr\/remiremontinfo\/#\/schema\/person\/3bfd164d5218a185b1db68655a265316\",\"name\":\"C D\",\"image\":{\"@type\":\"ImageObject\",\"inLanguage\":\"fr-FR\",\"@id\":\"https:\/\/vosgesinfo.fr\/remiremontinfo\/#\/schema\/person\/image\/\",\"url\":\"https:\/\/secure.gravatar.com\/avatar\/1f9a70007336511a47468b8f1c66f922b8b7cf617b02a31149ada43893a5d48f?s=96&d=mm&r=g\",\"contentUrl\":\"https:\/\/secure.gravatar.com\/avatar\/1f9a70007336511a47468b8f1c66f922b8b7cf617b02a31149ada43893a5d48f?s=96&d=mm&r=g\",\"caption\":\"C D\"},\"url\":\"https:\/\/vosgesinfo.fr\/remiremontinfo\/author\/cedric-drevet\/\"}]}<\/script>\n<!-- \/ Yoast SEO plugin. -->","yoast_head_json":{"title":"Remiremont - l'Irlande \u00e0 l'honneur du 24e salon \u00ab\u00a0Au Rendez-Vous des Terroirs d'Ailleurs \u00bb ! - Remiremont Info","robots":{"index":"index","follow":"follow","max-snippet":"max-snippet:-1","max-image-preview":"max-image-preview:large","max-video-preview":"max-video-preview:-1"},"canonical":"https:\/\/vosgesinfo.fr\/remiremontinfo\/2019\/02\/remiremont-lirlande-a-lhonneur-24e-salon-rendez-terroirs-dailleurs\/","twitter_card":"summary_large_image","twitter_title":"Remiremont - l'Irlande \u00e0 l'honneur du 24e salon \u00ab\u00a0Au Rendez-Vous des Terroirs d'Ailleurs \u00bb ! - Remiremont Info","twitter_description":"Cette ann\u00e9e, l&rsquo;Irlande revient \u00e0 Remiremont, repr\u00e9sent\u00e9e au 24e salon Au Rendez-Vous des Terroirs d&rsquo;Ailleurs par Lyndsey Harkins. La jeune [&hellip;]","twitter_image":"https:\/\/vosgesinfo.fr\/app\/uploads\/sites\/5\/2024\/09\/201902pres-to-ambassador-2-2.jpg","twitter_creator":"@VosgesInfo88","twitter_site":"@VosgesInfo88","twitter_misc":{"\u00c9crit par":"C D","Dur\u00e9e de lecture estim\u00e9e":"1 minute"},"schema":{"@context":"https:\/\/schema.org","@graph":[{"@type":"Article","@id":"https:\/\/vosgesinfo.fr\/remiremontinfo\/2019\/02\/remiremont-lirlande-a-lhonneur-24e-salon-rendez-terroirs-dailleurs\/#article","isPartOf":{"@id":"https:\/\/vosgesinfo.fr\/remiremontinfo\/2019\/02\/remiremont-lirlande-a-lhonneur-24e-salon-rendez-terroirs-dailleurs\/"},"author":{"name":"C D","@id":"https:\/\/vosgesinfo.fr\/remiremontinfo\/#\/schema\/person\/3bfd164d5218a185b1db68655a265316"},"headline":"Remiremont &#8211; l&rsquo;Irlande \u00e0 l&rsquo;honneur du 24e salon \u00ab\u00a0Au Rendez-Vous des Terroirs d&rsquo;Ailleurs \u00bb !","datePublished":"2019-02-18T12:23:05+00:00","dateModified":"2019-02-18T12:23:05+00:00","mainEntityOfPage":{"@id":"https:\/\/vosgesinfo.fr\/remiremontinfo\/2019\/02\/remiremont-lirlande-a-lhonneur-24e-salon-rendez-terroirs-dailleurs\/"},"wordCount":151,"commentCount":0,"publisher":{"@id":"https:\/\/vosgesinfo.fr\/remiremontinfo\/#organization"},"image":{"@id":"https:\/\/vosgesinfo.fr\/remiremontinfo\/2019\/02\/remiremont-lirlande-a-lhonneur-24e-salon-rendez-terroirs-dailleurs\/#primaryimage"},"thumbnailUrl":"https:\/\/vosgesinfo.fr\/app\/uploads\/sites\/5\/2024\/09\/201902pres-to-ambassador-2-2.jpg","articleSection":["A la Une","Loisirs","Remiremont","Remiremont &amp; son canton"],"inLanguage":"fr-FR","potentialAction":[{"@type":"CommentAction","name":"Comment","target":["https:\/\/vosgesinfo.fr\/remiremontinfo\/2019\/02\/remiremont-lirlande-a-lhonneur-24e-salon-rendez-terroirs-dailleurs\/#respond"]}]},{"@type":"WebPage","@id":"https:\/\/vosgesinfo.fr\/remiremontinfo\/2019\/02\/remiremont-lirlande-a-lhonneur-24e-salon-rendez-terroirs-dailleurs\/","url":"https:\/\/vosgesinfo.fr\/remiremontinfo\/2019\/02\/remiremont-lirlande-a-lhonneur-24e-salon-rendez-terroirs-dailleurs\/","name":"Remiremont - l'Irlande \u00e0 l'honneur du 24e salon \u00ab\u00a0Au Rendez-Vous des Terroirs d'Ailleurs \u00bb ! - Remiremont Info","isPartOf":{"@id":"https:\/\/vosgesinfo.fr\/remiremontinfo\/#website"},"primaryImageOfPage":{"@id":"https:\/\/vosgesinfo.fr\/remiremontinfo\/2019\/02\/remiremont-lirlande-a-lhonneur-24e-salon-rendez-terroirs-dailleurs\/#primaryimage"},"image":{"@id":"https:\/\/vosgesinfo.fr\/remiremontinfo\/2019\/02\/remiremont-lirlande-a-lhonneur-24e-salon-rendez-terroirs-dailleurs\/#primaryimage"},"thumbnailUrl":"https:\/\/vosgesinfo.fr\/app\/uploads\/sites\/5\/2024\/09\/201902pres-to-ambassador-2-2.jpg","datePublished":"2019-02-18T12:23:05+00:00","dateModified":"2019-02-18T12:23:05+00:00","breadcrumb":{"@id":"https:\/\/vosgesinfo.fr\/remiremontinfo\/2019\/02\/remiremont-lirlande-a-lhonneur-24e-salon-rendez-terroirs-dailleurs\/#breadcrumb"},"inLanguage":"fr-FR","potentialAction":[{"@type":"ReadAction","target":["https:\/\/vosgesinfo.fr\/remiremontinfo\/2019\/02\/remiremont-lirlande-a-lhonneur-24e-salon-rendez-terroirs-dailleurs\/"]}]},{"@type":"ImageObject","inLanguage":"fr-FR","@id":"https:\/\/vosgesinfo.fr\/remiremontinfo\/2019\/02\/remiremont-lirlande-a-lhonneur-24e-salon-rendez-terroirs-dailleurs\/#primaryimage","url":"https:\/\/vosgesinfo.fr\/app\/uploads\/sites\/5\/2024\/09\/201902pres-to-ambassador-2-2.jpg","contentUrl":"https:\/\/vosgesinfo.fr\/app\/uploads\/sites\/5\/2024\/09\/201902pres-to-ambassador-2-2.jpg","width":1024,"height":725},{"@type":"BreadcrumbList","@id":"https:\/\/vosgesinfo.fr\/remiremontinfo\/2019\/02\/remiremont-lirlande-a-lhonneur-24e-salon-rendez-terroirs-dailleurs\/#breadcrumb","itemListElement":[{"@type":"ListItem","position":1,"name":"Home","item":"https:\/\/vosgesinfo.fr\/remiremontinfo\/"},{"@type":"ListItem","position":2,"name":"Remiremont &#8211; l&rsquo;Irlande \u00e0 l&rsquo;honneur du 24e salon \u00ab\u00a0Au Rendez-Vous des Terroirs d&rsquo;Ailleurs \u00bb !"}]},{"@type":"WebSite","@id":"https:\/\/vosgesinfo.fr\/remiremontinfo\/#website","url":"https:\/\/vosgesinfo.fr\/remiremontinfo\/","name":"Remiremont Info","description":"Toute l&#039;actualit\u00e9 de Remiremont","publisher":{"@id":"https:\/\/vosgesinfo.fr\/remiremontinfo\/#organization"},"alternateName":"Toute l'actualit\u00e9 de Remiremont","potentialAction":[{"@type":"SearchAction","target":{"@type":"EntryPoint","urlTemplate":"https:\/\/vosgesinfo.fr\/remiremontinfo\/?s={search_term_string}"},"query-input":"required name=search_term_string"}],"inLanguage":"fr-FR"},{"@type":"Organization","@id":"https:\/\/vosgesinfo.fr\/remiremontinfo\/#organization","name":"Remiremont Info","url":"https:\/\/vosgesinfo.fr\/remiremontinfo\/","logo":{"@type":"ImageObject","inLanguage":"fr-FR","@id":"https:\/\/vosgesinfo.fr\/remiremontinfo\/#\/schema\/logo\/image\/","url":"https:\/\/vosgesinfo.fr\/app\/uploads\/sites\/5\/2023\/08\/favicon-remiremontinfo.png","contentUrl":"https:\/\/vosgesinfo.fr\/app\/uploads\/sites\/5\/2023\/08\/favicon-remiremontinfo.png","width":512,"height":512,"caption":"Remiremont Info"},"image":{"@id":"https:\/\/vosgesinfo.fr\/remiremontinfo\/#\/schema\/logo\/image\/"},"sameAs":["https:\/\/www.facebook.com\/remiremontinfo","https:\/\/x.com\/VosgesInfo88","https:\/\/www.youtube.com\/@vosgesinfo"]},{"@type":"Person","@id":"https:\/\/vosgesinfo.fr\/remiremontinfo\/#\/schema\/person\/3bfd164d5218a185b1db68655a265316","name":"C D","image":{"@type":"ImageObject","inLanguage":"fr-FR","@id":"https:\/\/vosgesinfo.fr\/remiremontinfo\/#\/schema\/person\/image\/","url":"https:\/\/secure.gravatar.com\/avatar\/1f9a70007336511a47468b8f1c66f922b8b7cf617b02a31149ada43893a5d48f?s=96&d=mm&r=g","contentUrl":"https:\/\/secure.gravatar.com\/avatar\/1f9a70007336511a47468b8f1c66f922b8b7cf617b02a31149ada43893a5d48f?s=96&d=mm&r=g","caption":"C D"},"url":"https:\/\/vosgesinfo.fr\/remiremontinfo\/author\/cedric-drevet\/"}]}},"_links":{"self":[{"href":"https:\/\/vosgesinfo.fr\/remiremontinfo\/wp-json\/wp\/v2\/posts\/10943","targetHints":{"allow":["GET"]}}],"collection":[{"href":"https:\/\/vosgesinfo.fr\/remiremontinfo\/wp-json\/wp\/v2\/posts"}],"about":[{"href":"https:\/\/vosgesinfo.fr\/remiremontinfo\/wp-json\/wp\/v2\/types\/post"}],"author":[{"embeddable":true,"href":"https:\/\/vosgesinfo.fr\/remiremontinfo\/wp-json\/wp\/v2\/users\/407"}],"replies":[{"embeddable":true,"href":"https:\/\/vosgesinfo.fr\/remiremontinfo\/wp-json\/wp\/v2\/comments?post=10943"}],"version-history":[{"count":0,"href":"https:\/\/vosgesinfo.fr\/remiremontinfo\/wp-json\/wp\/v2\/posts\/10943\/revisions"}],"wp:featuredmedia":[{"embeddable":true,"href":"https:\/\/vosgesinfo.fr\/remiremontinfo\/wp-json\/wp\/v2\/media\/10944"}],"wp:attachment":[{"href":"https:\/\/vosgesinfo.fr\/remiremontinfo\/wp-json\/wp\/v2\/media?parent=10943"}],"wp:term":[{"taxonomy":"category","embeddable":true,"href":"https:\/\/vosgesinfo.fr\/remiremontinfo\/wp-json\/wp\/v2\/categories?post=10943"},{"taxonomy":"post_tag","embeddable":true,"href":"https:\/\/vosgesinfo.fr\/remiremontinfo\/wp-json\/wp\/v2\/tags?post=10943"}],"curies":[{"name":"wp","href":"https:\/\/api.w.org\/{rel}","templated":true}]}}