{"id":10959,"date":"2019-02-22T08:09:35","date_gmt":"2019-02-22T07:09:35","guid":{"rendered":"https:\/\/vosgesinfo.fr\/remiremontinfo\/2019\/02\/marche-populaire-ffsp-a-plancher-bas-sports-loisirs\/"},"modified":"2019-02-22T08:09:35","modified_gmt":"2019-02-22T07:09:35","slug":"marche-populaire-ffsp-a-plancher-bas-sports-loisirs","status":"publish","type":"post","link":"https:\/\/vosgesinfo.fr\/remiremontinfo\/2019\/02\/marche-populaire-ffsp-a-plancher-bas-sports-loisirs\/","title":{"rendered":"Marche Populaire FFSP \u00e0 Plancher-Bas avec Sports Loisirs"},"content":{"rendered":"<p><a href=\"\/2019\/02\/DSCF0133.jpg\"><img decoding=\"async\" class=\"alignnone wp-image-253673 size-large\" src=\"\/2019\/02\/DSCF0133-1024x768.jpg\" alt=\"DSCF0133\" width=\"960\" height=\"720\" \/><\/a><\/p>\n<p><strong>L\u2019Association Sports Loisirs organise une sortie en bus \u00e0 la Marche Populaire FFSP organis\u00e9e par les Plancherots de Plancher-Bas (70) le dimanche 07 avril 2019. Trois parcours de 5, 11 et 20 kilom\u00e8tres sont propos\u00e9s.<\/strong><\/p>\n<p>Horaires : d\u00e9part \u00e0 08h45 sur la place de\u00a0la mairie de Le Syndicat.<\/p>\n<p>retour \u00e0 16h30 de Plancher-Bas.<\/p>\n<p>Tarifs incluant le transport et l\u2019inscription \u00e0 la marche : 08\u20ac pour les adh\u00e9rents \u00e0 l\u2019association.<\/p>\n<p>12\u20ac pour les non-adh\u00e9rents.<\/p>\n<p>Renseignements et inscriptions aupr\u00e8s de Daniel RICHARD au 03 29 61 21 62 ou 07 76 01 55 86.<\/p>\n","protected":false},"excerpt":{"rendered":"<p>L\u2019Association Sports Loisirs organise une sortie en bus \u00e0 la Marche Populaire FFSP organis\u00e9e par les Plancherots de Plancher-Bas (70) [&hellip;]<\/p>\n","protected":false},"author":269,"featured_media":10960,"comment_status":"open","ping_status":"open","sticky":false,"template":"","format":"standard","meta":{"footnotes":""},"categories":[25,1579,54],"tags":[],"class_list":["post-10959","post","type-post","status-publish","format-standard","has-post-thumbnail","hentry","category-la-bresse-son-canton","category-le-syndicat-la-bresse-son-canton","category-loisirs"],"acf":[],"yoast_head":"<!-- This site is optimized with the Yoast SEO plugin v22.5 - https:\/\/yoast.com\/wordpress\/plugins\/seo\/ -->\n<title>Marche Populaire FFSP \u00e0 Plancher-Bas avec Sports Loisirs - Remiremont Info<\/title>\n<meta name=\"robots\" content=\"index, follow, max-snippet:-1, max-image-preview:large, max-video-preview:-1\" \/>\n<link rel=\"canonical\" href=\"https:\/\/vosgesinfo.fr\/remiremontinfo\/2019\/02\/marche-populaire-ffsp-a-plancher-bas-sports-loisirs\/\" \/>\n<meta name=\"twitter:card\" content=\"summary_large_image\" \/>\n<meta name=\"twitter:title\" content=\"Marche Populaire FFSP \u00e0 Plancher-Bas avec Sports Loisirs - Remiremont Info\" \/>\n<meta name=\"twitter:description\" content=\"L\u2019Association Sports Loisirs organise une sortie en bus \u00e0 la Marche Populaire FFSP organis\u00e9e par les Plancherots de Plancher-Bas (70) [&hellip;]\" \/>\n<meta name=\"twitter:image\" content=\"https:\/\/vosgesinfo.fr\/app\/uploads\/sites\/5\/2024\/09\/201902dscf0133-scaled.jpg\" \/>\n<meta name=\"twitter:creator\" content=\"@VosgesInfo88\" \/>\n<meta name=\"twitter:site\" content=\"@VosgesInfo88\" \/>\n<meta name=\"twitter:label1\" content=\"\u00c9crit par\" \/>\n\t<meta name=\"twitter:data1\" content=\"sllesyndicat\" \/>\n<script type=\"application\/ld+json\" class=\"yoast-schema-graph\">{\"@context\":\"https:\/\/schema.org\",\"@graph\":[{\"@type\":\"Article\",\"@id\":\"https:\/\/vosgesinfo.fr\/remiremontinfo\/2019\/02\/marche-populaire-ffsp-a-plancher-bas-sports-loisirs\/#article\",\"isPartOf\":{\"@id\":\"https:\/\/vosgesinfo.fr\/remiremontinfo\/2019\/02\/marche-populaire-ffsp-a-plancher-bas-sports-loisirs\/\"},\"author\":{\"name\":\"sllesyndicat\",\"@id\":\"https:\/\/vosgesinfo.fr\/remiremontinfo\/#\/schema\/person\/a5ad15d5aba6d9d513a018f46ab497da\"},\"headline\":\"Marche Populaire FFSP \u00e0 Plancher-Bas avec Sports Loisirs\",\"datePublished\":\"2019-02-22T07:09:35+00:00\",\"dateModified\":\"2019-02-22T07:09:35+00:00\",\"mainEntityOfPage\":{\"@id\":\"https:\/\/vosgesinfo.fr\/remiremontinfo\/2019\/02\/marche-populaire-ffsp-a-plancher-bas-sports-loisirs\/\"},\"wordCount\":85,\"commentCount\":0,\"publisher\":{\"@id\":\"https:\/\/vosgesinfo.fr\/remiremontinfo\/#organization\"},\"image\":{\"@id\":\"https:\/\/vosgesinfo.fr\/remiremontinfo\/2019\/02\/marche-populaire-ffsp-a-plancher-bas-sports-loisirs\/#primaryimage\"},\"thumbnailUrl\":\"https:\/\/vosgesinfo.fr\/app\/uploads\/sites\/5\/2024\/09\/201902dscf0133-scaled.jpg\",\"articleSection\":[\"La Bresse &amp; son canton\",\"Le Syndicat\",\"Loisirs\"],\"inLanguage\":\"fr-FR\",\"potentialAction\":[{\"@type\":\"CommentAction\",\"name\":\"Comment\",\"target\":[\"https:\/\/vosgesinfo.fr\/remiremontinfo\/2019\/02\/marche-populaire-ffsp-a-plancher-bas-sports-loisirs\/#respond\"]}]},{\"@type\":\"WebPage\",\"@id\":\"https:\/\/vosgesinfo.fr\/remiremontinfo\/2019\/02\/marche-populaire-ffsp-a-plancher-bas-sports-loisirs\/\",\"url\":\"https:\/\/vosgesinfo.fr\/remiremontinfo\/2019\/02\/marche-populaire-ffsp-a-plancher-bas-sports-loisirs\/\",\"name\":\"Marche Populaire FFSP \u00e0 Plancher-Bas avec Sports Loisirs - Remiremont Info\",\"isPartOf\":{\"@id\":\"https:\/\/vosgesinfo.fr\/remiremontinfo\/#website\"},\"primaryImageOfPage\":{\"@id\":\"https:\/\/vosgesinfo.fr\/remiremontinfo\/2019\/02\/marche-populaire-ffsp-a-plancher-bas-sports-loisirs\/#primaryimage\"},\"image\":{\"@id\":\"https:\/\/vosgesinfo.fr\/remiremontinfo\/2019\/02\/marche-populaire-ffsp-a-plancher-bas-sports-loisirs\/#primaryimage\"},\"thumbnailUrl\":\"https:\/\/vosgesinfo.fr\/app\/uploads\/sites\/5\/2024\/09\/201902dscf0133-scaled.jpg\",\"datePublished\":\"2019-02-22T07:09:35+00:00\",\"dateModified\":\"2019-02-22T07:09:35+00:00\",\"breadcrumb\":{\"@id\":\"https:\/\/vosgesinfo.fr\/remiremontinfo\/2019\/02\/marche-populaire-ffsp-a-plancher-bas-sports-loisirs\/#breadcrumb\"},\"inLanguage\":\"fr-FR\",\"potentialAction\":[{\"@type\":\"ReadAction\",\"target\":[\"https:\/\/vosgesinfo.fr\/remiremontinfo\/2019\/02\/marche-populaire-ffsp-a-plancher-bas-sports-loisirs\/\"]}]},{\"@type\":\"ImageObject\",\"inLanguage\":\"fr-FR\",\"@id\":\"https:\/\/vosgesinfo.fr\/remiremontinfo\/2019\/02\/marche-populaire-ffsp-a-plancher-bas-sports-loisirs\/#primaryimage\",\"url\":\"https:\/\/vosgesinfo.fr\/app\/uploads\/sites\/5\/2024\/09\/201902dscf0133-scaled.jpg\",\"contentUrl\":\"https:\/\/vosgesinfo.fr\/app\/uploads\/sites\/5\/2024\/09\/201902dscf0133-scaled.jpg\",\"width\":2560,\"height\":1920},{\"@type\":\"BreadcrumbList\",\"@id\":\"https:\/\/vosgesinfo.fr\/remiremontinfo\/2019\/02\/marche-populaire-ffsp-a-plancher-bas-sports-loisirs\/#breadcrumb\",\"itemListElement\":[{\"@type\":\"ListItem\",\"position\":1,\"name\":\"Home\",\"item\":\"https:\/\/vosgesinfo.fr\/remiremontinfo\/\"},{\"@type\":\"ListItem\",\"position\":2,\"name\":\"Marche Populaire FFSP \u00e0 Plancher-Bas avec Sports Loisirs\"}]},{\"@type\":\"WebSite\",\"@id\":\"https:\/\/vosgesinfo.fr\/remiremontinfo\/#website\",\"url\":\"https:\/\/vosgesinfo.fr\/remiremontinfo\/\",\"name\":\"Remiremont Info\",\"description\":\"Toute l&#039;actualit\u00e9 de Remiremont\",\"publisher\":{\"@id\":\"https:\/\/vosgesinfo.fr\/remiremontinfo\/#organization\"},\"alternateName\":\"Toute l'actualit\u00e9 de Remiremont\",\"potentialAction\":[{\"@type\":\"SearchAction\",\"target\":{\"@type\":\"EntryPoint\",\"urlTemplate\":\"https:\/\/vosgesinfo.fr\/remiremontinfo\/?s={search_term_string}\"},\"query-input\":\"required name=search_term_string\"}],\"inLanguage\":\"fr-FR\"},{\"@type\":\"Organization\",\"@id\":\"https:\/\/vosgesinfo.fr\/remiremontinfo\/#organization\",\"name\":\"Remiremont Info\",\"url\":\"https:\/\/vosgesinfo.fr\/remiremontinfo\/\",\"logo\":{\"@type\":\"ImageObject\",\"inLanguage\":\"fr-FR\",\"@id\":\"https:\/\/vosgesinfo.fr\/remiremontinfo\/#\/schema\/logo\/image\/\",\"url\":\"https:\/\/vosgesinfo.fr\/app\/uploads\/sites\/5\/2023\/08\/favicon-remiremontinfo.png\",\"contentUrl\":\"https:\/\/vosgesinfo.fr\/app\/uploads\/sites\/5\/2023\/08\/favicon-remiremontinfo.png\",\"width\":512,\"height\":512,\"caption\":\"Remiremont Info\"},\"image\":{\"@id\":\"https:\/\/vosgesinfo.fr\/remiremontinfo\/#\/schema\/logo\/image\/\"},\"sameAs\":[\"https:\/\/www.facebook.com\/remiremontinfo\",\"https:\/\/x.com\/VosgesInfo88\",\"https:\/\/www.youtube.com\/@vosgesinfo\"]},{\"@type\":\"Person\",\"@id\":\"https:\/\/vosgesinfo.fr\/remiremontinfo\/#\/schema\/person\/a5ad15d5aba6d9d513a018f46ab497da\",\"name\":\"sllesyndicat\",\"image\":{\"@type\":\"ImageObject\",\"inLanguage\":\"fr-FR\",\"@id\":\"https:\/\/vosgesinfo.fr\/remiremontinfo\/#\/schema\/person\/image\/\",\"url\":\"https:\/\/secure.gravatar.com\/avatar\/f12c68adf3060e11e9e7579c5d0d86030f7c6ee33d57f767ded0896863aba14d?s=96&d=mm&r=g\",\"contentUrl\":\"https:\/\/secure.gravatar.com\/avatar\/f12c68adf3060e11e9e7579c5d0d86030f7c6ee33d57f767ded0896863aba14d?s=96&d=mm&r=g\",\"caption\":\"sllesyndicat\"},\"url\":\"https:\/\/vosgesinfo.fr\/remiremontinfo\/author\/sllesyndicat\/\"}]}<\/script>\n<!-- \/ Yoast SEO plugin. -->","yoast_head_json":{"title":"Marche Populaire FFSP \u00e0 Plancher-Bas avec Sports Loisirs - Remiremont Info","robots":{"index":"index","follow":"follow","max-snippet":"max-snippet:-1","max-image-preview":"max-image-preview:large","max-video-preview":"max-video-preview:-1"},"canonical":"https:\/\/vosgesinfo.fr\/remiremontinfo\/2019\/02\/marche-populaire-ffsp-a-plancher-bas-sports-loisirs\/","twitter_card":"summary_large_image","twitter_title":"Marche Populaire FFSP \u00e0 Plancher-Bas avec Sports Loisirs - Remiremont Info","twitter_description":"L\u2019Association Sports Loisirs organise une sortie en bus \u00e0 la Marche Populaire FFSP organis\u00e9e par les Plancherots de Plancher-Bas (70) [&hellip;]","twitter_image":"https:\/\/vosgesinfo.fr\/app\/uploads\/sites\/5\/2024\/09\/201902dscf0133-scaled.jpg","twitter_creator":"@VosgesInfo88","twitter_site":"@VosgesInfo88","twitter_misc":{"\u00c9crit par":"sllesyndicat"},"schema":{"@context":"https:\/\/schema.org","@graph":[{"@type":"Article","@id":"https:\/\/vosgesinfo.fr\/remiremontinfo\/2019\/02\/marche-populaire-ffsp-a-plancher-bas-sports-loisirs\/#article","isPartOf":{"@id":"https:\/\/vosgesinfo.fr\/remiremontinfo\/2019\/02\/marche-populaire-ffsp-a-plancher-bas-sports-loisirs\/"},"author":{"name":"sllesyndicat","@id":"https:\/\/vosgesinfo.fr\/remiremontinfo\/#\/schema\/person\/a5ad15d5aba6d9d513a018f46ab497da"},"headline":"Marche Populaire FFSP \u00e0 Plancher-Bas avec Sports Loisirs","datePublished":"2019-02-22T07:09:35+00:00","dateModified":"2019-02-22T07:09:35+00:00","mainEntityOfPage":{"@id":"https:\/\/vosgesinfo.fr\/remiremontinfo\/2019\/02\/marche-populaire-ffsp-a-plancher-bas-sports-loisirs\/"},"wordCount":85,"commentCount":0,"publisher":{"@id":"https:\/\/vosgesinfo.fr\/remiremontinfo\/#organization"},"image":{"@id":"https:\/\/vosgesinfo.fr\/remiremontinfo\/2019\/02\/marche-populaire-ffsp-a-plancher-bas-sports-loisirs\/#primaryimage"},"thumbnailUrl":"https:\/\/vosgesinfo.fr\/app\/uploads\/sites\/5\/2024\/09\/201902dscf0133-scaled.jpg","articleSection":["La Bresse &amp; son canton","Le Syndicat","Loisirs"],"inLanguage":"fr-FR","potentialAction":[{"@type":"CommentAction","name":"Comment","target":["https:\/\/vosgesinfo.fr\/remiremontinfo\/2019\/02\/marche-populaire-ffsp-a-plancher-bas-sports-loisirs\/#respond"]}]},{"@type":"WebPage","@id":"https:\/\/vosgesinfo.fr\/remiremontinfo\/2019\/02\/marche-populaire-ffsp-a-plancher-bas-sports-loisirs\/","url":"https:\/\/vosgesinfo.fr\/remiremontinfo\/2019\/02\/marche-populaire-ffsp-a-plancher-bas-sports-loisirs\/","name":"Marche Populaire FFSP \u00e0 Plancher-Bas avec Sports Loisirs - Remiremont Info","isPartOf":{"@id":"https:\/\/vosgesinfo.fr\/remiremontinfo\/#website"},"primaryImageOfPage":{"@id":"https:\/\/vosgesinfo.fr\/remiremontinfo\/2019\/02\/marche-populaire-ffsp-a-plancher-bas-sports-loisirs\/#primaryimage"},"image":{"@id":"https:\/\/vosgesinfo.fr\/remiremontinfo\/2019\/02\/marche-populaire-ffsp-a-plancher-bas-sports-loisirs\/#primaryimage"},"thumbnailUrl":"https:\/\/vosgesinfo.fr\/app\/uploads\/sites\/5\/2024\/09\/201902dscf0133-scaled.jpg","datePublished":"2019-02-22T07:09:35+00:00","dateModified":"2019-02-22T07:09:35+00:00","breadcrumb":{"@id":"https:\/\/vosgesinfo.fr\/remiremontinfo\/2019\/02\/marche-populaire-ffsp-a-plancher-bas-sports-loisirs\/#breadcrumb"},"inLanguage":"fr-FR","potentialAction":[{"@type":"ReadAction","target":["https:\/\/vosgesinfo.fr\/remiremontinfo\/2019\/02\/marche-populaire-ffsp-a-plancher-bas-sports-loisirs\/"]}]},{"@type":"ImageObject","inLanguage":"fr-FR","@id":"https:\/\/vosgesinfo.fr\/remiremontinfo\/2019\/02\/marche-populaire-ffsp-a-plancher-bas-sports-loisirs\/#primaryimage","url":"https:\/\/vosgesinfo.fr\/app\/uploads\/sites\/5\/2024\/09\/201902dscf0133-scaled.jpg","contentUrl":"https:\/\/vosgesinfo.fr\/app\/uploads\/sites\/5\/2024\/09\/201902dscf0133-scaled.jpg","width":2560,"height":1920},{"@type":"BreadcrumbList","@id":"https:\/\/vosgesinfo.fr\/remiremontinfo\/2019\/02\/marche-populaire-ffsp-a-plancher-bas-sports-loisirs\/#breadcrumb","itemListElement":[{"@type":"ListItem","position":1,"name":"Home","item":"https:\/\/vosgesinfo.fr\/remiremontinfo\/"},{"@type":"ListItem","position":2,"name":"Marche Populaire FFSP \u00e0 Plancher-Bas avec Sports Loisirs"}]},{"@type":"WebSite","@id":"https:\/\/vosgesinfo.fr\/remiremontinfo\/#website","url":"https:\/\/vosgesinfo.fr\/remiremontinfo\/","name":"Remiremont Info","description":"Toute l&#039;actualit\u00e9 de Remiremont","publisher":{"@id":"https:\/\/vosgesinfo.fr\/remiremontinfo\/#organization"},"alternateName":"Toute l'actualit\u00e9 de Remiremont","potentialAction":[{"@type":"SearchAction","target":{"@type":"EntryPoint","urlTemplate":"https:\/\/vosgesinfo.fr\/remiremontinfo\/?s={search_term_string}"},"query-input":"required name=search_term_string"}],"inLanguage":"fr-FR"},{"@type":"Organization","@id":"https:\/\/vosgesinfo.fr\/remiremontinfo\/#organization","name":"Remiremont Info","url":"https:\/\/vosgesinfo.fr\/remiremontinfo\/","logo":{"@type":"ImageObject","inLanguage":"fr-FR","@id":"https:\/\/vosgesinfo.fr\/remiremontinfo\/#\/schema\/logo\/image\/","url":"https:\/\/vosgesinfo.fr\/app\/uploads\/sites\/5\/2023\/08\/favicon-remiremontinfo.png","contentUrl":"https:\/\/vosgesinfo.fr\/app\/uploads\/sites\/5\/2023\/08\/favicon-remiremontinfo.png","width":512,"height":512,"caption":"Remiremont Info"},"image":{"@id":"https:\/\/vosgesinfo.fr\/remiremontinfo\/#\/schema\/logo\/image\/"},"sameAs":["https:\/\/www.facebook.com\/remiremontinfo","https:\/\/x.com\/VosgesInfo88","https:\/\/www.youtube.com\/@vosgesinfo"]},{"@type":"Person","@id":"https:\/\/vosgesinfo.fr\/remiremontinfo\/#\/schema\/person\/a5ad15d5aba6d9d513a018f46ab497da","name":"sllesyndicat","image":{"@type":"ImageObject","inLanguage":"fr-FR","@id":"https:\/\/vosgesinfo.fr\/remiremontinfo\/#\/schema\/person\/image\/","url":"https:\/\/secure.gravatar.com\/avatar\/f12c68adf3060e11e9e7579c5d0d86030f7c6ee33d57f767ded0896863aba14d?s=96&d=mm&r=g","contentUrl":"https:\/\/secure.gravatar.com\/avatar\/f12c68adf3060e11e9e7579c5d0d86030f7c6ee33d57f767ded0896863aba14d?s=96&d=mm&r=g","caption":"sllesyndicat"},"url":"https:\/\/vosgesinfo.fr\/remiremontinfo\/author\/sllesyndicat\/"}]}},"_links":{"self":[{"href":"https:\/\/vosgesinfo.fr\/remiremontinfo\/wp-json\/wp\/v2\/posts\/10959","targetHints":{"allow":["GET"]}}],"collection":[{"href":"https:\/\/vosgesinfo.fr\/remiremontinfo\/wp-json\/wp\/v2\/posts"}],"about":[{"href":"https:\/\/vosgesinfo.fr\/remiremontinfo\/wp-json\/wp\/v2\/types\/post"}],"author":[{"embeddable":true,"href":"https:\/\/vosgesinfo.fr\/remiremontinfo\/wp-json\/wp\/v2\/users\/269"}],"replies":[{"embeddable":true,"href":"https:\/\/vosgesinfo.fr\/remiremontinfo\/wp-json\/wp\/v2\/comments?post=10959"}],"version-history":[{"count":0,"href":"https:\/\/vosgesinfo.fr\/remiremontinfo\/wp-json\/wp\/v2\/posts\/10959\/revisions"}],"wp:featuredmedia":[{"embeddable":true,"href":"https:\/\/vosgesinfo.fr\/remiremontinfo\/wp-json\/wp\/v2\/media\/10960"}],"wp:attachment":[{"href":"https:\/\/vosgesinfo.fr\/remiremontinfo\/wp-json\/wp\/v2\/media?parent=10959"}],"wp:term":[{"taxonomy":"category","embeddable":true,"href":"https:\/\/vosgesinfo.fr\/remiremontinfo\/wp-json\/wp\/v2\/categories?post=10959"},{"taxonomy":"post_tag","embeddable":true,"href":"https:\/\/vosgesinfo.fr\/remiremontinfo\/wp-json\/wp\/v2\/tags?post=10959"}],"curies":[{"name":"wp","href":"https:\/\/api.w.org\/{rel}","templated":true}]}}