{"id":10962,"date":"2019-02-22T08:09:15","date_gmt":"2019-02-22T07:09:15","guid":{"rendered":"https:\/\/vosgesinfo.fr\/remiremontinfo\/2019\/02\/syndicat-assemblee-generale-de-lassociation-sports-loisirs\/"},"modified":"2019-02-22T08:09:15","modified_gmt":"2019-02-22T07:09:15","slug":"syndicat-assemblee-generale-de-lassociation-sports-loisirs","status":"publish","type":"post","link":"https:\/\/vosgesinfo.fr\/remiremontinfo\/2019\/02\/syndicat-assemblee-generale-de-lassociation-sports-loisirs\/","title":{"rendered":"Le Syndicat &#8211; Assembl\u00e9e G\u00e9n\u00e9rale de l&rsquo;Association Sports et Loisirs"},"content":{"rendered":"<p><a href=\"\/2017\/02\/logo.jpg\"><img decoding=\"async\" class=\"aligncenter wp-image-186224 size-full\" src=\"\/2017\/02\/logo.jpg\" alt=\"logo\" width=\"150\" height=\"82\" \/><\/a><\/p>\n<p><strong>L\u2019association Sports et Loisirs de Le\u00a0Syndicat\u00a0organise sa 34\u00e8me assembl\u00e9e g\u00e9n\u00e9rale le vendredi 01 mars 2019 \u00e0 20 heures 00 \u00e0 la salle Paul Stouvenel.\u00a0<\/strong><\/p>\n<p>A l\u2019ordre du jour : bilan moral et financier, compte rendu des diff\u00e9rentes activit\u00e9s, bilan des animations 2018, programme pour 2019.<\/p>\n<p>Le pot de l\u2019amiti\u00e9 cl\u00f4turera cette soir\u00e9e.<\/p>\n<p>Toutes les personnes d\u00e9sirant adh\u00e9rer ou mettre en place une quelconque activit\u00e9 au sein de l\u2019association seront les bienvenues.<\/p>\n<p>Contact : <a href=\"mailto:marche.populaire@sllesyndicat.fr\" target=\"_blank\" rel=\"noopener\">marche.populaire@sllesyndicat.fr<\/a><\/p>\n","protected":false},"excerpt":{"rendered":"<p>L\u2019association Sports et Loisirs de Le\u00a0Syndicat\u00a0organise sa 34\u00e8me assembl\u00e9e g\u00e9n\u00e9rale le vendredi 01 mars 2019 \u00e0 20 heures 00 \u00e0 [&hellip;]<\/p>\n","protected":false},"author":269,"featured_media":10963,"comment_status":"open","ping_status":"open","sticky":false,"template":"","format":"standard","meta":{"footnotes":""},"categories":[25,1579,54],"tags":[],"class_list":["post-10962","post","type-post","status-publish","format-standard","has-post-thumbnail","hentry","category-la-bresse-son-canton","category-le-syndicat-la-bresse-son-canton","category-loisirs"],"acf":[],"yoast_head":"<!-- This site is optimized with the Yoast SEO plugin v22.5 - https:\/\/yoast.com\/wordpress\/plugins\/seo\/ -->\n<title>Le Syndicat - Assembl\u00e9e G\u00e9n\u00e9rale de l&#039;Association Sports et Loisirs - Remiremont Info<\/title>\n<meta name=\"robots\" content=\"index, follow, max-snippet:-1, max-image-preview:large, max-video-preview:-1\" \/>\n<link rel=\"canonical\" href=\"https:\/\/vosgesinfo.fr\/remiremontinfo\/2019\/02\/syndicat-assemblee-generale-de-lassociation-sports-loisirs\/\" \/>\n<meta name=\"twitter:card\" content=\"summary_large_image\" \/>\n<meta name=\"twitter:title\" content=\"Le Syndicat - Assembl\u00e9e G\u00e9n\u00e9rale de l&#039;Association Sports et Loisirs - Remiremont Info\" \/>\n<meta name=\"twitter:description\" content=\"L\u2019association Sports et Loisirs de Le\u00a0Syndicat\u00a0organise sa 34\u00e8me assembl\u00e9e g\u00e9n\u00e9rale le vendredi 01 mars 2019 \u00e0 20 heures 00 \u00e0 [&hellip;]\" \/>\n<meta name=\"twitter:image\" content=\"https:\/\/vosgesinfo.fr\/app\/uploads\/sites\/5\/2024\/09\/201902achieve-1822503-1280.jpg\" \/>\n<meta name=\"twitter:creator\" content=\"@VosgesInfo88\" \/>\n<meta name=\"twitter:site\" content=\"@VosgesInfo88\" \/>\n<meta name=\"twitter:label1\" content=\"\u00c9crit par\" \/>\n\t<meta name=\"twitter:data1\" content=\"sllesyndicat\" \/>\n<script type=\"application\/ld+json\" class=\"yoast-schema-graph\">{\"@context\":\"https:\/\/schema.org\",\"@graph\":[{\"@type\":\"Article\",\"@id\":\"https:\/\/vosgesinfo.fr\/remiremontinfo\/2019\/02\/syndicat-assemblee-generale-de-lassociation-sports-loisirs\/#article\",\"isPartOf\":{\"@id\":\"https:\/\/vosgesinfo.fr\/remiremontinfo\/2019\/02\/syndicat-assemblee-generale-de-lassociation-sports-loisirs\/\"},\"author\":{\"name\":\"sllesyndicat\",\"@id\":\"https:\/\/vosgesinfo.fr\/remiremontinfo\/#\/schema\/person\/a5ad15d5aba6d9d513a018f46ab497da\"},\"headline\":\"Le Syndicat &#8211; Assembl\u00e9e G\u00e9n\u00e9rale de l&rsquo;Association Sports et Loisirs\",\"datePublished\":\"2019-02-22T07:09:15+00:00\",\"dateModified\":\"2019-02-22T07:09:15+00:00\",\"mainEntityOfPage\":{\"@id\":\"https:\/\/vosgesinfo.fr\/remiremontinfo\/2019\/02\/syndicat-assemblee-generale-de-lassociation-sports-loisirs\/\"},\"wordCount\":96,\"commentCount\":0,\"publisher\":{\"@id\":\"https:\/\/vosgesinfo.fr\/remiremontinfo\/#organization\"},\"image\":{\"@id\":\"https:\/\/vosgesinfo.fr\/remiremontinfo\/2019\/02\/syndicat-assemblee-generale-de-lassociation-sports-loisirs\/#primaryimage\"},\"thumbnailUrl\":\"https:\/\/vosgesinfo.fr\/app\/uploads\/sites\/5\/2024\/09\/201902achieve-1822503-1280.jpg\",\"articleSection\":[\"La Bresse &amp; son canton\",\"Le Syndicat\",\"Loisirs\"],\"inLanguage\":\"fr-FR\",\"potentialAction\":[{\"@type\":\"CommentAction\",\"name\":\"Comment\",\"target\":[\"https:\/\/vosgesinfo.fr\/remiremontinfo\/2019\/02\/syndicat-assemblee-generale-de-lassociation-sports-loisirs\/#respond\"]}]},{\"@type\":\"WebPage\",\"@id\":\"https:\/\/vosgesinfo.fr\/remiremontinfo\/2019\/02\/syndicat-assemblee-generale-de-lassociation-sports-loisirs\/\",\"url\":\"https:\/\/vosgesinfo.fr\/remiremontinfo\/2019\/02\/syndicat-assemblee-generale-de-lassociation-sports-loisirs\/\",\"name\":\"Le Syndicat - Assembl\u00e9e G\u00e9n\u00e9rale de l'Association Sports et Loisirs - Remiremont Info\",\"isPartOf\":{\"@id\":\"https:\/\/vosgesinfo.fr\/remiremontinfo\/#website\"},\"primaryImageOfPage\":{\"@id\":\"https:\/\/vosgesinfo.fr\/remiremontinfo\/2019\/02\/syndicat-assemblee-generale-de-lassociation-sports-loisirs\/#primaryimage\"},\"image\":{\"@id\":\"https:\/\/vosgesinfo.fr\/remiremontinfo\/2019\/02\/syndicat-assemblee-generale-de-lassociation-sports-loisirs\/#primaryimage\"},\"thumbnailUrl\":\"https:\/\/vosgesinfo.fr\/app\/uploads\/sites\/5\/2024\/09\/201902achieve-1822503-1280.jpg\",\"datePublished\":\"2019-02-22T07:09:15+00:00\",\"dateModified\":\"2019-02-22T07:09:15+00:00\",\"breadcrumb\":{\"@id\":\"https:\/\/vosgesinfo.fr\/remiremontinfo\/2019\/02\/syndicat-assemblee-generale-de-lassociation-sports-loisirs\/#breadcrumb\"},\"inLanguage\":\"fr-FR\",\"potentialAction\":[{\"@type\":\"ReadAction\",\"target\":[\"https:\/\/vosgesinfo.fr\/remiremontinfo\/2019\/02\/syndicat-assemblee-generale-de-lassociation-sports-loisirs\/\"]}]},{\"@type\":\"ImageObject\",\"inLanguage\":\"fr-FR\",\"@id\":\"https:\/\/vosgesinfo.fr\/remiremontinfo\/2019\/02\/syndicat-assemblee-generale-de-lassociation-sports-loisirs\/#primaryimage\",\"url\":\"https:\/\/vosgesinfo.fr\/app\/uploads\/sites\/5\/2024\/09\/201902achieve-1822503-1280.jpg\",\"contentUrl\":\"https:\/\/vosgesinfo.fr\/app\/uploads\/sites\/5\/2024\/09\/201902achieve-1822503-1280.jpg\",\"width\":1280,\"height\":831},{\"@type\":\"BreadcrumbList\",\"@id\":\"https:\/\/vosgesinfo.fr\/remiremontinfo\/2019\/02\/syndicat-assemblee-generale-de-lassociation-sports-loisirs\/#breadcrumb\",\"itemListElement\":[{\"@type\":\"ListItem\",\"position\":1,\"name\":\"Home\",\"item\":\"https:\/\/vosgesinfo.fr\/remiremontinfo\/\"},{\"@type\":\"ListItem\",\"position\":2,\"name\":\"Le Syndicat &#8211; Assembl\u00e9e G\u00e9n\u00e9rale de l&rsquo;Association Sports et Loisirs\"}]},{\"@type\":\"WebSite\",\"@id\":\"https:\/\/vosgesinfo.fr\/remiremontinfo\/#website\",\"url\":\"https:\/\/vosgesinfo.fr\/remiremontinfo\/\",\"name\":\"Remiremont Info\",\"description\":\"Toute l&#039;actualit\u00e9 de Remiremont\",\"publisher\":{\"@id\":\"https:\/\/vosgesinfo.fr\/remiremontinfo\/#organization\"},\"alternateName\":\"Toute l'actualit\u00e9 de Remiremont\",\"potentialAction\":[{\"@type\":\"SearchAction\",\"target\":{\"@type\":\"EntryPoint\",\"urlTemplate\":\"https:\/\/vosgesinfo.fr\/remiremontinfo\/?s={search_term_string}\"},\"query-input\":\"required name=search_term_string\"}],\"inLanguage\":\"fr-FR\"},{\"@type\":\"Organization\",\"@id\":\"https:\/\/vosgesinfo.fr\/remiremontinfo\/#organization\",\"name\":\"Remiremont Info\",\"url\":\"https:\/\/vosgesinfo.fr\/remiremontinfo\/\",\"logo\":{\"@type\":\"ImageObject\",\"inLanguage\":\"fr-FR\",\"@id\":\"https:\/\/vosgesinfo.fr\/remiremontinfo\/#\/schema\/logo\/image\/\",\"url\":\"https:\/\/vosgesinfo.fr\/app\/uploads\/sites\/5\/2023\/08\/favicon-remiremontinfo.png\",\"contentUrl\":\"https:\/\/vosgesinfo.fr\/app\/uploads\/sites\/5\/2023\/08\/favicon-remiremontinfo.png\",\"width\":512,\"height\":512,\"caption\":\"Remiremont Info\"},\"image\":{\"@id\":\"https:\/\/vosgesinfo.fr\/remiremontinfo\/#\/schema\/logo\/image\/\"},\"sameAs\":[\"https:\/\/www.facebook.com\/remiremontinfo\",\"https:\/\/x.com\/VosgesInfo88\",\"https:\/\/www.youtube.com\/@vosgesinfo\"]},{\"@type\":\"Person\",\"@id\":\"https:\/\/vosgesinfo.fr\/remiremontinfo\/#\/schema\/person\/a5ad15d5aba6d9d513a018f46ab497da\",\"name\":\"sllesyndicat\",\"image\":{\"@type\":\"ImageObject\",\"inLanguage\":\"fr-FR\",\"@id\":\"https:\/\/vosgesinfo.fr\/remiremontinfo\/#\/schema\/person\/image\/\",\"url\":\"https:\/\/secure.gravatar.com\/avatar\/f12c68adf3060e11e9e7579c5d0d86030f7c6ee33d57f767ded0896863aba14d?s=96&d=mm&r=g\",\"contentUrl\":\"https:\/\/secure.gravatar.com\/avatar\/f12c68adf3060e11e9e7579c5d0d86030f7c6ee33d57f767ded0896863aba14d?s=96&d=mm&r=g\",\"caption\":\"sllesyndicat\"},\"url\":\"https:\/\/vosgesinfo.fr\/remiremontinfo\/author\/sllesyndicat\/\"}]}<\/script>\n<!-- \/ Yoast SEO plugin. -->","yoast_head_json":{"title":"Le Syndicat - Assembl\u00e9e G\u00e9n\u00e9rale de l'Association Sports et Loisirs - Remiremont Info","robots":{"index":"index","follow":"follow","max-snippet":"max-snippet:-1","max-image-preview":"max-image-preview:large","max-video-preview":"max-video-preview:-1"},"canonical":"https:\/\/vosgesinfo.fr\/remiremontinfo\/2019\/02\/syndicat-assemblee-generale-de-lassociation-sports-loisirs\/","twitter_card":"summary_large_image","twitter_title":"Le Syndicat - Assembl\u00e9e G\u00e9n\u00e9rale de l'Association Sports et Loisirs - Remiremont Info","twitter_description":"L\u2019association Sports et Loisirs de Le\u00a0Syndicat\u00a0organise sa 34\u00e8me assembl\u00e9e g\u00e9n\u00e9rale le vendredi 01 mars 2019 \u00e0 20 heures 00 \u00e0 [&hellip;]","twitter_image":"https:\/\/vosgesinfo.fr\/app\/uploads\/sites\/5\/2024\/09\/201902achieve-1822503-1280.jpg","twitter_creator":"@VosgesInfo88","twitter_site":"@VosgesInfo88","twitter_misc":{"\u00c9crit par":"sllesyndicat"},"schema":{"@context":"https:\/\/schema.org","@graph":[{"@type":"Article","@id":"https:\/\/vosgesinfo.fr\/remiremontinfo\/2019\/02\/syndicat-assemblee-generale-de-lassociation-sports-loisirs\/#article","isPartOf":{"@id":"https:\/\/vosgesinfo.fr\/remiremontinfo\/2019\/02\/syndicat-assemblee-generale-de-lassociation-sports-loisirs\/"},"author":{"name":"sllesyndicat","@id":"https:\/\/vosgesinfo.fr\/remiremontinfo\/#\/schema\/person\/a5ad15d5aba6d9d513a018f46ab497da"},"headline":"Le Syndicat &#8211; Assembl\u00e9e G\u00e9n\u00e9rale de l&rsquo;Association Sports et Loisirs","datePublished":"2019-02-22T07:09:15+00:00","dateModified":"2019-02-22T07:09:15+00:00","mainEntityOfPage":{"@id":"https:\/\/vosgesinfo.fr\/remiremontinfo\/2019\/02\/syndicat-assemblee-generale-de-lassociation-sports-loisirs\/"},"wordCount":96,"commentCount":0,"publisher":{"@id":"https:\/\/vosgesinfo.fr\/remiremontinfo\/#organization"},"image":{"@id":"https:\/\/vosgesinfo.fr\/remiremontinfo\/2019\/02\/syndicat-assemblee-generale-de-lassociation-sports-loisirs\/#primaryimage"},"thumbnailUrl":"https:\/\/vosgesinfo.fr\/app\/uploads\/sites\/5\/2024\/09\/201902achieve-1822503-1280.jpg","articleSection":["La Bresse &amp; son canton","Le Syndicat","Loisirs"],"inLanguage":"fr-FR","potentialAction":[{"@type":"CommentAction","name":"Comment","target":["https:\/\/vosgesinfo.fr\/remiremontinfo\/2019\/02\/syndicat-assemblee-generale-de-lassociation-sports-loisirs\/#respond"]}]},{"@type":"WebPage","@id":"https:\/\/vosgesinfo.fr\/remiremontinfo\/2019\/02\/syndicat-assemblee-generale-de-lassociation-sports-loisirs\/","url":"https:\/\/vosgesinfo.fr\/remiremontinfo\/2019\/02\/syndicat-assemblee-generale-de-lassociation-sports-loisirs\/","name":"Le Syndicat - Assembl\u00e9e G\u00e9n\u00e9rale de l'Association Sports et Loisirs - Remiremont Info","isPartOf":{"@id":"https:\/\/vosgesinfo.fr\/remiremontinfo\/#website"},"primaryImageOfPage":{"@id":"https:\/\/vosgesinfo.fr\/remiremontinfo\/2019\/02\/syndicat-assemblee-generale-de-lassociation-sports-loisirs\/#primaryimage"},"image":{"@id":"https:\/\/vosgesinfo.fr\/remiremontinfo\/2019\/02\/syndicat-assemblee-generale-de-lassociation-sports-loisirs\/#primaryimage"},"thumbnailUrl":"https:\/\/vosgesinfo.fr\/app\/uploads\/sites\/5\/2024\/09\/201902achieve-1822503-1280.jpg","datePublished":"2019-02-22T07:09:15+00:00","dateModified":"2019-02-22T07:09:15+00:00","breadcrumb":{"@id":"https:\/\/vosgesinfo.fr\/remiremontinfo\/2019\/02\/syndicat-assemblee-generale-de-lassociation-sports-loisirs\/#breadcrumb"},"inLanguage":"fr-FR","potentialAction":[{"@type":"ReadAction","target":["https:\/\/vosgesinfo.fr\/remiremontinfo\/2019\/02\/syndicat-assemblee-generale-de-lassociation-sports-loisirs\/"]}]},{"@type":"ImageObject","inLanguage":"fr-FR","@id":"https:\/\/vosgesinfo.fr\/remiremontinfo\/2019\/02\/syndicat-assemblee-generale-de-lassociation-sports-loisirs\/#primaryimage","url":"https:\/\/vosgesinfo.fr\/app\/uploads\/sites\/5\/2024\/09\/201902achieve-1822503-1280.jpg","contentUrl":"https:\/\/vosgesinfo.fr\/app\/uploads\/sites\/5\/2024\/09\/201902achieve-1822503-1280.jpg","width":1280,"height":831},{"@type":"BreadcrumbList","@id":"https:\/\/vosgesinfo.fr\/remiremontinfo\/2019\/02\/syndicat-assemblee-generale-de-lassociation-sports-loisirs\/#breadcrumb","itemListElement":[{"@type":"ListItem","position":1,"name":"Home","item":"https:\/\/vosgesinfo.fr\/remiremontinfo\/"},{"@type":"ListItem","position":2,"name":"Le Syndicat &#8211; Assembl\u00e9e G\u00e9n\u00e9rale de l&rsquo;Association Sports et Loisirs"}]},{"@type":"WebSite","@id":"https:\/\/vosgesinfo.fr\/remiremontinfo\/#website","url":"https:\/\/vosgesinfo.fr\/remiremontinfo\/","name":"Remiremont Info","description":"Toute l&#039;actualit\u00e9 de Remiremont","publisher":{"@id":"https:\/\/vosgesinfo.fr\/remiremontinfo\/#organization"},"alternateName":"Toute l'actualit\u00e9 de Remiremont","potentialAction":[{"@type":"SearchAction","target":{"@type":"EntryPoint","urlTemplate":"https:\/\/vosgesinfo.fr\/remiremontinfo\/?s={search_term_string}"},"query-input":"required name=search_term_string"}],"inLanguage":"fr-FR"},{"@type":"Organization","@id":"https:\/\/vosgesinfo.fr\/remiremontinfo\/#organization","name":"Remiremont Info","url":"https:\/\/vosgesinfo.fr\/remiremontinfo\/","logo":{"@type":"ImageObject","inLanguage":"fr-FR","@id":"https:\/\/vosgesinfo.fr\/remiremontinfo\/#\/schema\/logo\/image\/","url":"https:\/\/vosgesinfo.fr\/app\/uploads\/sites\/5\/2023\/08\/favicon-remiremontinfo.png","contentUrl":"https:\/\/vosgesinfo.fr\/app\/uploads\/sites\/5\/2023\/08\/favicon-remiremontinfo.png","width":512,"height":512,"caption":"Remiremont Info"},"image":{"@id":"https:\/\/vosgesinfo.fr\/remiremontinfo\/#\/schema\/logo\/image\/"},"sameAs":["https:\/\/www.facebook.com\/remiremontinfo","https:\/\/x.com\/VosgesInfo88","https:\/\/www.youtube.com\/@vosgesinfo"]},{"@type":"Person","@id":"https:\/\/vosgesinfo.fr\/remiremontinfo\/#\/schema\/person\/a5ad15d5aba6d9d513a018f46ab497da","name":"sllesyndicat","image":{"@type":"ImageObject","inLanguage":"fr-FR","@id":"https:\/\/vosgesinfo.fr\/remiremontinfo\/#\/schema\/person\/image\/","url":"https:\/\/secure.gravatar.com\/avatar\/f12c68adf3060e11e9e7579c5d0d86030f7c6ee33d57f767ded0896863aba14d?s=96&d=mm&r=g","contentUrl":"https:\/\/secure.gravatar.com\/avatar\/f12c68adf3060e11e9e7579c5d0d86030f7c6ee33d57f767ded0896863aba14d?s=96&d=mm&r=g","caption":"sllesyndicat"},"url":"https:\/\/vosgesinfo.fr\/remiremontinfo\/author\/sllesyndicat\/"}]}},"_links":{"self":[{"href":"https:\/\/vosgesinfo.fr\/remiremontinfo\/wp-json\/wp\/v2\/posts\/10962","targetHints":{"allow":["GET"]}}],"collection":[{"href":"https:\/\/vosgesinfo.fr\/remiremontinfo\/wp-json\/wp\/v2\/posts"}],"about":[{"href":"https:\/\/vosgesinfo.fr\/remiremontinfo\/wp-json\/wp\/v2\/types\/post"}],"author":[{"embeddable":true,"href":"https:\/\/vosgesinfo.fr\/remiremontinfo\/wp-json\/wp\/v2\/users\/269"}],"replies":[{"embeddable":true,"href":"https:\/\/vosgesinfo.fr\/remiremontinfo\/wp-json\/wp\/v2\/comments?post=10962"}],"version-history":[{"count":0,"href":"https:\/\/vosgesinfo.fr\/remiremontinfo\/wp-json\/wp\/v2\/posts\/10962\/revisions"}],"wp:featuredmedia":[{"embeddable":true,"href":"https:\/\/vosgesinfo.fr\/remiremontinfo\/wp-json\/wp\/v2\/media\/10963"}],"wp:attachment":[{"href":"https:\/\/vosgesinfo.fr\/remiremontinfo\/wp-json\/wp\/v2\/media?parent=10962"}],"wp:term":[{"taxonomy":"category","embeddable":true,"href":"https:\/\/vosgesinfo.fr\/remiremontinfo\/wp-json\/wp\/v2\/categories?post=10962"},{"taxonomy":"post_tag","embeddable":true,"href":"https:\/\/vosgesinfo.fr\/remiremontinfo\/wp-json\/wp\/v2\/tags?post=10962"}],"curies":[{"name":"wp","href":"https:\/\/api.w.org\/{rel}","templated":true}]}}