{"id":11036,"date":"2019-02-20T09:36:50","date_gmt":"2019-02-20T08:36:50","guid":{"rendered":"https:\/\/vosgesinfo.fr\/remiremontinfo\/2019\/02\/elivia-utilisateurs-producteurs-invites-a-rencontre-6-mars\/"},"modified":"2019-02-20T09:36:50","modified_gmt":"2019-02-20T08:36:50","slug":"elivia-utilisateurs-producteurs-invites-a-rencontre-6-mars","status":"publish","type":"post","link":"https:\/\/vosgesinfo.fr\/remiremontinfo\/2019\/02\/elivia-utilisateurs-producteurs-invites-a-rencontre-6-mars\/","title":{"rendered":"Elivia : utilisateurs et producteurs sont invit\u00e9s \u00e0 une rencontre le 6 mars !"},"content":{"rendered":"<h2><a href=\"\/2019\/02\/P1010845-e1549377755602.jpg\"><img decoding=\"async\" class=\"alignnone wp-image-252704 size-large\" src=\"\/2019\/02\/P1010845-1024x768.jpg\" alt=\"P1010845\" width=\"960\" height=\"720\" \/><\/a><\/h2>\n<h2><span style=\"font-size: 12pt;\"><strong>Suite \u00e0 l\u2019annonce de fermeture du site Elivia d\u2019Eloyes, la Chambre d\u2019Agriculture des Vosges, les JA\u00a0<\/strong><\/span><span style=\"font-size: 12pt;\"><strong>et la FDSEA organisent une r\u00e9union avec les producteurs utilisateurs de l\u2019outil le mercredi 6 mars \u00e0\u00a0<\/strong><\/span><span style=\"font-size: 12pt;\"><strong>14H00, \u00e0 la Chambre d\u2019Agriculture \u00e0 Epinal (salle du mus\u00e9e).\u00a0<\/strong><\/span><\/h2>\n<p>L\u2019annonce soudaine de la fermeture du site Elivia Eloyes inqui\u00e8te le monde agricole par son impact<br \/>\nsur l\u2019avenir des fili\u00e8res \u00e9levages et viande bovine de nos territoires.<br \/>\nC\u2019est aussi un choc pour les 81 salari\u00e9s employ\u00e9s sur le site qui voient leur poste supprim\u00e9. A l\u2019impact<br \/>\nsocial sur nos territoires s\u2019ajoute l\u2019impact \u00e9conomique avec la suppression d\u2019une unit\u00e9 de production<br \/>\ndans les Vosges et son transfert dans l\u2019Ouest. Une unit\u00e9 de transformation industrielle a tout son<br \/>\nsens en prolongement de l\u2019abattoir de Mirecourt qui abat plus de 25 000 tonnes par an. Et ceci,<br \/>\nd\u2019autant plus que les clients ne font pas d\u00e9faut dans la r\u00e9gion. La perte d\u2019emplois directs et induits<br \/>\nconduit in\u00e9luctablement \u00e0 la paup\u00e9risation du territoire rural ainsi qu\u2019au potentiel de<br \/>\nd\u00e9veloppement \u00e9conomique s\u2019y rattachant.<\/p>\n<p>Au-del\u00e0 de cette perte \u00e9conomique, pr\u00e8s de 400 producteurs du Grand Est et Bourgogne Franche-<br \/>\nComt\u00e9, dont 50% dans les Vosges, utilisent le service propos\u00e9 par le site d\u2019Eloyes pour la<\/p>\n<p>transformation de la viande qu\u2019ils commercialisent en vente directe, et en particulier la fabrication<br \/>\nde steaks hach\u00e9s surgel\u00e9s.<br \/>\nAlert\u00e9s par les producteurs qui craignent de perdre leurs march\u00e9s avec la disparition du seul<br \/>\nprestataire de fabrication de steaks hach\u00e9s surgel\u00e9s dans le Grand Est, la chambre d\u2019agriculture des<br \/>\nVosges, la FDSEA et les JA, organisent une r\u00e9union d\u2019\u00e9change avec les producteurs utilisateurs du site<br \/>\nd\u2019Eloyes pour r\u00e9fl\u00e9chir aux solutions envisageables collectivement.<br \/>\nUne premi\u00e8re rencontre aura lieu le 6 mars 2019 \u00e0 14H00, \u00e0 la chambre d\u2019agriculture \u00e0 Epinal,<br \/>\n(salle de mus\u00e9e \u2013 17 rue Andr\u00e9 Vitu), \u00e0 laquelle sont convi\u00e9s tous les producteurs utilisateurs du<br \/>\nsite d\u2019Eloyes. Pour participer \u00e0 cette r\u00e9union, les \u00e9leveurs doivent confirmer leur pr\u00e9sence par mail<br \/>\n\u00e0 pascale.remy@vosges.chambagri.fr ou par t\u00e9l\u00e9phone :\u00a003 29 29 23 02.<br \/>\nLes producteurs pourront ainsi exprimer leurs attentes et se positionner sur leur volont\u00e9 de<br \/>\nparticiper \u00e0 la construction d\u2019un collectif pour avancer ensemble \u00e0 la recherche de solutions locales<br \/>\net \u00e9conomiquement supportables.<\/p>\n<p>&nbsp;<\/p>\n<p><a href=\"\/2019\/02\/Capture-d\u2019e\u0301cran-2019-02-20-a\u0300-12.27.43.png\"><img decoding=\"async\" class=\"alignnone size-medium wp-image-253797 alignleft\" src=\"\/2019\/02\/Capture-d\u2019e\u0301cran-2019-02-20-a\u0300-12.27.43-256x255.png\" alt=\"Capture d\u2019e\u0301cran 2019-02-20 a\u0300 12.27.43\" width=\"256\" height=\"255\" \/><\/a> <a href=\"\/2019\/02\/Capture-d\u2019e\u0301cran-2019-02-20-a\u0300-12.27.53.png\"><img decoding=\"async\" class=\"alignnone size-medium wp-image-253798 alignleft\" src=\"\/2019\/02\/Capture-d\u2019e\u0301cran-2019-02-20-a\u0300-12.27.53-400x192.png\" alt=\"Capture d\u2019e\u0301cran 2019-02-20 a\u0300 12.27.53\" width=\"400\" height=\"192\" \/><\/a><\/p>\n<p>&nbsp;<\/p>\n","protected":false},"excerpt":{"rendered":"<p>Suite \u00e0 l\u2019annonce de fermeture du site Elivia d\u2019Eloyes, la Chambre d\u2019Agriculture des Vosges, les JA\u00a0et la FDSEA organisent une [&hellip;]<\/p>\n","protected":false},"author":407,"featured_media":11037,"comment_status":"open","ping_status":"open","sticky":false,"template":"","format":"standard","meta":{"footnotes":""},"categories":[26,318,35],"tags":[1827,1610,319],"class_list":["post-11036","post","type-post","status-publish","format-standard","has-post-thumbnail","hentry","category-a-la-une","category-eloyes","category-remiremont-son-canton","tag-chambre-dagriculture","tag-elivia","tag-eloyes"],"acf":[],"yoast_head":"<!-- This site is optimized with the Yoast SEO plugin v22.5 - https:\/\/yoast.com\/wordpress\/plugins\/seo\/ -->\n<title>Elivia : utilisateurs et producteurs sont invit\u00e9s \u00e0 une rencontre le 6 mars ! - Remiremont Info<\/title>\n<meta name=\"robots\" content=\"index, follow, max-snippet:-1, max-image-preview:large, max-video-preview:-1\" \/>\n<link rel=\"canonical\" href=\"https:\/\/vosgesinfo.fr\/remiremontinfo\/2019\/02\/elivia-utilisateurs-producteurs-invites-a-rencontre-6-mars\/\" \/>\n<meta name=\"twitter:card\" content=\"summary_large_image\" \/>\n<meta name=\"twitter:title\" content=\"Elivia : utilisateurs et producteurs sont invit\u00e9s \u00e0 une rencontre le 6 mars ! - Remiremont Info\" \/>\n<meta name=\"twitter:description\" content=\"Suite \u00e0 l\u2019annonce de fermeture du site Elivia d\u2019Eloyes, la Chambre d\u2019Agriculture des Vosges, les JA\u00a0et la FDSEA organisent une [&hellip;]\" \/>\n<meta name=\"twitter:image\" content=\"https:\/\/vosgesinfo.fr\/app\/uploads\/sites\/5\/2024\/09\/201902p1010845-e1549377755602-1.jpg\" \/>\n<meta name=\"twitter:creator\" content=\"@VosgesInfo88\" \/>\n<meta name=\"twitter:site\" content=\"@VosgesInfo88\" \/>\n<meta name=\"twitter:label1\" content=\"\u00c9crit par\" \/>\n\t<meta name=\"twitter:data1\" content=\"C D\" \/>\n\t<meta name=\"twitter:label2\" content=\"Dur\u00e9e de lecture estim\u00e9e\" \/>\n\t<meta name=\"twitter:data2\" content=\"2 minutes\" \/>\n<script type=\"application\/ld+json\" class=\"yoast-schema-graph\">{\"@context\":\"https:\/\/schema.org\",\"@graph\":[{\"@type\":\"Article\",\"@id\":\"https:\/\/vosgesinfo.fr\/remiremontinfo\/2019\/02\/elivia-utilisateurs-producteurs-invites-a-rencontre-6-mars\/#article\",\"isPartOf\":{\"@id\":\"https:\/\/vosgesinfo.fr\/remiremontinfo\/2019\/02\/elivia-utilisateurs-producteurs-invites-a-rencontre-6-mars\/\"},\"author\":{\"name\":\"C D\",\"@id\":\"https:\/\/vosgesinfo.fr\/remiremontinfo\/#\/schema\/person\/3bfd164d5218a185b1db68655a265316\"},\"headline\":\"Elivia : utilisateurs et producteurs sont invit\u00e9s \u00e0 une rencontre le 6 mars !\",\"datePublished\":\"2019-02-20T08:36:50+00:00\",\"dateModified\":\"2019-02-20T08:36:50+00:00\",\"mainEntityOfPage\":{\"@id\":\"https:\/\/vosgesinfo.fr\/remiremontinfo\/2019\/02\/elivia-utilisateurs-producteurs-invites-a-rencontre-6-mars\/\"},\"wordCount\":407,\"commentCount\":0,\"publisher\":{\"@id\":\"https:\/\/vosgesinfo.fr\/remiremontinfo\/#organization\"},\"image\":{\"@id\":\"https:\/\/vosgesinfo.fr\/remiremontinfo\/2019\/02\/elivia-utilisateurs-producteurs-invites-a-rencontre-6-mars\/#primaryimage\"},\"thumbnailUrl\":\"https:\/\/vosgesinfo.fr\/app\/uploads\/sites\/5\/2024\/09\/201902p1010845-e1549377755602-1.jpg\",\"keywords\":[\"Chambre d\u2019agriculture\",\"elivia\",\"eloyes\"],\"articleSection\":[\"A la Une\",\"Eloyes\",\"Remiremont &amp; son canton\"],\"inLanguage\":\"fr-FR\",\"potentialAction\":[{\"@type\":\"CommentAction\",\"name\":\"Comment\",\"target\":[\"https:\/\/vosgesinfo.fr\/remiremontinfo\/2019\/02\/elivia-utilisateurs-producteurs-invites-a-rencontre-6-mars\/#respond\"]}]},{\"@type\":\"WebPage\",\"@id\":\"https:\/\/vosgesinfo.fr\/remiremontinfo\/2019\/02\/elivia-utilisateurs-producteurs-invites-a-rencontre-6-mars\/\",\"url\":\"https:\/\/vosgesinfo.fr\/remiremontinfo\/2019\/02\/elivia-utilisateurs-producteurs-invites-a-rencontre-6-mars\/\",\"name\":\"Elivia : utilisateurs et producteurs sont invit\u00e9s \u00e0 une rencontre le 6 mars ! - Remiremont Info\",\"isPartOf\":{\"@id\":\"https:\/\/vosgesinfo.fr\/remiremontinfo\/#website\"},\"primaryImageOfPage\":{\"@id\":\"https:\/\/vosgesinfo.fr\/remiremontinfo\/2019\/02\/elivia-utilisateurs-producteurs-invites-a-rencontre-6-mars\/#primaryimage\"},\"image\":{\"@id\":\"https:\/\/vosgesinfo.fr\/remiremontinfo\/2019\/02\/elivia-utilisateurs-producteurs-invites-a-rencontre-6-mars\/#primaryimage\"},\"thumbnailUrl\":\"https:\/\/vosgesinfo.fr\/app\/uploads\/sites\/5\/2024\/09\/201902p1010845-e1549377755602-1.jpg\",\"datePublished\":\"2019-02-20T08:36:50+00:00\",\"dateModified\":\"2019-02-20T08:36:50+00:00\",\"breadcrumb\":{\"@id\":\"https:\/\/vosgesinfo.fr\/remiremontinfo\/2019\/02\/elivia-utilisateurs-producteurs-invites-a-rencontre-6-mars\/#breadcrumb\"},\"inLanguage\":\"fr-FR\",\"potentialAction\":[{\"@type\":\"ReadAction\",\"target\":[\"https:\/\/vosgesinfo.fr\/remiremontinfo\/2019\/02\/elivia-utilisateurs-producteurs-invites-a-rencontre-6-mars\/\"]}]},{\"@type\":\"ImageObject\",\"inLanguage\":\"fr-FR\",\"@id\":\"https:\/\/vosgesinfo.fr\/remiremontinfo\/2019\/02\/elivia-utilisateurs-producteurs-invites-a-rencontre-6-mars\/#primaryimage\",\"url\":\"https:\/\/vosgesinfo.fr\/app\/uploads\/sites\/5\/2024\/09\/201902p1010845-e1549377755602-1.jpg\",\"contentUrl\":\"https:\/\/vosgesinfo.fr\/app\/uploads\/sites\/5\/2024\/09\/201902p1010845-e1549377755602-1.jpg\",\"width\":960,\"height\":720},{\"@type\":\"BreadcrumbList\",\"@id\":\"https:\/\/vosgesinfo.fr\/remiremontinfo\/2019\/02\/elivia-utilisateurs-producteurs-invites-a-rencontre-6-mars\/#breadcrumb\",\"itemListElement\":[{\"@type\":\"ListItem\",\"position\":1,\"name\":\"Home\",\"item\":\"https:\/\/vosgesinfo.fr\/remiremontinfo\/\"},{\"@type\":\"ListItem\",\"position\":2,\"name\":\"Elivia : utilisateurs et producteurs sont invit\u00e9s \u00e0 une rencontre le 6 mars !\"}]},{\"@type\":\"WebSite\",\"@id\":\"https:\/\/vosgesinfo.fr\/remiremontinfo\/#website\",\"url\":\"https:\/\/vosgesinfo.fr\/remiremontinfo\/\",\"name\":\"Remiremont Info\",\"description\":\"Toute l&#039;actualit\u00e9 de Remiremont\",\"publisher\":{\"@id\":\"https:\/\/vosgesinfo.fr\/remiremontinfo\/#organization\"},\"alternateName\":\"Toute l'actualit\u00e9 de Remiremont\",\"potentialAction\":[{\"@type\":\"SearchAction\",\"target\":{\"@type\":\"EntryPoint\",\"urlTemplate\":\"https:\/\/vosgesinfo.fr\/remiremontinfo\/?s={search_term_string}\"},\"query-input\":\"required name=search_term_string\"}],\"inLanguage\":\"fr-FR\"},{\"@type\":\"Organization\",\"@id\":\"https:\/\/vosgesinfo.fr\/remiremontinfo\/#organization\",\"name\":\"Remiremont Info\",\"url\":\"https:\/\/vosgesinfo.fr\/remiremontinfo\/\",\"logo\":{\"@type\":\"ImageObject\",\"inLanguage\":\"fr-FR\",\"@id\":\"https:\/\/vosgesinfo.fr\/remiremontinfo\/#\/schema\/logo\/image\/\",\"url\":\"https:\/\/vosgesinfo.fr\/app\/uploads\/sites\/5\/2023\/08\/favicon-remiremontinfo.png\",\"contentUrl\":\"https:\/\/vosgesinfo.fr\/app\/uploads\/sites\/5\/2023\/08\/favicon-remiremontinfo.png\",\"width\":512,\"height\":512,\"caption\":\"Remiremont Info\"},\"image\":{\"@id\":\"https:\/\/vosgesinfo.fr\/remiremontinfo\/#\/schema\/logo\/image\/\"},\"sameAs\":[\"https:\/\/www.facebook.com\/remiremontinfo\",\"https:\/\/x.com\/VosgesInfo88\",\"https:\/\/www.youtube.com\/@vosgesinfo\"]},{\"@type\":\"Person\",\"@id\":\"https:\/\/vosgesinfo.fr\/remiremontinfo\/#\/schema\/person\/3bfd164d5218a185b1db68655a265316\",\"name\":\"C D\",\"image\":{\"@type\":\"ImageObject\",\"inLanguage\":\"fr-FR\",\"@id\":\"https:\/\/vosgesinfo.fr\/remiremontinfo\/#\/schema\/person\/image\/\",\"url\":\"https:\/\/secure.gravatar.com\/avatar\/1f9a70007336511a47468b8f1c66f922b8b7cf617b02a31149ada43893a5d48f?s=96&d=mm&r=g\",\"contentUrl\":\"https:\/\/secure.gravatar.com\/avatar\/1f9a70007336511a47468b8f1c66f922b8b7cf617b02a31149ada43893a5d48f?s=96&d=mm&r=g\",\"caption\":\"C D\"},\"url\":\"https:\/\/vosgesinfo.fr\/remiremontinfo\/author\/cedric-drevet\/\"}]}<\/script>\n<!-- \/ Yoast SEO plugin. -->","yoast_head_json":{"title":"Elivia : utilisateurs et producteurs sont invit\u00e9s \u00e0 une rencontre le 6 mars ! - Remiremont Info","robots":{"index":"index","follow":"follow","max-snippet":"max-snippet:-1","max-image-preview":"max-image-preview:large","max-video-preview":"max-video-preview:-1"},"canonical":"https:\/\/vosgesinfo.fr\/remiremontinfo\/2019\/02\/elivia-utilisateurs-producteurs-invites-a-rencontre-6-mars\/","twitter_card":"summary_large_image","twitter_title":"Elivia : utilisateurs et producteurs sont invit\u00e9s \u00e0 une rencontre le 6 mars ! - Remiremont Info","twitter_description":"Suite \u00e0 l\u2019annonce de fermeture du site Elivia d\u2019Eloyes, la Chambre d\u2019Agriculture des Vosges, les JA\u00a0et la FDSEA organisent une [&hellip;]","twitter_image":"https:\/\/vosgesinfo.fr\/app\/uploads\/sites\/5\/2024\/09\/201902p1010845-e1549377755602-1.jpg","twitter_creator":"@VosgesInfo88","twitter_site":"@VosgesInfo88","twitter_misc":{"\u00c9crit par":"C D","Dur\u00e9e de lecture estim\u00e9e":"2 minutes"},"schema":{"@context":"https:\/\/schema.org","@graph":[{"@type":"Article","@id":"https:\/\/vosgesinfo.fr\/remiremontinfo\/2019\/02\/elivia-utilisateurs-producteurs-invites-a-rencontre-6-mars\/#article","isPartOf":{"@id":"https:\/\/vosgesinfo.fr\/remiremontinfo\/2019\/02\/elivia-utilisateurs-producteurs-invites-a-rencontre-6-mars\/"},"author":{"name":"C D","@id":"https:\/\/vosgesinfo.fr\/remiremontinfo\/#\/schema\/person\/3bfd164d5218a185b1db68655a265316"},"headline":"Elivia : utilisateurs et producteurs sont invit\u00e9s \u00e0 une rencontre le 6 mars !","datePublished":"2019-02-20T08:36:50+00:00","dateModified":"2019-02-20T08:36:50+00:00","mainEntityOfPage":{"@id":"https:\/\/vosgesinfo.fr\/remiremontinfo\/2019\/02\/elivia-utilisateurs-producteurs-invites-a-rencontre-6-mars\/"},"wordCount":407,"commentCount":0,"publisher":{"@id":"https:\/\/vosgesinfo.fr\/remiremontinfo\/#organization"},"image":{"@id":"https:\/\/vosgesinfo.fr\/remiremontinfo\/2019\/02\/elivia-utilisateurs-producteurs-invites-a-rencontre-6-mars\/#primaryimage"},"thumbnailUrl":"https:\/\/vosgesinfo.fr\/app\/uploads\/sites\/5\/2024\/09\/201902p1010845-e1549377755602-1.jpg","keywords":["Chambre d\u2019agriculture","elivia","eloyes"],"articleSection":["A la Une","Eloyes","Remiremont &amp; son canton"],"inLanguage":"fr-FR","potentialAction":[{"@type":"CommentAction","name":"Comment","target":["https:\/\/vosgesinfo.fr\/remiremontinfo\/2019\/02\/elivia-utilisateurs-producteurs-invites-a-rencontre-6-mars\/#respond"]}]},{"@type":"WebPage","@id":"https:\/\/vosgesinfo.fr\/remiremontinfo\/2019\/02\/elivia-utilisateurs-producteurs-invites-a-rencontre-6-mars\/","url":"https:\/\/vosgesinfo.fr\/remiremontinfo\/2019\/02\/elivia-utilisateurs-producteurs-invites-a-rencontre-6-mars\/","name":"Elivia : utilisateurs et producteurs sont invit\u00e9s \u00e0 une rencontre le 6 mars ! - Remiremont Info","isPartOf":{"@id":"https:\/\/vosgesinfo.fr\/remiremontinfo\/#website"},"primaryImageOfPage":{"@id":"https:\/\/vosgesinfo.fr\/remiremontinfo\/2019\/02\/elivia-utilisateurs-producteurs-invites-a-rencontre-6-mars\/#primaryimage"},"image":{"@id":"https:\/\/vosgesinfo.fr\/remiremontinfo\/2019\/02\/elivia-utilisateurs-producteurs-invites-a-rencontre-6-mars\/#primaryimage"},"thumbnailUrl":"https:\/\/vosgesinfo.fr\/app\/uploads\/sites\/5\/2024\/09\/201902p1010845-e1549377755602-1.jpg","datePublished":"2019-02-20T08:36:50+00:00","dateModified":"2019-02-20T08:36:50+00:00","breadcrumb":{"@id":"https:\/\/vosgesinfo.fr\/remiremontinfo\/2019\/02\/elivia-utilisateurs-producteurs-invites-a-rencontre-6-mars\/#breadcrumb"},"inLanguage":"fr-FR","potentialAction":[{"@type":"ReadAction","target":["https:\/\/vosgesinfo.fr\/remiremontinfo\/2019\/02\/elivia-utilisateurs-producteurs-invites-a-rencontre-6-mars\/"]}]},{"@type":"ImageObject","inLanguage":"fr-FR","@id":"https:\/\/vosgesinfo.fr\/remiremontinfo\/2019\/02\/elivia-utilisateurs-producteurs-invites-a-rencontre-6-mars\/#primaryimage","url":"https:\/\/vosgesinfo.fr\/app\/uploads\/sites\/5\/2024\/09\/201902p1010845-e1549377755602-1.jpg","contentUrl":"https:\/\/vosgesinfo.fr\/app\/uploads\/sites\/5\/2024\/09\/201902p1010845-e1549377755602-1.jpg","width":960,"height":720},{"@type":"BreadcrumbList","@id":"https:\/\/vosgesinfo.fr\/remiremontinfo\/2019\/02\/elivia-utilisateurs-producteurs-invites-a-rencontre-6-mars\/#breadcrumb","itemListElement":[{"@type":"ListItem","position":1,"name":"Home","item":"https:\/\/vosgesinfo.fr\/remiremontinfo\/"},{"@type":"ListItem","position":2,"name":"Elivia : utilisateurs et producteurs sont invit\u00e9s \u00e0 une rencontre le 6 mars !"}]},{"@type":"WebSite","@id":"https:\/\/vosgesinfo.fr\/remiremontinfo\/#website","url":"https:\/\/vosgesinfo.fr\/remiremontinfo\/","name":"Remiremont Info","description":"Toute l&#039;actualit\u00e9 de Remiremont","publisher":{"@id":"https:\/\/vosgesinfo.fr\/remiremontinfo\/#organization"},"alternateName":"Toute l'actualit\u00e9 de Remiremont","potentialAction":[{"@type":"SearchAction","target":{"@type":"EntryPoint","urlTemplate":"https:\/\/vosgesinfo.fr\/remiremontinfo\/?s={search_term_string}"},"query-input":"required name=search_term_string"}],"inLanguage":"fr-FR"},{"@type":"Organization","@id":"https:\/\/vosgesinfo.fr\/remiremontinfo\/#organization","name":"Remiremont Info","url":"https:\/\/vosgesinfo.fr\/remiremontinfo\/","logo":{"@type":"ImageObject","inLanguage":"fr-FR","@id":"https:\/\/vosgesinfo.fr\/remiremontinfo\/#\/schema\/logo\/image\/","url":"https:\/\/vosgesinfo.fr\/app\/uploads\/sites\/5\/2023\/08\/favicon-remiremontinfo.png","contentUrl":"https:\/\/vosgesinfo.fr\/app\/uploads\/sites\/5\/2023\/08\/favicon-remiremontinfo.png","width":512,"height":512,"caption":"Remiremont Info"},"image":{"@id":"https:\/\/vosgesinfo.fr\/remiremontinfo\/#\/schema\/logo\/image\/"},"sameAs":["https:\/\/www.facebook.com\/remiremontinfo","https:\/\/x.com\/VosgesInfo88","https:\/\/www.youtube.com\/@vosgesinfo"]},{"@type":"Person","@id":"https:\/\/vosgesinfo.fr\/remiremontinfo\/#\/schema\/person\/3bfd164d5218a185b1db68655a265316","name":"C D","image":{"@type":"ImageObject","inLanguage":"fr-FR","@id":"https:\/\/vosgesinfo.fr\/remiremontinfo\/#\/schema\/person\/image\/","url":"https:\/\/secure.gravatar.com\/avatar\/1f9a70007336511a47468b8f1c66f922b8b7cf617b02a31149ada43893a5d48f?s=96&d=mm&r=g","contentUrl":"https:\/\/secure.gravatar.com\/avatar\/1f9a70007336511a47468b8f1c66f922b8b7cf617b02a31149ada43893a5d48f?s=96&d=mm&r=g","caption":"C D"},"url":"https:\/\/vosgesinfo.fr\/remiremontinfo\/author\/cedric-drevet\/"}]}},"_links":{"self":[{"href":"https:\/\/vosgesinfo.fr\/remiremontinfo\/wp-json\/wp\/v2\/posts\/11036","targetHints":{"allow":["GET"]}}],"collection":[{"href":"https:\/\/vosgesinfo.fr\/remiremontinfo\/wp-json\/wp\/v2\/posts"}],"about":[{"href":"https:\/\/vosgesinfo.fr\/remiremontinfo\/wp-json\/wp\/v2\/types\/post"}],"author":[{"embeddable":true,"href":"https:\/\/vosgesinfo.fr\/remiremontinfo\/wp-json\/wp\/v2\/users\/407"}],"replies":[{"embeddable":true,"href":"https:\/\/vosgesinfo.fr\/remiremontinfo\/wp-json\/wp\/v2\/comments?post=11036"}],"version-history":[{"count":0,"href":"https:\/\/vosgesinfo.fr\/remiremontinfo\/wp-json\/wp\/v2\/posts\/11036\/revisions"}],"wp:featuredmedia":[{"embeddable":true,"href":"https:\/\/vosgesinfo.fr\/remiremontinfo\/wp-json\/wp\/v2\/media\/11037"}],"wp:attachment":[{"href":"https:\/\/vosgesinfo.fr\/remiremontinfo\/wp-json\/wp\/v2\/media?parent=11036"}],"wp:term":[{"taxonomy":"category","embeddable":true,"href":"https:\/\/vosgesinfo.fr\/remiremontinfo\/wp-json\/wp\/v2\/categories?post=11036"},{"taxonomy":"post_tag","embeddable":true,"href":"https:\/\/vosgesinfo.fr\/remiremontinfo\/wp-json\/wp\/v2\/tags?post=11036"}],"curies":[{"name":"wp","href":"https:\/\/api.w.org\/{rel}","templated":true}]}}