{"id":11073,"date":"2019-02-22T08:09:26","date_gmt":"2019-02-22T07:09:26","guid":{"rendered":"https:\/\/vosgesinfo.fr\/remiremontinfo\/2019\/02\/rupt-moselle-printemps-de-chanson-17eme-nom\/"},"modified":"2019-02-22T08:09:26","modified_gmt":"2019-02-22T07:09:26","slug":"rupt-moselle-printemps-de-chanson-17eme-nom","status":"publish","type":"post","link":"https:\/\/vosgesinfo.fr\/remiremontinfo\/2019\/02\/rupt-moselle-printemps-de-chanson-17eme-nom\/","title":{"rendered":"Rupt-sur-Moselle : Printemps de la chanson, 17\u00e8me du nom !"},"content":{"rendered":"<p style=\"font-weight: 400;\"><a href=\"\/2019\/02\/image001-11.jpg\"><img decoding=\"async\" class=\"alignnone size-large wp-image-253890\" src=\"\/2019\/02\/image001-11-827x1024.jpg\" alt=\"image001 (1)\" width=\"827\" height=\"1024\" \/><\/a><\/p>\n<p style=\"font-weight: 400;\"><strong>PRINTEMPS de la CHANSON, 17\u00e8me du nom\u00a0<\/strong>!<\/p>\n<p>Pour la 17\u00e8me fois, le\u00a0<strong>23 mars \u00e0 20h30<\/strong>, se d\u00e9roulera \u00e0 la\u00a0<strong>Maison des loisirs et de la culture\u00a0<\/strong>de Rupt sur Moselle\u00a0<strong>le PRINTEMPS de la CHANSON.<\/strong><\/p>\n<p>Nos vall\u00e9es regorgent de talents et de musiciens qui ne demandaient qu\u2019\u00e0 se rencontrer pour votre plus grand plaisir, Pour f\u00eater comme il se doit l\u2019arriv\u00e9e du printemps en musique et en chansons.<br \/>\nCe ne sera pas loin de 10 musiciens qui vous interpr\u00e9teront des chansons \u00ab\u00a0&#8230; laissant perler des \u00e9motions vraies, un humanisme fort et un indispensable militantisme&#8230; \u00a0\u00bb (comme l&rsquo;\u00e9crivait si bien Jos\u00e9 :\u00a0<a href=\"http:\/\/www.le-thillot.com\/rupt-sur-moselle-printemps-de-la-chanson-2017.html?fbclid=IwAR0PDavMCJrQx3HbyHXA6kCFuAUpfPTPpR_FYVTC0zSViMYZ7NoSHXN-m2M\" data-saferedirecturl=\"https:\/\/www.google.com\/url?q=http:\/\/www.le-thillot.com\/rupt-sur-moselle-printemps-de-la-chanson-2017.html?fbclid%3DIwAR0PDavMCJrQx3HbyHXA6kCFuAUpfPTPpR_FYVTC0zSViMYZ7NoSHXN-m2M&amp;source=gmail&amp;ust=1550837909359000&amp;usg=AFQjCNFqkQsTCXLQ8WqGVTEUFNxhOJp8HQ\">http:\/\/www.le-thillot.com\/rupt-sur-moselle-printemps-de-la-chanson-2017.html<\/a>\u00a0)<br \/>\naccompagn\u00e9s de guitares, violon, fl\u00fbtes, \u00a0banjo, harmonica, percussions, basse et autre charango \u2026<\/p>\n<p style=\"font-weight: 400;\">Jamait, Vorgy, Le Forestier, Adamo, Zachary Richard, Simon et Garfunkel, Michel Legrand, Gainsbourg, Vian, Ferrat, Beau dommage, Patrick Font &#8230; et m\u00eame Johnny et des chansons traditionnelles vous feront passer une tr\u00e8s agr\u00e9able soir\u00e9e.<\/p>\n<p style=\"font-weight: 400;\">\u00e0 tr\u00e8s bient\u00f4t si le c\u0153ur vous en dit !<br \/>\nIl est prudent de r\u00e9server au 03 29 24 31 82 ( R\u00e9pondeur )<br \/>\nEntr\u00e9e 5,00 \u20ac<\/p>\n<p style=\"font-weight: 400;\">\n","protected":false},"excerpt":{"rendered":"<p>PRINTEMPS de la CHANSON, 17\u00e8me du nom\u00a0! Pour la 17\u00e8me fois, le\u00a023 mars \u00e0 20h30, se d\u00e9roulera \u00e0 la\u00a0Maison des [&hellip;]<\/p>\n","protected":false},"author":407,"featured_media":11074,"comment_status":"open","ping_status":"open","sticky":false,"template":"","format":"standard","meta":{"footnotes":""},"categories":[4,37,54,250],"tags":[],"class_list":["post-11073","post","type-post","status-publish","format-standard","has-post-thumbnail","hentry","category-culture","category-le-thillot-son-canton","category-loisirs","category-rupt-sur-moselle"],"acf":[],"yoast_head":"<!-- This site is optimized with the Yoast SEO plugin v22.5 - https:\/\/yoast.com\/wordpress\/plugins\/seo\/ -->\n<title>Rupt-sur-Moselle : Printemps de la chanson, 17\u00e8me du nom ! - Remiremont Info<\/title>\n<meta name=\"robots\" content=\"index, follow, max-snippet:-1, max-image-preview:large, max-video-preview:-1\" \/>\n<link rel=\"canonical\" href=\"https:\/\/vosgesinfo.fr\/remiremontinfo\/2019\/02\/rupt-moselle-printemps-de-chanson-17eme-nom\/\" \/>\n<meta name=\"twitter:card\" content=\"summary_large_image\" \/>\n<meta name=\"twitter:title\" content=\"Rupt-sur-Moselle : Printemps de la chanson, 17\u00e8me du nom ! - Remiremont Info\" \/>\n<meta name=\"twitter:description\" content=\"PRINTEMPS de la CHANSON, 17\u00e8me du nom\u00a0! Pour la 17\u00e8me fois, le\u00a023 mars \u00e0 20h30, se d\u00e9roulera \u00e0 la\u00a0Maison des [&hellip;]\" \/>\n<meta name=\"twitter:image\" content=\"https:\/\/vosgesinfo.fr\/app\/uploads\/sites\/5\/2024\/09\/201902image001-11.jpg\" \/>\n<meta name=\"twitter:creator\" content=\"@VosgesInfo88\" \/>\n<meta name=\"twitter:site\" content=\"@VosgesInfo88\" \/>\n<meta name=\"twitter:label1\" content=\"\u00c9crit par\" \/>\n\t<meta name=\"twitter:data1\" content=\"C D\" \/>\n\t<meta name=\"twitter:label2\" content=\"Dur\u00e9e de lecture estim\u00e9e\" \/>\n\t<meta name=\"twitter:data2\" content=\"1 minute\" \/>\n<script type=\"application\/ld+json\" class=\"yoast-schema-graph\">{\"@context\":\"https:\/\/schema.org\",\"@graph\":[{\"@type\":\"Article\",\"@id\":\"https:\/\/vosgesinfo.fr\/remiremontinfo\/2019\/02\/rupt-moselle-printemps-de-chanson-17eme-nom\/#article\",\"isPartOf\":{\"@id\":\"https:\/\/vosgesinfo.fr\/remiremontinfo\/2019\/02\/rupt-moselle-printemps-de-chanson-17eme-nom\/\"},\"author\":{\"name\":\"C D\",\"@id\":\"https:\/\/vosgesinfo.fr\/remiremontinfo\/#\/schema\/person\/3bfd164d5218a185b1db68655a265316\"},\"headline\":\"Rupt-sur-Moselle : Printemps de la chanson, 17\u00e8me du nom !\",\"datePublished\":\"2019-02-22T07:09:26+00:00\",\"dateModified\":\"2019-02-22T07:09:26+00:00\",\"mainEntityOfPage\":{\"@id\":\"https:\/\/vosgesinfo.fr\/remiremontinfo\/2019\/02\/rupt-moselle-printemps-de-chanson-17eme-nom\/\"},\"wordCount\":189,\"commentCount\":0,\"publisher\":{\"@id\":\"https:\/\/vosgesinfo.fr\/remiremontinfo\/#organization\"},\"image\":{\"@id\":\"https:\/\/vosgesinfo.fr\/remiremontinfo\/2019\/02\/rupt-moselle-printemps-de-chanson-17eme-nom\/#primaryimage\"},\"thumbnailUrl\":\"https:\/\/vosgesinfo.fr\/app\/uploads\/sites\/5\/2024\/09\/201902image001-11.jpg\",\"articleSection\":[\"Culture\",\"Le Thillot &amp; son canton\",\"Loisirs\",\"Rupt-Sur-Moselle\"],\"inLanguage\":\"fr-FR\",\"potentialAction\":[{\"@type\":\"CommentAction\",\"name\":\"Comment\",\"target\":[\"https:\/\/vosgesinfo.fr\/remiremontinfo\/2019\/02\/rupt-moselle-printemps-de-chanson-17eme-nom\/#respond\"]}]},{\"@type\":\"WebPage\",\"@id\":\"https:\/\/vosgesinfo.fr\/remiremontinfo\/2019\/02\/rupt-moselle-printemps-de-chanson-17eme-nom\/\",\"url\":\"https:\/\/vosgesinfo.fr\/remiremontinfo\/2019\/02\/rupt-moselle-printemps-de-chanson-17eme-nom\/\",\"name\":\"Rupt-sur-Moselle : Printemps de la chanson, 17\u00e8me du nom ! - Remiremont Info\",\"isPartOf\":{\"@id\":\"https:\/\/vosgesinfo.fr\/remiremontinfo\/#website\"},\"primaryImageOfPage\":{\"@id\":\"https:\/\/vosgesinfo.fr\/remiremontinfo\/2019\/02\/rupt-moselle-printemps-de-chanson-17eme-nom\/#primaryimage\"},\"image\":{\"@id\":\"https:\/\/vosgesinfo.fr\/remiremontinfo\/2019\/02\/rupt-moselle-printemps-de-chanson-17eme-nom\/#primaryimage\"},\"thumbnailUrl\":\"https:\/\/vosgesinfo.fr\/app\/uploads\/sites\/5\/2024\/09\/201902image001-11.jpg\",\"datePublished\":\"2019-02-22T07:09:26+00:00\",\"dateModified\":\"2019-02-22T07:09:26+00:00\",\"breadcrumb\":{\"@id\":\"https:\/\/vosgesinfo.fr\/remiremontinfo\/2019\/02\/rupt-moselle-printemps-de-chanson-17eme-nom\/#breadcrumb\"},\"inLanguage\":\"fr-FR\",\"potentialAction\":[{\"@type\":\"ReadAction\",\"target\":[\"https:\/\/vosgesinfo.fr\/remiremontinfo\/2019\/02\/rupt-moselle-printemps-de-chanson-17eme-nom\/\"]}]},{\"@type\":\"ImageObject\",\"inLanguage\":\"fr-FR\",\"@id\":\"https:\/\/vosgesinfo.fr\/remiremontinfo\/2019\/02\/rupt-moselle-printemps-de-chanson-17eme-nom\/#primaryimage\",\"url\":\"https:\/\/vosgesinfo.fr\/app\/uploads\/sites\/5\/2024\/09\/201902image001-11.jpg\",\"contentUrl\":\"https:\/\/vosgesinfo.fr\/app\/uploads\/sites\/5\/2024\/09\/201902image001-11.jpg\",\"width\":1819,\"height\":2252},{\"@type\":\"BreadcrumbList\",\"@id\":\"https:\/\/vosgesinfo.fr\/remiremontinfo\/2019\/02\/rupt-moselle-printemps-de-chanson-17eme-nom\/#breadcrumb\",\"itemListElement\":[{\"@type\":\"ListItem\",\"position\":1,\"name\":\"Home\",\"item\":\"https:\/\/vosgesinfo.fr\/remiremontinfo\/\"},{\"@type\":\"ListItem\",\"position\":2,\"name\":\"Rupt-sur-Moselle : Printemps de la chanson, 17\u00e8me du nom !\"}]},{\"@type\":\"WebSite\",\"@id\":\"https:\/\/vosgesinfo.fr\/remiremontinfo\/#website\",\"url\":\"https:\/\/vosgesinfo.fr\/remiremontinfo\/\",\"name\":\"Remiremont Info\",\"description\":\"Toute l&#039;actualit\u00e9 de Remiremont\",\"publisher\":{\"@id\":\"https:\/\/vosgesinfo.fr\/remiremontinfo\/#organization\"},\"alternateName\":\"Toute l'actualit\u00e9 de Remiremont\",\"potentialAction\":[{\"@type\":\"SearchAction\",\"target\":{\"@type\":\"EntryPoint\",\"urlTemplate\":\"https:\/\/vosgesinfo.fr\/remiremontinfo\/?s={search_term_string}\"},\"query-input\":\"required name=search_term_string\"}],\"inLanguage\":\"fr-FR\"},{\"@type\":\"Organization\",\"@id\":\"https:\/\/vosgesinfo.fr\/remiremontinfo\/#organization\",\"name\":\"Remiremont Info\",\"url\":\"https:\/\/vosgesinfo.fr\/remiremontinfo\/\",\"logo\":{\"@type\":\"ImageObject\",\"inLanguage\":\"fr-FR\",\"@id\":\"https:\/\/vosgesinfo.fr\/remiremontinfo\/#\/schema\/logo\/image\/\",\"url\":\"https:\/\/vosgesinfo.fr\/app\/uploads\/sites\/5\/2023\/08\/favicon-remiremontinfo.png\",\"contentUrl\":\"https:\/\/vosgesinfo.fr\/app\/uploads\/sites\/5\/2023\/08\/favicon-remiremontinfo.png\",\"width\":512,\"height\":512,\"caption\":\"Remiremont Info\"},\"image\":{\"@id\":\"https:\/\/vosgesinfo.fr\/remiremontinfo\/#\/schema\/logo\/image\/\"},\"sameAs\":[\"https:\/\/www.facebook.com\/remiremontinfo\",\"https:\/\/x.com\/VosgesInfo88\",\"https:\/\/www.youtube.com\/@vosgesinfo\"]},{\"@type\":\"Person\",\"@id\":\"https:\/\/vosgesinfo.fr\/remiremontinfo\/#\/schema\/person\/3bfd164d5218a185b1db68655a265316\",\"name\":\"C D\",\"image\":{\"@type\":\"ImageObject\",\"inLanguage\":\"fr-FR\",\"@id\":\"https:\/\/vosgesinfo.fr\/remiremontinfo\/#\/schema\/person\/image\/\",\"url\":\"https:\/\/secure.gravatar.com\/avatar\/1f9a70007336511a47468b8f1c66f922b8b7cf617b02a31149ada43893a5d48f?s=96&d=mm&r=g\",\"contentUrl\":\"https:\/\/secure.gravatar.com\/avatar\/1f9a70007336511a47468b8f1c66f922b8b7cf617b02a31149ada43893a5d48f?s=96&d=mm&r=g\",\"caption\":\"C D\"},\"url\":\"https:\/\/vosgesinfo.fr\/remiremontinfo\/author\/cedric-drevet\/\"}]}<\/script>\n<!-- \/ Yoast SEO plugin. -->","yoast_head_json":{"title":"Rupt-sur-Moselle : Printemps de la chanson, 17\u00e8me du nom ! - Remiremont Info","robots":{"index":"index","follow":"follow","max-snippet":"max-snippet:-1","max-image-preview":"max-image-preview:large","max-video-preview":"max-video-preview:-1"},"canonical":"https:\/\/vosgesinfo.fr\/remiremontinfo\/2019\/02\/rupt-moselle-printemps-de-chanson-17eme-nom\/","twitter_card":"summary_large_image","twitter_title":"Rupt-sur-Moselle : Printemps de la chanson, 17\u00e8me du nom ! - Remiremont Info","twitter_description":"PRINTEMPS de la CHANSON, 17\u00e8me du nom\u00a0! Pour la 17\u00e8me fois, le\u00a023 mars \u00e0 20h30, se d\u00e9roulera \u00e0 la\u00a0Maison des [&hellip;]","twitter_image":"https:\/\/vosgesinfo.fr\/app\/uploads\/sites\/5\/2024\/09\/201902image001-11.jpg","twitter_creator":"@VosgesInfo88","twitter_site":"@VosgesInfo88","twitter_misc":{"\u00c9crit par":"C D","Dur\u00e9e de lecture estim\u00e9e":"1 minute"},"schema":{"@context":"https:\/\/schema.org","@graph":[{"@type":"Article","@id":"https:\/\/vosgesinfo.fr\/remiremontinfo\/2019\/02\/rupt-moselle-printemps-de-chanson-17eme-nom\/#article","isPartOf":{"@id":"https:\/\/vosgesinfo.fr\/remiremontinfo\/2019\/02\/rupt-moselle-printemps-de-chanson-17eme-nom\/"},"author":{"name":"C D","@id":"https:\/\/vosgesinfo.fr\/remiremontinfo\/#\/schema\/person\/3bfd164d5218a185b1db68655a265316"},"headline":"Rupt-sur-Moselle : Printemps de la chanson, 17\u00e8me du nom !","datePublished":"2019-02-22T07:09:26+00:00","dateModified":"2019-02-22T07:09:26+00:00","mainEntityOfPage":{"@id":"https:\/\/vosgesinfo.fr\/remiremontinfo\/2019\/02\/rupt-moselle-printemps-de-chanson-17eme-nom\/"},"wordCount":189,"commentCount":0,"publisher":{"@id":"https:\/\/vosgesinfo.fr\/remiremontinfo\/#organization"},"image":{"@id":"https:\/\/vosgesinfo.fr\/remiremontinfo\/2019\/02\/rupt-moselle-printemps-de-chanson-17eme-nom\/#primaryimage"},"thumbnailUrl":"https:\/\/vosgesinfo.fr\/app\/uploads\/sites\/5\/2024\/09\/201902image001-11.jpg","articleSection":["Culture","Le Thillot &amp; son canton","Loisirs","Rupt-Sur-Moselle"],"inLanguage":"fr-FR","potentialAction":[{"@type":"CommentAction","name":"Comment","target":["https:\/\/vosgesinfo.fr\/remiremontinfo\/2019\/02\/rupt-moselle-printemps-de-chanson-17eme-nom\/#respond"]}]},{"@type":"WebPage","@id":"https:\/\/vosgesinfo.fr\/remiremontinfo\/2019\/02\/rupt-moselle-printemps-de-chanson-17eme-nom\/","url":"https:\/\/vosgesinfo.fr\/remiremontinfo\/2019\/02\/rupt-moselle-printemps-de-chanson-17eme-nom\/","name":"Rupt-sur-Moselle : Printemps de la chanson, 17\u00e8me du nom ! - Remiremont Info","isPartOf":{"@id":"https:\/\/vosgesinfo.fr\/remiremontinfo\/#website"},"primaryImageOfPage":{"@id":"https:\/\/vosgesinfo.fr\/remiremontinfo\/2019\/02\/rupt-moselle-printemps-de-chanson-17eme-nom\/#primaryimage"},"image":{"@id":"https:\/\/vosgesinfo.fr\/remiremontinfo\/2019\/02\/rupt-moselle-printemps-de-chanson-17eme-nom\/#primaryimage"},"thumbnailUrl":"https:\/\/vosgesinfo.fr\/app\/uploads\/sites\/5\/2024\/09\/201902image001-11.jpg","datePublished":"2019-02-22T07:09:26+00:00","dateModified":"2019-02-22T07:09:26+00:00","breadcrumb":{"@id":"https:\/\/vosgesinfo.fr\/remiremontinfo\/2019\/02\/rupt-moselle-printemps-de-chanson-17eme-nom\/#breadcrumb"},"inLanguage":"fr-FR","potentialAction":[{"@type":"ReadAction","target":["https:\/\/vosgesinfo.fr\/remiremontinfo\/2019\/02\/rupt-moselle-printemps-de-chanson-17eme-nom\/"]}]},{"@type":"ImageObject","inLanguage":"fr-FR","@id":"https:\/\/vosgesinfo.fr\/remiremontinfo\/2019\/02\/rupt-moselle-printemps-de-chanson-17eme-nom\/#primaryimage","url":"https:\/\/vosgesinfo.fr\/app\/uploads\/sites\/5\/2024\/09\/201902image001-11.jpg","contentUrl":"https:\/\/vosgesinfo.fr\/app\/uploads\/sites\/5\/2024\/09\/201902image001-11.jpg","width":1819,"height":2252},{"@type":"BreadcrumbList","@id":"https:\/\/vosgesinfo.fr\/remiremontinfo\/2019\/02\/rupt-moselle-printemps-de-chanson-17eme-nom\/#breadcrumb","itemListElement":[{"@type":"ListItem","position":1,"name":"Home","item":"https:\/\/vosgesinfo.fr\/remiremontinfo\/"},{"@type":"ListItem","position":2,"name":"Rupt-sur-Moselle : Printemps de la chanson, 17\u00e8me du nom !"}]},{"@type":"WebSite","@id":"https:\/\/vosgesinfo.fr\/remiremontinfo\/#website","url":"https:\/\/vosgesinfo.fr\/remiremontinfo\/","name":"Remiremont Info","description":"Toute l&#039;actualit\u00e9 de Remiremont","publisher":{"@id":"https:\/\/vosgesinfo.fr\/remiremontinfo\/#organization"},"alternateName":"Toute l'actualit\u00e9 de Remiremont","potentialAction":[{"@type":"SearchAction","target":{"@type":"EntryPoint","urlTemplate":"https:\/\/vosgesinfo.fr\/remiremontinfo\/?s={search_term_string}"},"query-input":"required name=search_term_string"}],"inLanguage":"fr-FR"},{"@type":"Organization","@id":"https:\/\/vosgesinfo.fr\/remiremontinfo\/#organization","name":"Remiremont Info","url":"https:\/\/vosgesinfo.fr\/remiremontinfo\/","logo":{"@type":"ImageObject","inLanguage":"fr-FR","@id":"https:\/\/vosgesinfo.fr\/remiremontinfo\/#\/schema\/logo\/image\/","url":"https:\/\/vosgesinfo.fr\/app\/uploads\/sites\/5\/2023\/08\/favicon-remiremontinfo.png","contentUrl":"https:\/\/vosgesinfo.fr\/app\/uploads\/sites\/5\/2023\/08\/favicon-remiremontinfo.png","width":512,"height":512,"caption":"Remiremont Info"},"image":{"@id":"https:\/\/vosgesinfo.fr\/remiremontinfo\/#\/schema\/logo\/image\/"},"sameAs":["https:\/\/www.facebook.com\/remiremontinfo","https:\/\/x.com\/VosgesInfo88","https:\/\/www.youtube.com\/@vosgesinfo"]},{"@type":"Person","@id":"https:\/\/vosgesinfo.fr\/remiremontinfo\/#\/schema\/person\/3bfd164d5218a185b1db68655a265316","name":"C D","image":{"@type":"ImageObject","inLanguage":"fr-FR","@id":"https:\/\/vosgesinfo.fr\/remiremontinfo\/#\/schema\/person\/image\/","url":"https:\/\/secure.gravatar.com\/avatar\/1f9a70007336511a47468b8f1c66f922b8b7cf617b02a31149ada43893a5d48f?s=96&d=mm&r=g","contentUrl":"https:\/\/secure.gravatar.com\/avatar\/1f9a70007336511a47468b8f1c66f922b8b7cf617b02a31149ada43893a5d48f?s=96&d=mm&r=g","caption":"C D"},"url":"https:\/\/vosgesinfo.fr\/remiremontinfo\/author\/cedric-drevet\/"}]}},"_links":{"self":[{"href":"https:\/\/vosgesinfo.fr\/remiremontinfo\/wp-json\/wp\/v2\/posts\/11073","targetHints":{"allow":["GET"]}}],"collection":[{"href":"https:\/\/vosgesinfo.fr\/remiremontinfo\/wp-json\/wp\/v2\/posts"}],"about":[{"href":"https:\/\/vosgesinfo.fr\/remiremontinfo\/wp-json\/wp\/v2\/types\/post"}],"author":[{"embeddable":true,"href":"https:\/\/vosgesinfo.fr\/remiremontinfo\/wp-json\/wp\/v2\/users\/407"}],"replies":[{"embeddable":true,"href":"https:\/\/vosgesinfo.fr\/remiremontinfo\/wp-json\/wp\/v2\/comments?post=11073"}],"version-history":[{"count":0,"href":"https:\/\/vosgesinfo.fr\/remiremontinfo\/wp-json\/wp\/v2\/posts\/11073\/revisions"}],"wp:featuredmedia":[{"embeddable":true,"href":"https:\/\/vosgesinfo.fr\/remiremontinfo\/wp-json\/wp\/v2\/media\/11074"}],"wp:attachment":[{"href":"https:\/\/vosgesinfo.fr\/remiremontinfo\/wp-json\/wp\/v2\/media?parent=11073"}],"wp:term":[{"taxonomy":"category","embeddable":true,"href":"https:\/\/vosgesinfo.fr\/remiremontinfo\/wp-json\/wp\/v2\/categories?post=11073"},{"taxonomy":"post_tag","embeddable":true,"href":"https:\/\/vosgesinfo.fr\/remiremontinfo\/wp-json\/wp\/v2\/tags?post=11073"}],"curies":[{"name":"wp","href":"https:\/\/api.w.org\/{rel}","templated":true}]}}