{"id":11253,"date":"2019-02-26T03:11:17","date_gmt":"2019-02-26T02:11:17","guid":{"rendered":"https:\/\/vosgesinfo.fr\/remiremontinfo\/2019\/02\/cornimont-nuit-de-chouette-2-mars\/"},"modified":"2019-02-26T03:11:17","modified_gmt":"2019-02-26T02:11:17","slug":"cornimont-nuit-de-chouette-2-mars","status":"publish","type":"post","link":"https:\/\/vosgesinfo.fr\/remiremontinfo\/2019\/02\/cornimont-nuit-de-chouette-2-mars\/","title":{"rendered":"Cornimont &#8211; la \u00ab Nuit de la Chouette \u00bb le 2 mars"},"content":{"rendered":"<h2><a href=\"\/2019\/02\/A4-NDLC-2019_perso-re\u0301duit-page-001.jpg\"><img decoding=\"async\" class=\"alignnone size-large wp-image-254135\" src=\"\/2019\/02\/A4-NDLC-2019_perso-re\u0301duit-page-001-724x1024.jpg\" alt=\"A4-NDLC 2019_perso-re\u0301duit-page-001\" width=\"724\" height=\"1024\" \/><\/a><\/h2>\n<h2><span style=\"font-size: 12pt;\"><strong>\u00c0 l\u2019occasion de la 13\u00e8me Nuit de la Chouette, la R\u00e9serve Naturelle Nationale du Massif du Grand Ventron met \u00e0 l\u2019honneur les rapaces nocturnes \u00e0 travers diff\u00e9rents temps d\u2019animation. Elle propose une soir\u00e9e d\u2019animation en partenariat avec la commune de Cornimont et diff\u00e9rentes associations locales. <\/strong><\/span><\/h2>\n<p>Dans une ambiance conviviale, les grands comme les petits pourront d\u00e9couvrir le monde des rapaces nocturnes, \u00eatre sensibilis\u00e9s aux menaces qui les guettent et se familiariser avec les actions \u00e0 mettre en \u0153uvre tr\u00e8s facilement au quotidien.<br \/>\nLa R\u00e9serve Naturelle du Massif du Grand Ventron est g\u00e9r\u00e9e par le Parc naturel r\u00e9gional des Ballons des Vosges. Cet \u00e9v\u00e8nement est organis\u00e9 en partenariat avec la commune de Cornimont, l\u2019Espace Culturel et Social de la Pranzi\u00e8re, l\u2019association Semeurs d\u2019Histoires, le Club Vosgien et la biblioth\u00e8que municipale.<\/p>\n<p><strong>&gt; AU PROGRAMME<\/strong><br \/>\n&#8211; Exposition \u00ab Plumes de Nuit \u00bb de la Ligue de Protection des Oiseaux : pr\u00e9sentation des neuf esp\u00e8ces de chouettes et hiboux pr\u00e9sents en France et de leurs milieux de vie<br \/>\n&#8211; Exposition des r\u00e9alisations de la classe de CP de l\u2019\u00e9cole du Centre<br \/>\n&#8211; Exposition des cr\u00e9ations du jeu concours \u00ab Les chouettes et les hiboux, trop chou ! \u00bb, vote et remise des prix lors de la soir\u00e9e<br \/>\n&#8211; Atelier d\u2019analyse de pelotes de r\u00e9jection<br \/>\n&#8211; Diaporama de pr\u00e9sentation des rapaces nocturnes<br \/>\n&#8211; Contes anim\u00e9s par l\u2019association Semeurs d\u2019Histoires<br \/>\n&#8211; Petite restauration sur place gratuite<br \/>\n&#8211; 20h Sortie d\u2019\u00e9coute nocturne : partons \u00e0 la d\u00e9couverte du monde de la nuit. Pr\u00e9voir<br \/>\nchaussures de marche et v\u00eatements chauds<\/p>\n<p>Animations et petite restauration gratuites.<br \/>\n<strong>&gt; JEU CONCOURS \u00ab CHOUETTES ET HIBOUX, TROP CHOU ! \u00bb.<\/strong><br \/>\nPour les enfants de 6 \u00e0 12 ans, concours de dessin ou fabrication d\u2019objet avec vote et remise de lots lors de la soir\u00e9e. Cr\u00e9ation comportant, nom, pr\u00e9nom, \u00e2ge et adresse, \u00e0 d\u00e9poser ou envoyer au Bureau des Espaces Naturels avant le 1 mars ou \u00e0 d\u00e9poser le samedi 2 mars avant 18h \u00e0 l\u2019ECSP \u00e0 Cornimont. R\u00e8glement du jeu disponible au Bureau des Espaces Naturels \u00e0 Wildenstein.<\/p>\n<p>&nbsp;<\/p>\n<p><strong>13\u00e8me Nuit de la Chouette<\/strong><br \/>\nTous les deux ans, et depuis plus de vingt ans, la Ligue de Protection des Oiseaux organise la Nuit de la Chouette. Cette manifestation a pour objet de faire conna\u00eetre et de sensibiliser un public le plus large possible aux m\u0153urs des chouettes et hiboux, aux dangers qui les menacent et aux gestes simples \u00e0 mettre en place pour les sauvegarder. Relay\u00e9e \u00e0 travers toute la France, la nuit de la chouette attire pr\u00e8s de 35 000 personnes sur environ 700 animations.<\/p>\n<p>Pour d\u00e9couvrir les autres \u00e9v\u00e9nements : www.nuitdelachouette.lpo.fr<\/p>\n","protected":false},"excerpt":{"rendered":"<p>\u00c0 l\u2019occasion de la 13\u00e8me Nuit de la Chouette, la R\u00e9serve Naturelle Nationale du Massif du Grand Ventron met \u00e0 [&hellip;]<\/p>\n","protected":false},"author":407,"featured_media":11254,"comment_status":"open","ping_status":"open","sticky":false,"template":"","format":"standard","meta":{"footnotes":""},"categories":[34,25,54],"tags":[],"class_list":["post-11253","post","type-post","status-publish","format-standard","has-post-thumbnail","hentry","category-cornimont","category-la-bresse-son-canton","category-loisirs"],"acf":[],"yoast_head":"<!-- This site is optimized with the Yoast SEO plugin v22.5 - https:\/\/yoast.com\/wordpress\/plugins\/seo\/ -->\n<title>Cornimont - la \u00ab Nuit de la Chouette \u00bb le 2 mars - Remiremont Info<\/title>\n<meta name=\"robots\" content=\"index, follow, max-snippet:-1, max-image-preview:large, max-video-preview:-1\" \/>\n<link rel=\"canonical\" href=\"https:\/\/vosgesinfo.fr\/remiremontinfo\/2019\/02\/cornimont-nuit-de-chouette-2-mars\/\" \/>\n<meta name=\"twitter:card\" content=\"summary_large_image\" \/>\n<meta name=\"twitter:title\" content=\"Cornimont - la \u00ab Nuit de la Chouette \u00bb le 2 mars - Remiremont Info\" \/>\n<meta name=\"twitter:description\" content=\"\u00c0 l\u2019occasion de la 13\u00e8me Nuit de la Chouette, la R\u00e9serve Naturelle Nationale du Massif du Grand Ventron met \u00e0 [&hellip;]\" \/>\n<meta name=\"twitter:image\" content=\"https:\/\/vosgesinfo.fr\/app\/uploads\/sites\/5\/2024\/09\/201902a4-ndlc-2019-perso-reduit-page-001.jpg\" \/>\n<meta name=\"twitter:creator\" content=\"@VosgesInfo88\" \/>\n<meta name=\"twitter:site\" content=\"@VosgesInfo88\" \/>\n<meta name=\"twitter:label1\" content=\"\u00c9crit par\" \/>\n\t<meta name=\"twitter:data1\" content=\"C D\" \/>\n\t<meta name=\"twitter:label2\" content=\"Dur\u00e9e de lecture estim\u00e9e\" \/>\n\t<meta name=\"twitter:data2\" content=\"2 minutes\" \/>\n<script type=\"application\/ld+json\" class=\"yoast-schema-graph\">{\"@context\":\"https:\/\/schema.org\",\"@graph\":[{\"@type\":\"Article\",\"@id\":\"https:\/\/vosgesinfo.fr\/remiremontinfo\/2019\/02\/cornimont-nuit-de-chouette-2-mars\/#article\",\"isPartOf\":{\"@id\":\"https:\/\/vosgesinfo.fr\/remiremontinfo\/2019\/02\/cornimont-nuit-de-chouette-2-mars\/\"},\"author\":{\"name\":\"C D\",\"@id\":\"https:\/\/vosgesinfo.fr\/remiremontinfo\/#\/schema\/person\/3bfd164d5218a185b1db68655a265316\"},\"headline\":\"Cornimont &#8211; la \u00ab Nuit de la Chouette \u00bb le 2 mars\",\"datePublished\":\"2019-02-26T02:11:17+00:00\",\"dateModified\":\"2019-02-26T02:11:17+00:00\",\"mainEntityOfPage\":{\"@id\":\"https:\/\/vosgesinfo.fr\/remiremontinfo\/2019\/02\/cornimont-nuit-de-chouette-2-mars\/\"},\"wordCount\":464,\"commentCount\":0,\"publisher\":{\"@id\":\"https:\/\/vosgesinfo.fr\/remiremontinfo\/#organization\"},\"image\":{\"@id\":\"https:\/\/vosgesinfo.fr\/remiremontinfo\/2019\/02\/cornimont-nuit-de-chouette-2-mars\/#primaryimage\"},\"thumbnailUrl\":\"https:\/\/vosgesinfo.fr\/app\/uploads\/sites\/5\/2024\/09\/201902a4-ndlc-2019-perso-reduit-page-001.jpg\",\"articleSection\":[\"Cornimont\",\"La Bresse &amp; son canton\",\"Loisirs\"],\"inLanguage\":\"fr-FR\",\"potentialAction\":[{\"@type\":\"CommentAction\",\"name\":\"Comment\",\"target\":[\"https:\/\/vosgesinfo.fr\/remiremontinfo\/2019\/02\/cornimont-nuit-de-chouette-2-mars\/#respond\"]}]},{\"@type\":\"WebPage\",\"@id\":\"https:\/\/vosgesinfo.fr\/remiremontinfo\/2019\/02\/cornimont-nuit-de-chouette-2-mars\/\",\"url\":\"https:\/\/vosgesinfo.fr\/remiremontinfo\/2019\/02\/cornimont-nuit-de-chouette-2-mars\/\",\"name\":\"Cornimont - la \u00ab Nuit de la Chouette \u00bb le 2 mars - Remiremont Info\",\"isPartOf\":{\"@id\":\"https:\/\/vosgesinfo.fr\/remiremontinfo\/#website\"},\"primaryImageOfPage\":{\"@id\":\"https:\/\/vosgesinfo.fr\/remiremontinfo\/2019\/02\/cornimont-nuit-de-chouette-2-mars\/#primaryimage\"},\"image\":{\"@id\":\"https:\/\/vosgesinfo.fr\/remiremontinfo\/2019\/02\/cornimont-nuit-de-chouette-2-mars\/#primaryimage\"},\"thumbnailUrl\":\"https:\/\/vosgesinfo.fr\/app\/uploads\/sites\/5\/2024\/09\/201902a4-ndlc-2019-perso-reduit-page-001.jpg\",\"datePublished\":\"2019-02-26T02:11:17+00:00\",\"dateModified\":\"2019-02-26T02:11:17+00:00\",\"breadcrumb\":{\"@id\":\"https:\/\/vosgesinfo.fr\/remiremontinfo\/2019\/02\/cornimont-nuit-de-chouette-2-mars\/#breadcrumb\"},\"inLanguage\":\"fr-FR\",\"potentialAction\":[{\"@type\":\"ReadAction\",\"target\":[\"https:\/\/vosgesinfo.fr\/remiremontinfo\/2019\/02\/cornimont-nuit-de-chouette-2-mars\/\"]}]},{\"@type\":\"ImageObject\",\"inLanguage\":\"fr-FR\",\"@id\":\"https:\/\/vosgesinfo.fr\/remiremontinfo\/2019\/02\/cornimont-nuit-de-chouette-2-mars\/#primaryimage\",\"url\":\"https:\/\/vosgesinfo.fr\/app\/uploads\/sites\/5\/2024\/09\/201902a4-ndlc-2019-perso-reduit-page-001.jpg\",\"contentUrl\":\"https:\/\/vosgesinfo.fr\/app\/uploads\/sites\/5\/2024\/09\/201902a4-ndlc-2019-perso-reduit-page-001.jpg\",\"width\":1241,\"height\":1755},{\"@type\":\"BreadcrumbList\",\"@id\":\"https:\/\/vosgesinfo.fr\/remiremontinfo\/2019\/02\/cornimont-nuit-de-chouette-2-mars\/#breadcrumb\",\"itemListElement\":[{\"@type\":\"ListItem\",\"position\":1,\"name\":\"Home\",\"item\":\"https:\/\/vosgesinfo.fr\/remiremontinfo\/\"},{\"@type\":\"ListItem\",\"position\":2,\"name\":\"Cornimont &#8211; la \u00ab Nuit de la Chouette \u00bb le 2 mars\"}]},{\"@type\":\"WebSite\",\"@id\":\"https:\/\/vosgesinfo.fr\/remiremontinfo\/#website\",\"url\":\"https:\/\/vosgesinfo.fr\/remiremontinfo\/\",\"name\":\"Remiremont Info\",\"description\":\"Toute l&#039;actualit\u00e9 de Remiremont\",\"publisher\":{\"@id\":\"https:\/\/vosgesinfo.fr\/remiremontinfo\/#organization\"},\"alternateName\":\"Toute l'actualit\u00e9 de Remiremont\",\"potentialAction\":[{\"@type\":\"SearchAction\",\"target\":{\"@type\":\"EntryPoint\",\"urlTemplate\":\"https:\/\/vosgesinfo.fr\/remiremontinfo\/?s={search_term_string}\"},\"query-input\":\"required name=search_term_string\"}],\"inLanguage\":\"fr-FR\"},{\"@type\":\"Organization\",\"@id\":\"https:\/\/vosgesinfo.fr\/remiremontinfo\/#organization\",\"name\":\"Remiremont Info\",\"url\":\"https:\/\/vosgesinfo.fr\/remiremontinfo\/\",\"logo\":{\"@type\":\"ImageObject\",\"inLanguage\":\"fr-FR\",\"@id\":\"https:\/\/vosgesinfo.fr\/remiremontinfo\/#\/schema\/logo\/image\/\",\"url\":\"https:\/\/vosgesinfo.fr\/app\/uploads\/sites\/5\/2023\/08\/favicon-remiremontinfo.png\",\"contentUrl\":\"https:\/\/vosgesinfo.fr\/app\/uploads\/sites\/5\/2023\/08\/favicon-remiremontinfo.png\",\"width\":512,\"height\":512,\"caption\":\"Remiremont Info\"},\"image\":{\"@id\":\"https:\/\/vosgesinfo.fr\/remiremontinfo\/#\/schema\/logo\/image\/\"},\"sameAs\":[\"https:\/\/www.facebook.com\/remiremontinfo\",\"https:\/\/x.com\/VosgesInfo88\",\"https:\/\/www.youtube.com\/@vosgesinfo\"]},{\"@type\":\"Person\",\"@id\":\"https:\/\/vosgesinfo.fr\/remiremontinfo\/#\/schema\/person\/3bfd164d5218a185b1db68655a265316\",\"name\":\"C D\",\"image\":{\"@type\":\"ImageObject\",\"inLanguage\":\"fr-FR\",\"@id\":\"https:\/\/vosgesinfo.fr\/remiremontinfo\/#\/schema\/person\/image\/\",\"url\":\"https:\/\/secure.gravatar.com\/avatar\/1f9a70007336511a47468b8f1c66f922b8b7cf617b02a31149ada43893a5d48f?s=96&d=mm&r=g\",\"contentUrl\":\"https:\/\/secure.gravatar.com\/avatar\/1f9a70007336511a47468b8f1c66f922b8b7cf617b02a31149ada43893a5d48f?s=96&d=mm&r=g\",\"caption\":\"C D\"},\"url\":\"https:\/\/vosgesinfo.fr\/remiremontinfo\/author\/cedric-drevet\/\"}]}<\/script>\n<!-- \/ Yoast SEO plugin. -->","yoast_head_json":{"title":"Cornimont - la \u00ab Nuit de la Chouette \u00bb le 2 mars - Remiremont Info","robots":{"index":"index","follow":"follow","max-snippet":"max-snippet:-1","max-image-preview":"max-image-preview:large","max-video-preview":"max-video-preview:-1"},"canonical":"https:\/\/vosgesinfo.fr\/remiremontinfo\/2019\/02\/cornimont-nuit-de-chouette-2-mars\/","twitter_card":"summary_large_image","twitter_title":"Cornimont - la \u00ab Nuit de la Chouette \u00bb le 2 mars - Remiremont Info","twitter_description":"\u00c0 l\u2019occasion de la 13\u00e8me Nuit de la Chouette, la R\u00e9serve Naturelle Nationale du Massif du Grand Ventron met \u00e0 [&hellip;]","twitter_image":"https:\/\/vosgesinfo.fr\/app\/uploads\/sites\/5\/2024\/09\/201902a4-ndlc-2019-perso-reduit-page-001.jpg","twitter_creator":"@VosgesInfo88","twitter_site":"@VosgesInfo88","twitter_misc":{"\u00c9crit par":"C D","Dur\u00e9e de lecture estim\u00e9e":"2 minutes"},"schema":{"@context":"https:\/\/schema.org","@graph":[{"@type":"Article","@id":"https:\/\/vosgesinfo.fr\/remiremontinfo\/2019\/02\/cornimont-nuit-de-chouette-2-mars\/#article","isPartOf":{"@id":"https:\/\/vosgesinfo.fr\/remiremontinfo\/2019\/02\/cornimont-nuit-de-chouette-2-mars\/"},"author":{"name":"C D","@id":"https:\/\/vosgesinfo.fr\/remiremontinfo\/#\/schema\/person\/3bfd164d5218a185b1db68655a265316"},"headline":"Cornimont &#8211; la \u00ab Nuit de la Chouette \u00bb le 2 mars","datePublished":"2019-02-26T02:11:17+00:00","dateModified":"2019-02-26T02:11:17+00:00","mainEntityOfPage":{"@id":"https:\/\/vosgesinfo.fr\/remiremontinfo\/2019\/02\/cornimont-nuit-de-chouette-2-mars\/"},"wordCount":464,"commentCount":0,"publisher":{"@id":"https:\/\/vosgesinfo.fr\/remiremontinfo\/#organization"},"image":{"@id":"https:\/\/vosgesinfo.fr\/remiremontinfo\/2019\/02\/cornimont-nuit-de-chouette-2-mars\/#primaryimage"},"thumbnailUrl":"https:\/\/vosgesinfo.fr\/app\/uploads\/sites\/5\/2024\/09\/201902a4-ndlc-2019-perso-reduit-page-001.jpg","articleSection":["Cornimont","La Bresse &amp; son canton","Loisirs"],"inLanguage":"fr-FR","potentialAction":[{"@type":"CommentAction","name":"Comment","target":["https:\/\/vosgesinfo.fr\/remiremontinfo\/2019\/02\/cornimont-nuit-de-chouette-2-mars\/#respond"]}]},{"@type":"WebPage","@id":"https:\/\/vosgesinfo.fr\/remiremontinfo\/2019\/02\/cornimont-nuit-de-chouette-2-mars\/","url":"https:\/\/vosgesinfo.fr\/remiremontinfo\/2019\/02\/cornimont-nuit-de-chouette-2-mars\/","name":"Cornimont - la \u00ab Nuit de la Chouette \u00bb le 2 mars - Remiremont Info","isPartOf":{"@id":"https:\/\/vosgesinfo.fr\/remiremontinfo\/#website"},"primaryImageOfPage":{"@id":"https:\/\/vosgesinfo.fr\/remiremontinfo\/2019\/02\/cornimont-nuit-de-chouette-2-mars\/#primaryimage"},"image":{"@id":"https:\/\/vosgesinfo.fr\/remiremontinfo\/2019\/02\/cornimont-nuit-de-chouette-2-mars\/#primaryimage"},"thumbnailUrl":"https:\/\/vosgesinfo.fr\/app\/uploads\/sites\/5\/2024\/09\/201902a4-ndlc-2019-perso-reduit-page-001.jpg","datePublished":"2019-02-26T02:11:17+00:00","dateModified":"2019-02-26T02:11:17+00:00","breadcrumb":{"@id":"https:\/\/vosgesinfo.fr\/remiremontinfo\/2019\/02\/cornimont-nuit-de-chouette-2-mars\/#breadcrumb"},"inLanguage":"fr-FR","potentialAction":[{"@type":"ReadAction","target":["https:\/\/vosgesinfo.fr\/remiremontinfo\/2019\/02\/cornimont-nuit-de-chouette-2-mars\/"]}]},{"@type":"ImageObject","inLanguage":"fr-FR","@id":"https:\/\/vosgesinfo.fr\/remiremontinfo\/2019\/02\/cornimont-nuit-de-chouette-2-mars\/#primaryimage","url":"https:\/\/vosgesinfo.fr\/app\/uploads\/sites\/5\/2024\/09\/201902a4-ndlc-2019-perso-reduit-page-001.jpg","contentUrl":"https:\/\/vosgesinfo.fr\/app\/uploads\/sites\/5\/2024\/09\/201902a4-ndlc-2019-perso-reduit-page-001.jpg","width":1241,"height":1755},{"@type":"BreadcrumbList","@id":"https:\/\/vosgesinfo.fr\/remiremontinfo\/2019\/02\/cornimont-nuit-de-chouette-2-mars\/#breadcrumb","itemListElement":[{"@type":"ListItem","position":1,"name":"Home","item":"https:\/\/vosgesinfo.fr\/remiremontinfo\/"},{"@type":"ListItem","position":2,"name":"Cornimont &#8211; la \u00ab Nuit de la Chouette \u00bb le 2 mars"}]},{"@type":"WebSite","@id":"https:\/\/vosgesinfo.fr\/remiremontinfo\/#website","url":"https:\/\/vosgesinfo.fr\/remiremontinfo\/","name":"Remiremont Info","description":"Toute l&#039;actualit\u00e9 de Remiremont","publisher":{"@id":"https:\/\/vosgesinfo.fr\/remiremontinfo\/#organization"},"alternateName":"Toute l'actualit\u00e9 de Remiremont","potentialAction":[{"@type":"SearchAction","target":{"@type":"EntryPoint","urlTemplate":"https:\/\/vosgesinfo.fr\/remiremontinfo\/?s={search_term_string}"},"query-input":"required name=search_term_string"}],"inLanguage":"fr-FR"},{"@type":"Organization","@id":"https:\/\/vosgesinfo.fr\/remiremontinfo\/#organization","name":"Remiremont Info","url":"https:\/\/vosgesinfo.fr\/remiremontinfo\/","logo":{"@type":"ImageObject","inLanguage":"fr-FR","@id":"https:\/\/vosgesinfo.fr\/remiremontinfo\/#\/schema\/logo\/image\/","url":"https:\/\/vosgesinfo.fr\/app\/uploads\/sites\/5\/2023\/08\/favicon-remiremontinfo.png","contentUrl":"https:\/\/vosgesinfo.fr\/app\/uploads\/sites\/5\/2023\/08\/favicon-remiremontinfo.png","width":512,"height":512,"caption":"Remiremont Info"},"image":{"@id":"https:\/\/vosgesinfo.fr\/remiremontinfo\/#\/schema\/logo\/image\/"},"sameAs":["https:\/\/www.facebook.com\/remiremontinfo","https:\/\/x.com\/VosgesInfo88","https:\/\/www.youtube.com\/@vosgesinfo"]},{"@type":"Person","@id":"https:\/\/vosgesinfo.fr\/remiremontinfo\/#\/schema\/person\/3bfd164d5218a185b1db68655a265316","name":"C D","image":{"@type":"ImageObject","inLanguage":"fr-FR","@id":"https:\/\/vosgesinfo.fr\/remiremontinfo\/#\/schema\/person\/image\/","url":"https:\/\/secure.gravatar.com\/avatar\/1f9a70007336511a47468b8f1c66f922b8b7cf617b02a31149ada43893a5d48f?s=96&d=mm&r=g","contentUrl":"https:\/\/secure.gravatar.com\/avatar\/1f9a70007336511a47468b8f1c66f922b8b7cf617b02a31149ada43893a5d48f?s=96&d=mm&r=g","caption":"C D"},"url":"https:\/\/vosgesinfo.fr\/remiremontinfo\/author\/cedric-drevet\/"}]}},"_links":{"self":[{"href":"https:\/\/vosgesinfo.fr\/remiremontinfo\/wp-json\/wp\/v2\/posts\/11253","targetHints":{"allow":["GET"]}}],"collection":[{"href":"https:\/\/vosgesinfo.fr\/remiremontinfo\/wp-json\/wp\/v2\/posts"}],"about":[{"href":"https:\/\/vosgesinfo.fr\/remiremontinfo\/wp-json\/wp\/v2\/types\/post"}],"author":[{"embeddable":true,"href":"https:\/\/vosgesinfo.fr\/remiremontinfo\/wp-json\/wp\/v2\/users\/407"}],"replies":[{"embeddable":true,"href":"https:\/\/vosgesinfo.fr\/remiremontinfo\/wp-json\/wp\/v2\/comments?post=11253"}],"version-history":[{"count":0,"href":"https:\/\/vosgesinfo.fr\/remiremontinfo\/wp-json\/wp\/v2\/posts\/11253\/revisions"}],"wp:featuredmedia":[{"embeddable":true,"href":"https:\/\/vosgesinfo.fr\/remiremontinfo\/wp-json\/wp\/v2\/media\/11254"}],"wp:attachment":[{"href":"https:\/\/vosgesinfo.fr\/remiremontinfo\/wp-json\/wp\/v2\/media?parent=11253"}],"wp:term":[{"taxonomy":"category","embeddable":true,"href":"https:\/\/vosgesinfo.fr\/remiremontinfo\/wp-json\/wp\/v2\/categories?post=11253"},{"taxonomy":"post_tag","embeddable":true,"href":"https:\/\/vosgesinfo.fr\/remiremontinfo\/wp-json\/wp\/v2\/tags?post=11253"}],"curies":[{"name":"wp","href":"https:\/\/api.w.org\/{rel}","templated":true}]}}