{"id":11261,"date":"2019-02-26T06:00:45","date_gmt":"2019-02-26T05:00:45","guid":{"rendered":"https:\/\/vosgesinfo.fr\/remiremontinfo\/2019\/02\/cornimont-rassemblement-coquelicots-de-moselotte-vendredi\/"},"modified":"2019-02-26T06:00:45","modified_gmt":"2019-02-26T05:00:45","slug":"cornimont-rassemblement-coquelicots-de-moselotte-vendredi","status":"publish","type":"post","link":"https:\/\/vosgesinfo.fr\/remiremontinfo\/2019\/02\/cornimont-rassemblement-coquelicots-de-moselotte-vendredi\/","title":{"rendered":"Cornimont &#8211; rassemblement des coquelicots de la Moselotte ce vendredi"},"content":{"rendered":"<h2 class=\"p1\"><span style=\"font-size: 12pt;\"><strong><span class=\"s1\">Les coquelicots de la Moselotte organisent un rassemblement \u00e0\u00a0<\/span>Cornimont le vendredi 1er mars \u00e0 18h30 Place de la Pranzi\u00e8re.<\/strong><\/span><\/h2>\n<p class=\"p2\"><em><span class=\"s1\">\u00ab\u00a0<\/span><span class=\"s1\">Soyons une nouvelle fois nombreux, la m\u00e9t\u00e9o s&rsquo;adoucissant on peut esp\u00e9rer passer un moment agr\u00e9able sur la place puis on termine \u00e0 la salle des f\u00eates\u00a0: pot commun et auberge espagnole.<\/span><\/em><\/p>\n<p class=\"p1\"><em><span class=\"s1\">Bilan signatures de l&rsquo;appel\u00a0: au niveau national on approche les 550 000 et localement ce sont 1500 signatures papiers pr\u00eates pour envoi. Bravo et merci \u00e0 tous ces b\u00e9n\u00e9voles\u00a0!<\/span><\/em><\/p>\n<p class=\"p1\"><em><span class=\"s1\">La lutte contre les pesticides continue. Les habitants de notre vall\u00e9e signent en nombre \u00e0 nos c\u00f4t\u00e9s et toutes les personnes sollicit\u00e9es approuvent l&rsquo;action \u00e0 plus de 95%. Pour gagner ce combat la mobilisation de tous est imp\u00e9rative, ne l&rsquo;oublions pas.<\/span><\/em><\/p>\n<p class=\"p4\"><em><span class=\"s1\">Nous sommes face \u00e0 des industriels de la chimie qui redoublent d&rsquo;ing\u00e9niosit\u00e9, on en parle vendredi \u00e0 Cornimont. <\/span><\/em><\/p>\n<p class=\"p4\"><em><span class=\"s1\">A l&rsquo;occasion de notre cinqui\u00e8me rassemblement sur la vall\u00e9e de la Moselotte nous rappelons notre d\u00e9marche aupr\u00e8s des \u00e9lus de notre vall\u00e9e par le vote d&rsquo;une motion de soutien en conseil municipal. \u00c9lus, prot\u00e9gez-nous\u00a0! Nous ne voulons vraiment plus de ces pesticides et nous voulons manger local, nous voulons un accompagnement et des actions concr\u00e8tes\u00a0: pourquoi pas le d\u00e9veloppement de cantines bio, pas simple mais il faut y r\u00e9fl\u00e9chir, terrains r\u00e9serv\u00e9s pour une installation de producteurs travaillant sans pesticides, &#8230;\u00a0<\/span><span class=\"s1\">\u00bb<\/span><\/em><\/p>\n<p class=\"p1\" style=\"text-align: right;\"><span class=\"s1\">Le collectif des coquelicots de la Moselotte<\/span><\/p>\n\n","protected":false},"excerpt":{"rendered":"<p>Les coquelicots de la Moselotte organisent un rassemblement \u00e0\u00a0Cornimont le vendredi 1er mars \u00e0 18h30 Place de la Pranzi\u00e8re. \u00ab\u00a0Soyons [&hellip;]<\/p>\n","protected":false},"author":407,"featured_media":11262,"comment_status":"open","ping_status":"open","sticky":false,"template":"","format":"standard","meta":{"footnotes":""},"categories":[26,34,7,25],"tags":[],"class_list":["post-11261","post","type-post","status-publish","format-standard","has-post-thumbnail","hentry","category-a-la-une","category-cornimont","category-environnement","category-la-bresse-son-canton"],"acf":[],"yoast_head":"<!-- This site is optimized with the Yoast SEO plugin v22.5 - https:\/\/yoast.com\/wordpress\/plugins\/seo\/ -->\n<title>Cornimont - rassemblement des coquelicots de la Moselotte ce vendredi - Remiremont Info<\/title>\n<meta name=\"robots\" content=\"index, follow, max-snippet:-1, max-image-preview:large, max-video-preview:-1\" \/>\n<link rel=\"canonical\" href=\"https:\/\/vosgesinfo.fr\/remiremontinfo\/2019\/02\/cornimont-rassemblement-coquelicots-de-moselotte-vendredi\/\" \/>\n<meta name=\"twitter:card\" content=\"summary_large_image\" \/>\n<meta name=\"twitter:title\" content=\"Cornimont - rassemblement des coquelicots de la Moselotte ce vendredi - Remiremont Info\" \/>\n<meta name=\"twitter:description\" content=\"Les coquelicots de la Moselotte organisent un rassemblement \u00e0\u00a0Cornimont le vendredi 1er mars \u00e0 18h30 Place de la Pranzi\u00e8re. \u00ab\u00a0Soyons [&hellip;]\" \/>\n<meta name=\"twitter:image\" content=\"https:\/\/vosgesinfo.fr\/app\/uploads\/sites\/5\/2024\/09\/201902pesti8-a2-page-001-scaled.jpg\" \/>\n<meta name=\"twitter:creator\" content=\"@VosgesInfo88\" \/>\n<meta name=\"twitter:site\" content=\"@VosgesInfo88\" \/>\n<meta name=\"twitter:label1\" content=\"\u00c9crit par\" \/>\n\t<meta name=\"twitter:data1\" content=\"C D\" \/>\n\t<meta name=\"twitter:label2\" content=\"Dur\u00e9e de lecture estim\u00e9e\" \/>\n\t<meta name=\"twitter:data2\" content=\"1 minute\" \/>\n<script type=\"application\/ld+json\" class=\"yoast-schema-graph\">{\"@context\":\"https:\/\/schema.org\",\"@graph\":[{\"@type\":\"Article\",\"@id\":\"https:\/\/vosgesinfo.fr\/remiremontinfo\/2019\/02\/cornimont-rassemblement-coquelicots-de-moselotte-vendredi\/#article\",\"isPartOf\":{\"@id\":\"https:\/\/vosgesinfo.fr\/remiremontinfo\/2019\/02\/cornimont-rassemblement-coquelicots-de-moselotte-vendredi\/\"},\"author\":{\"name\":\"C D\",\"@id\":\"https:\/\/vosgesinfo.fr\/remiremontinfo\/#\/schema\/person\/3bfd164d5218a185b1db68655a265316\"},\"headline\":\"Cornimont &#8211; rassemblement des coquelicots de la Moselotte ce vendredi\",\"datePublished\":\"2019-02-26T05:00:45+00:00\",\"dateModified\":\"2019-02-26T05:00:45+00:00\",\"mainEntityOfPage\":{\"@id\":\"https:\/\/vosgesinfo.fr\/remiremontinfo\/2019\/02\/cornimont-rassemblement-coquelicots-de-moselotte-vendredi\/\"},\"wordCount\":265,\"commentCount\":0,\"publisher\":{\"@id\":\"https:\/\/vosgesinfo.fr\/remiremontinfo\/#organization\"},\"image\":{\"@id\":\"https:\/\/vosgesinfo.fr\/remiremontinfo\/2019\/02\/cornimont-rassemblement-coquelicots-de-moselotte-vendredi\/#primaryimage\"},\"thumbnailUrl\":\"https:\/\/vosgesinfo.fr\/app\/uploads\/sites\/5\/2024\/09\/201902pesti8-a2-page-001-scaled.jpg\",\"articleSection\":[\"A la Une\",\"Cornimont\",\"Environnement\",\"La Bresse &amp; son canton\"],\"inLanguage\":\"fr-FR\",\"potentialAction\":[{\"@type\":\"CommentAction\",\"name\":\"Comment\",\"target\":[\"https:\/\/vosgesinfo.fr\/remiremontinfo\/2019\/02\/cornimont-rassemblement-coquelicots-de-moselotte-vendredi\/#respond\"]}]},{\"@type\":\"WebPage\",\"@id\":\"https:\/\/vosgesinfo.fr\/remiremontinfo\/2019\/02\/cornimont-rassemblement-coquelicots-de-moselotte-vendredi\/\",\"url\":\"https:\/\/vosgesinfo.fr\/remiremontinfo\/2019\/02\/cornimont-rassemblement-coquelicots-de-moselotte-vendredi\/\",\"name\":\"Cornimont - rassemblement des coquelicots de la Moselotte ce vendredi - Remiremont Info\",\"isPartOf\":{\"@id\":\"https:\/\/vosgesinfo.fr\/remiremontinfo\/#website\"},\"primaryImageOfPage\":{\"@id\":\"https:\/\/vosgesinfo.fr\/remiremontinfo\/2019\/02\/cornimont-rassemblement-coquelicots-de-moselotte-vendredi\/#primaryimage\"},\"image\":{\"@id\":\"https:\/\/vosgesinfo.fr\/remiremontinfo\/2019\/02\/cornimont-rassemblement-coquelicots-de-moselotte-vendredi\/#primaryimage\"},\"thumbnailUrl\":\"https:\/\/vosgesinfo.fr\/app\/uploads\/sites\/5\/2024\/09\/201902pesti8-a2-page-001-scaled.jpg\",\"datePublished\":\"2019-02-26T05:00:45+00:00\",\"dateModified\":\"2019-02-26T05:00:45+00:00\",\"breadcrumb\":{\"@id\":\"https:\/\/vosgesinfo.fr\/remiremontinfo\/2019\/02\/cornimont-rassemblement-coquelicots-de-moselotte-vendredi\/#breadcrumb\"},\"inLanguage\":\"fr-FR\",\"potentialAction\":[{\"@type\":\"ReadAction\",\"target\":[\"https:\/\/vosgesinfo.fr\/remiremontinfo\/2019\/02\/cornimont-rassemblement-coquelicots-de-moselotte-vendredi\/\"]}]},{\"@type\":\"ImageObject\",\"inLanguage\":\"fr-FR\",\"@id\":\"https:\/\/vosgesinfo.fr\/remiremontinfo\/2019\/02\/cornimont-rassemblement-coquelicots-de-moselotte-vendredi\/#primaryimage\",\"url\":\"https:\/\/vosgesinfo.fr\/app\/uploads\/sites\/5\/2024\/09\/201902pesti8-a2-page-001-scaled.jpg\",\"contentUrl\":\"https:\/\/vosgesinfo.fr\/app\/uploads\/sites\/5\/2024\/09\/201902pesti8-a2-page-001-scaled.jpg\",\"width\":1810,\"height\":2560},{\"@type\":\"BreadcrumbList\",\"@id\":\"https:\/\/vosgesinfo.fr\/remiremontinfo\/2019\/02\/cornimont-rassemblement-coquelicots-de-moselotte-vendredi\/#breadcrumb\",\"itemListElement\":[{\"@type\":\"ListItem\",\"position\":1,\"name\":\"Home\",\"item\":\"https:\/\/vosgesinfo.fr\/remiremontinfo\/\"},{\"@type\":\"ListItem\",\"position\":2,\"name\":\"Cornimont &#8211; rassemblement des coquelicots de la Moselotte ce vendredi\"}]},{\"@type\":\"WebSite\",\"@id\":\"https:\/\/vosgesinfo.fr\/remiremontinfo\/#website\",\"url\":\"https:\/\/vosgesinfo.fr\/remiremontinfo\/\",\"name\":\"Remiremont Info\",\"description\":\"Toute l&#039;actualit\u00e9 de Remiremont\",\"publisher\":{\"@id\":\"https:\/\/vosgesinfo.fr\/remiremontinfo\/#organization\"},\"alternateName\":\"Toute l'actualit\u00e9 de Remiremont\",\"potentialAction\":[{\"@type\":\"SearchAction\",\"target\":{\"@type\":\"EntryPoint\",\"urlTemplate\":\"https:\/\/vosgesinfo.fr\/remiremontinfo\/?s={search_term_string}\"},\"query-input\":\"required name=search_term_string\"}],\"inLanguage\":\"fr-FR\"},{\"@type\":\"Organization\",\"@id\":\"https:\/\/vosgesinfo.fr\/remiremontinfo\/#organization\",\"name\":\"Remiremont Info\",\"url\":\"https:\/\/vosgesinfo.fr\/remiremontinfo\/\",\"logo\":{\"@type\":\"ImageObject\",\"inLanguage\":\"fr-FR\",\"@id\":\"https:\/\/vosgesinfo.fr\/remiremontinfo\/#\/schema\/logo\/image\/\",\"url\":\"https:\/\/vosgesinfo.fr\/app\/uploads\/sites\/5\/2023\/08\/favicon-remiremontinfo.png\",\"contentUrl\":\"https:\/\/vosgesinfo.fr\/app\/uploads\/sites\/5\/2023\/08\/favicon-remiremontinfo.png\",\"width\":512,\"height\":512,\"caption\":\"Remiremont Info\"},\"image\":{\"@id\":\"https:\/\/vosgesinfo.fr\/remiremontinfo\/#\/schema\/logo\/image\/\"},\"sameAs\":[\"https:\/\/www.facebook.com\/remiremontinfo\",\"https:\/\/x.com\/VosgesInfo88\",\"https:\/\/www.youtube.com\/@vosgesinfo\"]},{\"@type\":\"Person\",\"@id\":\"https:\/\/vosgesinfo.fr\/remiremontinfo\/#\/schema\/person\/3bfd164d5218a185b1db68655a265316\",\"name\":\"C D\",\"image\":{\"@type\":\"ImageObject\",\"inLanguage\":\"fr-FR\",\"@id\":\"https:\/\/vosgesinfo.fr\/remiremontinfo\/#\/schema\/person\/image\/\",\"url\":\"https:\/\/secure.gravatar.com\/avatar\/1f9a70007336511a47468b8f1c66f922b8b7cf617b02a31149ada43893a5d48f?s=96&d=mm&r=g\",\"contentUrl\":\"https:\/\/secure.gravatar.com\/avatar\/1f9a70007336511a47468b8f1c66f922b8b7cf617b02a31149ada43893a5d48f?s=96&d=mm&r=g\",\"caption\":\"C D\"},\"url\":\"https:\/\/vosgesinfo.fr\/remiremontinfo\/author\/cedric-drevet\/\"}]}<\/script>\n<!-- \/ Yoast SEO plugin. -->","yoast_head_json":{"title":"Cornimont - rassemblement des coquelicots de la Moselotte ce vendredi - Remiremont Info","robots":{"index":"index","follow":"follow","max-snippet":"max-snippet:-1","max-image-preview":"max-image-preview:large","max-video-preview":"max-video-preview:-1"},"canonical":"https:\/\/vosgesinfo.fr\/remiremontinfo\/2019\/02\/cornimont-rassemblement-coquelicots-de-moselotte-vendredi\/","twitter_card":"summary_large_image","twitter_title":"Cornimont - rassemblement des coquelicots de la Moselotte ce vendredi - Remiremont Info","twitter_description":"Les coquelicots de la Moselotte organisent un rassemblement \u00e0\u00a0Cornimont le vendredi 1er mars \u00e0 18h30 Place de la Pranzi\u00e8re. \u00ab\u00a0Soyons [&hellip;]","twitter_image":"https:\/\/vosgesinfo.fr\/app\/uploads\/sites\/5\/2024\/09\/201902pesti8-a2-page-001-scaled.jpg","twitter_creator":"@VosgesInfo88","twitter_site":"@VosgesInfo88","twitter_misc":{"\u00c9crit par":"C D","Dur\u00e9e de lecture estim\u00e9e":"1 minute"},"schema":{"@context":"https:\/\/schema.org","@graph":[{"@type":"Article","@id":"https:\/\/vosgesinfo.fr\/remiremontinfo\/2019\/02\/cornimont-rassemblement-coquelicots-de-moselotte-vendredi\/#article","isPartOf":{"@id":"https:\/\/vosgesinfo.fr\/remiremontinfo\/2019\/02\/cornimont-rassemblement-coquelicots-de-moselotte-vendredi\/"},"author":{"name":"C D","@id":"https:\/\/vosgesinfo.fr\/remiremontinfo\/#\/schema\/person\/3bfd164d5218a185b1db68655a265316"},"headline":"Cornimont &#8211; rassemblement des coquelicots de la Moselotte ce vendredi","datePublished":"2019-02-26T05:00:45+00:00","dateModified":"2019-02-26T05:00:45+00:00","mainEntityOfPage":{"@id":"https:\/\/vosgesinfo.fr\/remiremontinfo\/2019\/02\/cornimont-rassemblement-coquelicots-de-moselotte-vendredi\/"},"wordCount":265,"commentCount":0,"publisher":{"@id":"https:\/\/vosgesinfo.fr\/remiremontinfo\/#organization"},"image":{"@id":"https:\/\/vosgesinfo.fr\/remiremontinfo\/2019\/02\/cornimont-rassemblement-coquelicots-de-moselotte-vendredi\/#primaryimage"},"thumbnailUrl":"https:\/\/vosgesinfo.fr\/app\/uploads\/sites\/5\/2024\/09\/201902pesti8-a2-page-001-scaled.jpg","articleSection":["A la Une","Cornimont","Environnement","La Bresse &amp; son canton"],"inLanguage":"fr-FR","potentialAction":[{"@type":"CommentAction","name":"Comment","target":["https:\/\/vosgesinfo.fr\/remiremontinfo\/2019\/02\/cornimont-rassemblement-coquelicots-de-moselotte-vendredi\/#respond"]}]},{"@type":"WebPage","@id":"https:\/\/vosgesinfo.fr\/remiremontinfo\/2019\/02\/cornimont-rassemblement-coquelicots-de-moselotte-vendredi\/","url":"https:\/\/vosgesinfo.fr\/remiremontinfo\/2019\/02\/cornimont-rassemblement-coquelicots-de-moselotte-vendredi\/","name":"Cornimont - rassemblement des coquelicots de la Moselotte ce vendredi - Remiremont Info","isPartOf":{"@id":"https:\/\/vosgesinfo.fr\/remiremontinfo\/#website"},"primaryImageOfPage":{"@id":"https:\/\/vosgesinfo.fr\/remiremontinfo\/2019\/02\/cornimont-rassemblement-coquelicots-de-moselotte-vendredi\/#primaryimage"},"image":{"@id":"https:\/\/vosgesinfo.fr\/remiremontinfo\/2019\/02\/cornimont-rassemblement-coquelicots-de-moselotte-vendredi\/#primaryimage"},"thumbnailUrl":"https:\/\/vosgesinfo.fr\/app\/uploads\/sites\/5\/2024\/09\/201902pesti8-a2-page-001-scaled.jpg","datePublished":"2019-02-26T05:00:45+00:00","dateModified":"2019-02-26T05:00:45+00:00","breadcrumb":{"@id":"https:\/\/vosgesinfo.fr\/remiremontinfo\/2019\/02\/cornimont-rassemblement-coquelicots-de-moselotte-vendredi\/#breadcrumb"},"inLanguage":"fr-FR","potentialAction":[{"@type":"ReadAction","target":["https:\/\/vosgesinfo.fr\/remiremontinfo\/2019\/02\/cornimont-rassemblement-coquelicots-de-moselotte-vendredi\/"]}]},{"@type":"ImageObject","inLanguage":"fr-FR","@id":"https:\/\/vosgesinfo.fr\/remiremontinfo\/2019\/02\/cornimont-rassemblement-coquelicots-de-moselotte-vendredi\/#primaryimage","url":"https:\/\/vosgesinfo.fr\/app\/uploads\/sites\/5\/2024\/09\/201902pesti8-a2-page-001-scaled.jpg","contentUrl":"https:\/\/vosgesinfo.fr\/app\/uploads\/sites\/5\/2024\/09\/201902pesti8-a2-page-001-scaled.jpg","width":1810,"height":2560},{"@type":"BreadcrumbList","@id":"https:\/\/vosgesinfo.fr\/remiremontinfo\/2019\/02\/cornimont-rassemblement-coquelicots-de-moselotte-vendredi\/#breadcrumb","itemListElement":[{"@type":"ListItem","position":1,"name":"Home","item":"https:\/\/vosgesinfo.fr\/remiremontinfo\/"},{"@type":"ListItem","position":2,"name":"Cornimont &#8211; rassemblement des coquelicots de la Moselotte ce vendredi"}]},{"@type":"WebSite","@id":"https:\/\/vosgesinfo.fr\/remiremontinfo\/#website","url":"https:\/\/vosgesinfo.fr\/remiremontinfo\/","name":"Remiremont Info","description":"Toute l&#039;actualit\u00e9 de Remiremont","publisher":{"@id":"https:\/\/vosgesinfo.fr\/remiremontinfo\/#organization"},"alternateName":"Toute l'actualit\u00e9 de Remiremont","potentialAction":[{"@type":"SearchAction","target":{"@type":"EntryPoint","urlTemplate":"https:\/\/vosgesinfo.fr\/remiremontinfo\/?s={search_term_string}"},"query-input":"required name=search_term_string"}],"inLanguage":"fr-FR"},{"@type":"Organization","@id":"https:\/\/vosgesinfo.fr\/remiremontinfo\/#organization","name":"Remiremont Info","url":"https:\/\/vosgesinfo.fr\/remiremontinfo\/","logo":{"@type":"ImageObject","inLanguage":"fr-FR","@id":"https:\/\/vosgesinfo.fr\/remiremontinfo\/#\/schema\/logo\/image\/","url":"https:\/\/vosgesinfo.fr\/app\/uploads\/sites\/5\/2023\/08\/favicon-remiremontinfo.png","contentUrl":"https:\/\/vosgesinfo.fr\/app\/uploads\/sites\/5\/2023\/08\/favicon-remiremontinfo.png","width":512,"height":512,"caption":"Remiremont Info"},"image":{"@id":"https:\/\/vosgesinfo.fr\/remiremontinfo\/#\/schema\/logo\/image\/"},"sameAs":["https:\/\/www.facebook.com\/remiremontinfo","https:\/\/x.com\/VosgesInfo88","https:\/\/www.youtube.com\/@vosgesinfo"]},{"@type":"Person","@id":"https:\/\/vosgesinfo.fr\/remiremontinfo\/#\/schema\/person\/3bfd164d5218a185b1db68655a265316","name":"C D","image":{"@type":"ImageObject","inLanguage":"fr-FR","@id":"https:\/\/vosgesinfo.fr\/remiremontinfo\/#\/schema\/person\/image\/","url":"https:\/\/secure.gravatar.com\/avatar\/1f9a70007336511a47468b8f1c66f922b8b7cf617b02a31149ada43893a5d48f?s=96&d=mm&r=g","contentUrl":"https:\/\/secure.gravatar.com\/avatar\/1f9a70007336511a47468b8f1c66f922b8b7cf617b02a31149ada43893a5d48f?s=96&d=mm&r=g","caption":"C D"},"url":"https:\/\/vosgesinfo.fr\/remiremontinfo\/author\/cedric-drevet\/"}]}},"_links":{"self":[{"href":"https:\/\/vosgesinfo.fr\/remiremontinfo\/wp-json\/wp\/v2\/posts\/11261","targetHints":{"allow":["GET"]}}],"collection":[{"href":"https:\/\/vosgesinfo.fr\/remiremontinfo\/wp-json\/wp\/v2\/posts"}],"about":[{"href":"https:\/\/vosgesinfo.fr\/remiremontinfo\/wp-json\/wp\/v2\/types\/post"}],"author":[{"embeddable":true,"href":"https:\/\/vosgesinfo.fr\/remiremontinfo\/wp-json\/wp\/v2\/users\/407"}],"replies":[{"embeddable":true,"href":"https:\/\/vosgesinfo.fr\/remiremontinfo\/wp-json\/wp\/v2\/comments?post=11261"}],"version-history":[{"count":0,"href":"https:\/\/vosgesinfo.fr\/remiremontinfo\/wp-json\/wp\/v2\/posts\/11261\/revisions"}],"wp:featuredmedia":[{"embeddable":true,"href":"https:\/\/vosgesinfo.fr\/remiremontinfo\/wp-json\/wp\/v2\/media\/11262"}],"wp:attachment":[{"href":"https:\/\/vosgesinfo.fr\/remiremontinfo\/wp-json\/wp\/v2\/media?parent=11261"}],"wp:term":[{"taxonomy":"category","embeddable":true,"href":"https:\/\/vosgesinfo.fr\/remiremontinfo\/wp-json\/wp\/v2\/categories?post=11261"},{"taxonomy":"post_tag","embeddable":true,"href":"https:\/\/vosgesinfo.fr\/remiremontinfo\/wp-json\/wp\/v2\/tags?post=11261"}],"curies":[{"name":"wp","href":"https:\/\/api.w.org\/{rel}","templated":true}]}}