{"id":11326,"date":"2019-02-28T17:30:16","date_gmt":"2019-02-28T16:30:16","guid":{"rendered":"https:\/\/vosgesinfo.fr\/remiremontinfo\/2019\/02\/aurore-sellier-tourner-claude-vanony-etait-experience-geniale\/"},"modified":"2019-02-28T17:30:16","modified_gmt":"2019-02-28T16:30:16","slug":"aurore-sellier-tourner-claude-vanony-etait-experience-geniale","status":"publish","type":"post","link":"https:\/\/vosgesinfo.fr\/remiremontinfo\/2019\/02\/aurore-sellier-tourner-claude-vanony-etait-experience-geniale\/","title":{"rendered":"Aurore Sellier : \u00a0\u00bb Tourner avec Claude Vanony \u00e9tait une exp\u00e9rience g\u00e9niale\u00a0\u00bb"},"content":{"rendered":"<p><a href=\"https:\/\/remiremontinfo.fr\/2019\/02\/aurore-sellier-tourner-claude-vanony-etait-experience-geniale\/aurore-sellier-3\/\" rel=\"attachment wp-att-254305\"><img decoding=\"async\" class=\"aligncenter size-large wp-image-254305\" src=\"\/2019\/02\/Aurore-Sellier-3-1024x768.jpg\" alt=\"Aurore Sellier 3\" width=\"960\" height=\"720\" \/><\/a>A partir du 1er mars, la CPAM (Caisse Primaire d&rsquo;Assurance Maladie) et le Pays de Remiremont et ses Vall\u00e9es testent une op\u00e9ration de sensibilisation originale, pour accro\u00eetre la participation de la population aux campagnes de pr\u00e9vention. Quatre petits films traitant des cancers,\u00a0 colorectal, du sein, de l&rsquo;ut\u00e9rus et de la grippe seront diffus\u00e9s \u00e0 partir du 1er mars sur les r\u00e9seaux sociaux. Aurore Sellier fait partie du casting aux c\u00f4t\u00e9s de Marina Bobenrieth, et de Claude Vanony. Un retour aux sources pour la jeune actrice, qui r\u00e9side aujourd&rsquo;hui \u00e0 Paris.<\/p>\n<p><strong>Comment\u00a0avez-vous \u00e9t\u00e9 amen\u00e9e \u00e0 participer \u00e0\u00a0cette campagne de pr\u00e9vention de la CPAM?<\/strong><\/p>\n<p><em>Le metteur en sc\u00e8ne,\u00a0 Arnaud Virat, avait r\u00e9alis\u00e9 un reportage sur moi lorsque j&rsquo;\u00e9tais encore esth\u00e9ticienne, avant que je ne d\u00e9cide de devenir com\u00e9dienne. Il avait vu que j&rsquo;avais chang\u00e9 d&rsquo;orientation et a pens\u00e9 \u00e0 moi pour incarner la petite-fille au sein de\u00a0la famille vosgienne\u00a0que l&rsquo;on retrouve dans les films.<\/em><\/p>\n<p><strong>Comment s&rsquo;est pass\u00e9 le tournage?<\/strong><\/p>\n<p><em>Nous avons tourn\u00e9 pendant deux jours, les 19 et 20 f\u00e9vrier, dans une maison \u00e0 \u00c9pinal dans une excellente ambiance. J&rsquo;\u00e9tais tr\u00e8s heureuse de tourner avec Marina Bobenrieth et Claude Vanony qui est quelqu&rsquo;un de formidable. J&rsquo;\u00e9tais scotch\u00e9e par son dynamisme. Il a toujours une anecdote \u00e0 raconter.\u00a0 Je suis tr\u00e8s attach\u00e9e \u00e0 mes Vosges natales et j&rsquo;ai souvent r\u00eav\u00e9 de tourner avec des acteurs vosgiens. Si je n&rsquo;ai pas eu la chance de pouvoir jouer aux c\u00f4t\u00e9s d&rsquo;Emmanuelle Rivat (<\/em>originaire tout comme Aurore de Chenim\u00e9nil NDLR<em>), j&rsquo;ai pu tourner avec Claude Vanony, ce qui \u00e9tait une tr\u00e8s belle exp\u00e9rience.\u00a0 De plus, le projet est sympa. Le r\u00e9alisateur a su faire d&rsquo;un sujet de sant\u00e9, a priori peu r\u00e9jouissant, quelque chose de fun et moderne. Il savait exactement ce qu&rsquo;il voulait et nous a donc parfaitement guid\u00e9s lors des plans s\u00e9quences.<\/em><\/p>\n<p><strong>Quels sont vos prochains projets?<\/strong><\/p>\n<p><em>La semaine prochaine, je tourne un docu-fiction sur le ch\u00e2teau de Malbrouck en Moselle r\u00e9alis\u00e9 par Patrick Basso puis je vais reprendre le tournage d&rsquo;un court-m\u00e9trage \u00ab\u00a0le quai des \u00e9gar\u00e9s\u00a0\u00bb qui avait \u00e9t\u00e9 interrompu par ma tourn\u00e9e pour le spectacle des Alphas. Je suis \u00e9galement en train d&rsquo;\u00e9crire un \u00ab\u00a0seule en sc\u00e8ne\u00a0\u00bb pour lequel j&rsquo;ai d\u00e9j\u00e0 trouv\u00e9 une productrice, Barbara Zaborny Belin. J&rsquo;aimerais pourvoir jouer la premi\u00e8re \u00e0 Epinal et me produire ensuite sur Paris mais je n&rsquo;en suis qu&rsquo;au d\u00e9but de l&rsquo;\u00e9criture.<\/em><\/p>\n<p>Affaire \u00e0 suivre!<\/p>\n<p><strong>Propos recueillis par Adeline Stoltz<\/strong><\/p>\n\n<p>&nbsp;<\/p>\n","protected":false},"excerpt":{"rendered":"<p>A partir du 1er mars, la CPAM (Caisse Primaire d&rsquo;Assurance Maladie) et le Pays de Remiremont et ses Vall\u00e9es testent [&hellip;]<\/p>\n","protected":false},"author":1,"featured_media":11327,"comment_status":"open","ping_status":"open","sticky":false,"template":"","format":"standard","meta":{"footnotes":""},"categories":[26,35,12],"tags":[1847,1848,754,1849,1850,1851],"class_list":["post-11326","post","type-post","status-publish","format-standard","has-post-thumbnail","hentry","category-a-la-une","category-remiremont-son-canton","category-sante","tag-aurore-sellier","tag-campagne-de-prevention","tag-claude-vanony","tag-cpam","tag-marina-bobenrieth","tag-reseaux-sociaux"],"acf":[],"yoast_head":"<!-- This site is optimized with the Yoast SEO plugin v22.5 - https:\/\/yoast.com\/wordpress\/plugins\/seo\/ -->\n<title>Aurore Sellier : &quot; Tourner avec Claude Vanony \u00e9tait une exp\u00e9rience g\u00e9niale&quot; - Remiremont Info<\/title>\n<meta name=\"robots\" content=\"index, follow, max-snippet:-1, max-image-preview:large, max-video-preview:-1\" \/>\n<link rel=\"canonical\" href=\"https:\/\/vosgesinfo.fr\/remiremontinfo\/2019\/02\/aurore-sellier-tourner-claude-vanony-etait-experience-geniale\/\" \/>\n<meta name=\"twitter:card\" content=\"summary_large_image\" \/>\n<meta name=\"twitter:title\" content=\"Aurore Sellier : &quot; Tourner avec Claude Vanony \u00e9tait une exp\u00e9rience g\u00e9niale&quot; - Remiremont Info\" \/>\n<meta name=\"twitter:description\" content=\"A partir du 1er mars, la CPAM (Caisse Primaire d&rsquo;Assurance Maladie) et le Pays de Remiremont et ses Vall\u00e9es testent [&hellip;]\" \/>\n<meta name=\"twitter:image\" content=\"https:\/\/vosgesinfo.fr\/app\/uploads\/sites\/5\/2024\/09\/201902aurore-sellier-portrait.jpg\" \/>\n<meta name=\"twitter:creator\" content=\"@VosgesInfo88\" \/>\n<meta name=\"twitter:site\" content=\"@VosgesInfo88\" \/>\n<meta name=\"twitter:label1\" content=\"\u00c9crit par\" \/>\n\t<meta name=\"twitter:data1\" content=\"qs_admin\" \/>\n\t<meta name=\"twitter:label2\" content=\"Dur\u00e9e de lecture estim\u00e9e\" \/>\n\t<meta name=\"twitter:data2\" content=\"2 minutes\" \/>\n<script type=\"application\/ld+json\" class=\"yoast-schema-graph\">{\"@context\":\"https:\/\/schema.org\",\"@graph\":[{\"@type\":\"Article\",\"@id\":\"https:\/\/vosgesinfo.fr\/remiremontinfo\/2019\/02\/aurore-sellier-tourner-claude-vanony-etait-experience-geniale\/#article\",\"isPartOf\":{\"@id\":\"https:\/\/vosgesinfo.fr\/remiremontinfo\/2019\/02\/aurore-sellier-tourner-claude-vanony-etait-experience-geniale\/\"},\"author\":{\"name\":\"qs_admin\",\"@id\":\"https:\/\/vosgesinfo.fr\/remiremontinfo\/#\/schema\/person\/bc5d02d71e6932e81b6dadb7386667b1\"},\"headline\":\"Aurore Sellier : \u00a0\u00bb Tourner avec Claude Vanony \u00e9tait une exp\u00e9rience g\u00e9niale\u00a0\u00bb\",\"datePublished\":\"2019-02-28T16:30:16+00:00\",\"dateModified\":\"2019-02-28T16:30:16+00:00\",\"mainEntityOfPage\":{\"@id\":\"https:\/\/vosgesinfo.fr\/remiremontinfo\/2019\/02\/aurore-sellier-tourner-claude-vanony-etait-experience-geniale\/\"},\"wordCount\":470,\"commentCount\":0,\"publisher\":{\"@id\":\"https:\/\/vosgesinfo.fr\/remiremontinfo\/#organization\"},\"image\":{\"@id\":\"https:\/\/vosgesinfo.fr\/remiremontinfo\/2019\/02\/aurore-sellier-tourner-claude-vanony-etait-experience-geniale\/#primaryimage\"},\"thumbnailUrl\":\"https:\/\/vosgesinfo.fr\/app\/uploads\/sites\/5\/2024\/09\/201902aurore-sellier-portrait.jpg\",\"keywords\":[\"Aurore Sellier\",\"campagne de pr\u00e9vention\",\"Claude Vanony\",\"CPAM\",\"Marina Bobenrieth\",\"r\u00e9seaux sociaux\"],\"articleSection\":[\"A la Une\",\"Remiremont &amp; son canton\",\"Sant\u00e9\"],\"inLanguage\":\"fr-FR\",\"potentialAction\":[{\"@type\":\"CommentAction\",\"name\":\"Comment\",\"target\":[\"https:\/\/vosgesinfo.fr\/remiremontinfo\/2019\/02\/aurore-sellier-tourner-claude-vanony-etait-experience-geniale\/#respond\"]}]},{\"@type\":\"WebPage\",\"@id\":\"https:\/\/vosgesinfo.fr\/remiremontinfo\/2019\/02\/aurore-sellier-tourner-claude-vanony-etait-experience-geniale\/\",\"url\":\"https:\/\/vosgesinfo.fr\/remiremontinfo\/2019\/02\/aurore-sellier-tourner-claude-vanony-etait-experience-geniale\/\",\"name\":\"Aurore Sellier : \\\" Tourner avec Claude Vanony \u00e9tait une exp\u00e9rience g\u00e9niale\\\" - Remiremont Info\",\"isPartOf\":{\"@id\":\"https:\/\/vosgesinfo.fr\/remiremontinfo\/#website\"},\"primaryImageOfPage\":{\"@id\":\"https:\/\/vosgesinfo.fr\/remiremontinfo\/2019\/02\/aurore-sellier-tourner-claude-vanony-etait-experience-geniale\/#primaryimage\"},\"image\":{\"@id\":\"https:\/\/vosgesinfo.fr\/remiremontinfo\/2019\/02\/aurore-sellier-tourner-claude-vanony-etait-experience-geniale\/#primaryimage\"},\"thumbnailUrl\":\"https:\/\/vosgesinfo.fr\/app\/uploads\/sites\/5\/2024\/09\/201902aurore-sellier-portrait.jpg\",\"datePublished\":\"2019-02-28T16:30:16+00:00\",\"dateModified\":\"2019-02-28T16:30:16+00:00\",\"breadcrumb\":{\"@id\":\"https:\/\/vosgesinfo.fr\/remiremontinfo\/2019\/02\/aurore-sellier-tourner-claude-vanony-etait-experience-geniale\/#breadcrumb\"},\"inLanguage\":\"fr-FR\",\"potentialAction\":[{\"@type\":\"ReadAction\",\"target\":[\"https:\/\/vosgesinfo.fr\/remiremontinfo\/2019\/02\/aurore-sellier-tourner-claude-vanony-etait-experience-geniale\/\"]}]},{\"@type\":\"ImageObject\",\"inLanguage\":\"fr-FR\",\"@id\":\"https:\/\/vosgesinfo.fr\/remiremontinfo\/2019\/02\/aurore-sellier-tourner-claude-vanony-etait-experience-geniale\/#primaryimage\",\"url\":\"https:\/\/vosgesinfo.fr\/app\/uploads\/sites\/5\/2024\/09\/201902aurore-sellier-portrait.jpg\",\"contentUrl\":\"https:\/\/vosgesinfo.fr\/app\/uploads\/sites\/5\/2024\/09\/201902aurore-sellier-portrait.jpg\",\"width\":632,\"height\":853},{\"@type\":\"BreadcrumbList\",\"@id\":\"https:\/\/vosgesinfo.fr\/remiremontinfo\/2019\/02\/aurore-sellier-tourner-claude-vanony-etait-experience-geniale\/#breadcrumb\",\"itemListElement\":[{\"@type\":\"ListItem\",\"position\":1,\"name\":\"Home\",\"item\":\"https:\/\/vosgesinfo.fr\/remiremontinfo\/\"},{\"@type\":\"ListItem\",\"position\":2,\"name\":\"Aurore Sellier : \u00a0\u00bb Tourner avec Claude Vanony \u00e9tait une exp\u00e9rience g\u00e9niale\u00a0\u00bb\"}]},{\"@type\":\"WebSite\",\"@id\":\"https:\/\/vosgesinfo.fr\/remiremontinfo\/#website\",\"url\":\"https:\/\/vosgesinfo.fr\/remiremontinfo\/\",\"name\":\"Remiremont Info\",\"description\":\"Toute l&#039;actualit\u00e9 de Remiremont\",\"publisher\":{\"@id\":\"https:\/\/vosgesinfo.fr\/remiremontinfo\/#organization\"},\"alternateName\":\"Toute l'actualit\u00e9 de Remiremont\",\"potentialAction\":[{\"@type\":\"SearchAction\",\"target\":{\"@type\":\"EntryPoint\",\"urlTemplate\":\"https:\/\/vosgesinfo.fr\/remiremontinfo\/?s={search_term_string}\"},\"query-input\":\"required name=search_term_string\"}],\"inLanguage\":\"fr-FR\"},{\"@type\":\"Organization\",\"@id\":\"https:\/\/vosgesinfo.fr\/remiremontinfo\/#organization\",\"name\":\"Remiremont Info\",\"url\":\"https:\/\/vosgesinfo.fr\/remiremontinfo\/\",\"logo\":{\"@type\":\"ImageObject\",\"inLanguage\":\"fr-FR\",\"@id\":\"https:\/\/vosgesinfo.fr\/remiremontinfo\/#\/schema\/logo\/image\/\",\"url\":\"https:\/\/vosgesinfo.fr\/app\/uploads\/sites\/5\/2023\/08\/favicon-remiremontinfo.png\",\"contentUrl\":\"https:\/\/vosgesinfo.fr\/app\/uploads\/sites\/5\/2023\/08\/favicon-remiremontinfo.png\",\"width\":512,\"height\":512,\"caption\":\"Remiremont Info\"},\"image\":{\"@id\":\"https:\/\/vosgesinfo.fr\/remiremontinfo\/#\/schema\/logo\/image\/\"},\"sameAs\":[\"https:\/\/www.facebook.com\/remiremontinfo\",\"https:\/\/x.com\/VosgesInfo88\",\"https:\/\/www.youtube.com\/@vosgesinfo\"]},{\"@type\":\"Person\",\"@id\":\"https:\/\/vosgesinfo.fr\/remiremontinfo\/#\/schema\/person\/bc5d02d71e6932e81b6dadb7386667b1\",\"name\":\"qs_admin\",\"image\":{\"@type\":\"ImageObject\",\"inLanguage\":\"fr-FR\",\"@id\":\"https:\/\/vosgesinfo.fr\/remiremontinfo\/#\/schema\/person\/image\/\",\"url\":\"https:\/\/secure.gravatar.com\/avatar\/94b18ee0ed79e4a42ea2f2931277b6841a8999fc6fde214600c78057cf1fe1de?s=96&d=mm&r=g\",\"contentUrl\":\"https:\/\/secure.gravatar.com\/avatar\/94b18ee0ed79e4a42ea2f2931277b6841a8999fc6fde214600c78057cf1fe1de?s=96&d=mm&r=g\",\"caption\":\"qs_admin\"},\"sameAs\":[\"https:\/\/vosgesinfo.fr\/wp\"],\"url\":\"https:\/\/vosgesinfo.fr\/remiremontinfo\/author\/qs_admin\/\"}]}<\/script>\n<!-- \/ Yoast SEO plugin. -->","yoast_head_json":{"title":"Aurore Sellier : \" Tourner avec Claude Vanony \u00e9tait une exp\u00e9rience g\u00e9niale\" - Remiremont Info","robots":{"index":"index","follow":"follow","max-snippet":"max-snippet:-1","max-image-preview":"max-image-preview:large","max-video-preview":"max-video-preview:-1"},"canonical":"https:\/\/vosgesinfo.fr\/remiremontinfo\/2019\/02\/aurore-sellier-tourner-claude-vanony-etait-experience-geniale\/","twitter_card":"summary_large_image","twitter_title":"Aurore Sellier : \" Tourner avec Claude Vanony \u00e9tait une exp\u00e9rience g\u00e9niale\" - Remiremont Info","twitter_description":"A partir du 1er mars, la CPAM (Caisse Primaire d&rsquo;Assurance Maladie) et le Pays de Remiremont et ses Vall\u00e9es testent [&hellip;]","twitter_image":"https:\/\/vosgesinfo.fr\/app\/uploads\/sites\/5\/2024\/09\/201902aurore-sellier-portrait.jpg","twitter_creator":"@VosgesInfo88","twitter_site":"@VosgesInfo88","twitter_misc":{"\u00c9crit par":"qs_admin","Dur\u00e9e de lecture estim\u00e9e":"2 minutes"},"schema":{"@context":"https:\/\/schema.org","@graph":[{"@type":"Article","@id":"https:\/\/vosgesinfo.fr\/remiremontinfo\/2019\/02\/aurore-sellier-tourner-claude-vanony-etait-experience-geniale\/#article","isPartOf":{"@id":"https:\/\/vosgesinfo.fr\/remiremontinfo\/2019\/02\/aurore-sellier-tourner-claude-vanony-etait-experience-geniale\/"},"author":{"name":"qs_admin","@id":"https:\/\/vosgesinfo.fr\/remiremontinfo\/#\/schema\/person\/bc5d02d71e6932e81b6dadb7386667b1"},"headline":"Aurore Sellier : \u00a0\u00bb Tourner avec Claude Vanony \u00e9tait une exp\u00e9rience g\u00e9niale\u00a0\u00bb","datePublished":"2019-02-28T16:30:16+00:00","dateModified":"2019-02-28T16:30:16+00:00","mainEntityOfPage":{"@id":"https:\/\/vosgesinfo.fr\/remiremontinfo\/2019\/02\/aurore-sellier-tourner-claude-vanony-etait-experience-geniale\/"},"wordCount":470,"commentCount":0,"publisher":{"@id":"https:\/\/vosgesinfo.fr\/remiremontinfo\/#organization"},"image":{"@id":"https:\/\/vosgesinfo.fr\/remiremontinfo\/2019\/02\/aurore-sellier-tourner-claude-vanony-etait-experience-geniale\/#primaryimage"},"thumbnailUrl":"https:\/\/vosgesinfo.fr\/app\/uploads\/sites\/5\/2024\/09\/201902aurore-sellier-portrait.jpg","keywords":["Aurore Sellier","campagne de pr\u00e9vention","Claude Vanony","CPAM","Marina Bobenrieth","r\u00e9seaux sociaux"],"articleSection":["A la Une","Remiremont &amp; son canton","Sant\u00e9"],"inLanguage":"fr-FR","potentialAction":[{"@type":"CommentAction","name":"Comment","target":["https:\/\/vosgesinfo.fr\/remiremontinfo\/2019\/02\/aurore-sellier-tourner-claude-vanony-etait-experience-geniale\/#respond"]}]},{"@type":"WebPage","@id":"https:\/\/vosgesinfo.fr\/remiremontinfo\/2019\/02\/aurore-sellier-tourner-claude-vanony-etait-experience-geniale\/","url":"https:\/\/vosgesinfo.fr\/remiremontinfo\/2019\/02\/aurore-sellier-tourner-claude-vanony-etait-experience-geniale\/","name":"Aurore Sellier : \" Tourner avec Claude Vanony \u00e9tait une exp\u00e9rience g\u00e9niale\" - Remiremont Info","isPartOf":{"@id":"https:\/\/vosgesinfo.fr\/remiremontinfo\/#website"},"primaryImageOfPage":{"@id":"https:\/\/vosgesinfo.fr\/remiremontinfo\/2019\/02\/aurore-sellier-tourner-claude-vanony-etait-experience-geniale\/#primaryimage"},"image":{"@id":"https:\/\/vosgesinfo.fr\/remiremontinfo\/2019\/02\/aurore-sellier-tourner-claude-vanony-etait-experience-geniale\/#primaryimage"},"thumbnailUrl":"https:\/\/vosgesinfo.fr\/app\/uploads\/sites\/5\/2024\/09\/201902aurore-sellier-portrait.jpg","datePublished":"2019-02-28T16:30:16+00:00","dateModified":"2019-02-28T16:30:16+00:00","breadcrumb":{"@id":"https:\/\/vosgesinfo.fr\/remiremontinfo\/2019\/02\/aurore-sellier-tourner-claude-vanony-etait-experience-geniale\/#breadcrumb"},"inLanguage":"fr-FR","potentialAction":[{"@type":"ReadAction","target":["https:\/\/vosgesinfo.fr\/remiremontinfo\/2019\/02\/aurore-sellier-tourner-claude-vanony-etait-experience-geniale\/"]}]},{"@type":"ImageObject","inLanguage":"fr-FR","@id":"https:\/\/vosgesinfo.fr\/remiremontinfo\/2019\/02\/aurore-sellier-tourner-claude-vanony-etait-experience-geniale\/#primaryimage","url":"https:\/\/vosgesinfo.fr\/app\/uploads\/sites\/5\/2024\/09\/201902aurore-sellier-portrait.jpg","contentUrl":"https:\/\/vosgesinfo.fr\/app\/uploads\/sites\/5\/2024\/09\/201902aurore-sellier-portrait.jpg","width":632,"height":853},{"@type":"BreadcrumbList","@id":"https:\/\/vosgesinfo.fr\/remiremontinfo\/2019\/02\/aurore-sellier-tourner-claude-vanony-etait-experience-geniale\/#breadcrumb","itemListElement":[{"@type":"ListItem","position":1,"name":"Home","item":"https:\/\/vosgesinfo.fr\/remiremontinfo\/"},{"@type":"ListItem","position":2,"name":"Aurore Sellier : \u00a0\u00bb Tourner avec Claude Vanony \u00e9tait une exp\u00e9rience g\u00e9niale\u00a0\u00bb"}]},{"@type":"WebSite","@id":"https:\/\/vosgesinfo.fr\/remiremontinfo\/#website","url":"https:\/\/vosgesinfo.fr\/remiremontinfo\/","name":"Remiremont Info","description":"Toute l&#039;actualit\u00e9 de Remiremont","publisher":{"@id":"https:\/\/vosgesinfo.fr\/remiremontinfo\/#organization"},"alternateName":"Toute l'actualit\u00e9 de Remiremont","potentialAction":[{"@type":"SearchAction","target":{"@type":"EntryPoint","urlTemplate":"https:\/\/vosgesinfo.fr\/remiremontinfo\/?s={search_term_string}"},"query-input":"required name=search_term_string"}],"inLanguage":"fr-FR"},{"@type":"Organization","@id":"https:\/\/vosgesinfo.fr\/remiremontinfo\/#organization","name":"Remiremont Info","url":"https:\/\/vosgesinfo.fr\/remiremontinfo\/","logo":{"@type":"ImageObject","inLanguage":"fr-FR","@id":"https:\/\/vosgesinfo.fr\/remiremontinfo\/#\/schema\/logo\/image\/","url":"https:\/\/vosgesinfo.fr\/app\/uploads\/sites\/5\/2023\/08\/favicon-remiremontinfo.png","contentUrl":"https:\/\/vosgesinfo.fr\/app\/uploads\/sites\/5\/2023\/08\/favicon-remiremontinfo.png","width":512,"height":512,"caption":"Remiremont Info"},"image":{"@id":"https:\/\/vosgesinfo.fr\/remiremontinfo\/#\/schema\/logo\/image\/"},"sameAs":["https:\/\/www.facebook.com\/remiremontinfo","https:\/\/x.com\/VosgesInfo88","https:\/\/www.youtube.com\/@vosgesinfo"]},{"@type":"Person","@id":"https:\/\/vosgesinfo.fr\/remiremontinfo\/#\/schema\/person\/bc5d02d71e6932e81b6dadb7386667b1","name":"qs_admin","image":{"@type":"ImageObject","inLanguage":"fr-FR","@id":"https:\/\/vosgesinfo.fr\/remiremontinfo\/#\/schema\/person\/image\/","url":"https:\/\/secure.gravatar.com\/avatar\/94b18ee0ed79e4a42ea2f2931277b6841a8999fc6fde214600c78057cf1fe1de?s=96&d=mm&r=g","contentUrl":"https:\/\/secure.gravatar.com\/avatar\/94b18ee0ed79e4a42ea2f2931277b6841a8999fc6fde214600c78057cf1fe1de?s=96&d=mm&r=g","caption":"qs_admin"},"sameAs":["https:\/\/vosgesinfo.fr\/wp"],"url":"https:\/\/vosgesinfo.fr\/remiremontinfo\/author\/qs_admin\/"}]}},"_links":{"self":[{"href":"https:\/\/vosgesinfo.fr\/remiremontinfo\/wp-json\/wp\/v2\/posts\/11326","targetHints":{"allow":["GET"]}}],"collection":[{"href":"https:\/\/vosgesinfo.fr\/remiremontinfo\/wp-json\/wp\/v2\/posts"}],"about":[{"href":"https:\/\/vosgesinfo.fr\/remiremontinfo\/wp-json\/wp\/v2\/types\/post"}],"author":[{"embeddable":true,"href":"https:\/\/vosgesinfo.fr\/remiremontinfo\/wp-json\/wp\/v2\/users\/1"}],"replies":[{"embeddable":true,"href":"https:\/\/vosgesinfo.fr\/remiremontinfo\/wp-json\/wp\/v2\/comments?post=11326"}],"version-history":[{"count":0,"href":"https:\/\/vosgesinfo.fr\/remiremontinfo\/wp-json\/wp\/v2\/posts\/11326\/revisions"}],"wp:featuredmedia":[{"embeddable":true,"href":"https:\/\/vosgesinfo.fr\/remiremontinfo\/wp-json\/wp\/v2\/media\/11327"}],"wp:attachment":[{"href":"https:\/\/vosgesinfo.fr\/remiremontinfo\/wp-json\/wp\/v2\/media?parent=11326"}],"wp:term":[{"taxonomy":"category","embeddable":true,"href":"https:\/\/vosgesinfo.fr\/remiremontinfo\/wp-json\/wp\/v2\/categories?post=11326"},{"taxonomy":"post_tag","embeddable":true,"href":"https:\/\/vosgesinfo.fr\/remiremontinfo\/wp-json\/wp\/v2\/tags?post=11326"}],"curies":[{"name":"wp","href":"https:\/\/api.w.org\/{rel}","templated":true}]}}