{"id":11473,"date":"2019-03-04T20:09:11","date_gmt":"2019-03-04T19:09:11","guid":{"rendered":"https:\/\/vosgesinfo.fr\/remiremontinfo\/2019\/03\/remiremont-6-heures-de-grand-debat-national-lundi\/"},"modified":"2019-03-04T20:09:11","modified_gmt":"2019-03-04T19:09:11","slug":"remiremont-6-heures-de-grand-debat-national-lundi","status":"publish","type":"post","link":"https:\/\/vosgesinfo.fr\/remiremontinfo\/2019\/03\/remiremont-6-heures-de-grand-debat-national-lundi\/","title":{"rendered":"Remiremont &#8211; 6 heures de \u00ab\u00a0Grand d\u00e9bat national\u00a0\u00bb ce lundi !"},"content":{"rendered":"<h2 class=\"p1\"><a href=\"\/2019\/03\/SAM_0570-e1551729530700.jpg\"><img decoding=\"async\" class=\"alignnone size-large wp-image-254587\" src=\"\/2019\/03\/SAM_0570-1024x686.jpg\" alt=\"SAM_0570\" width=\"960\" height=\"643\" \/><\/a><\/h2>\n<h2 class=\"p1\"><span style=\"font-size: 12pt;\"><strong><span class=\"s1\">Dans le cadre du \u00ab\u00a0Grand D\u00e9bat National\u00a0\u00bb, L\u2019Association GACI, en partenariat avec la Ligue de l\u2019Enseignement, CTPS, le Conseil Citoyen du Rhumont et la ville de Remiremont, organisait ce lundi de 10h \u00e0 16h un d\u00e9bat citoyen au centre culturel Gilbert Zaug. <\/span><\/strong><\/span><\/h2>\n<p class=\"p1\"><span class=\"s1\">Les organisateurs ont choisi une m\u00e9thode diff\u00e9rente de la plupart des d\u00e9bats. Le principe \u00e9tait le suivant : une table d\u2019une petite dizaine de participants sur une petite heure avec un th\u00e8me parmi les 4 propos\u00e9s (transition \u00e9cologique, fiscalit\u00e9, d\u00e9mocratie et citoyennet\u00e9, organisation de l\u2019Etat et services publics).\u00a0<\/span><\/p>\n<p class=\"p1\"><span class=\"s1\"> A chaque table un secr\u00e9taire et un animateur garant du temps, de la distribution de la parole et du respect du dialogue dans un esprit de bienveillance. Chaque table produisait une s\u00e9rie de propositions. Pas de grande salle ou d\u2019amphith\u00e9\u00e2tre avec un micro qui passe dans les rangs. <em>\u00ab\u00a0C\u2019est pas constructif\u00a0\u00bb<\/em>, consid\u00e8re Hugues Laine, directeur de l\u2019AGACI. Le fonctionnement par petit groupe <em>\u00ab\u00a0permet \u00e0 beaucoup de gens de s\u2019exprimer, qui ne le feraient pas sinon\u00a0\u00bb. <\/em><\/span><\/p>\n<p class=\"p1\"><span class=\"s1\">L\u2019objectif est de discuter, d\u00e9battre, mais surtout apporter des solutions concr\u00e8tes : <em>\u00ab\u00a0On pose des questions, mais tr\u00e8s vite on vient aux propositions\u00a0\u00bb<\/em>, explique Hugues Laine. Il insiste sur les principe d\u2019 <em>\u00ab\u00a0\u00e9coute, respect, bienveillance\u00a0\u00bb<\/em>, et la volont\u00e9 de <em>\u00ab\u00a0d\u00e9samorcer le cot\u00e9 agressif du d\u00e9bat\u00a0\u00bb.<\/em><\/span><\/p>\n<p class=\"p1\"><span class=\"s1\">Le moyenne d\u2019\u00e2ge des d\u00e9bateurs \u00e9tait relativement haute, comme le remarque Patrick, l\u2019un d\u2019entre eux, <em>\u00ab\u00a0Quand on voit les participants \u00e0 ce d\u00e9bat\u2026 les cheveux sont un peu blancs et \u00e9parses, malheureusement\u00a0\u00bb.<\/em> Peut \u00eatre les horaires (de 10h \u00e0 16h le lundi) y sont-ils pour quelque chose.<\/span><\/p>\n<p class=\"p1\"><span class=\"s1\">Ce sont au total 21 d\u00e9bats qui ont eu lieu. Les propositions faites par les diff\u00e9rents groupe \u00e9taient affich\u00e9es dans le hall du centre Gilbert Zaug. Chacun pouvait venir coller des gommettes en face des propositions qui lui semblaient int\u00e9ressantes. Toutes les propositions vont \u00eatre envoy\u00e9es \u00e0 la pr\u00e9fectures. Avant cela, la liste sera organis\u00e9e : les propositions qui ont eu le plus de succ\u00e8s seront mises en avant.\u00a0<\/span><\/p>\n<p class=\"p1\"><em>Photos de Christian Schirme<\/em><\/p>\n\n","protected":false},"excerpt":{"rendered":"<p>Dans le cadre du \u00ab\u00a0Grand D\u00e9bat National\u00a0\u00bb, L\u2019Association GACI, en partenariat avec la Ligue de l\u2019Enseignement, CTPS, le Conseil Citoyen [&hellip;]<\/p>\n","protected":false},"author":407,"featured_media":11474,"comment_status":"open","ping_status":"open","sticky":false,"template":"","format":"standard","meta":{"footnotes":""},"categories":[26,10,1556,35],"tags":[],"class_list":["post-11473","post","type-post","status-publish","format-standard","has-post-thumbnail","hentry","category-a-la-une","category-politique","category-remiremont-remiremont-son-canton-2","category-remiremont-son-canton"],"acf":[],"yoast_head":"<!-- This site is optimized with the Yoast SEO plugin v22.5 - https:\/\/yoast.com\/wordpress\/plugins\/seo\/ -->\n<title>Remiremont - 6 heures de \u00ab\u00a0Grand d\u00e9bat national\u00a0\u00bb ce lundi ! - Remiremont Info<\/title>\n<meta name=\"robots\" content=\"index, follow, max-snippet:-1, max-image-preview:large, max-video-preview:-1\" \/>\n<link rel=\"canonical\" href=\"https:\/\/vosgesinfo.fr\/remiremontinfo\/2019\/03\/remiremont-6-heures-de-grand-debat-national-lundi\/\" \/>\n<meta name=\"twitter:card\" content=\"summary_large_image\" \/>\n<meta name=\"twitter:title\" content=\"Remiremont - 6 heures de \u00ab\u00a0Grand d\u00e9bat national\u00a0\u00bb ce lundi ! - Remiremont Info\" \/>\n<meta name=\"twitter:description\" content=\"Dans le cadre du \u00ab\u00a0Grand D\u00e9bat National\u00a0\u00bb, L\u2019Association GACI, en partenariat avec la Ligue de l\u2019Enseignement, CTPS, le Conseil Citoyen [&hellip;]\" \/>\n<meta name=\"twitter:image\" content=\"https:\/\/vosgesinfo.fr\/app\/uploads\/sites\/5\/2024\/09\/201903sam-0570-e1551729530700.jpg\" \/>\n<meta name=\"twitter:creator\" content=\"@VosgesInfo88\" \/>\n<meta name=\"twitter:site\" content=\"@VosgesInfo88\" \/>\n<meta name=\"twitter:label1\" content=\"\u00c9crit par\" \/>\n\t<meta name=\"twitter:data1\" content=\"C D\" \/>\n\t<meta name=\"twitter:label2\" content=\"Dur\u00e9e de lecture estim\u00e9e\" \/>\n\t<meta name=\"twitter:data2\" content=\"2 minutes\" \/>\n<script type=\"application\/ld+json\" class=\"yoast-schema-graph\">{\"@context\":\"https:\/\/schema.org\",\"@graph\":[{\"@type\":\"Article\",\"@id\":\"https:\/\/vosgesinfo.fr\/remiremontinfo\/2019\/03\/remiremont-6-heures-de-grand-debat-national-lundi\/#article\",\"isPartOf\":{\"@id\":\"https:\/\/vosgesinfo.fr\/remiremontinfo\/2019\/03\/remiremont-6-heures-de-grand-debat-national-lundi\/\"},\"author\":{\"name\":\"C D\",\"@id\":\"https:\/\/vosgesinfo.fr\/remiremontinfo\/#\/schema\/person\/3bfd164d5218a185b1db68655a265316\"},\"headline\":\"Remiremont &#8211; 6 heures de \u00ab\u00a0Grand d\u00e9bat national\u00a0\u00bb ce lundi !\",\"datePublished\":\"2019-03-04T19:09:11+00:00\",\"dateModified\":\"2019-03-04T19:09:11+00:00\",\"mainEntityOfPage\":{\"@id\":\"https:\/\/vosgesinfo.fr\/remiremontinfo\/2019\/03\/remiremont-6-heures-de-grand-debat-national-lundi\/\"},\"wordCount\":377,\"commentCount\":0,\"publisher\":{\"@id\":\"https:\/\/vosgesinfo.fr\/remiremontinfo\/#organization\"},\"image\":{\"@id\":\"https:\/\/vosgesinfo.fr\/remiremontinfo\/2019\/03\/remiremont-6-heures-de-grand-debat-national-lundi\/#primaryimage\"},\"thumbnailUrl\":\"https:\/\/vosgesinfo.fr\/app\/uploads\/sites\/5\/2024\/09\/201903sam-0570-e1551729530700.jpg\",\"articleSection\":[\"A la Une\",\"Politique\",\"Remiremont\",\"Remiremont &amp; son canton\"],\"inLanguage\":\"fr-FR\",\"potentialAction\":[{\"@type\":\"CommentAction\",\"name\":\"Comment\",\"target\":[\"https:\/\/vosgesinfo.fr\/remiremontinfo\/2019\/03\/remiremont-6-heures-de-grand-debat-national-lundi\/#respond\"]}]},{\"@type\":\"WebPage\",\"@id\":\"https:\/\/vosgesinfo.fr\/remiremontinfo\/2019\/03\/remiremont-6-heures-de-grand-debat-national-lundi\/\",\"url\":\"https:\/\/vosgesinfo.fr\/remiremontinfo\/2019\/03\/remiremont-6-heures-de-grand-debat-national-lundi\/\",\"name\":\"Remiremont - 6 heures de \u00ab\u00a0Grand d\u00e9bat national\u00a0\u00bb ce lundi ! - Remiremont Info\",\"isPartOf\":{\"@id\":\"https:\/\/vosgesinfo.fr\/remiremontinfo\/#website\"},\"primaryImageOfPage\":{\"@id\":\"https:\/\/vosgesinfo.fr\/remiremontinfo\/2019\/03\/remiremont-6-heures-de-grand-debat-national-lundi\/#primaryimage\"},\"image\":{\"@id\":\"https:\/\/vosgesinfo.fr\/remiremontinfo\/2019\/03\/remiremont-6-heures-de-grand-debat-national-lundi\/#primaryimage\"},\"thumbnailUrl\":\"https:\/\/vosgesinfo.fr\/app\/uploads\/sites\/5\/2024\/09\/201903sam-0570-e1551729530700.jpg\",\"datePublished\":\"2019-03-04T19:09:11+00:00\",\"dateModified\":\"2019-03-04T19:09:11+00:00\",\"breadcrumb\":{\"@id\":\"https:\/\/vosgesinfo.fr\/remiremontinfo\/2019\/03\/remiremont-6-heures-de-grand-debat-national-lundi\/#breadcrumb\"},\"inLanguage\":\"fr-FR\",\"potentialAction\":[{\"@type\":\"ReadAction\",\"target\":[\"https:\/\/vosgesinfo.fr\/remiremontinfo\/2019\/03\/remiremont-6-heures-de-grand-debat-national-lundi\/\"]}]},{\"@type\":\"ImageObject\",\"inLanguage\":\"fr-FR\",\"@id\":\"https:\/\/vosgesinfo.fr\/remiremontinfo\/2019\/03\/remiremont-6-heures-de-grand-debat-national-lundi\/#primaryimage\",\"url\":\"https:\/\/vosgesinfo.fr\/app\/uploads\/sites\/5\/2024\/09\/201903sam-0570-e1551729530700.jpg\",\"contentUrl\":\"https:\/\/vosgesinfo.fr\/app\/uploads\/sites\/5\/2024\/09\/201903sam-0570-e1551729530700.jpg\",\"width\":960,\"height\":643},{\"@type\":\"BreadcrumbList\",\"@id\":\"https:\/\/vosgesinfo.fr\/remiremontinfo\/2019\/03\/remiremont-6-heures-de-grand-debat-national-lundi\/#breadcrumb\",\"itemListElement\":[{\"@type\":\"ListItem\",\"position\":1,\"name\":\"Home\",\"item\":\"https:\/\/vosgesinfo.fr\/remiremontinfo\/\"},{\"@type\":\"ListItem\",\"position\":2,\"name\":\"Remiremont &#8211; 6 heures de \u00ab\u00a0Grand d\u00e9bat national\u00a0\u00bb ce lundi !\"}]},{\"@type\":\"WebSite\",\"@id\":\"https:\/\/vosgesinfo.fr\/remiremontinfo\/#website\",\"url\":\"https:\/\/vosgesinfo.fr\/remiremontinfo\/\",\"name\":\"Remiremont Info\",\"description\":\"Toute l&#039;actualit\u00e9 de Remiremont\",\"publisher\":{\"@id\":\"https:\/\/vosgesinfo.fr\/remiremontinfo\/#organization\"},\"alternateName\":\"Toute l'actualit\u00e9 de Remiremont\",\"potentialAction\":[{\"@type\":\"SearchAction\",\"target\":{\"@type\":\"EntryPoint\",\"urlTemplate\":\"https:\/\/vosgesinfo.fr\/remiremontinfo\/?s={search_term_string}\"},\"query-input\":\"required name=search_term_string\"}],\"inLanguage\":\"fr-FR\"},{\"@type\":\"Organization\",\"@id\":\"https:\/\/vosgesinfo.fr\/remiremontinfo\/#organization\",\"name\":\"Remiremont Info\",\"url\":\"https:\/\/vosgesinfo.fr\/remiremontinfo\/\",\"logo\":{\"@type\":\"ImageObject\",\"inLanguage\":\"fr-FR\",\"@id\":\"https:\/\/vosgesinfo.fr\/remiremontinfo\/#\/schema\/logo\/image\/\",\"url\":\"https:\/\/vosgesinfo.fr\/app\/uploads\/sites\/5\/2023\/08\/favicon-remiremontinfo.png\",\"contentUrl\":\"https:\/\/vosgesinfo.fr\/app\/uploads\/sites\/5\/2023\/08\/favicon-remiremontinfo.png\",\"width\":512,\"height\":512,\"caption\":\"Remiremont Info\"},\"image\":{\"@id\":\"https:\/\/vosgesinfo.fr\/remiremontinfo\/#\/schema\/logo\/image\/\"},\"sameAs\":[\"https:\/\/www.facebook.com\/remiremontinfo\",\"https:\/\/x.com\/VosgesInfo88\",\"https:\/\/www.youtube.com\/@vosgesinfo\"]},{\"@type\":\"Person\",\"@id\":\"https:\/\/vosgesinfo.fr\/remiremontinfo\/#\/schema\/person\/3bfd164d5218a185b1db68655a265316\",\"name\":\"C D\",\"image\":{\"@type\":\"ImageObject\",\"inLanguage\":\"fr-FR\",\"@id\":\"https:\/\/vosgesinfo.fr\/remiremontinfo\/#\/schema\/person\/image\/\",\"url\":\"https:\/\/secure.gravatar.com\/avatar\/1f9a70007336511a47468b8f1c66f922b8b7cf617b02a31149ada43893a5d48f?s=96&d=mm&r=g\",\"contentUrl\":\"https:\/\/secure.gravatar.com\/avatar\/1f9a70007336511a47468b8f1c66f922b8b7cf617b02a31149ada43893a5d48f?s=96&d=mm&r=g\",\"caption\":\"C D\"},\"url\":\"https:\/\/vosgesinfo.fr\/remiremontinfo\/author\/cedric-drevet\/\"}]}<\/script>\n<!-- \/ Yoast SEO plugin. -->","yoast_head_json":{"title":"Remiremont - 6 heures de \u00ab\u00a0Grand d\u00e9bat national\u00a0\u00bb ce lundi ! - Remiremont Info","robots":{"index":"index","follow":"follow","max-snippet":"max-snippet:-1","max-image-preview":"max-image-preview:large","max-video-preview":"max-video-preview:-1"},"canonical":"https:\/\/vosgesinfo.fr\/remiremontinfo\/2019\/03\/remiremont-6-heures-de-grand-debat-national-lundi\/","twitter_card":"summary_large_image","twitter_title":"Remiremont - 6 heures de \u00ab\u00a0Grand d\u00e9bat national\u00a0\u00bb ce lundi ! - Remiremont Info","twitter_description":"Dans le cadre du \u00ab\u00a0Grand D\u00e9bat National\u00a0\u00bb, L\u2019Association GACI, en partenariat avec la Ligue de l\u2019Enseignement, CTPS, le Conseil Citoyen [&hellip;]","twitter_image":"https:\/\/vosgesinfo.fr\/app\/uploads\/sites\/5\/2024\/09\/201903sam-0570-e1551729530700.jpg","twitter_creator":"@VosgesInfo88","twitter_site":"@VosgesInfo88","twitter_misc":{"\u00c9crit par":"C D","Dur\u00e9e de lecture estim\u00e9e":"2 minutes"},"schema":{"@context":"https:\/\/schema.org","@graph":[{"@type":"Article","@id":"https:\/\/vosgesinfo.fr\/remiremontinfo\/2019\/03\/remiremont-6-heures-de-grand-debat-national-lundi\/#article","isPartOf":{"@id":"https:\/\/vosgesinfo.fr\/remiremontinfo\/2019\/03\/remiremont-6-heures-de-grand-debat-national-lundi\/"},"author":{"name":"C D","@id":"https:\/\/vosgesinfo.fr\/remiremontinfo\/#\/schema\/person\/3bfd164d5218a185b1db68655a265316"},"headline":"Remiremont &#8211; 6 heures de \u00ab\u00a0Grand d\u00e9bat national\u00a0\u00bb ce lundi !","datePublished":"2019-03-04T19:09:11+00:00","dateModified":"2019-03-04T19:09:11+00:00","mainEntityOfPage":{"@id":"https:\/\/vosgesinfo.fr\/remiremontinfo\/2019\/03\/remiremont-6-heures-de-grand-debat-national-lundi\/"},"wordCount":377,"commentCount":0,"publisher":{"@id":"https:\/\/vosgesinfo.fr\/remiremontinfo\/#organization"},"image":{"@id":"https:\/\/vosgesinfo.fr\/remiremontinfo\/2019\/03\/remiremont-6-heures-de-grand-debat-national-lundi\/#primaryimage"},"thumbnailUrl":"https:\/\/vosgesinfo.fr\/app\/uploads\/sites\/5\/2024\/09\/201903sam-0570-e1551729530700.jpg","articleSection":["A la Une","Politique","Remiremont","Remiremont &amp; son canton"],"inLanguage":"fr-FR","potentialAction":[{"@type":"CommentAction","name":"Comment","target":["https:\/\/vosgesinfo.fr\/remiremontinfo\/2019\/03\/remiremont-6-heures-de-grand-debat-national-lundi\/#respond"]}]},{"@type":"WebPage","@id":"https:\/\/vosgesinfo.fr\/remiremontinfo\/2019\/03\/remiremont-6-heures-de-grand-debat-national-lundi\/","url":"https:\/\/vosgesinfo.fr\/remiremontinfo\/2019\/03\/remiremont-6-heures-de-grand-debat-national-lundi\/","name":"Remiremont - 6 heures de \u00ab\u00a0Grand d\u00e9bat national\u00a0\u00bb ce lundi ! - Remiremont Info","isPartOf":{"@id":"https:\/\/vosgesinfo.fr\/remiremontinfo\/#website"},"primaryImageOfPage":{"@id":"https:\/\/vosgesinfo.fr\/remiremontinfo\/2019\/03\/remiremont-6-heures-de-grand-debat-national-lundi\/#primaryimage"},"image":{"@id":"https:\/\/vosgesinfo.fr\/remiremontinfo\/2019\/03\/remiremont-6-heures-de-grand-debat-national-lundi\/#primaryimage"},"thumbnailUrl":"https:\/\/vosgesinfo.fr\/app\/uploads\/sites\/5\/2024\/09\/201903sam-0570-e1551729530700.jpg","datePublished":"2019-03-04T19:09:11+00:00","dateModified":"2019-03-04T19:09:11+00:00","breadcrumb":{"@id":"https:\/\/vosgesinfo.fr\/remiremontinfo\/2019\/03\/remiremont-6-heures-de-grand-debat-national-lundi\/#breadcrumb"},"inLanguage":"fr-FR","potentialAction":[{"@type":"ReadAction","target":["https:\/\/vosgesinfo.fr\/remiremontinfo\/2019\/03\/remiremont-6-heures-de-grand-debat-national-lundi\/"]}]},{"@type":"ImageObject","inLanguage":"fr-FR","@id":"https:\/\/vosgesinfo.fr\/remiremontinfo\/2019\/03\/remiremont-6-heures-de-grand-debat-national-lundi\/#primaryimage","url":"https:\/\/vosgesinfo.fr\/app\/uploads\/sites\/5\/2024\/09\/201903sam-0570-e1551729530700.jpg","contentUrl":"https:\/\/vosgesinfo.fr\/app\/uploads\/sites\/5\/2024\/09\/201903sam-0570-e1551729530700.jpg","width":960,"height":643},{"@type":"BreadcrumbList","@id":"https:\/\/vosgesinfo.fr\/remiremontinfo\/2019\/03\/remiremont-6-heures-de-grand-debat-national-lundi\/#breadcrumb","itemListElement":[{"@type":"ListItem","position":1,"name":"Home","item":"https:\/\/vosgesinfo.fr\/remiremontinfo\/"},{"@type":"ListItem","position":2,"name":"Remiremont &#8211; 6 heures de \u00ab\u00a0Grand d\u00e9bat national\u00a0\u00bb ce lundi !"}]},{"@type":"WebSite","@id":"https:\/\/vosgesinfo.fr\/remiremontinfo\/#website","url":"https:\/\/vosgesinfo.fr\/remiremontinfo\/","name":"Remiremont Info","description":"Toute l&#039;actualit\u00e9 de Remiremont","publisher":{"@id":"https:\/\/vosgesinfo.fr\/remiremontinfo\/#organization"},"alternateName":"Toute l'actualit\u00e9 de Remiremont","potentialAction":[{"@type":"SearchAction","target":{"@type":"EntryPoint","urlTemplate":"https:\/\/vosgesinfo.fr\/remiremontinfo\/?s={search_term_string}"},"query-input":"required name=search_term_string"}],"inLanguage":"fr-FR"},{"@type":"Organization","@id":"https:\/\/vosgesinfo.fr\/remiremontinfo\/#organization","name":"Remiremont Info","url":"https:\/\/vosgesinfo.fr\/remiremontinfo\/","logo":{"@type":"ImageObject","inLanguage":"fr-FR","@id":"https:\/\/vosgesinfo.fr\/remiremontinfo\/#\/schema\/logo\/image\/","url":"https:\/\/vosgesinfo.fr\/app\/uploads\/sites\/5\/2023\/08\/favicon-remiremontinfo.png","contentUrl":"https:\/\/vosgesinfo.fr\/app\/uploads\/sites\/5\/2023\/08\/favicon-remiremontinfo.png","width":512,"height":512,"caption":"Remiremont Info"},"image":{"@id":"https:\/\/vosgesinfo.fr\/remiremontinfo\/#\/schema\/logo\/image\/"},"sameAs":["https:\/\/www.facebook.com\/remiremontinfo","https:\/\/x.com\/VosgesInfo88","https:\/\/www.youtube.com\/@vosgesinfo"]},{"@type":"Person","@id":"https:\/\/vosgesinfo.fr\/remiremontinfo\/#\/schema\/person\/3bfd164d5218a185b1db68655a265316","name":"C D","image":{"@type":"ImageObject","inLanguage":"fr-FR","@id":"https:\/\/vosgesinfo.fr\/remiremontinfo\/#\/schema\/person\/image\/","url":"https:\/\/secure.gravatar.com\/avatar\/1f9a70007336511a47468b8f1c66f922b8b7cf617b02a31149ada43893a5d48f?s=96&d=mm&r=g","contentUrl":"https:\/\/secure.gravatar.com\/avatar\/1f9a70007336511a47468b8f1c66f922b8b7cf617b02a31149ada43893a5d48f?s=96&d=mm&r=g","caption":"C D"},"url":"https:\/\/vosgesinfo.fr\/remiremontinfo\/author\/cedric-drevet\/"}]}},"_links":{"self":[{"href":"https:\/\/vosgesinfo.fr\/remiremontinfo\/wp-json\/wp\/v2\/posts\/11473","targetHints":{"allow":["GET"]}}],"collection":[{"href":"https:\/\/vosgesinfo.fr\/remiremontinfo\/wp-json\/wp\/v2\/posts"}],"about":[{"href":"https:\/\/vosgesinfo.fr\/remiremontinfo\/wp-json\/wp\/v2\/types\/post"}],"author":[{"embeddable":true,"href":"https:\/\/vosgesinfo.fr\/remiremontinfo\/wp-json\/wp\/v2\/users\/407"}],"replies":[{"embeddable":true,"href":"https:\/\/vosgesinfo.fr\/remiremontinfo\/wp-json\/wp\/v2\/comments?post=11473"}],"version-history":[{"count":0,"href":"https:\/\/vosgesinfo.fr\/remiremontinfo\/wp-json\/wp\/v2\/posts\/11473\/revisions"}],"wp:featuredmedia":[{"embeddable":true,"href":"https:\/\/vosgesinfo.fr\/remiremontinfo\/wp-json\/wp\/v2\/media\/11474"}],"wp:attachment":[{"href":"https:\/\/vosgesinfo.fr\/remiremontinfo\/wp-json\/wp\/v2\/media?parent=11473"}],"wp:term":[{"taxonomy":"category","embeddable":true,"href":"https:\/\/vosgesinfo.fr\/remiremontinfo\/wp-json\/wp\/v2\/categories?post=11473"},{"taxonomy":"post_tag","embeddable":true,"href":"https:\/\/vosgesinfo.fr\/remiremontinfo\/wp-json\/wp\/v2\/tags?post=11473"}],"curies":[{"name":"wp","href":"https:\/\/api.w.org\/{rel}","templated":true}]}}