{"id":11486,"date":"2019-03-05T08:17:07","date_gmt":"2019-03-05T07:17:07","guid":{"rendered":"https:\/\/vosgesinfo.fr\/remiremontinfo\/2019\/03\/remiremont-arrete-de-circulation-de-stationnement-3\/"},"modified":"2019-03-05T08:17:07","modified_gmt":"2019-03-05T07:17:07","slug":"remiremont-arrete-de-circulation-de-stationnement-3","status":"publish","type":"post","link":"https:\/\/vosgesinfo.fr\/remiremontinfo\/2019\/03\/remiremont-arrete-de-circulation-de-stationnement-3\/","title":{"rendered":"Remiremont \u2013 Arr\u00eat\u00e9 de circulation et de stationnement"},"content":{"rendered":"<p><a href=\"\/2019\/01\/road-work-1148205_1280.jpg\"><img decoding=\"async\" class=\"alignnone size-large wp-image-251315\" src=\"\/2019\/01\/road-work-1148205_1280-1024x678.jpg\" alt=\"traveaux-panneau\" width=\"960\" height=\"636\" \/><\/a><\/p>\n<p>En raison de travaux de l\u2019entreprise Fitelcom de Chavelot, qui doit intervenir dans la chambre \u00ab Orange \u00bb sur la chauss\u00e9e, 51 boulevard Thiers, le mercredi 6 mars 2019 apr\u00e8s-midi, \u00e0 partir de 13 heures, la chauss\u00e9e sera r\u00e9tr\u00e9cie aux abords du chantier, au droit du 51 boulevard Thiers et la vitesse limit\u00e9e \u00e0 30 km\/h dans la partie concern\u00e9e par les travaux.<\/p>\n<p>La circulation sera interdite aux poids lourds boulevard Thiers, dans sa partie comprise entre la place des Martyrs de la R\u00e9sistance et la rue des 5e et 15e B.C.P.. La d\u00e9viation s\u2019effectuera par la RD 417 \u2192 Saint-Etienne-l\u00e8s Remiremont \u2192 RD 417 A \u2192 Rue du 5e et 15e B.C.P. \u00e0 Remiremont. La signalisation sera mise en place par l\u2019entreprise depuis la place des Martyrs de la R\u00e9sistance. Le stationnement sera interdit sur l\u2019emplacement mat\u00e9rialis\u00e9 sur l\u2019\u00eelot central, au droit des travaux, 51, boulevard Thiers.<\/p>\n<p>En raison de travaux de l\u2019entreprise Fitelcom de Chavelot, qui doit acc\u00e9der \u00e0 la chambre France T\u00e9l\u00e9com, rue des Vieux Moulins le mercredi 6 mars 2019, \u00e0 partir de 13 heures, la chauss\u00e9e sera interdite rue des Vieux Moulins. La d\u00e9viation s\u2019effectuera par la rue de la Joncherie. Les acc\u00e8s aux propri\u00e9t\u00e9s riveraines seront maintenus mais la vitesse sera limit\u00e9e \u00e0 30 km\/h.<\/p>\n","protected":false},"excerpt":{"rendered":"<p>En raison de travaux de l\u2019entreprise Fitelcom de Chavelot, qui doit intervenir dans la chambre \u00ab Orange \u00bb sur la [&hellip;]<\/p>\n","protected":false},"author":407,"featured_media":11487,"comment_status":"open","ping_status":"open","sticky":false,"template":"","format":"standard","meta":{"footnotes":""},"categories":[26,70,1556,35],"tags":[],"class_list":["post-11486","post","type-post","status-publish","format-standard","has-post-thumbnail","hentry","category-a-la-une","category-circulation","category-remiremont-remiremont-son-canton-2","category-remiremont-son-canton"],"acf":[],"yoast_head":"<!-- This site is optimized with the Yoast SEO plugin v22.5 - https:\/\/yoast.com\/wordpress\/plugins\/seo\/ -->\n<title>Remiremont \u2013 Arr\u00eat\u00e9 de circulation et de stationnement - Remiremont Info<\/title>\n<meta name=\"robots\" content=\"index, follow, max-snippet:-1, max-image-preview:large, max-video-preview:-1\" \/>\n<link rel=\"canonical\" href=\"https:\/\/vosgesinfo.fr\/remiremontinfo\/2019\/03\/remiremont-arrete-de-circulation-de-stationnement-3\/\" \/>\n<meta name=\"twitter:card\" content=\"summary_large_image\" \/>\n<meta name=\"twitter:title\" content=\"Remiremont \u2013 Arr\u00eat\u00e9 de circulation et de stationnement - Remiremont Info\" \/>\n<meta name=\"twitter:description\" content=\"En raison de travaux de l\u2019entreprise Fitelcom de Chavelot, qui doit intervenir dans la chambre \u00ab Orange \u00bb sur la [&hellip;]\" \/>\n<meta name=\"twitter:image\" content=\"https:\/\/vosgesinfo.fr\/app\/uploads\/sites\/5\/2024\/09\/201901road-work-1148205-1280-6.jpg\" \/>\n<meta name=\"twitter:creator\" content=\"@VosgesInfo88\" \/>\n<meta name=\"twitter:site\" content=\"@VosgesInfo88\" \/>\n<meta name=\"twitter:label1\" content=\"\u00c9crit par\" \/>\n\t<meta name=\"twitter:data1\" content=\"C D\" \/>\n\t<meta name=\"twitter:label2\" content=\"Dur\u00e9e de lecture estim\u00e9e\" \/>\n\t<meta name=\"twitter:data2\" content=\"1 minute\" \/>\n<script type=\"application\/ld+json\" class=\"yoast-schema-graph\">{\"@context\":\"https:\/\/schema.org\",\"@graph\":[{\"@type\":\"Article\",\"@id\":\"https:\/\/vosgesinfo.fr\/remiremontinfo\/2019\/03\/remiremont-arrete-de-circulation-de-stationnement-3\/#article\",\"isPartOf\":{\"@id\":\"https:\/\/vosgesinfo.fr\/remiremontinfo\/2019\/03\/remiremont-arrete-de-circulation-de-stationnement-3\/\"},\"author\":{\"name\":\"C D\",\"@id\":\"https:\/\/vosgesinfo.fr\/remiremontinfo\/#\/schema\/person\/3bfd164d5218a185b1db68655a265316\"},\"headline\":\"Remiremont \u2013 Arr\u00eat\u00e9 de circulation et de stationnement\",\"datePublished\":\"2019-03-05T07:17:07+00:00\",\"dateModified\":\"2019-03-05T07:17:07+00:00\",\"mainEntityOfPage\":{\"@id\":\"https:\/\/vosgesinfo.fr\/remiremontinfo\/2019\/03\/remiremont-arrete-de-circulation-de-stationnement-3\/\"},\"wordCount\":229,\"commentCount\":0,\"publisher\":{\"@id\":\"https:\/\/vosgesinfo.fr\/remiremontinfo\/#organization\"},\"image\":{\"@id\":\"https:\/\/vosgesinfo.fr\/remiremontinfo\/2019\/03\/remiremont-arrete-de-circulation-de-stationnement-3\/#primaryimage\"},\"thumbnailUrl\":\"https:\/\/vosgesinfo.fr\/app\/uploads\/sites\/5\/2024\/09\/201901road-work-1148205-1280-6.jpg\",\"articleSection\":[\"A la Une\",\"Circulation\",\"Remiremont\",\"Remiremont &amp; son canton\"],\"inLanguage\":\"fr-FR\",\"potentialAction\":[{\"@type\":\"CommentAction\",\"name\":\"Comment\",\"target\":[\"https:\/\/vosgesinfo.fr\/remiremontinfo\/2019\/03\/remiremont-arrete-de-circulation-de-stationnement-3\/#respond\"]}]},{\"@type\":\"WebPage\",\"@id\":\"https:\/\/vosgesinfo.fr\/remiremontinfo\/2019\/03\/remiremont-arrete-de-circulation-de-stationnement-3\/\",\"url\":\"https:\/\/vosgesinfo.fr\/remiremontinfo\/2019\/03\/remiremont-arrete-de-circulation-de-stationnement-3\/\",\"name\":\"Remiremont \u2013 Arr\u00eat\u00e9 de circulation et de stationnement - Remiremont Info\",\"isPartOf\":{\"@id\":\"https:\/\/vosgesinfo.fr\/remiremontinfo\/#website\"},\"primaryImageOfPage\":{\"@id\":\"https:\/\/vosgesinfo.fr\/remiremontinfo\/2019\/03\/remiremont-arrete-de-circulation-de-stationnement-3\/#primaryimage\"},\"image\":{\"@id\":\"https:\/\/vosgesinfo.fr\/remiremontinfo\/2019\/03\/remiremont-arrete-de-circulation-de-stationnement-3\/#primaryimage\"},\"thumbnailUrl\":\"https:\/\/vosgesinfo.fr\/app\/uploads\/sites\/5\/2024\/09\/201901road-work-1148205-1280-6.jpg\",\"datePublished\":\"2019-03-05T07:17:07+00:00\",\"dateModified\":\"2019-03-05T07:17:07+00:00\",\"breadcrumb\":{\"@id\":\"https:\/\/vosgesinfo.fr\/remiremontinfo\/2019\/03\/remiremont-arrete-de-circulation-de-stationnement-3\/#breadcrumb\"},\"inLanguage\":\"fr-FR\",\"potentialAction\":[{\"@type\":\"ReadAction\",\"target\":[\"https:\/\/vosgesinfo.fr\/remiremontinfo\/2019\/03\/remiremont-arrete-de-circulation-de-stationnement-3\/\"]}]},{\"@type\":\"ImageObject\",\"inLanguage\":\"fr-FR\",\"@id\":\"https:\/\/vosgesinfo.fr\/remiremontinfo\/2019\/03\/remiremont-arrete-de-circulation-de-stationnement-3\/#primaryimage\",\"url\":\"https:\/\/vosgesinfo.fr\/app\/uploads\/sites\/5\/2024\/09\/201901road-work-1148205-1280-6.jpg\",\"contentUrl\":\"https:\/\/vosgesinfo.fr\/app\/uploads\/sites\/5\/2024\/09\/201901road-work-1148205-1280-6.jpg\",\"width\":1280,\"height\":847},{\"@type\":\"BreadcrumbList\",\"@id\":\"https:\/\/vosgesinfo.fr\/remiremontinfo\/2019\/03\/remiremont-arrete-de-circulation-de-stationnement-3\/#breadcrumb\",\"itemListElement\":[{\"@type\":\"ListItem\",\"position\":1,\"name\":\"Home\",\"item\":\"https:\/\/vosgesinfo.fr\/remiremontinfo\/\"},{\"@type\":\"ListItem\",\"position\":2,\"name\":\"Remiremont \u2013 Arr\u00eat\u00e9 de circulation et de stationnement\"}]},{\"@type\":\"WebSite\",\"@id\":\"https:\/\/vosgesinfo.fr\/remiremontinfo\/#website\",\"url\":\"https:\/\/vosgesinfo.fr\/remiremontinfo\/\",\"name\":\"Remiremont Info\",\"description\":\"Toute l&#039;actualit\u00e9 de Remiremont\",\"publisher\":{\"@id\":\"https:\/\/vosgesinfo.fr\/remiremontinfo\/#organization\"},\"alternateName\":\"Toute l'actualit\u00e9 de Remiremont\",\"potentialAction\":[{\"@type\":\"SearchAction\",\"target\":{\"@type\":\"EntryPoint\",\"urlTemplate\":\"https:\/\/vosgesinfo.fr\/remiremontinfo\/?s={search_term_string}\"},\"query-input\":\"required name=search_term_string\"}],\"inLanguage\":\"fr-FR\"},{\"@type\":\"Organization\",\"@id\":\"https:\/\/vosgesinfo.fr\/remiremontinfo\/#organization\",\"name\":\"Remiremont Info\",\"url\":\"https:\/\/vosgesinfo.fr\/remiremontinfo\/\",\"logo\":{\"@type\":\"ImageObject\",\"inLanguage\":\"fr-FR\",\"@id\":\"https:\/\/vosgesinfo.fr\/remiremontinfo\/#\/schema\/logo\/image\/\",\"url\":\"https:\/\/vosgesinfo.fr\/app\/uploads\/sites\/5\/2023\/08\/favicon-remiremontinfo.png\",\"contentUrl\":\"https:\/\/vosgesinfo.fr\/app\/uploads\/sites\/5\/2023\/08\/favicon-remiremontinfo.png\",\"width\":512,\"height\":512,\"caption\":\"Remiremont Info\"},\"image\":{\"@id\":\"https:\/\/vosgesinfo.fr\/remiremontinfo\/#\/schema\/logo\/image\/\"},\"sameAs\":[\"https:\/\/www.facebook.com\/remiremontinfo\",\"https:\/\/x.com\/VosgesInfo88\",\"https:\/\/www.youtube.com\/@vosgesinfo\"]},{\"@type\":\"Person\",\"@id\":\"https:\/\/vosgesinfo.fr\/remiremontinfo\/#\/schema\/person\/3bfd164d5218a185b1db68655a265316\",\"name\":\"C D\",\"image\":{\"@type\":\"ImageObject\",\"inLanguage\":\"fr-FR\",\"@id\":\"https:\/\/vosgesinfo.fr\/remiremontinfo\/#\/schema\/person\/image\/\",\"url\":\"https:\/\/secure.gravatar.com\/avatar\/1f9a70007336511a47468b8f1c66f922b8b7cf617b02a31149ada43893a5d48f?s=96&d=mm&r=g\",\"contentUrl\":\"https:\/\/secure.gravatar.com\/avatar\/1f9a70007336511a47468b8f1c66f922b8b7cf617b02a31149ada43893a5d48f?s=96&d=mm&r=g\",\"caption\":\"C D\"},\"url\":\"https:\/\/vosgesinfo.fr\/remiremontinfo\/author\/cedric-drevet\/\"}]}<\/script>\n<!-- \/ Yoast SEO plugin. -->","yoast_head_json":{"title":"Remiremont \u2013 Arr\u00eat\u00e9 de circulation et de stationnement - Remiremont Info","robots":{"index":"index","follow":"follow","max-snippet":"max-snippet:-1","max-image-preview":"max-image-preview:large","max-video-preview":"max-video-preview:-1"},"canonical":"https:\/\/vosgesinfo.fr\/remiremontinfo\/2019\/03\/remiremont-arrete-de-circulation-de-stationnement-3\/","twitter_card":"summary_large_image","twitter_title":"Remiremont \u2013 Arr\u00eat\u00e9 de circulation et de stationnement - Remiremont Info","twitter_description":"En raison de travaux de l\u2019entreprise Fitelcom de Chavelot, qui doit intervenir dans la chambre \u00ab Orange \u00bb sur la [&hellip;]","twitter_image":"https:\/\/vosgesinfo.fr\/app\/uploads\/sites\/5\/2024\/09\/201901road-work-1148205-1280-6.jpg","twitter_creator":"@VosgesInfo88","twitter_site":"@VosgesInfo88","twitter_misc":{"\u00c9crit par":"C D","Dur\u00e9e de lecture estim\u00e9e":"1 minute"},"schema":{"@context":"https:\/\/schema.org","@graph":[{"@type":"Article","@id":"https:\/\/vosgesinfo.fr\/remiremontinfo\/2019\/03\/remiremont-arrete-de-circulation-de-stationnement-3\/#article","isPartOf":{"@id":"https:\/\/vosgesinfo.fr\/remiremontinfo\/2019\/03\/remiremont-arrete-de-circulation-de-stationnement-3\/"},"author":{"name":"C D","@id":"https:\/\/vosgesinfo.fr\/remiremontinfo\/#\/schema\/person\/3bfd164d5218a185b1db68655a265316"},"headline":"Remiremont \u2013 Arr\u00eat\u00e9 de circulation et de stationnement","datePublished":"2019-03-05T07:17:07+00:00","dateModified":"2019-03-05T07:17:07+00:00","mainEntityOfPage":{"@id":"https:\/\/vosgesinfo.fr\/remiremontinfo\/2019\/03\/remiremont-arrete-de-circulation-de-stationnement-3\/"},"wordCount":229,"commentCount":0,"publisher":{"@id":"https:\/\/vosgesinfo.fr\/remiremontinfo\/#organization"},"image":{"@id":"https:\/\/vosgesinfo.fr\/remiremontinfo\/2019\/03\/remiremont-arrete-de-circulation-de-stationnement-3\/#primaryimage"},"thumbnailUrl":"https:\/\/vosgesinfo.fr\/app\/uploads\/sites\/5\/2024\/09\/201901road-work-1148205-1280-6.jpg","articleSection":["A la Une","Circulation","Remiremont","Remiremont &amp; son canton"],"inLanguage":"fr-FR","potentialAction":[{"@type":"CommentAction","name":"Comment","target":["https:\/\/vosgesinfo.fr\/remiremontinfo\/2019\/03\/remiremont-arrete-de-circulation-de-stationnement-3\/#respond"]}]},{"@type":"WebPage","@id":"https:\/\/vosgesinfo.fr\/remiremontinfo\/2019\/03\/remiremont-arrete-de-circulation-de-stationnement-3\/","url":"https:\/\/vosgesinfo.fr\/remiremontinfo\/2019\/03\/remiremont-arrete-de-circulation-de-stationnement-3\/","name":"Remiremont \u2013 Arr\u00eat\u00e9 de circulation et de stationnement - Remiremont Info","isPartOf":{"@id":"https:\/\/vosgesinfo.fr\/remiremontinfo\/#website"},"primaryImageOfPage":{"@id":"https:\/\/vosgesinfo.fr\/remiremontinfo\/2019\/03\/remiremont-arrete-de-circulation-de-stationnement-3\/#primaryimage"},"image":{"@id":"https:\/\/vosgesinfo.fr\/remiremontinfo\/2019\/03\/remiremont-arrete-de-circulation-de-stationnement-3\/#primaryimage"},"thumbnailUrl":"https:\/\/vosgesinfo.fr\/app\/uploads\/sites\/5\/2024\/09\/201901road-work-1148205-1280-6.jpg","datePublished":"2019-03-05T07:17:07+00:00","dateModified":"2019-03-05T07:17:07+00:00","breadcrumb":{"@id":"https:\/\/vosgesinfo.fr\/remiremontinfo\/2019\/03\/remiremont-arrete-de-circulation-de-stationnement-3\/#breadcrumb"},"inLanguage":"fr-FR","potentialAction":[{"@type":"ReadAction","target":["https:\/\/vosgesinfo.fr\/remiremontinfo\/2019\/03\/remiremont-arrete-de-circulation-de-stationnement-3\/"]}]},{"@type":"ImageObject","inLanguage":"fr-FR","@id":"https:\/\/vosgesinfo.fr\/remiremontinfo\/2019\/03\/remiremont-arrete-de-circulation-de-stationnement-3\/#primaryimage","url":"https:\/\/vosgesinfo.fr\/app\/uploads\/sites\/5\/2024\/09\/201901road-work-1148205-1280-6.jpg","contentUrl":"https:\/\/vosgesinfo.fr\/app\/uploads\/sites\/5\/2024\/09\/201901road-work-1148205-1280-6.jpg","width":1280,"height":847},{"@type":"BreadcrumbList","@id":"https:\/\/vosgesinfo.fr\/remiremontinfo\/2019\/03\/remiremont-arrete-de-circulation-de-stationnement-3\/#breadcrumb","itemListElement":[{"@type":"ListItem","position":1,"name":"Home","item":"https:\/\/vosgesinfo.fr\/remiremontinfo\/"},{"@type":"ListItem","position":2,"name":"Remiremont \u2013 Arr\u00eat\u00e9 de circulation et de stationnement"}]},{"@type":"WebSite","@id":"https:\/\/vosgesinfo.fr\/remiremontinfo\/#website","url":"https:\/\/vosgesinfo.fr\/remiremontinfo\/","name":"Remiremont Info","description":"Toute l&#039;actualit\u00e9 de Remiremont","publisher":{"@id":"https:\/\/vosgesinfo.fr\/remiremontinfo\/#organization"},"alternateName":"Toute l'actualit\u00e9 de Remiremont","potentialAction":[{"@type":"SearchAction","target":{"@type":"EntryPoint","urlTemplate":"https:\/\/vosgesinfo.fr\/remiremontinfo\/?s={search_term_string}"},"query-input":"required name=search_term_string"}],"inLanguage":"fr-FR"},{"@type":"Organization","@id":"https:\/\/vosgesinfo.fr\/remiremontinfo\/#organization","name":"Remiremont Info","url":"https:\/\/vosgesinfo.fr\/remiremontinfo\/","logo":{"@type":"ImageObject","inLanguage":"fr-FR","@id":"https:\/\/vosgesinfo.fr\/remiremontinfo\/#\/schema\/logo\/image\/","url":"https:\/\/vosgesinfo.fr\/app\/uploads\/sites\/5\/2023\/08\/favicon-remiremontinfo.png","contentUrl":"https:\/\/vosgesinfo.fr\/app\/uploads\/sites\/5\/2023\/08\/favicon-remiremontinfo.png","width":512,"height":512,"caption":"Remiremont Info"},"image":{"@id":"https:\/\/vosgesinfo.fr\/remiremontinfo\/#\/schema\/logo\/image\/"},"sameAs":["https:\/\/www.facebook.com\/remiremontinfo","https:\/\/x.com\/VosgesInfo88","https:\/\/www.youtube.com\/@vosgesinfo"]},{"@type":"Person","@id":"https:\/\/vosgesinfo.fr\/remiremontinfo\/#\/schema\/person\/3bfd164d5218a185b1db68655a265316","name":"C D","image":{"@type":"ImageObject","inLanguage":"fr-FR","@id":"https:\/\/vosgesinfo.fr\/remiremontinfo\/#\/schema\/person\/image\/","url":"https:\/\/secure.gravatar.com\/avatar\/1f9a70007336511a47468b8f1c66f922b8b7cf617b02a31149ada43893a5d48f?s=96&d=mm&r=g","contentUrl":"https:\/\/secure.gravatar.com\/avatar\/1f9a70007336511a47468b8f1c66f922b8b7cf617b02a31149ada43893a5d48f?s=96&d=mm&r=g","caption":"C D"},"url":"https:\/\/vosgesinfo.fr\/remiremontinfo\/author\/cedric-drevet\/"}]}},"_links":{"self":[{"href":"https:\/\/vosgesinfo.fr\/remiremontinfo\/wp-json\/wp\/v2\/posts\/11486","targetHints":{"allow":["GET"]}}],"collection":[{"href":"https:\/\/vosgesinfo.fr\/remiremontinfo\/wp-json\/wp\/v2\/posts"}],"about":[{"href":"https:\/\/vosgesinfo.fr\/remiremontinfo\/wp-json\/wp\/v2\/types\/post"}],"author":[{"embeddable":true,"href":"https:\/\/vosgesinfo.fr\/remiremontinfo\/wp-json\/wp\/v2\/users\/407"}],"replies":[{"embeddable":true,"href":"https:\/\/vosgesinfo.fr\/remiremontinfo\/wp-json\/wp\/v2\/comments?post=11486"}],"version-history":[{"count":0,"href":"https:\/\/vosgesinfo.fr\/remiremontinfo\/wp-json\/wp\/v2\/posts\/11486\/revisions"}],"wp:featuredmedia":[{"embeddable":true,"href":"https:\/\/vosgesinfo.fr\/remiremontinfo\/wp-json\/wp\/v2\/media\/11487"}],"wp:attachment":[{"href":"https:\/\/vosgesinfo.fr\/remiremontinfo\/wp-json\/wp\/v2\/media?parent=11486"}],"wp:term":[{"taxonomy":"category","embeddable":true,"href":"https:\/\/vosgesinfo.fr\/remiremontinfo\/wp-json\/wp\/v2\/categories?post=11486"},{"taxonomy":"post_tag","embeddable":true,"href":"https:\/\/vosgesinfo.fr\/remiremontinfo\/wp-json\/wp\/v2\/tags?post=11486"}],"curies":[{"name":"wp","href":"https:\/\/api.w.org\/{rel}","templated":true}]}}