{"id":11496,"date":"2019-03-05T08:30:51","date_gmt":"2019-03-05T07:30:51","guid":{"rendered":"https:\/\/vosgesinfo.fr\/remiremontinfo\/2019\/03\/lassociation-rando-vagney-organise-sortie-carnaval-de-mulhouse\/"},"modified":"2019-03-05T08:30:51","modified_gmt":"2019-03-05T07:30:51","slug":"lassociation-rando-vagney-organise-sortie-carnaval-de-mulhouse","status":"publish","type":"post","link":"https:\/\/vosgesinfo.fr\/remiremontinfo\/2019\/03\/lassociation-rando-vagney-organise-sortie-carnaval-de-mulhouse\/","title":{"rendered":"L\u2019association rando Vagney organise une sortie au carnaval de Mulhouse !"},"content":{"rendered":"<p><a href=\"\/2019\/03\/streamer-3088458_1280.jpg\"><img decoding=\"async\" class=\"alignnone size-large wp-image-254637\" src=\"\/2019\/03\/streamer-3088458_1280-1024x682.jpg\" alt=\"streamer-3088458_1280\" width=\"960\" height=\"639\" \/><\/a><\/p>\n<h2><span style=\"font-size: 12pt;\"><strong>Des milliers de personnes vont assister au carnaval de Mulhouse qui s&rsquo;\u00e9lance dans les rues de la ville. Un carnaval avec, une trentaine de chars, une quarantaine de groupes musicaux venus de tous horizons. Au total, plus de 1500 carnavaliers. Le Carnaval de Mulhouse est la plus importante f\u00eate de la ville.<\/strong><\/span><\/h2>\n<p>Tous les ans, la ville de Mulhouse se met \u00e0 l&rsquo;heure du Carnaval pendant plusieurs jours. Elle r\u00e9unit chaque ann\u00e9e au mois de f\u00e9vrier des milliers de carnavaleux qui viennent profiter de l\u2019ambiance bon-enfant qui r\u00e8gne sur la ville durant la manifestation. Le programme du carnaval est tr\u00e8s \u00e9clectique : d\u00e9fil\u00e9s de chars, concerts de musique, spectacles de danses, etc. Des troupes de toute l\u2019Europe assistent au Carnaval. On peut donc avoir une id\u00e9e sur les diff\u00e9rentes ambiances europ\u00e9ennes. Le th\u00e8me de cette nouvelle \u00e9dition sera le cirque !<br \/>\nF\u00eate ancienne, le Carnaval est c\u00e9l\u00e9br\u00e9 \u00e0 Mulhouse depuis de longues ann\u00e9es. Entre 1920 et 1935, la ville est consid\u00e9r\u00e9e comme celle o\u00f9 l&rsquo;on s&rsquo;amuse le plus ! Apr\u00e8s une interruption pendant la Seconde Guerre Mondiale, c&rsquo;est en 1953 qu&rsquo;un groupe de dirigeants d&rsquo;associations a d\u00e9cid\u00e9 de le remettre au go\u00fbt du jour. Sp\u00e9cificit\u00e9s du Carnaval de Mulhouse\u00a0: on assiste \u00e0 un d\u00e9fil\u00e9 de chars d\u00e9cor\u00e9s r\u00e9alis\u00e9s par de nombreuses associations mulhousiennes. Ces chars sont d&rsquo;ailleurs fait avec beaucoup de r\u00e9cup\u00e9ration\u00a0. Les Wackes mulhousiens sont mis \u00e0 l&rsquo;honneur lors des d\u00e9fil\u00e9s dans les rues : ces amuseurs grotesques symbolisent l&rsquo;esprit du carnaval de Mulhouse.<br \/>\n<em><strong>Au PROGRAMME\u00a0:<\/strong><\/em><br \/>\n14h11\u00a0: Caravane publicitaire<br \/>\n14h21\u00a0: Cavalcade Internationale sous le Th\u00e8me du Cirque (Invit\u00e9s d\u2019honneur la Suisse et la Troupe Gugga ratcha)<br \/>\n17h00\u00a0: Charivari final et remise de la cl\u00e9 (Place de la r\u00e9union et Chapiteau).<br \/>\nD\u00e9part de la CARAVANNE PUBLICITAIRE (Rue de la Sinne \/ Fleurs) \u00e0 14h11<br \/>\nD\u00e9part de la 62\u00e9me CAVALCADE Internationale (Rue de la Sinne\/Chanoine Brun) \u00e0 14h21<br \/>\nApr\u00e8s la CAVALCADE\u00a0: CHARIVARI FINAL Place de la r\u00e9union et sous le chapiteau de 17h00 \u00e0 20h00<\/p>\n<p>Le DEPART se fera en BUS avec un arr\u00eat possible \u00e0 11h30 sur le parking de la gare de Remiremont, sur la Place de la lib\u00e9ration \u00e0 VAGNEY (derri\u00e8re l\u2019H\u00f4tel de ville) \u00e0 11h45 ou \u00e0 CORNIMONT apr\u00e8s la station TOTAL de la cote du BEU \u00e0 12h ou au Thillot devant le parking des AFN \u00e0 12h10 (temps de route 1h30).<\/p>\n<p>Le RETOUR de MULHOUSE se fera vers 18h00 pour une arriv\u00e9e \u00e0 VAGNEY vers 19h30. L\u2019heure de retour permettra aux enfants de venir avec leurs parents ou grands-parents.<br \/>\nNe tardez pas \u00e0 vous inscrire (places limit\u00e9es)<br \/>\nTARIF de 11\u20ac\u00a0 par personne (10\u20ac pour les adh\u00e9rents)<br \/>\nINFORMATIONS et RESERVATIONS au\u00a0: 06.38.18.11.87 ou sur randovagney@gmail.com<\/p>\n","protected":false},"excerpt":{"rendered":"<p>Des milliers de personnes vont assister au carnaval de Mulhouse qui s&rsquo;\u00e9lance dans les rues de la ville. Un carnaval [&hellip;]<\/p>\n","protected":false},"author":407,"featured_media":11497,"comment_status":"open","ping_status":"open","sticky":false,"template":"","format":"standard","meta":{"footnotes":""},"categories":[25,35],"tags":[],"class_list":["post-11496","post","type-post","status-publish","format-standard","has-post-thumbnail","hentry","category-la-bresse-son-canton","category-remiremont-son-canton"],"acf":[],"yoast_head":"<!-- This site is optimized with the Yoast SEO plugin v22.5 - https:\/\/yoast.com\/wordpress\/plugins\/seo\/ -->\n<title>L\u2019association rando Vagney organise une sortie au carnaval de Mulhouse ! - Remiremont Info<\/title>\n<meta name=\"robots\" content=\"index, follow, max-snippet:-1, max-image-preview:large, max-video-preview:-1\" \/>\n<link rel=\"canonical\" href=\"https:\/\/vosgesinfo.fr\/remiremontinfo\/2019\/03\/lassociation-rando-vagney-organise-sortie-carnaval-de-mulhouse\/\" \/>\n<meta name=\"twitter:card\" content=\"summary_large_image\" \/>\n<meta name=\"twitter:title\" content=\"L\u2019association rando Vagney organise une sortie au carnaval de Mulhouse ! - Remiremont Info\" \/>\n<meta name=\"twitter:description\" content=\"Des milliers de personnes vont assister au carnaval de Mulhouse qui s&rsquo;\u00e9lance dans les rues de la ville. Un carnaval [&hellip;]\" \/>\n<meta name=\"twitter:image\" content=\"https:\/\/vosgesinfo.fr\/app\/uploads\/sites\/5\/2024\/09\/201903mask-1155808-1280.jpg\" \/>\n<meta name=\"twitter:creator\" content=\"@VosgesInfo88\" \/>\n<meta name=\"twitter:site\" content=\"@VosgesInfo88\" \/>\n<meta name=\"twitter:label1\" content=\"\u00c9crit par\" \/>\n\t<meta name=\"twitter:data1\" content=\"C D\" \/>\n\t<meta name=\"twitter:label2\" content=\"Dur\u00e9e de lecture estim\u00e9e\" \/>\n\t<meta name=\"twitter:data2\" content=\"2 minutes\" \/>\n<script type=\"application\/ld+json\" class=\"yoast-schema-graph\">{\"@context\":\"https:\/\/schema.org\",\"@graph\":[{\"@type\":\"Article\",\"@id\":\"https:\/\/vosgesinfo.fr\/remiremontinfo\/2019\/03\/lassociation-rando-vagney-organise-sortie-carnaval-de-mulhouse\/#article\",\"isPartOf\":{\"@id\":\"https:\/\/vosgesinfo.fr\/remiremontinfo\/2019\/03\/lassociation-rando-vagney-organise-sortie-carnaval-de-mulhouse\/\"},\"author\":{\"name\":\"C D\",\"@id\":\"https:\/\/vosgesinfo.fr\/remiremontinfo\/#\/schema\/person\/3bfd164d5218a185b1db68655a265316\"},\"headline\":\"L\u2019association rando Vagney organise une sortie au carnaval de Mulhouse !\",\"datePublished\":\"2019-03-05T07:30:51+00:00\",\"dateModified\":\"2019-03-05T07:30:51+00:00\",\"mainEntityOfPage\":{\"@id\":\"https:\/\/vosgesinfo.fr\/remiremontinfo\/2019\/03\/lassociation-rando-vagney-organise-sortie-carnaval-de-mulhouse\/\"},\"wordCount\":488,\"commentCount\":0,\"publisher\":{\"@id\":\"https:\/\/vosgesinfo.fr\/remiremontinfo\/#organization\"},\"image\":{\"@id\":\"https:\/\/vosgesinfo.fr\/remiremontinfo\/2019\/03\/lassociation-rando-vagney-organise-sortie-carnaval-de-mulhouse\/#primaryimage\"},\"thumbnailUrl\":\"https:\/\/vosgesinfo.fr\/app\/uploads\/sites\/5\/2024\/09\/201903mask-1155808-1280.jpg\",\"articleSection\":[\"La Bresse &amp; son canton\",\"Remiremont &amp; son canton\"],\"inLanguage\":\"fr-FR\",\"potentialAction\":[{\"@type\":\"CommentAction\",\"name\":\"Comment\",\"target\":[\"https:\/\/vosgesinfo.fr\/remiremontinfo\/2019\/03\/lassociation-rando-vagney-organise-sortie-carnaval-de-mulhouse\/#respond\"]}]},{\"@type\":\"WebPage\",\"@id\":\"https:\/\/vosgesinfo.fr\/remiremontinfo\/2019\/03\/lassociation-rando-vagney-organise-sortie-carnaval-de-mulhouse\/\",\"url\":\"https:\/\/vosgesinfo.fr\/remiremontinfo\/2019\/03\/lassociation-rando-vagney-organise-sortie-carnaval-de-mulhouse\/\",\"name\":\"L\u2019association rando Vagney organise une sortie au carnaval de Mulhouse ! - Remiremont Info\",\"isPartOf\":{\"@id\":\"https:\/\/vosgesinfo.fr\/remiremontinfo\/#website\"},\"primaryImageOfPage\":{\"@id\":\"https:\/\/vosgesinfo.fr\/remiremontinfo\/2019\/03\/lassociation-rando-vagney-organise-sortie-carnaval-de-mulhouse\/#primaryimage\"},\"image\":{\"@id\":\"https:\/\/vosgesinfo.fr\/remiremontinfo\/2019\/03\/lassociation-rando-vagney-organise-sortie-carnaval-de-mulhouse\/#primaryimage\"},\"thumbnailUrl\":\"https:\/\/vosgesinfo.fr\/app\/uploads\/sites\/5\/2024\/09\/201903mask-1155808-1280.jpg\",\"datePublished\":\"2019-03-05T07:30:51+00:00\",\"dateModified\":\"2019-03-05T07:30:51+00:00\",\"breadcrumb\":{\"@id\":\"https:\/\/vosgesinfo.fr\/remiremontinfo\/2019\/03\/lassociation-rando-vagney-organise-sortie-carnaval-de-mulhouse\/#breadcrumb\"},\"inLanguage\":\"fr-FR\",\"potentialAction\":[{\"@type\":\"ReadAction\",\"target\":[\"https:\/\/vosgesinfo.fr\/remiremontinfo\/2019\/03\/lassociation-rando-vagney-organise-sortie-carnaval-de-mulhouse\/\"]}]},{\"@type\":\"ImageObject\",\"inLanguage\":\"fr-FR\",\"@id\":\"https:\/\/vosgesinfo.fr\/remiremontinfo\/2019\/03\/lassociation-rando-vagney-organise-sortie-carnaval-de-mulhouse\/#primaryimage\",\"url\":\"https:\/\/vosgesinfo.fr\/app\/uploads\/sites\/5\/2024\/09\/201903mask-1155808-1280.jpg\",\"contentUrl\":\"https:\/\/vosgesinfo.fr\/app\/uploads\/sites\/5\/2024\/09\/201903mask-1155808-1280.jpg\",\"width\":1280,\"height\":853},{\"@type\":\"BreadcrumbList\",\"@id\":\"https:\/\/vosgesinfo.fr\/remiremontinfo\/2019\/03\/lassociation-rando-vagney-organise-sortie-carnaval-de-mulhouse\/#breadcrumb\",\"itemListElement\":[{\"@type\":\"ListItem\",\"position\":1,\"name\":\"Home\",\"item\":\"https:\/\/vosgesinfo.fr\/remiremontinfo\/\"},{\"@type\":\"ListItem\",\"position\":2,\"name\":\"L\u2019association rando Vagney organise une sortie au carnaval de Mulhouse !\"}]},{\"@type\":\"WebSite\",\"@id\":\"https:\/\/vosgesinfo.fr\/remiremontinfo\/#website\",\"url\":\"https:\/\/vosgesinfo.fr\/remiremontinfo\/\",\"name\":\"Remiremont Info\",\"description\":\"Toute l&#039;actualit\u00e9 de Remiremont\",\"publisher\":{\"@id\":\"https:\/\/vosgesinfo.fr\/remiremontinfo\/#organization\"},\"alternateName\":\"Toute l'actualit\u00e9 de Remiremont\",\"potentialAction\":[{\"@type\":\"SearchAction\",\"target\":{\"@type\":\"EntryPoint\",\"urlTemplate\":\"https:\/\/vosgesinfo.fr\/remiremontinfo\/?s={search_term_string}\"},\"query-input\":\"required name=search_term_string\"}],\"inLanguage\":\"fr-FR\"},{\"@type\":\"Organization\",\"@id\":\"https:\/\/vosgesinfo.fr\/remiremontinfo\/#organization\",\"name\":\"Remiremont Info\",\"url\":\"https:\/\/vosgesinfo.fr\/remiremontinfo\/\",\"logo\":{\"@type\":\"ImageObject\",\"inLanguage\":\"fr-FR\",\"@id\":\"https:\/\/vosgesinfo.fr\/remiremontinfo\/#\/schema\/logo\/image\/\",\"url\":\"https:\/\/vosgesinfo.fr\/app\/uploads\/sites\/5\/2023\/08\/favicon-remiremontinfo.png\",\"contentUrl\":\"https:\/\/vosgesinfo.fr\/app\/uploads\/sites\/5\/2023\/08\/favicon-remiremontinfo.png\",\"width\":512,\"height\":512,\"caption\":\"Remiremont Info\"},\"image\":{\"@id\":\"https:\/\/vosgesinfo.fr\/remiremontinfo\/#\/schema\/logo\/image\/\"},\"sameAs\":[\"https:\/\/www.facebook.com\/remiremontinfo\",\"https:\/\/x.com\/VosgesInfo88\",\"https:\/\/www.youtube.com\/@vosgesinfo\"]},{\"@type\":\"Person\",\"@id\":\"https:\/\/vosgesinfo.fr\/remiremontinfo\/#\/schema\/person\/3bfd164d5218a185b1db68655a265316\",\"name\":\"C D\",\"image\":{\"@type\":\"ImageObject\",\"inLanguage\":\"fr-FR\",\"@id\":\"https:\/\/vosgesinfo.fr\/remiremontinfo\/#\/schema\/person\/image\/\",\"url\":\"https:\/\/secure.gravatar.com\/avatar\/1f9a70007336511a47468b8f1c66f922b8b7cf617b02a31149ada43893a5d48f?s=96&d=mm&r=g\",\"contentUrl\":\"https:\/\/secure.gravatar.com\/avatar\/1f9a70007336511a47468b8f1c66f922b8b7cf617b02a31149ada43893a5d48f?s=96&d=mm&r=g\",\"caption\":\"C D\"},\"url\":\"https:\/\/vosgesinfo.fr\/remiremontinfo\/author\/cedric-drevet\/\"}]}<\/script>\n<!-- \/ Yoast SEO plugin. -->","yoast_head_json":{"title":"L\u2019association rando Vagney organise une sortie au carnaval de Mulhouse ! - Remiremont Info","robots":{"index":"index","follow":"follow","max-snippet":"max-snippet:-1","max-image-preview":"max-image-preview:large","max-video-preview":"max-video-preview:-1"},"canonical":"https:\/\/vosgesinfo.fr\/remiremontinfo\/2019\/03\/lassociation-rando-vagney-organise-sortie-carnaval-de-mulhouse\/","twitter_card":"summary_large_image","twitter_title":"L\u2019association rando Vagney organise une sortie au carnaval de Mulhouse ! - Remiremont Info","twitter_description":"Des milliers de personnes vont assister au carnaval de Mulhouse qui s&rsquo;\u00e9lance dans les rues de la ville. Un carnaval [&hellip;]","twitter_image":"https:\/\/vosgesinfo.fr\/app\/uploads\/sites\/5\/2024\/09\/201903mask-1155808-1280.jpg","twitter_creator":"@VosgesInfo88","twitter_site":"@VosgesInfo88","twitter_misc":{"\u00c9crit par":"C D","Dur\u00e9e de lecture estim\u00e9e":"2 minutes"},"schema":{"@context":"https:\/\/schema.org","@graph":[{"@type":"Article","@id":"https:\/\/vosgesinfo.fr\/remiremontinfo\/2019\/03\/lassociation-rando-vagney-organise-sortie-carnaval-de-mulhouse\/#article","isPartOf":{"@id":"https:\/\/vosgesinfo.fr\/remiremontinfo\/2019\/03\/lassociation-rando-vagney-organise-sortie-carnaval-de-mulhouse\/"},"author":{"name":"C D","@id":"https:\/\/vosgesinfo.fr\/remiremontinfo\/#\/schema\/person\/3bfd164d5218a185b1db68655a265316"},"headline":"L\u2019association rando Vagney organise une sortie au carnaval de Mulhouse !","datePublished":"2019-03-05T07:30:51+00:00","dateModified":"2019-03-05T07:30:51+00:00","mainEntityOfPage":{"@id":"https:\/\/vosgesinfo.fr\/remiremontinfo\/2019\/03\/lassociation-rando-vagney-organise-sortie-carnaval-de-mulhouse\/"},"wordCount":488,"commentCount":0,"publisher":{"@id":"https:\/\/vosgesinfo.fr\/remiremontinfo\/#organization"},"image":{"@id":"https:\/\/vosgesinfo.fr\/remiremontinfo\/2019\/03\/lassociation-rando-vagney-organise-sortie-carnaval-de-mulhouse\/#primaryimage"},"thumbnailUrl":"https:\/\/vosgesinfo.fr\/app\/uploads\/sites\/5\/2024\/09\/201903mask-1155808-1280.jpg","articleSection":["La Bresse &amp; son canton","Remiremont &amp; son canton"],"inLanguage":"fr-FR","potentialAction":[{"@type":"CommentAction","name":"Comment","target":["https:\/\/vosgesinfo.fr\/remiremontinfo\/2019\/03\/lassociation-rando-vagney-organise-sortie-carnaval-de-mulhouse\/#respond"]}]},{"@type":"WebPage","@id":"https:\/\/vosgesinfo.fr\/remiremontinfo\/2019\/03\/lassociation-rando-vagney-organise-sortie-carnaval-de-mulhouse\/","url":"https:\/\/vosgesinfo.fr\/remiremontinfo\/2019\/03\/lassociation-rando-vagney-organise-sortie-carnaval-de-mulhouse\/","name":"L\u2019association rando Vagney organise une sortie au carnaval de Mulhouse ! - Remiremont Info","isPartOf":{"@id":"https:\/\/vosgesinfo.fr\/remiremontinfo\/#website"},"primaryImageOfPage":{"@id":"https:\/\/vosgesinfo.fr\/remiremontinfo\/2019\/03\/lassociation-rando-vagney-organise-sortie-carnaval-de-mulhouse\/#primaryimage"},"image":{"@id":"https:\/\/vosgesinfo.fr\/remiremontinfo\/2019\/03\/lassociation-rando-vagney-organise-sortie-carnaval-de-mulhouse\/#primaryimage"},"thumbnailUrl":"https:\/\/vosgesinfo.fr\/app\/uploads\/sites\/5\/2024\/09\/201903mask-1155808-1280.jpg","datePublished":"2019-03-05T07:30:51+00:00","dateModified":"2019-03-05T07:30:51+00:00","breadcrumb":{"@id":"https:\/\/vosgesinfo.fr\/remiremontinfo\/2019\/03\/lassociation-rando-vagney-organise-sortie-carnaval-de-mulhouse\/#breadcrumb"},"inLanguage":"fr-FR","potentialAction":[{"@type":"ReadAction","target":["https:\/\/vosgesinfo.fr\/remiremontinfo\/2019\/03\/lassociation-rando-vagney-organise-sortie-carnaval-de-mulhouse\/"]}]},{"@type":"ImageObject","inLanguage":"fr-FR","@id":"https:\/\/vosgesinfo.fr\/remiremontinfo\/2019\/03\/lassociation-rando-vagney-organise-sortie-carnaval-de-mulhouse\/#primaryimage","url":"https:\/\/vosgesinfo.fr\/app\/uploads\/sites\/5\/2024\/09\/201903mask-1155808-1280.jpg","contentUrl":"https:\/\/vosgesinfo.fr\/app\/uploads\/sites\/5\/2024\/09\/201903mask-1155808-1280.jpg","width":1280,"height":853},{"@type":"BreadcrumbList","@id":"https:\/\/vosgesinfo.fr\/remiremontinfo\/2019\/03\/lassociation-rando-vagney-organise-sortie-carnaval-de-mulhouse\/#breadcrumb","itemListElement":[{"@type":"ListItem","position":1,"name":"Home","item":"https:\/\/vosgesinfo.fr\/remiremontinfo\/"},{"@type":"ListItem","position":2,"name":"L\u2019association rando Vagney organise une sortie au carnaval de Mulhouse !"}]},{"@type":"WebSite","@id":"https:\/\/vosgesinfo.fr\/remiremontinfo\/#website","url":"https:\/\/vosgesinfo.fr\/remiremontinfo\/","name":"Remiremont Info","description":"Toute l&#039;actualit\u00e9 de Remiremont","publisher":{"@id":"https:\/\/vosgesinfo.fr\/remiremontinfo\/#organization"},"alternateName":"Toute l'actualit\u00e9 de Remiremont","potentialAction":[{"@type":"SearchAction","target":{"@type":"EntryPoint","urlTemplate":"https:\/\/vosgesinfo.fr\/remiremontinfo\/?s={search_term_string}"},"query-input":"required name=search_term_string"}],"inLanguage":"fr-FR"},{"@type":"Organization","@id":"https:\/\/vosgesinfo.fr\/remiremontinfo\/#organization","name":"Remiremont Info","url":"https:\/\/vosgesinfo.fr\/remiremontinfo\/","logo":{"@type":"ImageObject","inLanguage":"fr-FR","@id":"https:\/\/vosgesinfo.fr\/remiremontinfo\/#\/schema\/logo\/image\/","url":"https:\/\/vosgesinfo.fr\/app\/uploads\/sites\/5\/2023\/08\/favicon-remiremontinfo.png","contentUrl":"https:\/\/vosgesinfo.fr\/app\/uploads\/sites\/5\/2023\/08\/favicon-remiremontinfo.png","width":512,"height":512,"caption":"Remiremont Info"},"image":{"@id":"https:\/\/vosgesinfo.fr\/remiremontinfo\/#\/schema\/logo\/image\/"},"sameAs":["https:\/\/www.facebook.com\/remiremontinfo","https:\/\/x.com\/VosgesInfo88","https:\/\/www.youtube.com\/@vosgesinfo"]},{"@type":"Person","@id":"https:\/\/vosgesinfo.fr\/remiremontinfo\/#\/schema\/person\/3bfd164d5218a185b1db68655a265316","name":"C D","image":{"@type":"ImageObject","inLanguage":"fr-FR","@id":"https:\/\/vosgesinfo.fr\/remiremontinfo\/#\/schema\/person\/image\/","url":"https:\/\/secure.gravatar.com\/avatar\/1f9a70007336511a47468b8f1c66f922b8b7cf617b02a31149ada43893a5d48f?s=96&d=mm&r=g","contentUrl":"https:\/\/secure.gravatar.com\/avatar\/1f9a70007336511a47468b8f1c66f922b8b7cf617b02a31149ada43893a5d48f?s=96&d=mm&r=g","caption":"C D"},"url":"https:\/\/vosgesinfo.fr\/remiremontinfo\/author\/cedric-drevet\/"}]}},"_links":{"self":[{"href":"https:\/\/vosgesinfo.fr\/remiremontinfo\/wp-json\/wp\/v2\/posts\/11496","targetHints":{"allow":["GET"]}}],"collection":[{"href":"https:\/\/vosgesinfo.fr\/remiremontinfo\/wp-json\/wp\/v2\/posts"}],"about":[{"href":"https:\/\/vosgesinfo.fr\/remiremontinfo\/wp-json\/wp\/v2\/types\/post"}],"author":[{"embeddable":true,"href":"https:\/\/vosgesinfo.fr\/remiremontinfo\/wp-json\/wp\/v2\/users\/407"}],"replies":[{"embeddable":true,"href":"https:\/\/vosgesinfo.fr\/remiremontinfo\/wp-json\/wp\/v2\/comments?post=11496"}],"version-history":[{"count":0,"href":"https:\/\/vosgesinfo.fr\/remiremontinfo\/wp-json\/wp\/v2\/posts\/11496\/revisions"}],"wp:featuredmedia":[{"embeddable":true,"href":"https:\/\/vosgesinfo.fr\/remiremontinfo\/wp-json\/wp\/v2\/media\/11497"}],"wp:attachment":[{"href":"https:\/\/vosgesinfo.fr\/remiremontinfo\/wp-json\/wp\/v2\/media?parent=11496"}],"wp:term":[{"taxonomy":"category","embeddable":true,"href":"https:\/\/vosgesinfo.fr\/remiremontinfo\/wp-json\/wp\/v2\/categories?post=11496"},{"taxonomy":"post_tag","embeddable":true,"href":"https:\/\/vosgesinfo.fr\/remiremontinfo\/wp-json\/wp\/v2\/tags?post=11496"}],"curies":[{"name":"wp","href":"https:\/\/api.w.org\/{rel}","templated":true}]}}