{"id":11501,"date":"2019-03-05T09:01:10","date_gmt":"2019-03-05T08:01:10","guid":{"rendered":"https:\/\/vosgesinfo.fr\/remiremontinfo\/2019\/03\/laetitia-reynders-deux-cents-salons-litteraires-compteur\/"},"modified":"2019-03-05T09:01:10","modified_gmt":"2019-03-05T08:01:10","slug":"laetitia-reynders-deux-cents-salons-litteraires-compteur","status":"publish","type":"post","link":"https:\/\/vosgesinfo.fr\/remiremontinfo\/2019\/03\/laetitia-reynders-deux-cents-salons-litteraires-compteur\/","title":{"rendered":"La\u00ebtitia Reynders : deux cents salons litt\u00e9raires au compteur !"},"content":{"rendered":"<h2><a href=\"\/2019\/03\/20190215_165907.jpg\"><img decoding=\"async\" class=\"alignnone size-large wp-image-254623\" src=\"\/2019\/03\/20190215_165907-1024x768.jpg\" alt=\"20190215_165907\" width=\"960\" height=\"720\" \/><\/a><\/h2>\n<h2><span style=\"font-size: 12pt;\"><strong>Le monde de la litt\u00e9rature est assez particulier. On a beau \u00eatre un auteur connu, si on n\u2019est pas \u00e9dit\u00e9 dans une maison d\u2019\u00e9dition de premier plan, la distribution des oeuvres s\u2019en trouve amoindrie. Pour compenser, certains libraires acceptent les auteurs de petites structures \u00e9ditoriales mais il faut le reconna\u00eetre, sans g\u00eane, ils sont bien trop rares. Or, parfois ces derniers passent \u00e0 c\u00f4te de certaines p\u00e9pites.<\/strong><\/span><\/h2>\n<p>La loyate La\u00ebtitia Reynders est un de ces joyaux. A ce jour elle compte 15 livres \u00e9dit\u00e9s depuis 2012 dont certains sont de vrais succ\u00e8s. Mais alors, comment a-t-elle fait, malgr\u00e9 son appartenance \u00e0 une maison d\u2019\u00e9dition active mais modeste ?<\/p>\n<p>La\u00ebtitia et son \u00e9diteur ont mis au point, il y a quelques ann\u00e9es, une strat\u00e9gie bas\u00e9e sur le d\u00e9placement et la repr\u00e9sentation aux 4 coins de la France, de la Belgique avec des visites ponctuelles en Suisse.<\/p>\n<p>Depuis 2012, cette autrice (terme recommand\u00e9 par l\u2019acad\u00e9mie fran\u00e7aise) a multipli\u00e9 ses participations \u00e0 moult salons ou festivals. Elle a sillonn\u00e9 la France du Nord au Sud puis toute la partie Est et Nord-Ouest. Reste \u00e0 conqu\u00e9rir le sud Ouest.<\/p>\n<p>Elle a travers\u00e9 la Belgique et le Luxembourg de part en part en s\u2019offrant, par ailleurs, des incursions \u00e0 Gen\u00e8ve, Lausanne et B\u00e2le.<\/p>\n<p>Certains la surnomment \u00ab la globe-trotteuse litt\u00e9raire \u00bb.<\/p>\n<p>Durant son parcours elle a eu plaisir d\u2019\u00eatre la marraine de salons d\u2019importance tels Mon\u2019s Livre (le plus r\u00e9put\u00e9 en wallonie), a Atrebatia (Arras) consid\u00e9r\u00e9 comme l\u2019\u00e9v\u00e8nement fantastique des Hauts de France, au Salon du livre de Poitiers ou encore \u00eatre invit\u00e9e d\u2019honneur \u00e0 Inor, \u00e0 Mariembourg au salon Chim\u00e8res et L\u00e9gendaires et encore r\u00e9cemment au salon des livres en beaujolais \u00e0 Arnas.<\/p>\n<p>Il y a quelques jours, La\u00ebtitia Reynders participait \u00e0 son 200 \u00e8me salon ? C\u2019\u00e9tait dans le Nord, \u00e0 Arras lors du r\u00e9put\u00e9 Festival \u00ab Atrebatia \u00bb. Pour marquer le coup, les organisateurs ont d\u00e9cid\u00e9 de la surprendre en la fleurissant et en la f\u00e9licitant chaleureusement.<\/p>\n<p>\u00ab Deux cents salons, ce n\u2019est pas banal, on devait rendre hommage \u00e0 La\u00ebtitia que tout le monde conna\u00eet et adore \u00bb a expliqu\u00e9 Romain, le responsable de cette organisation.<\/p>\n<p>Tr\u00e8s prochainement l\u2019autrice sera pr\u00e9sente \u00e0 d\u2019autres \u00e9v\u00e8nements que ce soit en Belgique ou en France pour pr\u00e9senter ses derni\u00e8res \u0153uvres : \u00ab Mashka \u00bb un historico-fantastique ou encore son dernier n\u00e9 \u00ab Nora \u2013 Mask of Sanity \u00bb un roman dans la pure tradition du polar.<\/p>\n<p>Une romanci\u00e8re \u00e0 suivre et qui sera tr\u00e8s certainement pr\u00e9sente et attendue aux Imaginales d\u2019 Epinal.<\/p>\n\n<p><em>G.LANE<\/em><\/p>\n","protected":false},"excerpt":{"rendered":"<p>Le monde de la litt\u00e9rature est assez particulier. On a beau \u00eatre un auteur connu, si on n\u2019est pas \u00e9dit\u00e9 [&hellip;]<\/p>\n","protected":false},"author":407,"featured_media":11502,"comment_status":"open","ping_status":"open","sticky":false,"template":"","format":"standard","meta":{"footnotes":""},"categories":[1],"tags":[],"class_list":["post-11501","post","type-post","status-publish","format-standard","has-post-thumbnail","hentry","category-non-classe"],"acf":[],"yoast_head":"<!-- This site is optimized with the Yoast SEO plugin v22.5 - https:\/\/yoast.com\/wordpress\/plugins\/seo\/ -->\n<title>La\u00ebtitia Reynders : deux cents salons litt\u00e9raires au compteur ! - Remiremont Info<\/title>\n<meta name=\"robots\" content=\"index, follow, max-snippet:-1, max-image-preview:large, max-video-preview:-1\" \/>\n<link rel=\"canonical\" href=\"https:\/\/vosgesinfo.fr\/remiremontinfo\/2019\/03\/laetitia-reynders-deux-cents-salons-litteraires-compteur\/\" \/>\n<meta name=\"twitter:card\" content=\"summary_large_image\" \/>\n<meta name=\"twitter:title\" content=\"La\u00ebtitia Reynders : deux cents salons litt\u00e9raires au compteur ! - Remiremont Info\" \/>\n<meta name=\"twitter:description\" content=\"Le monde de la litt\u00e9rature est assez particulier. On a beau \u00eatre un auteur connu, si on n\u2019est pas \u00e9dit\u00e9 [&hellip;]\" \/>\n<meta name=\"twitter:image\" content=\"https:\/\/vosgesinfo.fr\/app\/uploads\/sites\/5\/2024\/09\/20190320190215-165907.jpg\" \/>\n<meta name=\"twitter:creator\" content=\"@VosgesInfo88\" \/>\n<meta name=\"twitter:site\" content=\"@VosgesInfo88\" \/>\n<meta name=\"twitter:label1\" content=\"\u00c9crit par\" \/>\n\t<meta name=\"twitter:data1\" content=\"C D\" \/>\n\t<meta name=\"twitter:label2\" content=\"Dur\u00e9e de lecture estim\u00e9e\" \/>\n\t<meta name=\"twitter:data2\" content=\"2 minutes\" \/>\n<script type=\"application\/ld+json\" class=\"yoast-schema-graph\">{\"@context\":\"https:\/\/schema.org\",\"@graph\":[{\"@type\":\"Article\",\"@id\":\"https:\/\/vosgesinfo.fr\/remiremontinfo\/2019\/03\/laetitia-reynders-deux-cents-salons-litteraires-compteur\/#article\",\"isPartOf\":{\"@id\":\"https:\/\/vosgesinfo.fr\/remiremontinfo\/2019\/03\/laetitia-reynders-deux-cents-salons-litteraires-compteur\/\"},\"author\":{\"name\":\"C D\",\"@id\":\"https:\/\/vosgesinfo.fr\/remiremontinfo\/#\/schema\/person\/3bfd164d5218a185b1db68655a265316\"},\"headline\":\"La\u00ebtitia Reynders : deux cents salons litt\u00e9raires au compteur !\",\"datePublished\":\"2019-03-05T08:01:10+00:00\",\"dateModified\":\"2019-03-05T08:01:10+00:00\",\"mainEntityOfPage\":{\"@id\":\"https:\/\/vosgesinfo.fr\/remiremontinfo\/2019\/03\/laetitia-reynders-deux-cents-salons-litteraires-compteur\/\"},\"wordCount\":462,\"commentCount\":0,\"publisher\":{\"@id\":\"https:\/\/vosgesinfo.fr\/remiremontinfo\/#organization\"},\"image\":{\"@id\":\"https:\/\/vosgesinfo.fr\/remiremontinfo\/2019\/03\/laetitia-reynders-deux-cents-salons-litteraires-compteur\/#primaryimage\"},\"thumbnailUrl\":\"https:\/\/vosgesinfo.fr\/app\/uploads\/sites\/5\/2024\/09\/20190320190215-165907.jpg\",\"inLanguage\":\"fr-FR\",\"potentialAction\":[{\"@type\":\"CommentAction\",\"name\":\"Comment\",\"target\":[\"https:\/\/vosgesinfo.fr\/remiremontinfo\/2019\/03\/laetitia-reynders-deux-cents-salons-litteraires-compteur\/#respond\"]}]},{\"@type\":\"WebPage\",\"@id\":\"https:\/\/vosgesinfo.fr\/remiremontinfo\/2019\/03\/laetitia-reynders-deux-cents-salons-litteraires-compteur\/\",\"url\":\"https:\/\/vosgesinfo.fr\/remiremontinfo\/2019\/03\/laetitia-reynders-deux-cents-salons-litteraires-compteur\/\",\"name\":\"La\u00ebtitia Reynders : deux cents salons litt\u00e9raires au compteur ! - Remiremont Info\",\"isPartOf\":{\"@id\":\"https:\/\/vosgesinfo.fr\/remiremontinfo\/#website\"},\"primaryImageOfPage\":{\"@id\":\"https:\/\/vosgesinfo.fr\/remiremontinfo\/2019\/03\/laetitia-reynders-deux-cents-salons-litteraires-compteur\/#primaryimage\"},\"image\":{\"@id\":\"https:\/\/vosgesinfo.fr\/remiremontinfo\/2019\/03\/laetitia-reynders-deux-cents-salons-litteraires-compteur\/#primaryimage\"},\"thumbnailUrl\":\"https:\/\/vosgesinfo.fr\/app\/uploads\/sites\/5\/2024\/09\/20190320190215-165907.jpg\",\"datePublished\":\"2019-03-05T08:01:10+00:00\",\"dateModified\":\"2019-03-05T08:01:10+00:00\",\"breadcrumb\":{\"@id\":\"https:\/\/vosgesinfo.fr\/remiremontinfo\/2019\/03\/laetitia-reynders-deux-cents-salons-litteraires-compteur\/#breadcrumb\"},\"inLanguage\":\"fr-FR\",\"potentialAction\":[{\"@type\":\"ReadAction\",\"target\":[\"https:\/\/vosgesinfo.fr\/remiremontinfo\/2019\/03\/laetitia-reynders-deux-cents-salons-litteraires-compteur\/\"]}]},{\"@type\":\"ImageObject\",\"inLanguage\":\"fr-FR\",\"@id\":\"https:\/\/vosgesinfo.fr\/remiremontinfo\/2019\/03\/laetitia-reynders-deux-cents-salons-litteraires-compteur\/#primaryimage\",\"url\":\"https:\/\/vosgesinfo.fr\/app\/uploads\/sites\/5\/2024\/09\/20190320190215-165907.jpg\",\"contentUrl\":\"https:\/\/vosgesinfo.fr\/app\/uploads\/sites\/5\/2024\/09\/20190320190215-165907.jpg\",\"width\":1200,\"height\":900},{\"@type\":\"BreadcrumbList\",\"@id\":\"https:\/\/vosgesinfo.fr\/remiremontinfo\/2019\/03\/laetitia-reynders-deux-cents-salons-litteraires-compteur\/#breadcrumb\",\"itemListElement\":[{\"@type\":\"ListItem\",\"position\":1,\"name\":\"Home\",\"item\":\"https:\/\/vosgesinfo.fr\/remiremontinfo\/\"},{\"@type\":\"ListItem\",\"position\":2,\"name\":\"La\u00ebtitia Reynders : deux cents salons litt\u00e9raires au compteur !\"}]},{\"@type\":\"WebSite\",\"@id\":\"https:\/\/vosgesinfo.fr\/remiremontinfo\/#website\",\"url\":\"https:\/\/vosgesinfo.fr\/remiremontinfo\/\",\"name\":\"Remiremont Info\",\"description\":\"Toute l&#039;actualit\u00e9 de Remiremont\",\"publisher\":{\"@id\":\"https:\/\/vosgesinfo.fr\/remiremontinfo\/#organization\"},\"alternateName\":\"Toute l'actualit\u00e9 de Remiremont\",\"potentialAction\":[{\"@type\":\"SearchAction\",\"target\":{\"@type\":\"EntryPoint\",\"urlTemplate\":\"https:\/\/vosgesinfo.fr\/remiremontinfo\/?s={search_term_string}\"},\"query-input\":\"required name=search_term_string\"}],\"inLanguage\":\"fr-FR\"},{\"@type\":\"Organization\",\"@id\":\"https:\/\/vosgesinfo.fr\/remiremontinfo\/#organization\",\"name\":\"Remiremont Info\",\"url\":\"https:\/\/vosgesinfo.fr\/remiremontinfo\/\",\"logo\":{\"@type\":\"ImageObject\",\"inLanguage\":\"fr-FR\",\"@id\":\"https:\/\/vosgesinfo.fr\/remiremontinfo\/#\/schema\/logo\/image\/\",\"url\":\"https:\/\/vosgesinfo.fr\/app\/uploads\/sites\/5\/2023\/08\/favicon-remiremontinfo.png\",\"contentUrl\":\"https:\/\/vosgesinfo.fr\/app\/uploads\/sites\/5\/2023\/08\/favicon-remiremontinfo.png\",\"width\":512,\"height\":512,\"caption\":\"Remiremont Info\"},\"image\":{\"@id\":\"https:\/\/vosgesinfo.fr\/remiremontinfo\/#\/schema\/logo\/image\/\"},\"sameAs\":[\"https:\/\/www.facebook.com\/remiremontinfo\",\"https:\/\/x.com\/VosgesInfo88\",\"https:\/\/www.youtube.com\/@vosgesinfo\"]},{\"@type\":\"Person\",\"@id\":\"https:\/\/vosgesinfo.fr\/remiremontinfo\/#\/schema\/person\/3bfd164d5218a185b1db68655a265316\",\"name\":\"C D\",\"image\":{\"@type\":\"ImageObject\",\"inLanguage\":\"fr-FR\",\"@id\":\"https:\/\/vosgesinfo.fr\/remiremontinfo\/#\/schema\/person\/image\/\",\"url\":\"https:\/\/secure.gravatar.com\/avatar\/1f9a70007336511a47468b8f1c66f922b8b7cf617b02a31149ada43893a5d48f?s=96&d=mm&r=g\",\"contentUrl\":\"https:\/\/secure.gravatar.com\/avatar\/1f9a70007336511a47468b8f1c66f922b8b7cf617b02a31149ada43893a5d48f?s=96&d=mm&r=g\",\"caption\":\"C D\"},\"url\":\"https:\/\/vosgesinfo.fr\/remiremontinfo\/author\/cedric-drevet\/\"}]}<\/script>\n<!-- \/ Yoast SEO plugin. -->","yoast_head_json":{"title":"La\u00ebtitia Reynders : deux cents salons litt\u00e9raires au compteur ! - Remiremont Info","robots":{"index":"index","follow":"follow","max-snippet":"max-snippet:-1","max-image-preview":"max-image-preview:large","max-video-preview":"max-video-preview:-1"},"canonical":"https:\/\/vosgesinfo.fr\/remiremontinfo\/2019\/03\/laetitia-reynders-deux-cents-salons-litteraires-compteur\/","twitter_card":"summary_large_image","twitter_title":"La\u00ebtitia Reynders : deux cents salons litt\u00e9raires au compteur ! - Remiremont Info","twitter_description":"Le monde de la litt\u00e9rature est assez particulier. On a beau \u00eatre un auteur connu, si on n\u2019est pas \u00e9dit\u00e9 [&hellip;]","twitter_image":"https:\/\/vosgesinfo.fr\/app\/uploads\/sites\/5\/2024\/09\/20190320190215-165907.jpg","twitter_creator":"@VosgesInfo88","twitter_site":"@VosgesInfo88","twitter_misc":{"\u00c9crit par":"C D","Dur\u00e9e de lecture estim\u00e9e":"2 minutes"},"schema":{"@context":"https:\/\/schema.org","@graph":[{"@type":"Article","@id":"https:\/\/vosgesinfo.fr\/remiremontinfo\/2019\/03\/laetitia-reynders-deux-cents-salons-litteraires-compteur\/#article","isPartOf":{"@id":"https:\/\/vosgesinfo.fr\/remiremontinfo\/2019\/03\/laetitia-reynders-deux-cents-salons-litteraires-compteur\/"},"author":{"name":"C D","@id":"https:\/\/vosgesinfo.fr\/remiremontinfo\/#\/schema\/person\/3bfd164d5218a185b1db68655a265316"},"headline":"La\u00ebtitia Reynders : deux cents salons litt\u00e9raires au compteur !","datePublished":"2019-03-05T08:01:10+00:00","dateModified":"2019-03-05T08:01:10+00:00","mainEntityOfPage":{"@id":"https:\/\/vosgesinfo.fr\/remiremontinfo\/2019\/03\/laetitia-reynders-deux-cents-salons-litteraires-compteur\/"},"wordCount":462,"commentCount":0,"publisher":{"@id":"https:\/\/vosgesinfo.fr\/remiremontinfo\/#organization"},"image":{"@id":"https:\/\/vosgesinfo.fr\/remiremontinfo\/2019\/03\/laetitia-reynders-deux-cents-salons-litteraires-compteur\/#primaryimage"},"thumbnailUrl":"https:\/\/vosgesinfo.fr\/app\/uploads\/sites\/5\/2024\/09\/20190320190215-165907.jpg","inLanguage":"fr-FR","potentialAction":[{"@type":"CommentAction","name":"Comment","target":["https:\/\/vosgesinfo.fr\/remiremontinfo\/2019\/03\/laetitia-reynders-deux-cents-salons-litteraires-compteur\/#respond"]}]},{"@type":"WebPage","@id":"https:\/\/vosgesinfo.fr\/remiremontinfo\/2019\/03\/laetitia-reynders-deux-cents-salons-litteraires-compteur\/","url":"https:\/\/vosgesinfo.fr\/remiremontinfo\/2019\/03\/laetitia-reynders-deux-cents-salons-litteraires-compteur\/","name":"La\u00ebtitia Reynders : deux cents salons litt\u00e9raires au compteur ! - Remiremont Info","isPartOf":{"@id":"https:\/\/vosgesinfo.fr\/remiremontinfo\/#website"},"primaryImageOfPage":{"@id":"https:\/\/vosgesinfo.fr\/remiremontinfo\/2019\/03\/laetitia-reynders-deux-cents-salons-litteraires-compteur\/#primaryimage"},"image":{"@id":"https:\/\/vosgesinfo.fr\/remiremontinfo\/2019\/03\/laetitia-reynders-deux-cents-salons-litteraires-compteur\/#primaryimage"},"thumbnailUrl":"https:\/\/vosgesinfo.fr\/app\/uploads\/sites\/5\/2024\/09\/20190320190215-165907.jpg","datePublished":"2019-03-05T08:01:10+00:00","dateModified":"2019-03-05T08:01:10+00:00","breadcrumb":{"@id":"https:\/\/vosgesinfo.fr\/remiremontinfo\/2019\/03\/laetitia-reynders-deux-cents-salons-litteraires-compteur\/#breadcrumb"},"inLanguage":"fr-FR","potentialAction":[{"@type":"ReadAction","target":["https:\/\/vosgesinfo.fr\/remiremontinfo\/2019\/03\/laetitia-reynders-deux-cents-salons-litteraires-compteur\/"]}]},{"@type":"ImageObject","inLanguage":"fr-FR","@id":"https:\/\/vosgesinfo.fr\/remiremontinfo\/2019\/03\/laetitia-reynders-deux-cents-salons-litteraires-compteur\/#primaryimage","url":"https:\/\/vosgesinfo.fr\/app\/uploads\/sites\/5\/2024\/09\/20190320190215-165907.jpg","contentUrl":"https:\/\/vosgesinfo.fr\/app\/uploads\/sites\/5\/2024\/09\/20190320190215-165907.jpg","width":1200,"height":900},{"@type":"BreadcrumbList","@id":"https:\/\/vosgesinfo.fr\/remiremontinfo\/2019\/03\/laetitia-reynders-deux-cents-salons-litteraires-compteur\/#breadcrumb","itemListElement":[{"@type":"ListItem","position":1,"name":"Home","item":"https:\/\/vosgesinfo.fr\/remiremontinfo\/"},{"@type":"ListItem","position":2,"name":"La\u00ebtitia Reynders : deux cents salons litt\u00e9raires au compteur !"}]},{"@type":"WebSite","@id":"https:\/\/vosgesinfo.fr\/remiremontinfo\/#website","url":"https:\/\/vosgesinfo.fr\/remiremontinfo\/","name":"Remiremont Info","description":"Toute l&#039;actualit\u00e9 de Remiremont","publisher":{"@id":"https:\/\/vosgesinfo.fr\/remiremontinfo\/#organization"},"alternateName":"Toute l'actualit\u00e9 de Remiremont","potentialAction":[{"@type":"SearchAction","target":{"@type":"EntryPoint","urlTemplate":"https:\/\/vosgesinfo.fr\/remiremontinfo\/?s={search_term_string}"},"query-input":"required name=search_term_string"}],"inLanguage":"fr-FR"},{"@type":"Organization","@id":"https:\/\/vosgesinfo.fr\/remiremontinfo\/#organization","name":"Remiremont Info","url":"https:\/\/vosgesinfo.fr\/remiremontinfo\/","logo":{"@type":"ImageObject","inLanguage":"fr-FR","@id":"https:\/\/vosgesinfo.fr\/remiremontinfo\/#\/schema\/logo\/image\/","url":"https:\/\/vosgesinfo.fr\/app\/uploads\/sites\/5\/2023\/08\/favicon-remiremontinfo.png","contentUrl":"https:\/\/vosgesinfo.fr\/app\/uploads\/sites\/5\/2023\/08\/favicon-remiremontinfo.png","width":512,"height":512,"caption":"Remiremont Info"},"image":{"@id":"https:\/\/vosgesinfo.fr\/remiremontinfo\/#\/schema\/logo\/image\/"},"sameAs":["https:\/\/www.facebook.com\/remiremontinfo","https:\/\/x.com\/VosgesInfo88","https:\/\/www.youtube.com\/@vosgesinfo"]},{"@type":"Person","@id":"https:\/\/vosgesinfo.fr\/remiremontinfo\/#\/schema\/person\/3bfd164d5218a185b1db68655a265316","name":"C D","image":{"@type":"ImageObject","inLanguage":"fr-FR","@id":"https:\/\/vosgesinfo.fr\/remiremontinfo\/#\/schema\/person\/image\/","url":"https:\/\/secure.gravatar.com\/avatar\/1f9a70007336511a47468b8f1c66f922b8b7cf617b02a31149ada43893a5d48f?s=96&d=mm&r=g","contentUrl":"https:\/\/secure.gravatar.com\/avatar\/1f9a70007336511a47468b8f1c66f922b8b7cf617b02a31149ada43893a5d48f?s=96&d=mm&r=g","caption":"C D"},"url":"https:\/\/vosgesinfo.fr\/remiremontinfo\/author\/cedric-drevet\/"}]}},"_links":{"self":[{"href":"https:\/\/vosgesinfo.fr\/remiremontinfo\/wp-json\/wp\/v2\/posts\/11501","targetHints":{"allow":["GET"]}}],"collection":[{"href":"https:\/\/vosgesinfo.fr\/remiremontinfo\/wp-json\/wp\/v2\/posts"}],"about":[{"href":"https:\/\/vosgesinfo.fr\/remiremontinfo\/wp-json\/wp\/v2\/types\/post"}],"author":[{"embeddable":true,"href":"https:\/\/vosgesinfo.fr\/remiremontinfo\/wp-json\/wp\/v2\/users\/407"}],"replies":[{"embeddable":true,"href":"https:\/\/vosgesinfo.fr\/remiremontinfo\/wp-json\/wp\/v2\/comments?post=11501"}],"version-history":[{"count":0,"href":"https:\/\/vosgesinfo.fr\/remiremontinfo\/wp-json\/wp\/v2\/posts\/11501\/revisions"}],"wp:featuredmedia":[{"embeddable":true,"href":"https:\/\/vosgesinfo.fr\/remiremontinfo\/wp-json\/wp\/v2\/media\/11502"}],"wp:attachment":[{"href":"https:\/\/vosgesinfo.fr\/remiremontinfo\/wp-json\/wp\/v2\/media?parent=11501"}],"wp:term":[{"taxonomy":"category","embeddable":true,"href":"https:\/\/vosgesinfo.fr\/remiremontinfo\/wp-json\/wp\/v2\/categories?post=11501"},{"taxonomy":"post_tag","embeddable":true,"href":"https:\/\/vosgesinfo.fr\/remiremontinfo\/wp-json\/wp\/v2\/tags?post=11501"}],"curies":[{"name":"wp","href":"https:\/\/api.w.org\/{rel}","templated":true}]}}