{"id":11505,"date":"2019-03-05T09:10:26","date_gmt":"2019-03-05T08:10:26","guid":{"rendered":"https:\/\/vosgesinfo.fr\/remiremontinfo\/2019\/03\/fc-ballons-belle-victoire-de-lequipe-fanion\/"},"modified":"2019-03-05T09:10:26","modified_gmt":"2019-03-05T08:10:26","slug":"fc-ballons-belle-victoire-de-lequipe-fanion","status":"publish","type":"post","link":"https:\/\/vosgesinfo.fr\/remiremontinfo\/2019\/03\/fc-ballons-belle-victoire-de-lequipe-fanion\/","title":{"rendered":"FC des Ballons : belle victoire de l\u2019\u00e9quipe fanion !"},"content":{"rendered":"<p style=\"font-weight: 400;\"><a href=\"\/2019\/03\/Le\u0301quipe-1.jpg\"><img decoding=\"async\" class=\"alignnone size-large wp-image-254628\" src=\"\/2019\/03\/Le\u0301quipe-1-1024x498.jpg\" alt=\"L'e\u0301quipe 1\" width=\"960\" height=\"467\" \/><\/a><\/p>\n<p style=\"font-weight: 400;\"><strong><u>U7 et U9<\/u><\/strong><\/p>\n<p style=\"font-weight: 400;\">Pas de plateaux pour le moment pour les petits. L&rsquo;entra\u00eenement a repris avec 22 joueurs et joueuses. Reprise des plateaux le 23 mars<\/p>\n<p style=\"font-weight: 400;\">\n<p style=\"font-weight: 400;\"><strong><u>U11\u00a0: coupe \u00e0 Vagney avec le FCHM, l\u2019AS Ramonchamp, l\u2019AS Vagney et le FC des Ballons<\/u><\/strong><\/p>\n<p style=\"font-weight: 400;\">Reprise des matchs ce samedi pour les U11.<br \/>\n2eme tour de coupe \u00e0 Vagney, avec au programme 3 matchs contre Vagney, Ramonchamp et le FCHM.<br \/>\nPour leur 1er match , ils ont fait match nul\u00a0 contre Vagney, 1 partout alors qu&rsquo;ils ont longtemps men\u00e9.<br \/>\nMalheureusement ils se sont inclin\u00e9 aux tirs au buts malgr\u00e9 les 5 arr\u00eats de Charly pendant la s\u00e9ance.<br \/>\nAu 2<sup>\u00e8me<\/sup>\u00a0\u00a0match, ils se sont inclin\u00e9s 2 \u00e0 0 contre Ramonchamp.<br \/>\nPour le 3<sup>\u00e8me<\/sup>\u00a0match contre le FCHM, tout avait bien commenc\u00e9 jusqu&rsquo;\u00e0 que<br \/>\nCharly se blesse (fracture du coude) en chutant sur le terrain.<br \/>\nApr\u00e8s un long arr\u00eat du match, ses copains ont d\u00e9cid\u00e9 de continuer le<br \/>\nmatch pour lui et l&rsquo;ont gagn\u00e9 1 \u00e0 0.<br \/>\nJohan remercie tous les parents qui ont accompagn\u00e9s l&rsquo;\u00e9quipe et qui ont fait preuve d&rsquo;une grande solidarit\u00e9.<br \/>\n<strong>Tout le club souhaite \u00e0 Charly un prompt r\u00e9tablissement<\/strong><\/p>\n<p style=\"font-weight: 400;\"><strong><u>U13 \/ FCHM\u00a0: 5 \u00e0 5<\/u><\/strong><\/p>\n<p style=\"font-weight: 400;\">Les U13 on fait match nul 5 \u00e0 5. Ce fut un bon match amical contre nos amis du FCHM. Les 2 \u00e9quipes ont jou\u00e9 le coup \u00e0 fond et avec plaisir comme \u00e0 chaque que les 2 clubs se rencontrent. Les spectateurs se sont r\u00e9gal\u00e9s et ont pu voir de nombreux buts. En principe, match amical \u00e0 Vagney samedi prochain.<\/p>\n<p style=\"font-weight: 400;\"><strong><u>Remiremont\/St Etienne 2 \/ U15\u00a0: 3 \u00e0 3<\/u><\/strong><\/p>\n<p style=\"font-weight: 400;\">Pour une reprise nos U15 ont fait une tr\u00e8s bonne temps et menaient \u00e0 la pause par 2 but d avance. Tr\u00e8s satisfait de cette 1<sup>\u00e8re<\/sup>\u00a0p\u00e9riode Carlos conseillait et encourageait ses joueurs \u00e0 continuer ainsi, mais la physionomie a chang\u00e9 et l\u2019\u00e9quipe s\u2019est mis \u00e0 reculer et subir le jeu de l\u2019adversaire. Les jeunes romarimontains reviennent logiquement au score. Les jeunes fremis se reprennent et marque un 3<sup>\u00e8me<\/sup>\u00a0but mais sur grosse m\u00e9sentente les locaux en profite pour \u00e9galiser. Vraiment dommage, il y avait mieux \u00e0 faire et Carlos \u00e9tait quelque peu contrari\u00e9 \u00e0 la fin du match et l\u2019a fait savoir \u00e0 ses joueurs.<\/p>\n<p style=\"font-weight: 400;\"><strong><u>FCB 2 \/ Le Tholy\u00a0: 1 \u00e0 2<\/u><\/strong><\/p>\n<p style=\"font-weight: 400;\">Apr\u00e8s une tr\u00eave de 3 mois, l&rsquo;\u00e9quipe B retrouvait le chemin du stade Michel Georges pour y affronter le Tholy. Apr\u00e8s un d\u00e9but de match assez \u00e9quilibr\u00e9, ce sont les visiteurs qui ouvrent la marque sur corner. Les verts r\u00e9agissent, et parviennent \u00e0 \u00e9galiser sur penalty. Mais juste avant la mi-temps, le Tholy double la mise. Le score n&rsquo;\u00e9voluera plus en seconde p\u00e9riode malgr\u00e9 quelques occasions de part et d&rsquo;autre.<\/p>\n<p style=\"font-weight: 400;\"><strong><u>BCV 2 \/ FCB\u00a0: 0 \u00e0 3<\/u><\/strong><\/p>\n<p style=\"font-weight: 400;\">Comme l\u2019\u00e9quipe 2, l\u2019\u00e9quipe fanion reprenait les choses s\u00e9rieuses apr\u00e8s 3 mois d\u2019interruption. Quelques matchs amicaux ont pu se faire courant f\u00e9vrier pour pr\u00e9parer au mieux cette reprise.<\/p>\n<p style=\"font-weight: 400;\">Un long d\u00e9placement, puisque les fremis se d\u00e9pla\u00e7aient \u00e0 Bulgn\u00e9ville pour affronter l\u2019\u00e9quipe 2 de l\u2019entente Bulgn\u00e9ville\/Contrex\u00e9ville\/Vittel. Une rencontre prise par le bon bout. Les consignes ont \u00e9t\u00e9 respect\u00e9es, l\u2019\u00e9quipe a \u00e9t\u00e9 rigoureuse et appliqu\u00e9e, les occasions ont \u00e9t\u00e9 nombreuses pour les verts et c\u2019est tr\u00e8s logiquement qu\u2019ils ont 3 tr\u00e8s beaux buts.<\/p>\n<p style=\"font-weight: 400;\">\n","protected":false},"excerpt":{"rendered":"<p>U7 et U9 Pas de plateaux pour le moment pour les petits. L&rsquo;entra\u00eenement a repris avec 22 joueurs et joueuses. [&hellip;]<\/p>\n","protected":false},"author":407,"featured_media":11506,"comment_status":"open","ping_status":"open","sticky":false,"template":"","format":"standard","meta":{"footnotes":""},"categories":[26,14,18],"tags":[],"class_list":["post-11505","post","type-post","status-publish","format-standard","has-post-thumbnail","hentry","category-a-la-une","category-sport","category-vosges"],"acf":[],"yoast_head":"<!-- This site is optimized with the Yoast SEO plugin v22.5 - https:\/\/yoast.com\/wordpress\/plugins\/seo\/ -->\n<title>FC des Ballons : belle victoire de l\u2019\u00e9quipe fanion ! - Remiremont Info<\/title>\n<meta name=\"robots\" content=\"index, follow, max-snippet:-1, max-image-preview:large, max-video-preview:-1\" \/>\n<link rel=\"canonical\" href=\"https:\/\/vosgesinfo.fr\/remiremontinfo\/2019\/03\/fc-ballons-belle-victoire-de-lequipe-fanion\/\" \/>\n<meta name=\"twitter:card\" content=\"summary_large_image\" \/>\n<meta name=\"twitter:title\" content=\"FC des Ballons : belle victoire de l\u2019\u00e9quipe fanion ! - Remiremont Info\" \/>\n<meta name=\"twitter:description\" content=\"U7 et U9 Pas de plateaux pour le moment pour les petits. L&rsquo;entra\u00eenement a repris avec 22 joueurs et joueuses. [&hellip;]\" \/>\n<meta name=\"twitter:image\" content=\"https:\/\/vosgesinfo.fr\/app\/uploads\/sites\/5\/2024\/09\/201903lequipe-1-scaled.jpg\" \/>\n<meta name=\"twitter:creator\" content=\"@VosgesInfo88\" \/>\n<meta name=\"twitter:site\" content=\"@VosgesInfo88\" \/>\n<meta name=\"twitter:label1\" content=\"\u00c9crit par\" \/>\n\t<meta name=\"twitter:data1\" content=\"C D\" \/>\n\t<meta name=\"twitter:label2\" content=\"Dur\u00e9e de lecture estim\u00e9e\" \/>\n\t<meta name=\"twitter:data2\" content=\"3 minutes\" \/>\n<script type=\"application\/ld+json\" class=\"yoast-schema-graph\">{\"@context\":\"https:\/\/schema.org\",\"@graph\":[{\"@type\":\"Article\",\"@id\":\"https:\/\/vosgesinfo.fr\/remiremontinfo\/2019\/03\/fc-ballons-belle-victoire-de-lequipe-fanion\/#article\",\"isPartOf\":{\"@id\":\"https:\/\/vosgesinfo.fr\/remiremontinfo\/2019\/03\/fc-ballons-belle-victoire-de-lequipe-fanion\/\"},\"author\":{\"name\":\"C D\",\"@id\":\"https:\/\/vosgesinfo.fr\/remiremontinfo\/#\/schema\/person\/3bfd164d5218a185b1db68655a265316\"},\"headline\":\"FC des Ballons : belle victoire de l\u2019\u00e9quipe fanion !\",\"datePublished\":\"2019-03-05T08:10:26+00:00\",\"dateModified\":\"2019-03-05T08:10:26+00:00\",\"mainEntityOfPage\":{\"@id\":\"https:\/\/vosgesinfo.fr\/remiremontinfo\/2019\/03\/fc-ballons-belle-victoire-de-lequipe-fanion\/\"},\"wordCount\":548,\"commentCount\":0,\"publisher\":{\"@id\":\"https:\/\/vosgesinfo.fr\/remiremontinfo\/#organization\"},\"image\":{\"@id\":\"https:\/\/vosgesinfo.fr\/remiremontinfo\/2019\/03\/fc-ballons-belle-victoire-de-lequipe-fanion\/#primaryimage\"},\"thumbnailUrl\":\"https:\/\/vosgesinfo.fr\/app\/uploads\/sites\/5\/2024\/09\/201903lequipe-1-scaled.jpg\",\"articleSection\":[\"A la Une\",\"Sport\",\"Vosges\"],\"inLanguage\":\"fr-FR\",\"potentialAction\":[{\"@type\":\"CommentAction\",\"name\":\"Comment\",\"target\":[\"https:\/\/vosgesinfo.fr\/remiremontinfo\/2019\/03\/fc-ballons-belle-victoire-de-lequipe-fanion\/#respond\"]}]},{\"@type\":\"WebPage\",\"@id\":\"https:\/\/vosgesinfo.fr\/remiremontinfo\/2019\/03\/fc-ballons-belle-victoire-de-lequipe-fanion\/\",\"url\":\"https:\/\/vosgesinfo.fr\/remiremontinfo\/2019\/03\/fc-ballons-belle-victoire-de-lequipe-fanion\/\",\"name\":\"FC des Ballons : belle victoire de l\u2019\u00e9quipe fanion ! - Remiremont Info\",\"isPartOf\":{\"@id\":\"https:\/\/vosgesinfo.fr\/remiremontinfo\/#website\"},\"primaryImageOfPage\":{\"@id\":\"https:\/\/vosgesinfo.fr\/remiremontinfo\/2019\/03\/fc-ballons-belle-victoire-de-lequipe-fanion\/#primaryimage\"},\"image\":{\"@id\":\"https:\/\/vosgesinfo.fr\/remiremontinfo\/2019\/03\/fc-ballons-belle-victoire-de-lequipe-fanion\/#primaryimage\"},\"thumbnailUrl\":\"https:\/\/vosgesinfo.fr\/app\/uploads\/sites\/5\/2024\/09\/201903lequipe-1-scaled.jpg\",\"datePublished\":\"2019-03-05T08:10:26+00:00\",\"dateModified\":\"2019-03-05T08:10:26+00:00\",\"breadcrumb\":{\"@id\":\"https:\/\/vosgesinfo.fr\/remiremontinfo\/2019\/03\/fc-ballons-belle-victoire-de-lequipe-fanion\/#breadcrumb\"},\"inLanguage\":\"fr-FR\",\"potentialAction\":[{\"@type\":\"ReadAction\",\"target\":[\"https:\/\/vosgesinfo.fr\/remiremontinfo\/2019\/03\/fc-ballons-belle-victoire-de-lequipe-fanion\/\"]}]},{\"@type\":\"ImageObject\",\"inLanguage\":\"fr-FR\",\"@id\":\"https:\/\/vosgesinfo.fr\/remiremontinfo\/2019\/03\/fc-ballons-belle-victoire-de-lequipe-fanion\/#primaryimage\",\"url\":\"https:\/\/vosgesinfo.fr\/app\/uploads\/sites\/5\/2024\/09\/201903lequipe-1-scaled.jpg\",\"contentUrl\":\"https:\/\/vosgesinfo.fr\/app\/uploads\/sites\/5\/2024\/09\/201903lequipe-1-scaled.jpg\",\"width\":2560,\"height\":1244},{\"@type\":\"BreadcrumbList\",\"@id\":\"https:\/\/vosgesinfo.fr\/remiremontinfo\/2019\/03\/fc-ballons-belle-victoire-de-lequipe-fanion\/#breadcrumb\",\"itemListElement\":[{\"@type\":\"ListItem\",\"position\":1,\"name\":\"Home\",\"item\":\"https:\/\/vosgesinfo.fr\/remiremontinfo\/\"},{\"@type\":\"ListItem\",\"position\":2,\"name\":\"FC des Ballons : belle victoire de l\u2019\u00e9quipe fanion !\"}]},{\"@type\":\"WebSite\",\"@id\":\"https:\/\/vosgesinfo.fr\/remiremontinfo\/#website\",\"url\":\"https:\/\/vosgesinfo.fr\/remiremontinfo\/\",\"name\":\"Remiremont Info\",\"description\":\"Toute l&#039;actualit\u00e9 de Remiremont\",\"publisher\":{\"@id\":\"https:\/\/vosgesinfo.fr\/remiremontinfo\/#organization\"},\"alternateName\":\"Toute l'actualit\u00e9 de Remiremont\",\"potentialAction\":[{\"@type\":\"SearchAction\",\"target\":{\"@type\":\"EntryPoint\",\"urlTemplate\":\"https:\/\/vosgesinfo.fr\/remiremontinfo\/?s={search_term_string}\"},\"query-input\":\"required name=search_term_string\"}],\"inLanguage\":\"fr-FR\"},{\"@type\":\"Organization\",\"@id\":\"https:\/\/vosgesinfo.fr\/remiremontinfo\/#organization\",\"name\":\"Remiremont Info\",\"url\":\"https:\/\/vosgesinfo.fr\/remiremontinfo\/\",\"logo\":{\"@type\":\"ImageObject\",\"inLanguage\":\"fr-FR\",\"@id\":\"https:\/\/vosgesinfo.fr\/remiremontinfo\/#\/schema\/logo\/image\/\",\"url\":\"https:\/\/vosgesinfo.fr\/app\/uploads\/sites\/5\/2023\/08\/favicon-remiremontinfo.png\",\"contentUrl\":\"https:\/\/vosgesinfo.fr\/app\/uploads\/sites\/5\/2023\/08\/favicon-remiremontinfo.png\",\"width\":512,\"height\":512,\"caption\":\"Remiremont Info\"},\"image\":{\"@id\":\"https:\/\/vosgesinfo.fr\/remiremontinfo\/#\/schema\/logo\/image\/\"},\"sameAs\":[\"https:\/\/www.facebook.com\/remiremontinfo\",\"https:\/\/x.com\/VosgesInfo88\",\"https:\/\/www.youtube.com\/@vosgesinfo\"]},{\"@type\":\"Person\",\"@id\":\"https:\/\/vosgesinfo.fr\/remiremontinfo\/#\/schema\/person\/3bfd164d5218a185b1db68655a265316\",\"name\":\"C D\",\"image\":{\"@type\":\"ImageObject\",\"inLanguage\":\"fr-FR\",\"@id\":\"https:\/\/vosgesinfo.fr\/remiremontinfo\/#\/schema\/person\/image\/\",\"url\":\"https:\/\/secure.gravatar.com\/avatar\/1f9a70007336511a47468b8f1c66f922b8b7cf617b02a31149ada43893a5d48f?s=96&d=mm&r=g\",\"contentUrl\":\"https:\/\/secure.gravatar.com\/avatar\/1f9a70007336511a47468b8f1c66f922b8b7cf617b02a31149ada43893a5d48f?s=96&d=mm&r=g\",\"caption\":\"C D\"},\"url\":\"https:\/\/vosgesinfo.fr\/remiremontinfo\/author\/cedric-drevet\/\"}]}<\/script>\n<!-- \/ Yoast SEO plugin. -->","yoast_head_json":{"title":"FC des Ballons : belle victoire de l\u2019\u00e9quipe fanion ! - Remiremont Info","robots":{"index":"index","follow":"follow","max-snippet":"max-snippet:-1","max-image-preview":"max-image-preview:large","max-video-preview":"max-video-preview:-1"},"canonical":"https:\/\/vosgesinfo.fr\/remiremontinfo\/2019\/03\/fc-ballons-belle-victoire-de-lequipe-fanion\/","twitter_card":"summary_large_image","twitter_title":"FC des Ballons : belle victoire de l\u2019\u00e9quipe fanion ! - Remiremont Info","twitter_description":"U7 et U9 Pas de plateaux pour le moment pour les petits. L&rsquo;entra\u00eenement a repris avec 22 joueurs et joueuses. [&hellip;]","twitter_image":"https:\/\/vosgesinfo.fr\/app\/uploads\/sites\/5\/2024\/09\/201903lequipe-1-scaled.jpg","twitter_creator":"@VosgesInfo88","twitter_site":"@VosgesInfo88","twitter_misc":{"\u00c9crit par":"C D","Dur\u00e9e de lecture estim\u00e9e":"3 minutes"},"schema":{"@context":"https:\/\/schema.org","@graph":[{"@type":"Article","@id":"https:\/\/vosgesinfo.fr\/remiremontinfo\/2019\/03\/fc-ballons-belle-victoire-de-lequipe-fanion\/#article","isPartOf":{"@id":"https:\/\/vosgesinfo.fr\/remiremontinfo\/2019\/03\/fc-ballons-belle-victoire-de-lequipe-fanion\/"},"author":{"name":"C D","@id":"https:\/\/vosgesinfo.fr\/remiremontinfo\/#\/schema\/person\/3bfd164d5218a185b1db68655a265316"},"headline":"FC des Ballons : belle victoire de l\u2019\u00e9quipe fanion !","datePublished":"2019-03-05T08:10:26+00:00","dateModified":"2019-03-05T08:10:26+00:00","mainEntityOfPage":{"@id":"https:\/\/vosgesinfo.fr\/remiremontinfo\/2019\/03\/fc-ballons-belle-victoire-de-lequipe-fanion\/"},"wordCount":548,"commentCount":0,"publisher":{"@id":"https:\/\/vosgesinfo.fr\/remiremontinfo\/#organization"},"image":{"@id":"https:\/\/vosgesinfo.fr\/remiremontinfo\/2019\/03\/fc-ballons-belle-victoire-de-lequipe-fanion\/#primaryimage"},"thumbnailUrl":"https:\/\/vosgesinfo.fr\/app\/uploads\/sites\/5\/2024\/09\/201903lequipe-1-scaled.jpg","articleSection":["A la Une","Sport","Vosges"],"inLanguage":"fr-FR","potentialAction":[{"@type":"CommentAction","name":"Comment","target":["https:\/\/vosgesinfo.fr\/remiremontinfo\/2019\/03\/fc-ballons-belle-victoire-de-lequipe-fanion\/#respond"]}]},{"@type":"WebPage","@id":"https:\/\/vosgesinfo.fr\/remiremontinfo\/2019\/03\/fc-ballons-belle-victoire-de-lequipe-fanion\/","url":"https:\/\/vosgesinfo.fr\/remiremontinfo\/2019\/03\/fc-ballons-belle-victoire-de-lequipe-fanion\/","name":"FC des Ballons : belle victoire de l\u2019\u00e9quipe fanion ! - Remiremont Info","isPartOf":{"@id":"https:\/\/vosgesinfo.fr\/remiremontinfo\/#website"},"primaryImageOfPage":{"@id":"https:\/\/vosgesinfo.fr\/remiremontinfo\/2019\/03\/fc-ballons-belle-victoire-de-lequipe-fanion\/#primaryimage"},"image":{"@id":"https:\/\/vosgesinfo.fr\/remiremontinfo\/2019\/03\/fc-ballons-belle-victoire-de-lequipe-fanion\/#primaryimage"},"thumbnailUrl":"https:\/\/vosgesinfo.fr\/app\/uploads\/sites\/5\/2024\/09\/201903lequipe-1-scaled.jpg","datePublished":"2019-03-05T08:10:26+00:00","dateModified":"2019-03-05T08:10:26+00:00","breadcrumb":{"@id":"https:\/\/vosgesinfo.fr\/remiremontinfo\/2019\/03\/fc-ballons-belle-victoire-de-lequipe-fanion\/#breadcrumb"},"inLanguage":"fr-FR","potentialAction":[{"@type":"ReadAction","target":["https:\/\/vosgesinfo.fr\/remiremontinfo\/2019\/03\/fc-ballons-belle-victoire-de-lequipe-fanion\/"]}]},{"@type":"ImageObject","inLanguage":"fr-FR","@id":"https:\/\/vosgesinfo.fr\/remiremontinfo\/2019\/03\/fc-ballons-belle-victoire-de-lequipe-fanion\/#primaryimage","url":"https:\/\/vosgesinfo.fr\/app\/uploads\/sites\/5\/2024\/09\/201903lequipe-1-scaled.jpg","contentUrl":"https:\/\/vosgesinfo.fr\/app\/uploads\/sites\/5\/2024\/09\/201903lequipe-1-scaled.jpg","width":2560,"height":1244},{"@type":"BreadcrumbList","@id":"https:\/\/vosgesinfo.fr\/remiremontinfo\/2019\/03\/fc-ballons-belle-victoire-de-lequipe-fanion\/#breadcrumb","itemListElement":[{"@type":"ListItem","position":1,"name":"Home","item":"https:\/\/vosgesinfo.fr\/remiremontinfo\/"},{"@type":"ListItem","position":2,"name":"FC des Ballons : belle victoire de l\u2019\u00e9quipe fanion !"}]},{"@type":"WebSite","@id":"https:\/\/vosgesinfo.fr\/remiremontinfo\/#website","url":"https:\/\/vosgesinfo.fr\/remiremontinfo\/","name":"Remiremont Info","description":"Toute l&#039;actualit\u00e9 de Remiremont","publisher":{"@id":"https:\/\/vosgesinfo.fr\/remiremontinfo\/#organization"},"alternateName":"Toute l'actualit\u00e9 de Remiremont","potentialAction":[{"@type":"SearchAction","target":{"@type":"EntryPoint","urlTemplate":"https:\/\/vosgesinfo.fr\/remiremontinfo\/?s={search_term_string}"},"query-input":"required name=search_term_string"}],"inLanguage":"fr-FR"},{"@type":"Organization","@id":"https:\/\/vosgesinfo.fr\/remiremontinfo\/#organization","name":"Remiremont Info","url":"https:\/\/vosgesinfo.fr\/remiremontinfo\/","logo":{"@type":"ImageObject","inLanguage":"fr-FR","@id":"https:\/\/vosgesinfo.fr\/remiremontinfo\/#\/schema\/logo\/image\/","url":"https:\/\/vosgesinfo.fr\/app\/uploads\/sites\/5\/2023\/08\/favicon-remiremontinfo.png","contentUrl":"https:\/\/vosgesinfo.fr\/app\/uploads\/sites\/5\/2023\/08\/favicon-remiremontinfo.png","width":512,"height":512,"caption":"Remiremont Info"},"image":{"@id":"https:\/\/vosgesinfo.fr\/remiremontinfo\/#\/schema\/logo\/image\/"},"sameAs":["https:\/\/www.facebook.com\/remiremontinfo","https:\/\/x.com\/VosgesInfo88","https:\/\/www.youtube.com\/@vosgesinfo"]},{"@type":"Person","@id":"https:\/\/vosgesinfo.fr\/remiremontinfo\/#\/schema\/person\/3bfd164d5218a185b1db68655a265316","name":"C D","image":{"@type":"ImageObject","inLanguage":"fr-FR","@id":"https:\/\/vosgesinfo.fr\/remiremontinfo\/#\/schema\/person\/image\/","url":"https:\/\/secure.gravatar.com\/avatar\/1f9a70007336511a47468b8f1c66f922b8b7cf617b02a31149ada43893a5d48f?s=96&d=mm&r=g","contentUrl":"https:\/\/secure.gravatar.com\/avatar\/1f9a70007336511a47468b8f1c66f922b8b7cf617b02a31149ada43893a5d48f?s=96&d=mm&r=g","caption":"C D"},"url":"https:\/\/vosgesinfo.fr\/remiremontinfo\/author\/cedric-drevet\/"}]}},"_links":{"self":[{"href":"https:\/\/vosgesinfo.fr\/remiremontinfo\/wp-json\/wp\/v2\/posts\/11505","targetHints":{"allow":["GET"]}}],"collection":[{"href":"https:\/\/vosgesinfo.fr\/remiremontinfo\/wp-json\/wp\/v2\/posts"}],"about":[{"href":"https:\/\/vosgesinfo.fr\/remiremontinfo\/wp-json\/wp\/v2\/types\/post"}],"author":[{"embeddable":true,"href":"https:\/\/vosgesinfo.fr\/remiremontinfo\/wp-json\/wp\/v2\/users\/407"}],"replies":[{"embeddable":true,"href":"https:\/\/vosgesinfo.fr\/remiremontinfo\/wp-json\/wp\/v2\/comments?post=11505"}],"version-history":[{"count":0,"href":"https:\/\/vosgesinfo.fr\/remiremontinfo\/wp-json\/wp\/v2\/posts\/11505\/revisions"}],"wp:featuredmedia":[{"embeddable":true,"href":"https:\/\/vosgesinfo.fr\/remiremontinfo\/wp-json\/wp\/v2\/media\/11506"}],"wp:attachment":[{"href":"https:\/\/vosgesinfo.fr\/remiremontinfo\/wp-json\/wp\/v2\/media?parent=11505"}],"wp:term":[{"taxonomy":"category","embeddable":true,"href":"https:\/\/vosgesinfo.fr\/remiremontinfo\/wp-json\/wp\/v2\/categories?post=11505"},{"taxonomy":"post_tag","embeddable":true,"href":"https:\/\/vosgesinfo.fr\/remiremontinfo\/wp-json\/wp\/v2\/tags?post=11505"}],"curies":[{"name":"wp","href":"https:\/\/api.w.org\/{rel}","templated":true}]}}