{"id":11507,"date":"2019-03-05T09:34:37","date_gmt":"2019-03-05T08:34:37","guid":{"rendered":"https:\/\/vosgesinfo.fr\/remiremontinfo\/2019\/03\/saint-nabord-amis-lorrains-laos-se-reunis-samedi-assemblee-generale\/"},"modified":"2019-03-05T09:34:37","modified_gmt":"2019-03-05T08:34:37","slug":"saint-nabord-amis-lorrains-laos-se-reunis-samedi-assemblee-generale","status":"publish","type":"post","link":"https:\/\/vosgesinfo.fr\/remiremontinfo\/2019\/03\/saint-nabord-amis-lorrains-laos-se-reunis-samedi-assemblee-generale\/","title":{"rendered":"Saint-Nabord : Les Amis Lorrains du Laos se sont r\u00e9unis ce samedi pour leur assembl\u00e9e g\u00e9n\u00e9rale"},"content":{"rendered":"<h2 class=\"p1\"><a href=\"\/2019\/03\/IMG_2963.jpg\"><img decoding=\"async\" class=\"alignnone size-large wp-image-254632\" src=\"\/2019\/03\/IMG_2963-1024x683.jpg\" alt=\"IMG_2963\" width=\"960\" height=\"640\" \/><\/a><\/h2>\n<h2 class=\"p1\"><span style=\"font-size: 12pt;\"><strong><span class=\"s1\">L\u2019assembl\u00e9e g\u00e9n\u00e9rale des Amis Lorrains du Laos s\u2019est d\u00e9roul\u00e9e ce samedi 2 mars au centre socio-culturel de Saint-Nabord devant un auditoire de 80 personnes. L\u2019ONG, qui compte 105 personnes affili\u00e9es, agit particul\u00e8rement au niveau de la sant\u00e9 et de l&rsquo;adduction d&rsquo;eau dans les contr\u00e9es particuli\u00e8rement n\u00e9cessiteuses du Nord Laos.<\/span><\/strong><\/span><\/h2>\n<p class=\"p1\"><strong><em><span class=\"s1\">Suivant le rapport d&rsquo;activit\u00e9, les principales actions 2018 ont \u00e9t\u00e9 les suivantes : <\/span><\/em><\/strong><\/p>\n<p class=\"p1\"><span class=\"s1\"> &#8211; Participation financi\u00e8re pour la construction de 32 latrines dans le village de Ban Houay Lome ; 53 \u00e0 Ban Moklavan ; 35 \u00e0 Tong Thouh, ainsi que pour l&rsquo;am\u00e9lioration du r\u00e9seau d&rsquo;eau et la formation d&rsquo;une 2\u00e8me matronne dans ce m\u00eame village.<\/span><\/p>\n<p class=\"p1\"><span class=\"s1\"> &#8211; Allocation d&rsquo;une bourse d&rsquo;\u00e9tude de 1000 \u20ac \u00e0 une \u00e9tudiante en m\u00e9decine n\u00e9cessiteuse.<\/span><\/p>\n<p class=\"p1\"><span class=\"s1\"> &#8211; Achat d\u2019un bateau ambulance pour le dispensaire de Lat Khmoun.<\/span><\/p>\n<p class=\"p1\"><span class=\"s1\"> &#8211; Etude de financement pour construire une \u00e9cole de village \u00e0 Ban Phiamay Gnay. <\/span><\/p>\n<p class=\"p1\"><span class=\"s1\"> &#8211; Sans compter les \u00e9valuations sur le terrain de Etienne G\u00e9hin, Ren\u00e9e-Lise et Bernard Schmitt , tous m\u00e9decins, en avril 2018.<\/span><\/p>\n<p class=\"p1\"><span class=\"s1\"> &#8211; Conf\u00e9rence d\u00e9bat \u00e0 Dommartin en juin sur le th\u00e8me de la \u00ab\u00a0place de l&rsquo;enfant au Laos\u00a0\u00bb avec la participation de deux Laotiennes : Manivone et Intoulath.<\/span><\/p>\n<p class=\"p1\"><span class=\"s1\"> &#8211; Participation \u00e0 \u00ab\u00a0Festival Grand Angle\u00a0\u00bb \u00e0 Epinal.<\/span><\/p>\n<p class=\"p1\"><span class=\"s1\"><b><i>Les projets pour 2019 sont les suivants :<\/i><\/b><\/span><\/p>\n<p class=\"p1\"><span class=\"s1\">&#8211; Continuer \u00e0 analyser sur le terrain les besoins actuels et \u00e9valuer nos possibilit\u00e9s afin d\u2019 y r\u00e9pondre.<\/span><\/p>\n<p class=\"p1\"><span class=\"s1\">&#8211; Poursuivre le travail en partenariat : Tsimoka ; CCL ; Ligue de l&rsquo;enseignement etc.<\/span><\/p>\n<p class=\"p1\"><span class=\"s1\">&#8211; Trouver d\u2019autres sources de financement<\/span><\/p>\n<p class=\"p1\"><span class=\"s1\">&#8211; Continuer la coop\u00e9ration avec (GESCOD) et avec l\u2019Agence de l\u2019Eau<\/span><\/p>\n<p class=\"p1\"><span class=\"s1\">&#8211; Rajeunir l\u2019association et continuer le partage des responsabilit\u00e9s<\/span><\/p>\n<p class=\"p1\"><span class=\"s1\">&#8211; Communiquer : mise en place d&rsquo;un groupe de travail sur la solidarit\u00e9 internationale avec les coll\u00e8ges, m\u00e9diath\u00e9ques, associations.<\/span><\/p>\n<p class=\"p1\"><span class=\"s1\">L\u2019AG s\u2019est termin\u00e9e par la conf\u00e9rence d&rsquo;Etienne G\u00e9hin, pr\u00e9sident de l\u2019association, sur le th\u00e8me : \u00ab\u00a0Changement climatique et mutation agricole au Laos\u00a0\u00bb suivi avec grand int\u00e9r\u00eat par l&rsquo;assistance avec en particulier des explications quant aux alternatives \u00e0 \u00ab\u00a0l&rsquo;essartage\u00a0\u00bb. Ce dernier consiste \u00e0 br\u00fbler une partie de la for\u00eat pour y pratiquer la culture du riz de pente.<\/span><\/p>\n\n<p class=\"p1\">\n","protected":false},"excerpt":{"rendered":"<p>L\u2019assembl\u00e9e g\u00e9n\u00e9rale des Amis Lorrains du Laos s\u2019est d\u00e9roul\u00e9e ce samedi 2 mars au centre socio-culturel de Saint-Nabord devant un [&hellip;]<\/p>\n","protected":false},"author":407,"featured_media":11508,"comment_status":"open","ping_status":"open","sticky":false,"template":"","format":"standard","meta":{"footnotes":""},"categories":[26,17],"tags":[],"class_list":["post-11507","post","type-post","status-publish","format-standard","has-post-thumbnail","hentry","category-a-la-une","category-vie-associative"],"acf":[],"yoast_head":"<!-- This site is optimized with the Yoast SEO plugin v22.5 - https:\/\/yoast.com\/wordpress\/plugins\/seo\/ -->\n<title>Saint-Nabord : Les Amis Lorrains du Laos se sont r\u00e9unis ce samedi pour leur assembl\u00e9e g\u00e9n\u00e9rale - Remiremont Info<\/title>\n<meta name=\"robots\" content=\"index, follow, max-snippet:-1, max-image-preview:large, max-video-preview:-1\" \/>\n<link rel=\"canonical\" href=\"https:\/\/vosgesinfo.fr\/remiremontinfo\/2019\/03\/saint-nabord-amis-lorrains-laos-se-reunis-samedi-assemblee-generale\/\" \/>\n<meta name=\"twitter:card\" content=\"summary_large_image\" \/>\n<meta name=\"twitter:title\" content=\"Saint-Nabord : Les Amis Lorrains du Laos se sont r\u00e9unis ce samedi pour leur assembl\u00e9e g\u00e9n\u00e9rale - Remiremont Info\" \/>\n<meta name=\"twitter:description\" content=\"L\u2019assembl\u00e9e g\u00e9n\u00e9rale des Amis Lorrains du Laos s\u2019est d\u00e9roul\u00e9e ce samedi 2 mars au centre socio-culturel de Saint-Nabord devant un [&hellip;]\" \/>\n<meta name=\"twitter:image\" content=\"https:\/\/vosgesinfo.fr\/app\/uploads\/sites\/5\/2024\/09\/201903img-2963-scaled.jpg\" \/>\n<meta name=\"twitter:creator\" content=\"@VosgesInfo88\" \/>\n<meta name=\"twitter:site\" content=\"@VosgesInfo88\" \/>\n<meta name=\"twitter:label1\" content=\"\u00c9crit par\" \/>\n\t<meta name=\"twitter:data1\" content=\"C D\" \/>\n\t<meta name=\"twitter:label2\" content=\"Dur\u00e9e de lecture estim\u00e9e\" \/>\n\t<meta name=\"twitter:data2\" content=\"2 minutes\" \/>\n<script type=\"application\/ld+json\" class=\"yoast-schema-graph\">{\"@context\":\"https:\/\/schema.org\",\"@graph\":[{\"@type\":\"Article\",\"@id\":\"https:\/\/vosgesinfo.fr\/remiremontinfo\/2019\/03\/saint-nabord-amis-lorrains-laos-se-reunis-samedi-assemblee-generale\/#article\",\"isPartOf\":{\"@id\":\"https:\/\/vosgesinfo.fr\/remiremontinfo\/2019\/03\/saint-nabord-amis-lorrains-laos-se-reunis-samedi-assemblee-generale\/\"},\"author\":{\"name\":\"C D\",\"@id\":\"https:\/\/vosgesinfo.fr\/remiremontinfo\/#\/schema\/person\/3bfd164d5218a185b1db68655a265316\"},\"headline\":\"Saint-Nabord : Les Amis Lorrains du Laos se sont r\u00e9unis ce samedi pour leur assembl\u00e9e g\u00e9n\u00e9rale\",\"datePublished\":\"2019-03-05T08:34:37+00:00\",\"dateModified\":\"2019-03-05T08:34:37+00:00\",\"mainEntityOfPage\":{\"@id\":\"https:\/\/vosgesinfo.fr\/remiremontinfo\/2019\/03\/saint-nabord-amis-lorrains-laos-se-reunis-samedi-assemblee-generale\/\"},\"wordCount\":401,\"commentCount\":0,\"publisher\":{\"@id\":\"https:\/\/vosgesinfo.fr\/remiremontinfo\/#organization\"},\"image\":{\"@id\":\"https:\/\/vosgesinfo.fr\/remiremontinfo\/2019\/03\/saint-nabord-amis-lorrains-laos-se-reunis-samedi-assemblee-generale\/#primaryimage\"},\"thumbnailUrl\":\"https:\/\/vosgesinfo.fr\/app\/uploads\/sites\/5\/2024\/09\/201903img-2963-scaled.jpg\",\"articleSection\":[\"A la Une\",\"Vie associative\"],\"inLanguage\":\"fr-FR\",\"potentialAction\":[{\"@type\":\"CommentAction\",\"name\":\"Comment\",\"target\":[\"https:\/\/vosgesinfo.fr\/remiremontinfo\/2019\/03\/saint-nabord-amis-lorrains-laos-se-reunis-samedi-assemblee-generale\/#respond\"]}]},{\"@type\":\"WebPage\",\"@id\":\"https:\/\/vosgesinfo.fr\/remiremontinfo\/2019\/03\/saint-nabord-amis-lorrains-laos-se-reunis-samedi-assemblee-generale\/\",\"url\":\"https:\/\/vosgesinfo.fr\/remiremontinfo\/2019\/03\/saint-nabord-amis-lorrains-laos-se-reunis-samedi-assemblee-generale\/\",\"name\":\"Saint-Nabord : Les Amis Lorrains du Laos se sont r\u00e9unis ce samedi pour leur assembl\u00e9e g\u00e9n\u00e9rale - Remiremont Info\",\"isPartOf\":{\"@id\":\"https:\/\/vosgesinfo.fr\/remiremontinfo\/#website\"},\"primaryImageOfPage\":{\"@id\":\"https:\/\/vosgesinfo.fr\/remiremontinfo\/2019\/03\/saint-nabord-amis-lorrains-laos-se-reunis-samedi-assemblee-generale\/#primaryimage\"},\"image\":{\"@id\":\"https:\/\/vosgesinfo.fr\/remiremontinfo\/2019\/03\/saint-nabord-amis-lorrains-laos-se-reunis-samedi-assemblee-generale\/#primaryimage\"},\"thumbnailUrl\":\"https:\/\/vosgesinfo.fr\/app\/uploads\/sites\/5\/2024\/09\/201903img-2963-scaled.jpg\",\"datePublished\":\"2019-03-05T08:34:37+00:00\",\"dateModified\":\"2019-03-05T08:34:37+00:00\",\"breadcrumb\":{\"@id\":\"https:\/\/vosgesinfo.fr\/remiremontinfo\/2019\/03\/saint-nabord-amis-lorrains-laos-se-reunis-samedi-assemblee-generale\/#breadcrumb\"},\"inLanguage\":\"fr-FR\",\"potentialAction\":[{\"@type\":\"ReadAction\",\"target\":[\"https:\/\/vosgesinfo.fr\/remiremontinfo\/2019\/03\/saint-nabord-amis-lorrains-laos-se-reunis-samedi-assemblee-generale\/\"]}]},{\"@type\":\"ImageObject\",\"inLanguage\":\"fr-FR\",\"@id\":\"https:\/\/vosgesinfo.fr\/remiremontinfo\/2019\/03\/saint-nabord-amis-lorrains-laos-se-reunis-samedi-assemblee-generale\/#primaryimage\",\"url\":\"https:\/\/vosgesinfo.fr\/app\/uploads\/sites\/5\/2024\/09\/201903img-2963-scaled.jpg\",\"contentUrl\":\"https:\/\/vosgesinfo.fr\/app\/uploads\/sites\/5\/2024\/09\/201903img-2963-scaled.jpg\",\"width\":2560,\"height\":1707},{\"@type\":\"BreadcrumbList\",\"@id\":\"https:\/\/vosgesinfo.fr\/remiremontinfo\/2019\/03\/saint-nabord-amis-lorrains-laos-se-reunis-samedi-assemblee-generale\/#breadcrumb\",\"itemListElement\":[{\"@type\":\"ListItem\",\"position\":1,\"name\":\"Home\",\"item\":\"https:\/\/vosgesinfo.fr\/remiremontinfo\/\"},{\"@type\":\"ListItem\",\"position\":2,\"name\":\"Saint-Nabord : Les Amis Lorrains du Laos se sont r\u00e9unis ce samedi pour leur assembl\u00e9e g\u00e9n\u00e9rale\"}]},{\"@type\":\"WebSite\",\"@id\":\"https:\/\/vosgesinfo.fr\/remiremontinfo\/#website\",\"url\":\"https:\/\/vosgesinfo.fr\/remiremontinfo\/\",\"name\":\"Remiremont Info\",\"description\":\"Toute l&#039;actualit\u00e9 de Remiremont\",\"publisher\":{\"@id\":\"https:\/\/vosgesinfo.fr\/remiremontinfo\/#organization\"},\"alternateName\":\"Toute l'actualit\u00e9 de Remiremont\",\"potentialAction\":[{\"@type\":\"SearchAction\",\"target\":{\"@type\":\"EntryPoint\",\"urlTemplate\":\"https:\/\/vosgesinfo.fr\/remiremontinfo\/?s={search_term_string}\"},\"query-input\":\"required name=search_term_string\"}],\"inLanguage\":\"fr-FR\"},{\"@type\":\"Organization\",\"@id\":\"https:\/\/vosgesinfo.fr\/remiremontinfo\/#organization\",\"name\":\"Remiremont Info\",\"url\":\"https:\/\/vosgesinfo.fr\/remiremontinfo\/\",\"logo\":{\"@type\":\"ImageObject\",\"inLanguage\":\"fr-FR\",\"@id\":\"https:\/\/vosgesinfo.fr\/remiremontinfo\/#\/schema\/logo\/image\/\",\"url\":\"https:\/\/vosgesinfo.fr\/app\/uploads\/sites\/5\/2023\/08\/favicon-remiremontinfo.png\",\"contentUrl\":\"https:\/\/vosgesinfo.fr\/app\/uploads\/sites\/5\/2023\/08\/favicon-remiremontinfo.png\",\"width\":512,\"height\":512,\"caption\":\"Remiremont Info\"},\"image\":{\"@id\":\"https:\/\/vosgesinfo.fr\/remiremontinfo\/#\/schema\/logo\/image\/\"},\"sameAs\":[\"https:\/\/www.facebook.com\/remiremontinfo\",\"https:\/\/x.com\/VosgesInfo88\",\"https:\/\/www.youtube.com\/@vosgesinfo\"]},{\"@type\":\"Person\",\"@id\":\"https:\/\/vosgesinfo.fr\/remiremontinfo\/#\/schema\/person\/3bfd164d5218a185b1db68655a265316\",\"name\":\"C D\",\"image\":{\"@type\":\"ImageObject\",\"inLanguage\":\"fr-FR\",\"@id\":\"https:\/\/vosgesinfo.fr\/remiremontinfo\/#\/schema\/person\/image\/\",\"url\":\"https:\/\/secure.gravatar.com\/avatar\/1f9a70007336511a47468b8f1c66f922b8b7cf617b02a31149ada43893a5d48f?s=96&d=mm&r=g\",\"contentUrl\":\"https:\/\/secure.gravatar.com\/avatar\/1f9a70007336511a47468b8f1c66f922b8b7cf617b02a31149ada43893a5d48f?s=96&d=mm&r=g\",\"caption\":\"C D\"},\"url\":\"https:\/\/vosgesinfo.fr\/remiremontinfo\/author\/cedric-drevet\/\"}]}<\/script>\n<!-- \/ Yoast SEO plugin. -->","yoast_head_json":{"title":"Saint-Nabord : Les Amis Lorrains du Laos se sont r\u00e9unis ce samedi pour leur assembl\u00e9e g\u00e9n\u00e9rale - Remiremont Info","robots":{"index":"index","follow":"follow","max-snippet":"max-snippet:-1","max-image-preview":"max-image-preview:large","max-video-preview":"max-video-preview:-1"},"canonical":"https:\/\/vosgesinfo.fr\/remiremontinfo\/2019\/03\/saint-nabord-amis-lorrains-laos-se-reunis-samedi-assemblee-generale\/","twitter_card":"summary_large_image","twitter_title":"Saint-Nabord : Les Amis Lorrains du Laos se sont r\u00e9unis ce samedi pour leur assembl\u00e9e g\u00e9n\u00e9rale - Remiremont Info","twitter_description":"L\u2019assembl\u00e9e g\u00e9n\u00e9rale des Amis Lorrains du Laos s\u2019est d\u00e9roul\u00e9e ce samedi 2 mars au centre socio-culturel de Saint-Nabord devant un [&hellip;]","twitter_image":"https:\/\/vosgesinfo.fr\/app\/uploads\/sites\/5\/2024\/09\/201903img-2963-scaled.jpg","twitter_creator":"@VosgesInfo88","twitter_site":"@VosgesInfo88","twitter_misc":{"\u00c9crit par":"C D","Dur\u00e9e de lecture estim\u00e9e":"2 minutes"},"schema":{"@context":"https:\/\/schema.org","@graph":[{"@type":"Article","@id":"https:\/\/vosgesinfo.fr\/remiremontinfo\/2019\/03\/saint-nabord-amis-lorrains-laos-se-reunis-samedi-assemblee-generale\/#article","isPartOf":{"@id":"https:\/\/vosgesinfo.fr\/remiremontinfo\/2019\/03\/saint-nabord-amis-lorrains-laos-se-reunis-samedi-assemblee-generale\/"},"author":{"name":"C D","@id":"https:\/\/vosgesinfo.fr\/remiremontinfo\/#\/schema\/person\/3bfd164d5218a185b1db68655a265316"},"headline":"Saint-Nabord : Les Amis Lorrains du Laos se sont r\u00e9unis ce samedi pour leur assembl\u00e9e g\u00e9n\u00e9rale","datePublished":"2019-03-05T08:34:37+00:00","dateModified":"2019-03-05T08:34:37+00:00","mainEntityOfPage":{"@id":"https:\/\/vosgesinfo.fr\/remiremontinfo\/2019\/03\/saint-nabord-amis-lorrains-laos-se-reunis-samedi-assemblee-generale\/"},"wordCount":401,"commentCount":0,"publisher":{"@id":"https:\/\/vosgesinfo.fr\/remiremontinfo\/#organization"},"image":{"@id":"https:\/\/vosgesinfo.fr\/remiremontinfo\/2019\/03\/saint-nabord-amis-lorrains-laos-se-reunis-samedi-assemblee-generale\/#primaryimage"},"thumbnailUrl":"https:\/\/vosgesinfo.fr\/app\/uploads\/sites\/5\/2024\/09\/201903img-2963-scaled.jpg","articleSection":["A la Une","Vie associative"],"inLanguage":"fr-FR","potentialAction":[{"@type":"CommentAction","name":"Comment","target":["https:\/\/vosgesinfo.fr\/remiremontinfo\/2019\/03\/saint-nabord-amis-lorrains-laos-se-reunis-samedi-assemblee-generale\/#respond"]}]},{"@type":"WebPage","@id":"https:\/\/vosgesinfo.fr\/remiremontinfo\/2019\/03\/saint-nabord-amis-lorrains-laos-se-reunis-samedi-assemblee-generale\/","url":"https:\/\/vosgesinfo.fr\/remiremontinfo\/2019\/03\/saint-nabord-amis-lorrains-laos-se-reunis-samedi-assemblee-generale\/","name":"Saint-Nabord : Les Amis Lorrains du Laos se sont r\u00e9unis ce samedi pour leur assembl\u00e9e g\u00e9n\u00e9rale - Remiremont Info","isPartOf":{"@id":"https:\/\/vosgesinfo.fr\/remiremontinfo\/#website"},"primaryImageOfPage":{"@id":"https:\/\/vosgesinfo.fr\/remiremontinfo\/2019\/03\/saint-nabord-amis-lorrains-laos-se-reunis-samedi-assemblee-generale\/#primaryimage"},"image":{"@id":"https:\/\/vosgesinfo.fr\/remiremontinfo\/2019\/03\/saint-nabord-amis-lorrains-laos-se-reunis-samedi-assemblee-generale\/#primaryimage"},"thumbnailUrl":"https:\/\/vosgesinfo.fr\/app\/uploads\/sites\/5\/2024\/09\/201903img-2963-scaled.jpg","datePublished":"2019-03-05T08:34:37+00:00","dateModified":"2019-03-05T08:34:37+00:00","breadcrumb":{"@id":"https:\/\/vosgesinfo.fr\/remiremontinfo\/2019\/03\/saint-nabord-amis-lorrains-laos-se-reunis-samedi-assemblee-generale\/#breadcrumb"},"inLanguage":"fr-FR","potentialAction":[{"@type":"ReadAction","target":["https:\/\/vosgesinfo.fr\/remiremontinfo\/2019\/03\/saint-nabord-amis-lorrains-laos-se-reunis-samedi-assemblee-generale\/"]}]},{"@type":"ImageObject","inLanguage":"fr-FR","@id":"https:\/\/vosgesinfo.fr\/remiremontinfo\/2019\/03\/saint-nabord-amis-lorrains-laos-se-reunis-samedi-assemblee-generale\/#primaryimage","url":"https:\/\/vosgesinfo.fr\/app\/uploads\/sites\/5\/2024\/09\/201903img-2963-scaled.jpg","contentUrl":"https:\/\/vosgesinfo.fr\/app\/uploads\/sites\/5\/2024\/09\/201903img-2963-scaled.jpg","width":2560,"height":1707},{"@type":"BreadcrumbList","@id":"https:\/\/vosgesinfo.fr\/remiremontinfo\/2019\/03\/saint-nabord-amis-lorrains-laos-se-reunis-samedi-assemblee-generale\/#breadcrumb","itemListElement":[{"@type":"ListItem","position":1,"name":"Home","item":"https:\/\/vosgesinfo.fr\/remiremontinfo\/"},{"@type":"ListItem","position":2,"name":"Saint-Nabord : Les Amis Lorrains du Laos se sont r\u00e9unis ce samedi pour leur assembl\u00e9e g\u00e9n\u00e9rale"}]},{"@type":"WebSite","@id":"https:\/\/vosgesinfo.fr\/remiremontinfo\/#website","url":"https:\/\/vosgesinfo.fr\/remiremontinfo\/","name":"Remiremont Info","description":"Toute l&#039;actualit\u00e9 de Remiremont","publisher":{"@id":"https:\/\/vosgesinfo.fr\/remiremontinfo\/#organization"},"alternateName":"Toute l'actualit\u00e9 de Remiremont","potentialAction":[{"@type":"SearchAction","target":{"@type":"EntryPoint","urlTemplate":"https:\/\/vosgesinfo.fr\/remiremontinfo\/?s={search_term_string}"},"query-input":"required name=search_term_string"}],"inLanguage":"fr-FR"},{"@type":"Organization","@id":"https:\/\/vosgesinfo.fr\/remiremontinfo\/#organization","name":"Remiremont Info","url":"https:\/\/vosgesinfo.fr\/remiremontinfo\/","logo":{"@type":"ImageObject","inLanguage":"fr-FR","@id":"https:\/\/vosgesinfo.fr\/remiremontinfo\/#\/schema\/logo\/image\/","url":"https:\/\/vosgesinfo.fr\/app\/uploads\/sites\/5\/2023\/08\/favicon-remiremontinfo.png","contentUrl":"https:\/\/vosgesinfo.fr\/app\/uploads\/sites\/5\/2023\/08\/favicon-remiremontinfo.png","width":512,"height":512,"caption":"Remiremont Info"},"image":{"@id":"https:\/\/vosgesinfo.fr\/remiremontinfo\/#\/schema\/logo\/image\/"},"sameAs":["https:\/\/www.facebook.com\/remiremontinfo","https:\/\/x.com\/VosgesInfo88","https:\/\/www.youtube.com\/@vosgesinfo"]},{"@type":"Person","@id":"https:\/\/vosgesinfo.fr\/remiremontinfo\/#\/schema\/person\/3bfd164d5218a185b1db68655a265316","name":"C D","image":{"@type":"ImageObject","inLanguage":"fr-FR","@id":"https:\/\/vosgesinfo.fr\/remiremontinfo\/#\/schema\/person\/image\/","url":"https:\/\/secure.gravatar.com\/avatar\/1f9a70007336511a47468b8f1c66f922b8b7cf617b02a31149ada43893a5d48f?s=96&d=mm&r=g","contentUrl":"https:\/\/secure.gravatar.com\/avatar\/1f9a70007336511a47468b8f1c66f922b8b7cf617b02a31149ada43893a5d48f?s=96&d=mm&r=g","caption":"C D"},"url":"https:\/\/vosgesinfo.fr\/remiremontinfo\/author\/cedric-drevet\/"}]}},"_links":{"self":[{"href":"https:\/\/vosgesinfo.fr\/remiremontinfo\/wp-json\/wp\/v2\/posts\/11507","targetHints":{"allow":["GET"]}}],"collection":[{"href":"https:\/\/vosgesinfo.fr\/remiremontinfo\/wp-json\/wp\/v2\/posts"}],"about":[{"href":"https:\/\/vosgesinfo.fr\/remiremontinfo\/wp-json\/wp\/v2\/types\/post"}],"author":[{"embeddable":true,"href":"https:\/\/vosgesinfo.fr\/remiremontinfo\/wp-json\/wp\/v2\/users\/407"}],"replies":[{"embeddable":true,"href":"https:\/\/vosgesinfo.fr\/remiremontinfo\/wp-json\/wp\/v2\/comments?post=11507"}],"version-history":[{"count":0,"href":"https:\/\/vosgesinfo.fr\/remiremontinfo\/wp-json\/wp\/v2\/posts\/11507\/revisions"}],"wp:featuredmedia":[{"embeddable":true,"href":"https:\/\/vosgesinfo.fr\/remiremontinfo\/wp-json\/wp\/v2\/media\/11508"}],"wp:attachment":[{"href":"https:\/\/vosgesinfo.fr\/remiremontinfo\/wp-json\/wp\/v2\/media?parent=11507"}],"wp:term":[{"taxonomy":"category","embeddable":true,"href":"https:\/\/vosgesinfo.fr\/remiremontinfo\/wp-json\/wp\/v2\/categories?post=11507"},{"taxonomy":"post_tag","embeddable":true,"href":"https:\/\/vosgesinfo.fr\/remiremontinfo\/wp-json\/wp\/v2\/tags?post=11507"}],"curies":[{"name":"wp","href":"https:\/\/api.w.org\/{rel}","templated":true}]}}