{"id":11932,"date":"2019-03-15T08:20:29","date_gmt":"2019-03-15T07:20:29","guid":{"rendered":"https:\/\/vosgesinfo.fr\/remiremontinfo\/2019\/03\/val-dajol-portes-ouvertes-college-fleurot-dherival-vendredi-prochain\/"},"modified":"2019-03-15T08:20:29","modified_gmt":"2019-03-15T07:20:29","slug":"val-dajol-portes-ouvertes-college-fleurot-dherival-vendredi-prochain","status":"publish","type":"post","link":"https:\/\/vosgesinfo.fr\/remiremontinfo\/2019\/03\/val-dajol-portes-ouvertes-college-fleurot-dherival-vendredi-prochain\/","title":{"rendered":"Le Val-d&rsquo;Ajol : portes ouvertes au coll\u00e8ge Fleurot d&rsquo;H\u00e9rival vendredi prochain"},"content":{"rendered":"<p><a href=\"\/2019\/03\/54415292_2128716467247889_6377927650312192000_o-e1552641688730.jpg\"><img decoding=\"async\" class=\"alignnone size-full wp-image-255325\" src=\"\/2019\/03\/54415292_2128716467247889_6377927650312192000_o-e1552641688730.jpg\" alt=\"54415292_2128716467247889_6377927650312192000_o\" width=\"960\" height=\"448\" \/><\/a><\/p>\n<h2><span style=\"font-size: 12pt;\"><strong>Le Coll\u00e8ge Fleurot d&rsquo;H\u00e9rival du Val-d&rsquo;Ajol ouvrira ses portes le vendredi 22 Mars de 17h \u00e0 19h30. Les parents dont les enfants sont admis en 6\u00e8me \u00e0 la prochaine rentr\u00e9e scolaire sont invit\u00e9s \u00e0 venir visiter l&rsquo;\u00e9tablissement avec leur futur coll\u00e9gien. Les anciens \u00e9lev\u00e9s, professeurs etc, sont aussi les bienvenus.<\/strong><\/span><\/h2>\n<p>&nbsp;<\/p>\n\n<p><span style=\"font-size: 10pt;\">Photos de la page Facebook<em> Commune du Val d&rsquo;Ajol<\/em><\/span><\/p>\n","protected":false},"excerpt":{"rendered":"<p>Le Coll\u00e8ge Fleurot d&rsquo;H\u00e9rival du Val-d&rsquo;Ajol ouvrira ses portes le vendredi 22 Mars de 17h \u00e0 19h30. Les parents dont [&hellip;]<\/p>\n","protected":false},"author":407,"featured_media":11933,"comment_status":"open","ping_status":"open","sticky":false,"template":"","format":"standard","meta":{"footnotes":""},"categories":[26,165,121,82],"tags":[],"class_list":["post-11932","post","type-post","status-publish","format-standard","has-post-thumbnail","hentry","category-a-la-une","category-enseignement","category-le-val-dajol-le-val-dajol-son-canton","category-le-val-dajol-son-canton"],"acf":[],"yoast_head":"<!-- This site is optimized with the Yoast SEO plugin v22.5 - https:\/\/yoast.com\/wordpress\/plugins\/seo\/ -->\n<title>Le Val-d&#039;Ajol : portes ouvertes au coll\u00e8ge Fleurot d&#039;H\u00e9rival vendredi prochain - Remiremont Info<\/title>\n<meta name=\"robots\" content=\"index, follow, max-snippet:-1, max-image-preview:large, max-video-preview:-1\" \/>\n<link rel=\"canonical\" href=\"https:\/\/vosgesinfo.fr\/remiremontinfo\/2019\/03\/val-dajol-portes-ouvertes-college-fleurot-dherival-vendredi-prochain\/\" \/>\n<meta name=\"twitter:card\" content=\"summary_large_image\" \/>\n<meta name=\"twitter:title\" content=\"Le Val-d&#039;Ajol : portes ouvertes au coll\u00e8ge Fleurot d&#039;H\u00e9rival vendredi prochain - Remiremont Info\" \/>\n<meta name=\"twitter:description\" content=\"Le Coll\u00e8ge Fleurot d&rsquo;H\u00e9rival du Val-d&rsquo;Ajol ouvrira ses portes le vendredi 22 Mars de 17h \u00e0 19h30. Les parents dont [&hellip;]\" \/>\n<meta name=\"twitter:image\" content=\"https:\/\/vosgesinfo.fr\/app\/uploads\/sites\/5\/2024\/09\/20190354415292-2128716467247889-6377927650312192000-o-e1552641688730.jpg\" \/>\n<meta name=\"twitter:creator\" content=\"@VosgesInfo88\" \/>\n<meta name=\"twitter:site\" content=\"@VosgesInfo88\" \/>\n<meta name=\"twitter:label1\" content=\"\u00c9crit par\" \/>\n\t<meta name=\"twitter:data1\" content=\"C D\" \/>\n<script type=\"application\/ld+json\" class=\"yoast-schema-graph\">{\"@context\":\"https:\/\/schema.org\",\"@graph\":[{\"@type\":\"Article\",\"@id\":\"https:\/\/vosgesinfo.fr\/remiremontinfo\/2019\/03\/val-dajol-portes-ouvertes-college-fleurot-dherival-vendredi-prochain\/#article\",\"isPartOf\":{\"@id\":\"https:\/\/vosgesinfo.fr\/remiremontinfo\/2019\/03\/val-dajol-portes-ouvertes-college-fleurot-dherival-vendredi-prochain\/\"},\"author\":{\"name\":\"C D\",\"@id\":\"https:\/\/vosgesinfo.fr\/remiremontinfo\/#\/schema\/person\/3bfd164d5218a185b1db68655a265316\"},\"headline\":\"Le Val-d&rsquo;Ajol : portes ouvertes au coll\u00e8ge Fleurot d&rsquo;H\u00e9rival vendredi prochain\",\"datePublished\":\"2019-03-15T07:20:29+00:00\",\"dateModified\":\"2019-03-15T07:20:29+00:00\",\"mainEntityOfPage\":{\"@id\":\"https:\/\/vosgesinfo.fr\/remiremontinfo\/2019\/03\/val-dajol-portes-ouvertes-college-fleurot-dherival-vendredi-prochain\/\"},\"wordCount\":88,\"commentCount\":0,\"publisher\":{\"@id\":\"https:\/\/vosgesinfo.fr\/remiremontinfo\/#organization\"},\"image\":{\"@id\":\"https:\/\/vosgesinfo.fr\/remiremontinfo\/2019\/03\/val-dajol-portes-ouvertes-college-fleurot-dherival-vendredi-prochain\/#primaryimage\"},\"thumbnailUrl\":\"https:\/\/vosgesinfo.fr\/app\/uploads\/sites\/5\/2024\/09\/20190354415292-2128716467247889-6377927650312192000-o-e1552641688730.jpg\",\"articleSection\":[\"A la Une\",\"Enseignement\",\"Le Val d'Ajol\",\"Le Val-d'Ajol &amp; son canton\"],\"inLanguage\":\"fr-FR\",\"potentialAction\":[{\"@type\":\"CommentAction\",\"name\":\"Comment\",\"target\":[\"https:\/\/vosgesinfo.fr\/remiremontinfo\/2019\/03\/val-dajol-portes-ouvertes-college-fleurot-dherival-vendredi-prochain\/#respond\"]}]},{\"@type\":\"WebPage\",\"@id\":\"https:\/\/vosgesinfo.fr\/remiremontinfo\/2019\/03\/val-dajol-portes-ouvertes-college-fleurot-dherival-vendredi-prochain\/\",\"url\":\"https:\/\/vosgesinfo.fr\/remiremontinfo\/2019\/03\/val-dajol-portes-ouvertes-college-fleurot-dherival-vendredi-prochain\/\",\"name\":\"Le Val-d'Ajol : portes ouvertes au coll\u00e8ge Fleurot d'H\u00e9rival vendredi prochain - Remiremont Info\",\"isPartOf\":{\"@id\":\"https:\/\/vosgesinfo.fr\/remiremontinfo\/#website\"},\"primaryImageOfPage\":{\"@id\":\"https:\/\/vosgesinfo.fr\/remiremontinfo\/2019\/03\/val-dajol-portes-ouvertes-college-fleurot-dherival-vendredi-prochain\/#primaryimage\"},\"image\":{\"@id\":\"https:\/\/vosgesinfo.fr\/remiremontinfo\/2019\/03\/val-dajol-portes-ouvertes-college-fleurot-dherival-vendredi-prochain\/#primaryimage\"},\"thumbnailUrl\":\"https:\/\/vosgesinfo.fr\/app\/uploads\/sites\/5\/2024\/09\/20190354415292-2128716467247889-6377927650312192000-o-e1552641688730.jpg\",\"datePublished\":\"2019-03-15T07:20:29+00:00\",\"dateModified\":\"2019-03-15T07:20:29+00:00\",\"breadcrumb\":{\"@id\":\"https:\/\/vosgesinfo.fr\/remiremontinfo\/2019\/03\/val-dajol-portes-ouvertes-college-fleurot-dherival-vendredi-prochain\/#breadcrumb\"},\"inLanguage\":\"fr-FR\",\"potentialAction\":[{\"@type\":\"ReadAction\",\"target\":[\"https:\/\/vosgesinfo.fr\/remiremontinfo\/2019\/03\/val-dajol-portes-ouvertes-college-fleurot-dherival-vendredi-prochain\/\"]}]},{\"@type\":\"ImageObject\",\"inLanguage\":\"fr-FR\",\"@id\":\"https:\/\/vosgesinfo.fr\/remiremontinfo\/2019\/03\/val-dajol-portes-ouvertes-college-fleurot-dherival-vendredi-prochain\/#primaryimage\",\"url\":\"https:\/\/vosgesinfo.fr\/app\/uploads\/sites\/5\/2024\/09\/20190354415292-2128716467247889-6377927650312192000-o-e1552641688730.jpg\",\"contentUrl\":\"https:\/\/vosgesinfo.fr\/app\/uploads\/sites\/5\/2024\/09\/20190354415292-2128716467247889-6377927650312192000-o-e1552641688730.jpg\",\"width\":960,\"height\":448},{\"@type\":\"BreadcrumbList\",\"@id\":\"https:\/\/vosgesinfo.fr\/remiremontinfo\/2019\/03\/val-dajol-portes-ouvertes-college-fleurot-dherival-vendredi-prochain\/#breadcrumb\",\"itemListElement\":[{\"@type\":\"ListItem\",\"position\":1,\"name\":\"Home\",\"item\":\"https:\/\/vosgesinfo.fr\/remiremontinfo\/\"},{\"@type\":\"ListItem\",\"position\":2,\"name\":\"Le Val-d&rsquo;Ajol : portes ouvertes au coll\u00e8ge Fleurot d&rsquo;H\u00e9rival vendredi prochain\"}]},{\"@type\":\"WebSite\",\"@id\":\"https:\/\/vosgesinfo.fr\/remiremontinfo\/#website\",\"url\":\"https:\/\/vosgesinfo.fr\/remiremontinfo\/\",\"name\":\"Remiremont Info\",\"description\":\"Toute l&#039;actualit\u00e9 de Remiremont\",\"publisher\":{\"@id\":\"https:\/\/vosgesinfo.fr\/remiremontinfo\/#organization\"},\"alternateName\":\"Toute l'actualit\u00e9 de Remiremont\",\"potentialAction\":[{\"@type\":\"SearchAction\",\"target\":{\"@type\":\"EntryPoint\",\"urlTemplate\":\"https:\/\/vosgesinfo.fr\/remiremontinfo\/?s={search_term_string}\"},\"query-input\":\"required name=search_term_string\"}],\"inLanguage\":\"fr-FR\"},{\"@type\":\"Organization\",\"@id\":\"https:\/\/vosgesinfo.fr\/remiremontinfo\/#organization\",\"name\":\"Remiremont Info\",\"url\":\"https:\/\/vosgesinfo.fr\/remiremontinfo\/\",\"logo\":{\"@type\":\"ImageObject\",\"inLanguage\":\"fr-FR\",\"@id\":\"https:\/\/vosgesinfo.fr\/remiremontinfo\/#\/schema\/logo\/image\/\",\"url\":\"https:\/\/vosgesinfo.fr\/app\/uploads\/sites\/5\/2023\/08\/favicon-remiremontinfo.png\",\"contentUrl\":\"https:\/\/vosgesinfo.fr\/app\/uploads\/sites\/5\/2023\/08\/favicon-remiremontinfo.png\",\"width\":512,\"height\":512,\"caption\":\"Remiremont Info\"},\"image\":{\"@id\":\"https:\/\/vosgesinfo.fr\/remiremontinfo\/#\/schema\/logo\/image\/\"},\"sameAs\":[\"https:\/\/www.facebook.com\/remiremontinfo\",\"https:\/\/x.com\/VosgesInfo88\",\"https:\/\/www.youtube.com\/@vosgesinfo\"]},{\"@type\":\"Person\",\"@id\":\"https:\/\/vosgesinfo.fr\/remiremontinfo\/#\/schema\/person\/3bfd164d5218a185b1db68655a265316\",\"name\":\"C D\",\"image\":{\"@type\":\"ImageObject\",\"inLanguage\":\"fr-FR\",\"@id\":\"https:\/\/vosgesinfo.fr\/remiremontinfo\/#\/schema\/person\/image\/\",\"url\":\"https:\/\/secure.gravatar.com\/avatar\/1f9a70007336511a47468b8f1c66f922b8b7cf617b02a31149ada43893a5d48f?s=96&d=mm&r=g\",\"contentUrl\":\"https:\/\/secure.gravatar.com\/avatar\/1f9a70007336511a47468b8f1c66f922b8b7cf617b02a31149ada43893a5d48f?s=96&d=mm&r=g\",\"caption\":\"C D\"},\"url\":\"https:\/\/vosgesinfo.fr\/remiremontinfo\/author\/cedric-drevet\/\"}]}<\/script>\n<!-- \/ Yoast SEO plugin. -->","yoast_head_json":{"title":"Le Val-d'Ajol : portes ouvertes au coll\u00e8ge Fleurot d'H\u00e9rival vendredi prochain - Remiremont Info","robots":{"index":"index","follow":"follow","max-snippet":"max-snippet:-1","max-image-preview":"max-image-preview:large","max-video-preview":"max-video-preview:-1"},"canonical":"https:\/\/vosgesinfo.fr\/remiremontinfo\/2019\/03\/val-dajol-portes-ouvertes-college-fleurot-dherival-vendredi-prochain\/","twitter_card":"summary_large_image","twitter_title":"Le Val-d'Ajol : portes ouvertes au coll\u00e8ge Fleurot d'H\u00e9rival vendredi prochain - Remiremont Info","twitter_description":"Le Coll\u00e8ge Fleurot d&rsquo;H\u00e9rival du Val-d&rsquo;Ajol ouvrira ses portes le vendredi 22 Mars de 17h \u00e0 19h30. Les parents dont [&hellip;]","twitter_image":"https:\/\/vosgesinfo.fr\/app\/uploads\/sites\/5\/2024\/09\/20190354415292-2128716467247889-6377927650312192000-o-e1552641688730.jpg","twitter_creator":"@VosgesInfo88","twitter_site":"@VosgesInfo88","twitter_misc":{"\u00c9crit par":"C D"},"schema":{"@context":"https:\/\/schema.org","@graph":[{"@type":"Article","@id":"https:\/\/vosgesinfo.fr\/remiremontinfo\/2019\/03\/val-dajol-portes-ouvertes-college-fleurot-dherival-vendredi-prochain\/#article","isPartOf":{"@id":"https:\/\/vosgesinfo.fr\/remiremontinfo\/2019\/03\/val-dajol-portes-ouvertes-college-fleurot-dherival-vendredi-prochain\/"},"author":{"name":"C D","@id":"https:\/\/vosgesinfo.fr\/remiremontinfo\/#\/schema\/person\/3bfd164d5218a185b1db68655a265316"},"headline":"Le Val-d&rsquo;Ajol : portes ouvertes au coll\u00e8ge Fleurot d&rsquo;H\u00e9rival vendredi prochain","datePublished":"2019-03-15T07:20:29+00:00","dateModified":"2019-03-15T07:20:29+00:00","mainEntityOfPage":{"@id":"https:\/\/vosgesinfo.fr\/remiremontinfo\/2019\/03\/val-dajol-portes-ouvertes-college-fleurot-dherival-vendredi-prochain\/"},"wordCount":88,"commentCount":0,"publisher":{"@id":"https:\/\/vosgesinfo.fr\/remiremontinfo\/#organization"},"image":{"@id":"https:\/\/vosgesinfo.fr\/remiremontinfo\/2019\/03\/val-dajol-portes-ouvertes-college-fleurot-dherival-vendredi-prochain\/#primaryimage"},"thumbnailUrl":"https:\/\/vosgesinfo.fr\/app\/uploads\/sites\/5\/2024\/09\/20190354415292-2128716467247889-6377927650312192000-o-e1552641688730.jpg","articleSection":["A la Une","Enseignement","Le Val d'Ajol","Le Val-d'Ajol &amp; son canton"],"inLanguage":"fr-FR","potentialAction":[{"@type":"CommentAction","name":"Comment","target":["https:\/\/vosgesinfo.fr\/remiremontinfo\/2019\/03\/val-dajol-portes-ouvertes-college-fleurot-dherival-vendredi-prochain\/#respond"]}]},{"@type":"WebPage","@id":"https:\/\/vosgesinfo.fr\/remiremontinfo\/2019\/03\/val-dajol-portes-ouvertes-college-fleurot-dherival-vendredi-prochain\/","url":"https:\/\/vosgesinfo.fr\/remiremontinfo\/2019\/03\/val-dajol-portes-ouvertes-college-fleurot-dherival-vendredi-prochain\/","name":"Le Val-d'Ajol : portes ouvertes au coll\u00e8ge Fleurot d'H\u00e9rival vendredi prochain - Remiremont Info","isPartOf":{"@id":"https:\/\/vosgesinfo.fr\/remiremontinfo\/#website"},"primaryImageOfPage":{"@id":"https:\/\/vosgesinfo.fr\/remiremontinfo\/2019\/03\/val-dajol-portes-ouvertes-college-fleurot-dherival-vendredi-prochain\/#primaryimage"},"image":{"@id":"https:\/\/vosgesinfo.fr\/remiremontinfo\/2019\/03\/val-dajol-portes-ouvertes-college-fleurot-dherival-vendredi-prochain\/#primaryimage"},"thumbnailUrl":"https:\/\/vosgesinfo.fr\/app\/uploads\/sites\/5\/2024\/09\/20190354415292-2128716467247889-6377927650312192000-o-e1552641688730.jpg","datePublished":"2019-03-15T07:20:29+00:00","dateModified":"2019-03-15T07:20:29+00:00","breadcrumb":{"@id":"https:\/\/vosgesinfo.fr\/remiremontinfo\/2019\/03\/val-dajol-portes-ouvertes-college-fleurot-dherival-vendredi-prochain\/#breadcrumb"},"inLanguage":"fr-FR","potentialAction":[{"@type":"ReadAction","target":["https:\/\/vosgesinfo.fr\/remiremontinfo\/2019\/03\/val-dajol-portes-ouvertes-college-fleurot-dherival-vendredi-prochain\/"]}]},{"@type":"ImageObject","inLanguage":"fr-FR","@id":"https:\/\/vosgesinfo.fr\/remiremontinfo\/2019\/03\/val-dajol-portes-ouvertes-college-fleurot-dherival-vendredi-prochain\/#primaryimage","url":"https:\/\/vosgesinfo.fr\/app\/uploads\/sites\/5\/2024\/09\/20190354415292-2128716467247889-6377927650312192000-o-e1552641688730.jpg","contentUrl":"https:\/\/vosgesinfo.fr\/app\/uploads\/sites\/5\/2024\/09\/20190354415292-2128716467247889-6377927650312192000-o-e1552641688730.jpg","width":960,"height":448},{"@type":"BreadcrumbList","@id":"https:\/\/vosgesinfo.fr\/remiremontinfo\/2019\/03\/val-dajol-portes-ouvertes-college-fleurot-dherival-vendredi-prochain\/#breadcrumb","itemListElement":[{"@type":"ListItem","position":1,"name":"Home","item":"https:\/\/vosgesinfo.fr\/remiremontinfo\/"},{"@type":"ListItem","position":2,"name":"Le Val-d&rsquo;Ajol : portes ouvertes au coll\u00e8ge Fleurot d&rsquo;H\u00e9rival vendredi prochain"}]},{"@type":"WebSite","@id":"https:\/\/vosgesinfo.fr\/remiremontinfo\/#website","url":"https:\/\/vosgesinfo.fr\/remiremontinfo\/","name":"Remiremont Info","description":"Toute l&#039;actualit\u00e9 de Remiremont","publisher":{"@id":"https:\/\/vosgesinfo.fr\/remiremontinfo\/#organization"},"alternateName":"Toute l'actualit\u00e9 de Remiremont","potentialAction":[{"@type":"SearchAction","target":{"@type":"EntryPoint","urlTemplate":"https:\/\/vosgesinfo.fr\/remiremontinfo\/?s={search_term_string}"},"query-input":"required name=search_term_string"}],"inLanguage":"fr-FR"},{"@type":"Organization","@id":"https:\/\/vosgesinfo.fr\/remiremontinfo\/#organization","name":"Remiremont Info","url":"https:\/\/vosgesinfo.fr\/remiremontinfo\/","logo":{"@type":"ImageObject","inLanguage":"fr-FR","@id":"https:\/\/vosgesinfo.fr\/remiremontinfo\/#\/schema\/logo\/image\/","url":"https:\/\/vosgesinfo.fr\/app\/uploads\/sites\/5\/2023\/08\/favicon-remiremontinfo.png","contentUrl":"https:\/\/vosgesinfo.fr\/app\/uploads\/sites\/5\/2023\/08\/favicon-remiremontinfo.png","width":512,"height":512,"caption":"Remiremont Info"},"image":{"@id":"https:\/\/vosgesinfo.fr\/remiremontinfo\/#\/schema\/logo\/image\/"},"sameAs":["https:\/\/www.facebook.com\/remiremontinfo","https:\/\/x.com\/VosgesInfo88","https:\/\/www.youtube.com\/@vosgesinfo"]},{"@type":"Person","@id":"https:\/\/vosgesinfo.fr\/remiremontinfo\/#\/schema\/person\/3bfd164d5218a185b1db68655a265316","name":"C D","image":{"@type":"ImageObject","inLanguage":"fr-FR","@id":"https:\/\/vosgesinfo.fr\/remiremontinfo\/#\/schema\/person\/image\/","url":"https:\/\/secure.gravatar.com\/avatar\/1f9a70007336511a47468b8f1c66f922b8b7cf617b02a31149ada43893a5d48f?s=96&d=mm&r=g","contentUrl":"https:\/\/secure.gravatar.com\/avatar\/1f9a70007336511a47468b8f1c66f922b8b7cf617b02a31149ada43893a5d48f?s=96&d=mm&r=g","caption":"C D"},"url":"https:\/\/vosgesinfo.fr\/remiremontinfo\/author\/cedric-drevet\/"}]}},"_links":{"self":[{"href":"https:\/\/vosgesinfo.fr\/remiremontinfo\/wp-json\/wp\/v2\/posts\/11932","targetHints":{"allow":["GET"]}}],"collection":[{"href":"https:\/\/vosgesinfo.fr\/remiremontinfo\/wp-json\/wp\/v2\/posts"}],"about":[{"href":"https:\/\/vosgesinfo.fr\/remiremontinfo\/wp-json\/wp\/v2\/types\/post"}],"author":[{"embeddable":true,"href":"https:\/\/vosgesinfo.fr\/remiremontinfo\/wp-json\/wp\/v2\/users\/407"}],"replies":[{"embeddable":true,"href":"https:\/\/vosgesinfo.fr\/remiremontinfo\/wp-json\/wp\/v2\/comments?post=11932"}],"version-history":[{"count":0,"href":"https:\/\/vosgesinfo.fr\/remiremontinfo\/wp-json\/wp\/v2\/posts\/11932\/revisions"}],"wp:featuredmedia":[{"embeddable":true,"href":"https:\/\/vosgesinfo.fr\/remiremontinfo\/wp-json\/wp\/v2\/media\/11933"}],"wp:attachment":[{"href":"https:\/\/vosgesinfo.fr\/remiremontinfo\/wp-json\/wp\/v2\/media?parent=11932"}],"wp:term":[{"taxonomy":"category","embeddable":true,"href":"https:\/\/vosgesinfo.fr\/remiremontinfo\/wp-json\/wp\/v2\/categories?post=11932"},{"taxonomy":"post_tag","embeddable":true,"href":"https:\/\/vosgesinfo.fr\/remiremontinfo\/wp-json\/wp\/v2\/tags?post=11932"}],"curies":[{"name":"wp","href":"https:\/\/api.w.org\/{rel}","templated":true}]}}