{"id":12009,"date":"2019-03-18T10:22:16","date_gmt":"2019-03-18T09:22:16","guid":{"rendered":"https:\/\/vosgesinfo.fr\/remiremontinfo\/2019\/03\/remiremont-eleves-lycee-jeanne-darc-de-retour-dun-voyage-espagne\/"},"modified":"2019-03-18T10:22:16","modified_gmt":"2019-03-18T09:22:16","slug":"remiremont-eleves-lycee-jeanne-darc-de-retour-dun-voyage-espagne","status":"publish","type":"post","link":"https:\/\/vosgesinfo.fr\/remiremontinfo\/2019\/03\/remiremont-eleves-lycee-jeanne-darc-de-retour-dun-voyage-espagne\/","title":{"rendered":"Remiremont : des \u00e9l\u00e8ves du Lyc\u00e9e Jeanne d\u2019Arc de retour d\u2019un voyage en Espagne"},"content":{"rendered":"<p class=\"p1\"><a href=\"\/2019\/03\/0-1.jpg\"><img decoding=\"async\" class=\"alignnone size-full wp-image-255463\" src=\"\/2019\/03\/0-1.jpg\" alt=\"0-1\" width=\"1563\" height=\"1172\" \/><\/a><\/p>\n<h2 class=\"p1\"><span style=\"font-size: 12pt;\"><strong><span class=\"s1\">Du 9 au 15 mars derniers, des \u00e9l\u00e8ves du lyc\u00e9e Jeanne d\u2019Arc de Remiremont se sont rendus en Espagne pour un s\u00e9jour dans plusieurs villes du pays. Ils ont profit\u00e9 d\u2019un tr\u00e8s beau temps ensoleill\u00e9.<\/span><\/strong><\/span><\/h2>\n<p class=\"p1\"><span class=\"s1\">Ce sont 54 \u00e9l\u00e8ves (de seconde, premi\u00e8re et terminale) dont certains inscrits \u00e0 la section europ\u00e9enne, qui ont particip\u00e9 au voyage, avec 4 accompagnateurs. Ils \u00e9taient log\u00e9s par des familles d\u2019accueil. <\/span><\/p>\n<p class=\"p1\"><span class=\"s1\">Sonia Gomez, professeur d\u2019espagnol et responsable du voyage est originaire d\u2019Espagne. Sa m\u00e8re vient de Valence et son p\u00e8re du sud ouest. Elle est heureuse de faire d\u00e9couvrir ce pays aux lyc\u00e9ens : <em>\u00ab\u00a0C\u2019est toujours un plaisir pour moi d\u2019emmener mes \u00e9l\u00e8ves\u00a0\u00bb.<\/em><\/span><\/p>\n<p class=\"p1\"><span class=\"s1\">Les lyc\u00e9ens ont principalement visit\u00e9 Valence, c\u00e9l\u00e8bre pour sa f\u00eate des \u00ab\u00a0fallas\u00a0\u00bb. Ils ont d\u00e9couvert le mus\u00e9e oc\u00e9anographique de la ville (un spectacle de dauphin, et toutes sortes de poissons), et la Cit\u00e9 des arts et des sciences. Ils ont parcouru la route du riz ainsi que la route de l\u2019orange. Les \u00e9l\u00e8ves ont \u00e9galement visit\u00e9 Tarragone, la ville romaine, et son amphith\u00e9\u00e2tre. A Barcelone, ils ont d\u00e9couvert le mus\u00e9e de la science et le centre ville.<\/span><\/p>\n\n","protected":false},"excerpt":{"rendered":"<p>Du 9 au 15 mars derniers, des \u00e9l\u00e8ves du lyc\u00e9e Jeanne d\u2019Arc de Remiremont se sont rendus en Espagne pour [&hellip;]<\/p>\n","protected":false},"author":407,"featured_media":12010,"comment_status":"open","ping_status":"open","sticky":false,"template":"","format":"standard","meta":{"footnotes":""},"categories":[26,165,1556,35],"tags":[],"class_list":["post-12009","post","type-post","status-publish","format-standard","has-post-thumbnail","hentry","category-a-la-une","category-enseignement","category-remiremont-remiremont-son-canton-2","category-remiremont-son-canton"],"acf":[],"yoast_head":"<!-- This site is optimized with the Yoast SEO plugin v22.5 - https:\/\/yoast.com\/wordpress\/plugins\/seo\/ -->\n<title>Remiremont : des \u00e9l\u00e8ves du Lyc\u00e9e Jeanne d\u2019Arc de retour d\u2019un voyage en Espagne - Remiremont Info<\/title>\n<meta name=\"robots\" content=\"index, follow, max-snippet:-1, max-image-preview:large, max-video-preview:-1\" \/>\n<link rel=\"canonical\" href=\"https:\/\/vosgesinfo.fr\/remiremontinfo\/2019\/03\/remiremont-eleves-lycee-jeanne-darc-de-retour-dun-voyage-espagne\/\" \/>\n<meta name=\"twitter:card\" content=\"summary_large_image\" \/>\n<meta name=\"twitter:title\" content=\"Remiremont : des \u00e9l\u00e8ves du Lyc\u00e9e Jeanne d\u2019Arc de retour d\u2019un voyage en Espagne - Remiremont Info\" \/>\n<meta name=\"twitter:description\" content=\"Du 9 au 15 mars derniers, des \u00e9l\u00e8ves du lyc\u00e9e Jeanne d\u2019Arc de Remiremont se sont rendus en Espagne pour [&hellip;]\" \/>\n<meta name=\"twitter:image\" content=\"https:\/\/vosgesinfo.fr\/app\/uploads\/sites\/5\/2024\/09\/2019030-1.jpg\" \/>\n<meta name=\"twitter:creator\" content=\"@VosgesInfo88\" \/>\n<meta name=\"twitter:site\" content=\"@VosgesInfo88\" \/>\n<meta name=\"twitter:label1\" content=\"\u00c9crit par\" \/>\n\t<meta name=\"twitter:data1\" content=\"C D\" \/>\n\t<meta name=\"twitter:label2\" content=\"Dur\u00e9e de lecture estim\u00e9e\" \/>\n\t<meta name=\"twitter:data2\" content=\"1 minute\" \/>\n<script type=\"application\/ld+json\" class=\"yoast-schema-graph\">{\"@context\":\"https:\/\/schema.org\",\"@graph\":[{\"@type\":\"Article\",\"@id\":\"https:\/\/vosgesinfo.fr\/remiremontinfo\/2019\/03\/remiremont-eleves-lycee-jeanne-darc-de-retour-dun-voyage-espagne\/#article\",\"isPartOf\":{\"@id\":\"https:\/\/vosgesinfo.fr\/remiremontinfo\/2019\/03\/remiremont-eleves-lycee-jeanne-darc-de-retour-dun-voyage-espagne\/\"},\"author\":{\"name\":\"C D\",\"@id\":\"https:\/\/vosgesinfo.fr\/remiremontinfo\/#\/schema\/person\/3bfd164d5218a185b1db68655a265316\"},\"headline\":\"Remiremont : des \u00e9l\u00e8ves du Lyc\u00e9e Jeanne d\u2019Arc de retour d\u2019un voyage en Espagne\",\"datePublished\":\"2019-03-18T09:22:16+00:00\",\"dateModified\":\"2019-03-18T09:22:16+00:00\",\"mainEntityOfPage\":{\"@id\":\"https:\/\/vosgesinfo.fr\/remiremontinfo\/2019\/03\/remiremont-eleves-lycee-jeanne-darc-de-retour-dun-voyage-espagne\/\"},\"wordCount\":236,\"commentCount\":0,\"publisher\":{\"@id\":\"https:\/\/vosgesinfo.fr\/remiremontinfo\/#organization\"},\"image\":{\"@id\":\"https:\/\/vosgesinfo.fr\/remiremontinfo\/2019\/03\/remiremont-eleves-lycee-jeanne-darc-de-retour-dun-voyage-espagne\/#primaryimage\"},\"thumbnailUrl\":\"https:\/\/vosgesinfo.fr\/app\/uploads\/sites\/5\/2024\/09\/2019030-1.jpg\",\"articleSection\":[\"A la Une\",\"Enseignement\",\"Remiremont\",\"Remiremont &amp; son canton\"],\"inLanguage\":\"fr-FR\",\"potentialAction\":[{\"@type\":\"CommentAction\",\"name\":\"Comment\",\"target\":[\"https:\/\/vosgesinfo.fr\/remiremontinfo\/2019\/03\/remiremont-eleves-lycee-jeanne-darc-de-retour-dun-voyage-espagne\/#respond\"]}]},{\"@type\":\"WebPage\",\"@id\":\"https:\/\/vosgesinfo.fr\/remiremontinfo\/2019\/03\/remiremont-eleves-lycee-jeanne-darc-de-retour-dun-voyage-espagne\/\",\"url\":\"https:\/\/vosgesinfo.fr\/remiremontinfo\/2019\/03\/remiremont-eleves-lycee-jeanne-darc-de-retour-dun-voyage-espagne\/\",\"name\":\"Remiremont : des \u00e9l\u00e8ves du Lyc\u00e9e Jeanne d\u2019Arc de retour d\u2019un voyage en Espagne - Remiremont Info\",\"isPartOf\":{\"@id\":\"https:\/\/vosgesinfo.fr\/remiremontinfo\/#website\"},\"primaryImageOfPage\":{\"@id\":\"https:\/\/vosgesinfo.fr\/remiremontinfo\/2019\/03\/remiremont-eleves-lycee-jeanne-darc-de-retour-dun-voyage-espagne\/#primaryimage\"},\"image\":{\"@id\":\"https:\/\/vosgesinfo.fr\/remiremontinfo\/2019\/03\/remiremont-eleves-lycee-jeanne-darc-de-retour-dun-voyage-espagne\/#primaryimage\"},\"thumbnailUrl\":\"https:\/\/vosgesinfo.fr\/app\/uploads\/sites\/5\/2024\/09\/2019030-1.jpg\",\"datePublished\":\"2019-03-18T09:22:16+00:00\",\"dateModified\":\"2019-03-18T09:22:16+00:00\",\"breadcrumb\":{\"@id\":\"https:\/\/vosgesinfo.fr\/remiremontinfo\/2019\/03\/remiremont-eleves-lycee-jeanne-darc-de-retour-dun-voyage-espagne\/#breadcrumb\"},\"inLanguage\":\"fr-FR\",\"potentialAction\":[{\"@type\":\"ReadAction\",\"target\":[\"https:\/\/vosgesinfo.fr\/remiremontinfo\/2019\/03\/remiremont-eleves-lycee-jeanne-darc-de-retour-dun-voyage-espagne\/\"]}]},{\"@type\":\"ImageObject\",\"inLanguage\":\"fr-FR\",\"@id\":\"https:\/\/vosgesinfo.fr\/remiremontinfo\/2019\/03\/remiremont-eleves-lycee-jeanne-darc-de-retour-dun-voyage-espagne\/#primaryimage\",\"url\":\"https:\/\/vosgesinfo.fr\/app\/uploads\/sites\/5\/2024\/09\/2019030-1.jpg\",\"contentUrl\":\"https:\/\/vosgesinfo.fr\/app\/uploads\/sites\/5\/2024\/09\/2019030-1.jpg\",\"width\":1563,\"height\":1172},{\"@type\":\"BreadcrumbList\",\"@id\":\"https:\/\/vosgesinfo.fr\/remiremontinfo\/2019\/03\/remiremont-eleves-lycee-jeanne-darc-de-retour-dun-voyage-espagne\/#breadcrumb\",\"itemListElement\":[{\"@type\":\"ListItem\",\"position\":1,\"name\":\"Home\",\"item\":\"https:\/\/vosgesinfo.fr\/remiremontinfo\/\"},{\"@type\":\"ListItem\",\"position\":2,\"name\":\"Remiremont : des \u00e9l\u00e8ves du Lyc\u00e9e Jeanne d\u2019Arc de retour d\u2019un voyage en Espagne\"}]},{\"@type\":\"WebSite\",\"@id\":\"https:\/\/vosgesinfo.fr\/remiremontinfo\/#website\",\"url\":\"https:\/\/vosgesinfo.fr\/remiremontinfo\/\",\"name\":\"Remiremont Info\",\"description\":\"Toute l&#039;actualit\u00e9 de Remiremont\",\"publisher\":{\"@id\":\"https:\/\/vosgesinfo.fr\/remiremontinfo\/#organization\"},\"alternateName\":\"Toute l'actualit\u00e9 de Remiremont\",\"potentialAction\":[{\"@type\":\"SearchAction\",\"target\":{\"@type\":\"EntryPoint\",\"urlTemplate\":\"https:\/\/vosgesinfo.fr\/remiremontinfo\/?s={search_term_string}\"},\"query-input\":\"required name=search_term_string\"}],\"inLanguage\":\"fr-FR\"},{\"@type\":\"Organization\",\"@id\":\"https:\/\/vosgesinfo.fr\/remiremontinfo\/#organization\",\"name\":\"Remiremont Info\",\"url\":\"https:\/\/vosgesinfo.fr\/remiremontinfo\/\",\"logo\":{\"@type\":\"ImageObject\",\"inLanguage\":\"fr-FR\",\"@id\":\"https:\/\/vosgesinfo.fr\/remiremontinfo\/#\/schema\/logo\/image\/\",\"url\":\"https:\/\/vosgesinfo.fr\/app\/uploads\/sites\/5\/2023\/08\/favicon-remiremontinfo.png\",\"contentUrl\":\"https:\/\/vosgesinfo.fr\/app\/uploads\/sites\/5\/2023\/08\/favicon-remiremontinfo.png\",\"width\":512,\"height\":512,\"caption\":\"Remiremont Info\"},\"image\":{\"@id\":\"https:\/\/vosgesinfo.fr\/remiremontinfo\/#\/schema\/logo\/image\/\"},\"sameAs\":[\"https:\/\/www.facebook.com\/remiremontinfo\",\"https:\/\/x.com\/VosgesInfo88\",\"https:\/\/www.youtube.com\/@vosgesinfo\"]},{\"@type\":\"Person\",\"@id\":\"https:\/\/vosgesinfo.fr\/remiremontinfo\/#\/schema\/person\/3bfd164d5218a185b1db68655a265316\",\"name\":\"C D\",\"image\":{\"@type\":\"ImageObject\",\"inLanguage\":\"fr-FR\",\"@id\":\"https:\/\/vosgesinfo.fr\/remiremontinfo\/#\/schema\/person\/image\/\",\"url\":\"https:\/\/secure.gravatar.com\/avatar\/1f9a70007336511a47468b8f1c66f922b8b7cf617b02a31149ada43893a5d48f?s=96&d=mm&r=g\",\"contentUrl\":\"https:\/\/secure.gravatar.com\/avatar\/1f9a70007336511a47468b8f1c66f922b8b7cf617b02a31149ada43893a5d48f?s=96&d=mm&r=g\",\"caption\":\"C D\"},\"url\":\"https:\/\/vosgesinfo.fr\/remiremontinfo\/author\/cedric-drevet\/\"}]}<\/script>\n<!-- \/ Yoast SEO plugin. -->","yoast_head_json":{"title":"Remiremont : des \u00e9l\u00e8ves du Lyc\u00e9e Jeanne d\u2019Arc de retour d\u2019un voyage en Espagne - Remiremont Info","robots":{"index":"index","follow":"follow","max-snippet":"max-snippet:-1","max-image-preview":"max-image-preview:large","max-video-preview":"max-video-preview:-1"},"canonical":"https:\/\/vosgesinfo.fr\/remiremontinfo\/2019\/03\/remiremont-eleves-lycee-jeanne-darc-de-retour-dun-voyage-espagne\/","twitter_card":"summary_large_image","twitter_title":"Remiremont : des \u00e9l\u00e8ves du Lyc\u00e9e Jeanne d\u2019Arc de retour d\u2019un voyage en Espagne - Remiremont Info","twitter_description":"Du 9 au 15 mars derniers, des \u00e9l\u00e8ves du lyc\u00e9e Jeanne d\u2019Arc de Remiremont se sont rendus en Espagne pour [&hellip;]","twitter_image":"https:\/\/vosgesinfo.fr\/app\/uploads\/sites\/5\/2024\/09\/2019030-1.jpg","twitter_creator":"@VosgesInfo88","twitter_site":"@VosgesInfo88","twitter_misc":{"\u00c9crit par":"C D","Dur\u00e9e de lecture estim\u00e9e":"1 minute"},"schema":{"@context":"https:\/\/schema.org","@graph":[{"@type":"Article","@id":"https:\/\/vosgesinfo.fr\/remiremontinfo\/2019\/03\/remiremont-eleves-lycee-jeanne-darc-de-retour-dun-voyage-espagne\/#article","isPartOf":{"@id":"https:\/\/vosgesinfo.fr\/remiremontinfo\/2019\/03\/remiremont-eleves-lycee-jeanne-darc-de-retour-dun-voyage-espagne\/"},"author":{"name":"C D","@id":"https:\/\/vosgesinfo.fr\/remiremontinfo\/#\/schema\/person\/3bfd164d5218a185b1db68655a265316"},"headline":"Remiremont : des \u00e9l\u00e8ves du Lyc\u00e9e Jeanne d\u2019Arc de retour d\u2019un voyage en Espagne","datePublished":"2019-03-18T09:22:16+00:00","dateModified":"2019-03-18T09:22:16+00:00","mainEntityOfPage":{"@id":"https:\/\/vosgesinfo.fr\/remiremontinfo\/2019\/03\/remiremont-eleves-lycee-jeanne-darc-de-retour-dun-voyage-espagne\/"},"wordCount":236,"commentCount":0,"publisher":{"@id":"https:\/\/vosgesinfo.fr\/remiremontinfo\/#organization"},"image":{"@id":"https:\/\/vosgesinfo.fr\/remiremontinfo\/2019\/03\/remiremont-eleves-lycee-jeanne-darc-de-retour-dun-voyage-espagne\/#primaryimage"},"thumbnailUrl":"https:\/\/vosgesinfo.fr\/app\/uploads\/sites\/5\/2024\/09\/2019030-1.jpg","articleSection":["A la Une","Enseignement","Remiremont","Remiremont &amp; son canton"],"inLanguage":"fr-FR","potentialAction":[{"@type":"CommentAction","name":"Comment","target":["https:\/\/vosgesinfo.fr\/remiremontinfo\/2019\/03\/remiremont-eleves-lycee-jeanne-darc-de-retour-dun-voyage-espagne\/#respond"]}]},{"@type":"WebPage","@id":"https:\/\/vosgesinfo.fr\/remiremontinfo\/2019\/03\/remiremont-eleves-lycee-jeanne-darc-de-retour-dun-voyage-espagne\/","url":"https:\/\/vosgesinfo.fr\/remiremontinfo\/2019\/03\/remiremont-eleves-lycee-jeanne-darc-de-retour-dun-voyage-espagne\/","name":"Remiremont : des \u00e9l\u00e8ves du Lyc\u00e9e Jeanne d\u2019Arc de retour d\u2019un voyage en Espagne - Remiremont Info","isPartOf":{"@id":"https:\/\/vosgesinfo.fr\/remiremontinfo\/#website"},"primaryImageOfPage":{"@id":"https:\/\/vosgesinfo.fr\/remiremontinfo\/2019\/03\/remiremont-eleves-lycee-jeanne-darc-de-retour-dun-voyage-espagne\/#primaryimage"},"image":{"@id":"https:\/\/vosgesinfo.fr\/remiremontinfo\/2019\/03\/remiremont-eleves-lycee-jeanne-darc-de-retour-dun-voyage-espagne\/#primaryimage"},"thumbnailUrl":"https:\/\/vosgesinfo.fr\/app\/uploads\/sites\/5\/2024\/09\/2019030-1.jpg","datePublished":"2019-03-18T09:22:16+00:00","dateModified":"2019-03-18T09:22:16+00:00","breadcrumb":{"@id":"https:\/\/vosgesinfo.fr\/remiremontinfo\/2019\/03\/remiremont-eleves-lycee-jeanne-darc-de-retour-dun-voyage-espagne\/#breadcrumb"},"inLanguage":"fr-FR","potentialAction":[{"@type":"ReadAction","target":["https:\/\/vosgesinfo.fr\/remiremontinfo\/2019\/03\/remiremont-eleves-lycee-jeanne-darc-de-retour-dun-voyage-espagne\/"]}]},{"@type":"ImageObject","inLanguage":"fr-FR","@id":"https:\/\/vosgesinfo.fr\/remiremontinfo\/2019\/03\/remiremont-eleves-lycee-jeanne-darc-de-retour-dun-voyage-espagne\/#primaryimage","url":"https:\/\/vosgesinfo.fr\/app\/uploads\/sites\/5\/2024\/09\/2019030-1.jpg","contentUrl":"https:\/\/vosgesinfo.fr\/app\/uploads\/sites\/5\/2024\/09\/2019030-1.jpg","width":1563,"height":1172},{"@type":"BreadcrumbList","@id":"https:\/\/vosgesinfo.fr\/remiremontinfo\/2019\/03\/remiremont-eleves-lycee-jeanne-darc-de-retour-dun-voyage-espagne\/#breadcrumb","itemListElement":[{"@type":"ListItem","position":1,"name":"Home","item":"https:\/\/vosgesinfo.fr\/remiremontinfo\/"},{"@type":"ListItem","position":2,"name":"Remiremont : des \u00e9l\u00e8ves du Lyc\u00e9e Jeanne d\u2019Arc de retour d\u2019un voyage en Espagne"}]},{"@type":"WebSite","@id":"https:\/\/vosgesinfo.fr\/remiremontinfo\/#website","url":"https:\/\/vosgesinfo.fr\/remiremontinfo\/","name":"Remiremont Info","description":"Toute l&#039;actualit\u00e9 de Remiremont","publisher":{"@id":"https:\/\/vosgesinfo.fr\/remiremontinfo\/#organization"},"alternateName":"Toute l'actualit\u00e9 de Remiremont","potentialAction":[{"@type":"SearchAction","target":{"@type":"EntryPoint","urlTemplate":"https:\/\/vosgesinfo.fr\/remiremontinfo\/?s={search_term_string}"},"query-input":"required name=search_term_string"}],"inLanguage":"fr-FR"},{"@type":"Organization","@id":"https:\/\/vosgesinfo.fr\/remiremontinfo\/#organization","name":"Remiremont Info","url":"https:\/\/vosgesinfo.fr\/remiremontinfo\/","logo":{"@type":"ImageObject","inLanguage":"fr-FR","@id":"https:\/\/vosgesinfo.fr\/remiremontinfo\/#\/schema\/logo\/image\/","url":"https:\/\/vosgesinfo.fr\/app\/uploads\/sites\/5\/2023\/08\/favicon-remiremontinfo.png","contentUrl":"https:\/\/vosgesinfo.fr\/app\/uploads\/sites\/5\/2023\/08\/favicon-remiremontinfo.png","width":512,"height":512,"caption":"Remiremont Info"},"image":{"@id":"https:\/\/vosgesinfo.fr\/remiremontinfo\/#\/schema\/logo\/image\/"},"sameAs":["https:\/\/www.facebook.com\/remiremontinfo","https:\/\/x.com\/VosgesInfo88","https:\/\/www.youtube.com\/@vosgesinfo"]},{"@type":"Person","@id":"https:\/\/vosgesinfo.fr\/remiremontinfo\/#\/schema\/person\/3bfd164d5218a185b1db68655a265316","name":"C D","image":{"@type":"ImageObject","inLanguage":"fr-FR","@id":"https:\/\/vosgesinfo.fr\/remiremontinfo\/#\/schema\/person\/image\/","url":"https:\/\/secure.gravatar.com\/avatar\/1f9a70007336511a47468b8f1c66f922b8b7cf617b02a31149ada43893a5d48f?s=96&d=mm&r=g","contentUrl":"https:\/\/secure.gravatar.com\/avatar\/1f9a70007336511a47468b8f1c66f922b8b7cf617b02a31149ada43893a5d48f?s=96&d=mm&r=g","caption":"C D"},"url":"https:\/\/vosgesinfo.fr\/remiremontinfo\/author\/cedric-drevet\/"}]}},"_links":{"self":[{"href":"https:\/\/vosgesinfo.fr\/remiremontinfo\/wp-json\/wp\/v2\/posts\/12009","targetHints":{"allow":["GET"]}}],"collection":[{"href":"https:\/\/vosgesinfo.fr\/remiremontinfo\/wp-json\/wp\/v2\/posts"}],"about":[{"href":"https:\/\/vosgesinfo.fr\/remiremontinfo\/wp-json\/wp\/v2\/types\/post"}],"author":[{"embeddable":true,"href":"https:\/\/vosgesinfo.fr\/remiremontinfo\/wp-json\/wp\/v2\/users\/407"}],"replies":[{"embeddable":true,"href":"https:\/\/vosgesinfo.fr\/remiremontinfo\/wp-json\/wp\/v2\/comments?post=12009"}],"version-history":[{"count":0,"href":"https:\/\/vosgesinfo.fr\/remiremontinfo\/wp-json\/wp\/v2\/posts\/12009\/revisions"}],"wp:featuredmedia":[{"embeddable":true,"href":"https:\/\/vosgesinfo.fr\/remiremontinfo\/wp-json\/wp\/v2\/media\/12010"}],"wp:attachment":[{"href":"https:\/\/vosgesinfo.fr\/remiremontinfo\/wp-json\/wp\/v2\/media?parent=12009"}],"wp:term":[{"taxonomy":"category","embeddable":true,"href":"https:\/\/vosgesinfo.fr\/remiremontinfo\/wp-json\/wp\/v2\/categories?post=12009"},{"taxonomy":"post_tag","embeddable":true,"href":"https:\/\/vosgesinfo.fr\/remiremontinfo\/wp-json\/wp\/v2\/tags?post=12009"}],"curies":[{"name":"wp","href":"https:\/\/api.w.org\/{rel}","templated":true}]}}