{"id":12015,"date":"2019-03-18T10:20:45","date_gmt":"2019-03-18T09:20:45","guid":{"rendered":"https:\/\/vosgesinfo.fr\/remiremontinfo\/2019\/03\/remiremont-lexposition-i-gatti-di-venezia-a-decouvrir-jusquau-24-mars-centre-gilbert-zaug\/"},"modified":"2019-03-18T10:20:45","modified_gmt":"2019-03-18T09:20:45","slug":"remiremont-lexposition-i-gatti-di-venezia-a-decouvrir-jusquau-24-mars-centre-gilbert-zaug","status":"publish","type":"post","link":"https:\/\/vosgesinfo.fr\/remiremontinfo\/2019\/03\/remiremont-lexposition-i-gatti-di-venezia-a-decouvrir-jusquau-24-mars-centre-gilbert-zaug\/","title":{"rendered":"Remiremont : l\u2019exposition \u00ab\u00a0I gatti di Venezia\u00a0\u00bb \u00e0 d\u00e9couvrir jusqu\u2019au 24 mars au centre Gilbert Zaug"},"content":{"rendered":"<p class=\"p1\"><a href=\"\/2019\/03\/P1440534-e1552904139762.jpg\"><img decoding=\"async\" class=\"alignnone size-full wp-image-255471\" src=\"\/2019\/03\/P1440534-e1552904139762.jpg\" alt=\"P1440534\" width=\"960\" height=\"835\" \/><\/a><\/p>\n<h2 class=\"p1\"><span style=\"font-size: 12pt;\"><strong><span class=\"s1\">Depuis ce samedi, l\u2019exposition \u00ab\u00a0I gatti di Venezia\u00a0\u00bb (les chats de Venise, en fran\u00e7ais)\u00a0ouvre ses portes au Centre Gilbert Zaug, 2 place Henri Utard \u00e0 Remiremont. <\/span><\/strong><\/span><\/h2>\n<p class=\"p1\"><span class=\"s1\">Jusqu\u2019\u00e0 jeudi, l&rsquo;exposition est \u00e0 d\u00e9couvrir de 14h \u00e0 18h. Vendredi, de 10h \u00e0 12h et de 14h \u00e0 18h. Samedi de 10h \u00e0 18h et enfin dimanche de 10h \u00e0 15h.\u00a0<\/span><\/p>\n<p class=\"p1\"><em><span class=\"s1\">Deux invit\u00e9s d\u2019honneur pour l\u2019\u00e9dition 2019. <\/span><\/em><\/p>\n<p class=\"p1\"><span class=\"s1\">Etienne G\u00e9rard, artiste peintre autodidacte, est membre de l\u2019Acad\u00e9mie Europ\u00e9enne des Arts. IL expose depuis plusieurs ann\u00e9es \u00e0 la semaine des arts de Saulcy sur Meurthe, et depuis l\u2019ann\u00e9e pass\u00e9e au saloon international des arts \u00e0 la Galerie de Nesle \u00e0 Paris. Il y a pr\u00e9sent\u00e9 \u00ab\u00a0Les porteuses d\u2019eau\u00a0\u00bb, tableau avec lequel il a remport\u00e9 le 1er prix Mauve.<\/span><\/p>\n<p class=\"p1\"><span class=\"s1\">Delphine Aubry est une graphiste, illustratrice et plasticienne. Elle r\u00e9alise des sculptures en papier m\u00e2ch\u00e9. Pour l\u2019occasion, elle pr\u00e9sente une s\u00e9rie d\u2019oeuvres issues de son univers haut en couleurs : le Chat \u00ab\u00a0moi\u00a0\u00bb, le Chat \u00ab\u00a0peint\u00a0\u00bb, le Chat \u00ab\u00a0persan\u00a0\u00bb ou encore le Chat \u00ab\u00a0pot\u00a0\u00bb.<\/span><\/p>\n<p class=\"p1\">\n<p class=\"p1\"><span style=\"font-size: 10pt;\"><em>Photos Christian Schirme<\/em><\/span><\/p>\n\n","protected":false},"excerpt":{"rendered":"<p>Depuis ce samedi, l\u2019exposition \u00ab\u00a0I gatti di Venezia\u00a0\u00bb (les chats de Venise, en fran\u00e7ais)\u00a0ouvre ses portes au Centre Gilbert Zaug, [&hellip;]<\/p>\n","protected":false},"author":407,"featured_media":12016,"comment_status":"open","ping_status":"open","sticky":false,"template":"","format":"standard","meta":{"footnotes":""},"categories":[26,4,1556,35],"tags":[],"class_list":["post-12015","post","type-post","status-publish","format-standard","has-post-thumbnail","hentry","category-a-la-une","category-culture","category-remiremont-remiremont-son-canton-2","category-remiremont-son-canton"],"acf":[],"yoast_head":"<!-- This site is optimized with the Yoast SEO plugin v22.5 - https:\/\/yoast.com\/wordpress\/plugins\/seo\/ -->\n<title>Remiremont : l\u2019exposition \u00ab\u00a0I gatti di Venezia\u00a0\u00bb \u00e0 d\u00e9couvrir jusqu\u2019au 24 mars au centre Gilbert Zaug - Remiremont Info<\/title>\n<meta name=\"robots\" content=\"index, follow, max-snippet:-1, max-image-preview:large, max-video-preview:-1\" \/>\n<link rel=\"canonical\" href=\"https:\/\/vosgesinfo.fr\/remiremontinfo\/2019\/03\/remiremont-lexposition-i-gatti-di-venezia-a-decouvrir-jusquau-24-mars-centre-gilbert-zaug\/\" \/>\n<meta name=\"twitter:card\" content=\"summary_large_image\" \/>\n<meta name=\"twitter:title\" content=\"Remiremont : l\u2019exposition \u00ab\u00a0I gatti di Venezia\u00a0\u00bb \u00e0 d\u00e9couvrir jusqu\u2019au 24 mars au centre Gilbert Zaug - Remiremont Info\" \/>\n<meta name=\"twitter:description\" content=\"Depuis ce samedi, l\u2019exposition \u00ab\u00a0I gatti di Venezia\u00a0\u00bb (les chats de Venise, en fran\u00e7ais)\u00a0ouvre ses portes au Centre Gilbert Zaug, [&hellip;]\" \/>\n<meta name=\"twitter:image\" content=\"https:\/\/vosgesinfo.fr\/app\/uploads\/sites\/5\/2024\/09\/201903p1440534-e1552904139762.jpg\" \/>\n<meta name=\"twitter:creator\" content=\"@VosgesInfo88\" \/>\n<meta name=\"twitter:site\" content=\"@VosgesInfo88\" \/>\n<meta name=\"twitter:label1\" content=\"\u00c9crit par\" \/>\n\t<meta name=\"twitter:data1\" content=\"C D\" \/>\n\t<meta name=\"twitter:label2\" content=\"Dur\u00e9e de lecture estim\u00e9e\" \/>\n\t<meta name=\"twitter:data2\" content=\"1 minute\" \/>\n<script type=\"application\/ld+json\" class=\"yoast-schema-graph\">{\"@context\":\"https:\/\/schema.org\",\"@graph\":[{\"@type\":\"Article\",\"@id\":\"https:\/\/vosgesinfo.fr\/remiremontinfo\/2019\/03\/remiremont-lexposition-i-gatti-di-venezia-a-decouvrir-jusquau-24-mars-centre-gilbert-zaug\/#article\",\"isPartOf\":{\"@id\":\"https:\/\/vosgesinfo.fr\/remiremontinfo\/2019\/03\/remiremont-lexposition-i-gatti-di-venezia-a-decouvrir-jusquau-24-mars-centre-gilbert-zaug\/\"},\"author\":{\"name\":\"C D\",\"@id\":\"https:\/\/vosgesinfo.fr\/remiremontinfo\/#\/schema\/person\/3bfd164d5218a185b1db68655a265316\"},\"headline\":\"Remiremont : l\u2019exposition \u00ab\u00a0I gatti di Venezia\u00a0\u00bb \u00e0 d\u00e9couvrir jusqu\u2019au 24 mars au centre Gilbert Zaug\",\"datePublished\":\"2019-03-18T09:20:45+00:00\",\"dateModified\":\"2019-03-18T09:20:45+00:00\",\"mainEntityOfPage\":{\"@id\":\"https:\/\/vosgesinfo.fr\/remiremontinfo\/2019\/03\/remiremont-lexposition-i-gatti-di-venezia-a-decouvrir-jusquau-24-mars-centre-gilbert-zaug\/\"},\"wordCount\":205,\"commentCount\":0,\"publisher\":{\"@id\":\"https:\/\/vosgesinfo.fr\/remiremontinfo\/#organization\"},\"image\":{\"@id\":\"https:\/\/vosgesinfo.fr\/remiremontinfo\/2019\/03\/remiremont-lexposition-i-gatti-di-venezia-a-decouvrir-jusquau-24-mars-centre-gilbert-zaug\/#primaryimage\"},\"thumbnailUrl\":\"https:\/\/vosgesinfo.fr\/app\/uploads\/sites\/5\/2024\/09\/201903p1440534-e1552904139762.jpg\",\"articleSection\":[\"A la Une\",\"Culture\",\"Remiremont\",\"Remiremont &amp; son canton\"],\"inLanguage\":\"fr-FR\",\"potentialAction\":[{\"@type\":\"CommentAction\",\"name\":\"Comment\",\"target\":[\"https:\/\/vosgesinfo.fr\/remiremontinfo\/2019\/03\/remiremont-lexposition-i-gatti-di-venezia-a-decouvrir-jusquau-24-mars-centre-gilbert-zaug\/#respond\"]}]},{\"@type\":\"WebPage\",\"@id\":\"https:\/\/vosgesinfo.fr\/remiremontinfo\/2019\/03\/remiremont-lexposition-i-gatti-di-venezia-a-decouvrir-jusquau-24-mars-centre-gilbert-zaug\/\",\"url\":\"https:\/\/vosgesinfo.fr\/remiremontinfo\/2019\/03\/remiremont-lexposition-i-gatti-di-venezia-a-decouvrir-jusquau-24-mars-centre-gilbert-zaug\/\",\"name\":\"Remiremont : l\u2019exposition \u00ab\u00a0I gatti di Venezia\u00a0\u00bb \u00e0 d\u00e9couvrir jusqu\u2019au 24 mars au centre Gilbert Zaug - Remiremont Info\",\"isPartOf\":{\"@id\":\"https:\/\/vosgesinfo.fr\/remiremontinfo\/#website\"},\"primaryImageOfPage\":{\"@id\":\"https:\/\/vosgesinfo.fr\/remiremontinfo\/2019\/03\/remiremont-lexposition-i-gatti-di-venezia-a-decouvrir-jusquau-24-mars-centre-gilbert-zaug\/#primaryimage\"},\"image\":{\"@id\":\"https:\/\/vosgesinfo.fr\/remiremontinfo\/2019\/03\/remiremont-lexposition-i-gatti-di-venezia-a-decouvrir-jusquau-24-mars-centre-gilbert-zaug\/#primaryimage\"},\"thumbnailUrl\":\"https:\/\/vosgesinfo.fr\/app\/uploads\/sites\/5\/2024\/09\/201903p1440534-e1552904139762.jpg\",\"datePublished\":\"2019-03-18T09:20:45+00:00\",\"dateModified\":\"2019-03-18T09:20:45+00:00\",\"breadcrumb\":{\"@id\":\"https:\/\/vosgesinfo.fr\/remiremontinfo\/2019\/03\/remiremont-lexposition-i-gatti-di-venezia-a-decouvrir-jusquau-24-mars-centre-gilbert-zaug\/#breadcrumb\"},\"inLanguage\":\"fr-FR\",\"potentialAction\":[{\"@type\":\"ReadAction\",\"target\":[\"https:\/\/vosgesinfo.fr\/remiremontinfo\/2019\/03\/remiremont-lexposition-i-gatti-di-venezia-a-decouvrir-jusquau-24-mars-centre-gilbert-zaug\/\"]}]},{\"@type\":\"ImageObject\",\"inLanguage\":\"fr-FR\",\"@id\":\"https:\/\/vosgesinfo.fr\/remiremontinfo\/2019\/03\/remiremont-lexposition-i-gatti-di-venezia-a-decouvrir-jusquau-24-mars-centre-gilbert-zaug\/#primaryimage\",\"url\":\"https:\/\/vosgesinfo.fr\/app\/uploads\/sites\/5\/2024\/09\/201903p1440534-e1552904139762.jpg\",\"contentUrl\":\"https:\/\/vosgesinfo.fr\/app\/uploads\/sites\/5\/2024\/09\/201903p1440534-e1552904139762.jpg\",\"width\":960,\"height\":835},{\"@type\":\"BreadcrumbList\",\"@id\":\"https:\/\/vosgesinfo.fr\/remiremontinfo\/2019\/03\/remiremont-lexposition-i-gatti-di-venezia-a-decouvrir-jusquau-24-mars-centre-gilbert-zaug\/#breadcrumb\",\"itemListElement\":[{\"@type\":\"ListItem\",\"position\":1,\"name\":\"Home\",\"item\":\"https:\/\/vosgesinfo.fr\/remiremontinfo\/\"},{\"@type\":\"ListItem\",\"position\":2,\"name\":\"Remiremont : l\u2019exposition \u00ab\u00a0I gatti di Venezia\u00a0\u00bb \u00e0 d\u00e9couvrir jusqu\u2019au 24 mars au centre Gilbert Zaug\"}]},{\"@type\":\"WebSite\",\"@id\":\"https:\/\/vosgesinfo.fr\/remiremontinfo\/#website\",\"url\":\"https:\/\/vosgesinfo.fr\/remiremontinfo\/\",\"name\":\"Remiremont Info\",\"description\":\"Toute l&#039;actualit\u00e9 de Remiremont\",\"publisher\":{\"@id\":\"https:\/\/vosgesinfo.fr\/remiremontinfo\/#organization\"},\"alternateName\":\"Toute l'actualit\u00e9 de Remiremont\",\"potentialAction\":[{\"@type\":\"SearchAction\",\"target\":{\"@type\":\"EntryPoint\",\"urlTemplate\":\"https:\/\/vosgesinfo.fr\/remiremontinfo\/?s={search_term_string}\"},\"query-input\":\"required name=search_term_string\"}],\"inLanguage\":\"fr-FR\"},{\"@type\":\"Organization\",\"@id\":\"https:\/\/vosgesinfo.fr\/remiremontinfo\/#organization\",\"name\":\"Remiremont Info\",\"url\":\"https:\/\/vosgesinfo.fr\/remiremontinfo\/\",\"logo\":{\"@type\":\"ImageObject\",\"inLanguage\":\"fr-FR\",\"@id\":\"https:\/\/vosgesinfo.fr\/remiremontinfo\/#\/schema\/logo\/image\/\",\"url\":\"https:\/\/vosgesinfo.fr\/app\/uploads\/sites\/5\/2023\/08\/favicon-remiremontinfo.png\",\"contentUrl\":\"https:\/\/vosgesinfo.fr\/app\/uploads\/sites\/5\/2023\/08\/favicon-remiremontinfo.png\",\"width\":512,\"height\":512,\"caption\":\"Remiremont Info\"},\"image\":{\"@id\":\"https:\/\/vosgesinfo.fr\/remiremontinfo\/#\/schema\/logo\/image\/\"},\"sameAs\":[\"https:\/\/www.facebook.com\/remiremontinfo\",\"https:\/\/x.com\/VosgesInfo88\",\"https:\/\/www.youtube.com\/@vosgesinfo\"]},{\"@type\":\"Person\",\"@id\":\"https:\/\/vosgesinfo.fr\/remiremontinfo\/#\/schema\/person\/3bfd164d5218a185b1db68655a265316\",\"name\":\"C D\",\"image\":{\"@type\":\"ImageObject\",\"inLanguage\":\"fr-FR\",\"@id\":\"https:\/\/vosgesinfo.fr\/remiremontinfo\/#\/schema\/person\/image\/\",\"url\":\"https:\/\/secure.gravatar.com\/avatar\/1f9a70007336511a47468b8f1c66f922b8b7cf617b02a31149ada43893a5d48f?s=96&d=mm&r=g\",\"contentUrl\":\"https:\/\/secure.gravatar.com\/avatar\/1f9a70007336511a47468b8f1c66f922b8b7cf617b02a31149ada43893a5d48f?s=96&d=mm&r=g\",\"caption\":\"C D\"},\"url\":\"https:\/\/vosgesinfo.fr\/remiremontinfo\/author\/cedric-drevet\/\"}]}<\/script>\n<!-- \/ Yoast SEO plugin. -->","yoast_head_json":{"title":"Remiremont : l\u2019exposition \u00ab\u00a0I gatti di Venezia\u00a0\u00bb \u00e0 d\u00e9couvrir jusqu\u2019au 24 mars au centre Gilbert Zaug - Remiremont Info","robots":{"index":"index","follow":"follow","max-snippet":"max-snippet:-1","max-image-preview":"max-image-preview:large","max-video-preview":"max-video-preview:-1"},"canonical":"https:\/\/vosgesinfo.fr\/remiremontinfo\/2019\/03\/remiremont-lexposition-i-gatti-di-venezia-a-decouvrir-jusquau-24-mars-centre-gilbert-zaug\/","twitter_card":"summary_large_image","twitter_title":"Remiremont : l\u2019exposition \u00ab\u00a0I gatti di Venezia\u00a0\u00bb \u00e0 d\u00e9couvrir jusqu\u2019au 24 mars au centre Gilbert Zaug - Remiremont Info","twitter_description":"Depuis ce samedi, l\u2019exposition \u00ab\u00a0I gatti di Venezia\u00a0\u00bb (les chats de Venise, en fran\u00e7ais)\u00a0ouvre ses portes au Centre Gilbert Zaug, [&hellip;]","twitter_image":"https:\/\/vosgesinfo.fr\/app\/uploads\/sites\/5\/2024\/09\/201903p1440534-e1552904139762.jpg","twitter_creator":"@VosgesInfo88","twitter_site":"@VosgesInfo88","twitter_misc":{"\u00c9crit par":"C D","Dur\u00e9e de lecture estim\u00e9e":"1 minute"},"schema":{"@context":"https:\/\/schema.org","@graph":[{"@type":"Article","@id":"https:\/\/vosgesinfo.fr\/remiremontinfo\/2019\/03\/remiremont-lexposition-i-gatti-di-venezia-a-decouvrir-jusquau-24-mars-centre-gilbert-zaug\/#article","isPartOf":{"@id":"https:\/\/vosgesinfo.fr\/remiremontinfo\/2019\/03\/remiremont-lexposition-i-gatti-di-venezia-a-decouvrir-jusquau-24-mars-centre-gilbert-zaug\/"},"author":{"name":"C D","@id":"https:\/\/vosgesinfo.fr\/remiremontinfo\/#\/schema\/person\/3bfd164d5218a185b1db68655a265316"},"headline":"Remiremont : l\u2019exposition \u00ab\u00a0I gatti di Venezia\u00a0\u00bb \u00e0 d\u00e9couvrir jusqu\u2019au 24 mars au centre Gilbert Zaug","datePublished":"2019-03-18T09:20:45+00:00","dateModified":"2019-03-18T09:20:45+00:00","mainEntityOfPage":{"@id":"https:\/\/vosgesinfo.fr\/remiremontinfo\/2019\/03\/remiremont-lexposition-i-gatti-di-venezia-a-decouvrir-jusquau-24-mars-centre-gilbert-zaug\/"},"wordCount":205,"commentCount":0,"publisher":{"@id":"https:\/\/vosgesinfo.fr\/remiremontinfo\/#organization"},"image":{"@id":"https:\/\/vosgesinfo.fr\/remiremontinfo\/2019\/03\/remiremont-lexposition-i-gatti-di-venezia-a-decouvrir-jusquau-24-mars-centre-gilbert-zaug\/#primaryimage"},"thumbnailUrl":"https:\/\/vosgesinfo.fr\/app\/uploads\/sites\/5\/2024\/09\/201903p1440534-e1552904139762.jpg","articleSection":["A la Une","Culture","Remiremont","Remiremont &amp; son canton"],"inLanguage":"fr-FR","potentialAction":[{"@type":"CommentAction","name":"Comment","target":["https:\/\/vosgesinfo.fr\/remiremontinfo\/2019\/03\/remiremont-lexposition-i-gatti-di-venezia-a-decouvrir-jusquau-24-mars-centre-gilbert-zaug\/#respond"]}]},{"@type":"WebPage","@id":"https:\/\/vosgesinfo.fr\/remiremontinfo\/2019\/03\/remiremont-lexposition-i-gatti-di-venezia-a-decouvrir-jusquau-24-mars-centre-gilbert-zaug\/","url":"https:\/\/vosgesinfo.fr\/remiremontinfo\/2019\/03\/remiremont-lexposition-i-gatti-di-venezia-a-decouvrir-jusquau-24-mars-centre-gilbert-zaug\/","name":"Remiremont : l\u2019exposition \u00ab\u00a0I gatti di Venezia\u00a0\u00bb \u00e0 d\u00e9couvrir jusqu\u2019au 24 mars au centre Gilbert Zaug - Remiremont Info","isPartOf":{"@id":"https:\/\/vosgesinfo.fr\/remiremontinfo\/#website"},"primaryImageOfPage":{"@id":"https:\/\/vosgesinfo.fr\/remiremontinfo\/2019\/03\/remiremont-lexposition-i-gatti-di-venezia-a-decouvrir-jusquau-24-mars-centre-gilbert-zaug\/#primaryimage"},"image":{"@id":"https:\/\/vosgesinfo.fr\/remiremontinfo\/2019\/03\/remiremont-lexposition-i-gatti-di-venezia-a-decouvrir-jusquau-24-mars-centre-gilbert-zaug\/#primaryimage"},"thumbnailUrl":"https:\/\/vosgesinfo.fr\/app\/uploads\/sites\/5\/2024\/09\/201903p1440534-e1552904139762.jpg","datePublished":"2019-03-18T09:20:45+00:00","dateModified":"2019-03-18T09:20:45+00:00","breadcrumb":{"@id":"https:\/\/vosgesinfo.fr\/remiremontinfo\/2019\/03\/remiremont-lexposition-i-gatti-di-venezia-a-decouvrir-jusquau-24-mars-centre-gilbert-zaug\/#breadcrumb"},"inLanguage":"fr-FR","potentialAction":[{"@type":"ReadAction","target":["https:\/\/vosgesinfo.fr\/remiremontinfo\/2019\/03\/remiremont-lexposition-i-gatti-di-venezia-a-decouvrir-jusquau-24-mars-centre-gilbert-zaug\/"]}]},{"@type":"ImageObject","inLanguage":"fr-FR","@id":"https:\/\/vosgesinfo.fr\/remiremontinfo\/2019\/03\/remiremont-lexposition-i-gatti-di-venezia-a-decouvrir-jusquau-24-mars-centre-gilbert-zaug\/#primaryimage","url":"https:\/\/vosgesinfo.fr\/app\/uploads\/sites\/5\/2024\/09\/201903p1440534-e1552904139762.jpg","contentUrl":"https:\/\/vosgesinfo.fr\/app\/uploads\/sites\/5\/2024\/09\/201903p1440534-e1552904139762.jpg","width":960,"height":835},{"@type":"BreadcrumbList","@id":"https:\/\/vosgesinfo.fr\/remiremontinfo\/2019\/03\/remiremont-lexposition-i-gatti-di-venezia-a-decouvrir-jusquau-24-mars-centre-gilbert-zaug\/#breadcrumb","itemListElement":[{"@type":"ListItem","position":1,"name":"Home","item":"https:\/\/vosgesinfo.fr\/remiremontinfo\/"},{"@type":"ListItem","position":2,"name":"Remiremont : l\u2019exposition \u00ab\u00a0I gatti di Venezia\u00a0\u00bb \u00e0 d\u00e9couvrir jusqu\u2019au 24 mars au centre Gilbert Zaug"}]},{"@type":"WebSite","@id":"https:\/\/vosgesinfo.fr\/remiremontinfo\/#website","url":"https:\/\/vosgesinfo.fr\/remiremontinfo\/","name":"Remiremont Info","description":"Toute l&#039;actualit\u00e9 de Remiremont","publisher":{"@id":"https:\/\/vosgesinfo.fr\/remiremontinfo\/#organization"},"alternateName":"Toute l'actualit\u00e9 de Remiremont","potentialAction":[{"@type":"SearchAction","target":{"@type":"EntryPoint","urlTemplate":"https:\/\/vosgesinfo.fr\/remiremontinfo\/?s={search_term_string}"},"query-input":"required name=search_term_string"}],"inLanguage":"fr-FR"},{"@type":"Organization","@id":"https:\/\/vosgesinfo.fr\/remiremontinfo\/#organization","name":"Remiremont Info","url":"https:\/\/vosgesinfo.fr\/remiremontinfo\/","logo":{"@type":"ImageObject","inLanguage":"fr-FR","@id":"https:\/\/vosgesinfo.fr\/remiremontinfo\/#\/schema\/logo\/image\/","url":"https:\/\/vosgesinfo.fr\/app\/uploads\/sites\/5\/2023\/08\/favicon-remiremontinfo.png","contentUrl":"https:\/\/vosgesinfo.fr\/app\/uploads\/sites\/5\/2023\/08\/favicon-remiremontinfo.png","width":512,"height":512,"caption":"Remiremont Info"},"image":{"@id":"https:\/\/vosgesinfo.fr\/remiremontinfo\/#\/schema\/logo\/image\/"},"sameAs":["https:\/\/www.facebook.com\/remiremontinfo","https:\/\/x.com\/VosgesInfo88","https:\/\/www.youtube.com\/@vosgesinfo"]},{"@type":"Person","@id":"https:\/\/vosgesinfo.fr\/remiremontinfo\/#\/schema\/person\/3bfd164d5218a185b1db68655a265316","name":"C D","image":{"@type":"ImageObject","inLanguage":"fr-FR","@id":"https:\/\/vosgesinfo.fr\/remiremontinfo\/#\/schema\/person\/image\/","url":"https:\/\/secure.gravatar.com\/avatar\/1f9a70007336511a47468b8f1c66f922b8b7cf617b02a31149ada43893a5d48f?s=96&d=mm&r=g","contentUrl":"https:\/\/secure.gravatar.com\/avatar\/1f9a70007336511a47468b8f1c66f922b8b7cf617b02a31149ada43893a5d48f?s=96&d=mm&r=g","caption":"C D"},"url":"https:\/\/vosgesinfo.fr\/remiremontinfo\/author\/cedric-drevet\/"}]}},"_links":{"self":[{"href":"https:\/\/vosgesinfo.fr\/remiremontinfo\/wp-json\/wp\/v2\/posts\/12015","targetHints":{"allow":["GET"]}}],"collection":[{"href":"https:\/\/vosgesinfo.fr\/remiremontinfo\/wp-json\/wp\/v2\/posts"}],"about":[{"href":"https:\/\/vosgesinfo.fr\/remiremontinfo\/wp-json\/wp\/v2\/types\/post"}],"author":[{"embeddable":true,"href":"https:\/\/vosgesinfo.fr\/remiremontinfo\/wp-json\/wp\/v2\/users\/407"}],"replies":[{"embeddable":true,"href":"https:\/\/vosgesinfo.fr\/remiremontinfo\/wp-json\/wp\/v2\/comments?post=12015"}],"version-history":[{"count":0,"href":"https:\/\/vosgesinfo.fr\/remiremontinfo\/wp-json\/wp\/v2\/posts\/12015\/revisions"}],"wp:featuredmedia":[{"embeddable":true,"href":"https:\/\/vosgesinfo.fr\/remiremontinfo\/wp-json\/wp\/v2\/media\/12016"}],"wp:attachment":[{"href":"https:\/\/vosgesinfo.fr\/remiremontinfo\/wp-json\/wp\/v2\/media?parent=12015"}],"wp:term":[{"taxonomy":"category","embeddable":true,"href":"https:\/\/vosgesinfo.fr\/remiremontinfo\/wp-json\/wp\/v2\/categories?post=12015"},{"taxonomy":"post_tag","embeddable":true,"href":"https:\/\/vosgesinfo.fr\/remiremontinfo\/wp-json\/wp\/v2\/tags?post=12015"}],"curies":[{"name":"wp","href":"https:\/\/api.w.org\/{rel}","templated":true}]}}