{"id":1242,"date":"2023-09-19T12:59:01","date_gmt":"2023-09-19T10:59:01","guid":{"rendered":"https:\/\/vosgesinfo.fr\/remiremontinfo\/2023\/09\/formation-des-animateurs-des-prochaines-sessions-de-parcours-alpha-sur-remiremont\/"},"modified":"2023-09-19T12:59:01","modified_gmt":"2023-09-19T10:59:01","slug":"formation-des-animateurs-des-prochaines-sessions-de-parcours-alpha-sur-remiremont","status":"publish","type":"post","link":"https:\/\/vosgesinfo.fr\/remiremontinfo\/2023\/09\/formation-des-animateurs-des-prochaines-sessions-de-parcours-alpha-sur-remiremont\/","title":{"rendered":"Formation des animateurs des prochaines sessions de parcours Alpha sur Remiremont"},"content":{"rendered":"<p>Dans notre article du 15 septembre qui titrait \u00ab\u00a0<em>Des millions de personnes dans le monde ont d\u00e9j\u00e0 profit\u00e9 du Parcours Alpha\u00a0\u00bb<\/em>, nous annoncions les prochaines sessions de ce<a href=\"https:\/\/remiremontinfo.fr\/wp-content\/uploads\/2023\/09\/IMG_7134.jpg\"><img decoding=\"async\" class=\"alignright size-medium wp-image-376697\" src=\"https:\/\/vosgesinfo.fr\/app\/uploads\/sites\/5\/2023\/09\/img-7134.jpg\" alt=\"IMG_7134\" width=\"340\" height=\"255\" \/><\/a> parcours pour Remiremont et nos Vall\u00e9es.<\/p>\n<p>Hier soir s&rsquo;est tenue, salle des grands jardins \u00e0 Remiremont, la premi\u00e8re soir\u00e9e de formation des animateurs de ces prochains parcours Alpha.<\/p>\n<p>Pendant deux heures une petite dizaine de femmes et d&rsquo;hommes s&rsquo;est r\u00e9unie autour de Patricia FERRY, responsable de zone et de l&rsquo;abb\u00e9 Claude DURUPT Pr\u00eatre superviseur.<\/p>\n<p>Une autre soir\u00e9e de formation est pr\u00e9vue ainsi que des temps pratiques de pr\u00e9paration afin que chacune et chacun se sente pr\u00e9par\u00e9 \u00e0 accueillir les futurs participants dans les meilleurs conditions.<\/p>\n<p>Ce qui se d\u00e9gage de cette soir\u00e9e, c&rsquo;est la motivation des participants \u00e0 partager cette exp\u00e9rience qu&rsquo;ils ont eux m\u00eame v\u00e9cu.<\/p>\n<p>Ces parcours s&rsquo;adressent \u00e0<span class=\"ILfuVd\" lang=\"fr\"><span class=\"hgKElc\"> toutes les personnes qui se posent des questions sur le sens de la vie, sur Dieu, sur la foi&#8230; Qu&rsquo;ils soient loin de l&rsquo;\u00e9glise ou d\u00e9j\u00e0 chr\u00e9tiens. <\/span><\/span>Pour vous<a href=\"https:\/\/remiremontinfo.fr\/wp-content\/uploads\/2023\/09\/IMG_7135.jpg\"><img decoding=\"async\" class=\"alignright size-medium wp-image-376695\" src=\"https:\/\/vosgesinfo.fr\/app\/uploads\/sites\/5\/2023\/09\/img-7135.jpg\" alt=\"Patricia Ferry\" width=\"191\" height=\"255\" \/><\/a> inscrire ou simplement vous renseigner sur l&rsquo;un ou l&rsquo;autre des trois parcours qui vont d\u00e9buter sur notre secteur:<\/p>\n<p>Luigina BARDEROT tel 06.32.94.87.10 pour le secteur de Remiremont qui d\u00e9butera jeudi 16 novembre \u00e0 19h30 salle des grands Jardins-Passage bergerot \u00e0 Remiremont.<\/p>\n<p>Patricia FERRY: 07.61.81.97.85 pour le secteur de Ramonchamp qui d\u00e9butera mercredi 15 novembre 2023 \u00e0 19h15 au 44 rue d\u2019Alsace \u00e0 Ramonchamp.<\/p>\n<p>Ambroise: 06.13.49.95.85 ou Fran\u00e7ois 06.84.75.46.61 pour le secteur de Arches qui d\u00e9butera mardi 21 novembre 2023 \u00e0 20h00 Centre paroissial 10 route de Hadol \u00e0 Arches.<\/p>\n<p>PM<\/p>\n","protected":false},"excerpt":{"rendered":"<p>Dans notre article du 15 septembre qui titrait \u00ab\u00a0Des millions de personnes dans le monde ont d\u00e9j\u00e0 profit\u00e9 du Parcours [&hellip;]<\/p>\n","protected":false},"author":413,"featured_media":1243,"comment_status":"open","ping_status":"open","sticky":false,"template":"","format":"standard","meta":{"footnotes":""},"categories":[26,165,163,35],"tags":[201,202],"class_list":["post-1242","post","type-post","status-publish","format-standard","has-post-thumbnail","hentry","category-a-la-une","category-enseignement","category-religion","category-remiremont-son-canton","tag-abbe-claude-durupt","tag-parcours-alpha"],"acf":[],"yoast_head":"<!-- This site is optimized with the Yoast SEO plugin v22.5 - https:\/\/yoast.com\/wordpress\/plugins\/seo\/ -->\n<title>Formation des animateurs des prochaines sessions de parcours Alpha sur Remiremont - Remiremont Info<\/title>\n<meta name=\"robots\" content=\"index, follow, max-snippet:-1, max-image-preview:large, max-video-preview:-1\" \/>\n<link rel=\"canonical\" href=\"https:\/\/vosgesinfo.fr\/remiremontinfo\/2023\/09\/formation-des-animateurs-des-prochaines-sessions-de-parcours-alpha-sur-remiremont\/\" \/>\n<meta name=\"twitter:card\" content=\"summary_large_image\" \/>\n<meta name=\"twitter:title\" content=\"Formation des animateurs des prochaines sessions de parcours Alpha sur Remiremont - Remiremont Info\" \/>\n<meta name=\"twitter:description\" content=\"Dans notre article du 15 septembre qui titrait \u00ab\u00a0Des millions de personnes dans le monde ont d\u00e9j\u00e0 profit\u00e9 du Parcours [&hellip;]\" \/>\n<meta name=\"twitter:image\" content=\"https:\/\/vosgesinfo.fr\/app\/uploads\/sites\/5\/2023\/09\/img-7133.jpg\" \/>\n<meta name=\"twitter:creator\" content=\"@VosgesInfo88\" \/>\n<meta name=\"twitter:site\" content=\"@VosgesInfo88\" \/>\n<meta name=\"twitter:label1\" content=\"\u00c9crit par\" \/>\n\t<meta name=\"twitter:data1\" content=\"P.M\" \/>\n\t<meta name=\"twitter:label2\" content=\"Dur\u00e9e de lecture estim\u00e9e\" \/>\n\t<meta name=\"twitter:data2\" content=\"1 minute\" \/>\n<script type=\"application\/ld+json\" class=\"yoast-schema-graph\">{\"@context\":\"https:\/\/schema.org\",\"@graph\":[{\"@type\":\"Article\",\"@id\":\"https:\/\/vosgesinfo.fr\/remiremontinfo\/2023\/09\/formation-des-animateurs-des-prochaines-sessions-de-parcours-alpha-sur-remiremont\/#article\",\"isPartOf\":{\"@id\":\"https:\/\/vosgesinfo.fr\/remiremontinfo\/2023\/09\/formation-des-animateurs-des-prochaines-sessions-de-parcours-alpha-sur-remiremont\/\"},\"author\":{\"name\":\"P.M\",\"@id\":\"https:\/\/vosgesinfo.fr\/remiremontinfo\/#\/schema\/person\/a6fd2dde36da20be3679f2058b94c5b8\"},\"headline\":\"Formation des animateurs des prochaines sessions de parcours Alpha sur Remiremont\",\"datePublished\":\"2023-09-19T10:59:01+00:00\",\"dateModified\":\"2023-09-19T10:59:01+00:00\",\"mainEntityOfPage\":{\"@id\":\"https:\/\/vosgesinfo.fr\/remiremontinfo\/2023\/09\/formation-des-animateurs-des-prochaines-sessions-de-parcours-alpha-sur-remiremont\/\"},\"wordCount\":280,\"commentCount\":0,\"publisher\":{\"@id\":\"https:\/\/vosgesinfo.fr\/remiremontinfo\/#organization\"},\"image\":{\"@id\":\"https:\/\/vosgesinfo.fr\/remiremontinfo\/2023\/09\/formation-des-animateurs-des-prochaines-sessions-de-parcours-alpha-sur-remiremont\/#primaryimage\"},\"thumbnailUrl\":\"https:\/\/vosgesinfo.fr\/app\/uploads\/sites\/5\/2023\/09\/img-7133.jpg\",\"keywords\":[\"abb\u00e9 claude durupt\",\"parcours ALPHA\"],\"articleSection\":[\"A la Une\",\"Enseignement\",\"Religion\",\"Remiremont &amp; son canton\"],\"inLanguage\":\"fr-FR\",\"potentialAction\":[{\"@type\":\"CommentAction\",\"name\":\"Comment\",\"target\":[\"https:\/\/vosgesinfo.fr\/remiremontinfo\/2023\/09\/formation-des-animateurs-des-prochaines-sessions-de-parcours-alpha-sur-remiremont\/#respond\"]}]},{\"@type\":\"WebPage\",\"@id\":\"https:\/\/vosgesinfo.fr\/remiremontinfo\/2023\/09\/formation-des-animateurs-des-prochaines-sessions-de-parcours-alpha-sur-remiremont\/\",\"url\":\"https:\/\/vosgesinfo.fr\/remiremontinfo\/2023\/09\/formation-des-animateurs-des-prochaines-sessions-de-parcours-alpha-sur-remiremont\/\",\"name\":\"Formation des animateurs des prochaines sessions de parcours Alpha sur Remiremont - Remiremont Info\",\"isPartOf\":{\"@id\":\"https:\/\/vosgesinfo.fr\/remiremontinfo\/#website\"},\"primaryImageOfPage\":{\"@id\":\"https:\/\/vosgesinfo.fr\/remiremontinfo\/2023\/09\/formation-des-animateurs-des-prochaines-sessions-de-parcours-alpha-sur-remiremont\/#primaryimage\"},\"image\":{\"@id\":\"https:\/\/vosgesinfo.fr\/remiremontinfo\/2023\/09\/formation-des-animateurs-des-prochaines-sessions-de-parcours-alpha-sur-remiremont\/#primaryimage\"},\"thumbnailUrl\":\"https:\/\/vosgesinfo.fr\/app\/uploads\/sites\/5\/2023\/09\/img-7133.jpg\",\"datePublished\":\"2023-09-19T10:59:01+00:00\",\"dateModified\":\"2023-09-19T10:59:01+00:00\",\"breadcrumb\":{\"@id\":\"https:\/\/vosgesinfo.fr\/remiremontinfo\/2023\/09\/formation-des-animateurs-des-prochaines-sessions-de-parcours-alpha-sur-remiremont\/#breadcrumb\"},\"inLanguage\":\"fr-FR\",\"potentialAction\":[{\"@type\":\"ReadAction\",\"target\":[\"https:\/\/vosgesinfo.fr\/remiremontinfo\/2023\/09\/formation-des-animateurs-des-prochaines-sessions-de-parcours-alpha-sur-remiremont\/\"]}]},{\"@type\":\"ImageObject\",\"inLanguage\":\"fr-FR\",\"@id\":\"https:\/\/vosgesinfo.fr\/remiremontinfo\/2023\/09\/formation-des-animateurs-des-prochaines-sessions-de-parcours-alpha-sur-remiremont\/#primaryimage\",\"url\":\"https:\/\/vosgesinfo.fr\/app\/uploads\/sites\/5\/2023\/09\/img-7133.jpg\",\"contentUrl\":\"https:\/\/vosgesinfo.fr\/app\/uploads\/sites\/5\/2023\/09\/img-7133.jpg\",\"width\":1600,\"height\":1200},{\"@type\":\"BreadcrumbList\",\"@id\":\"https:\/\/vosgesinfo.fr\/remiremontinfo\/2023\/09\/formation-des-animateurs-des-prochaines-sessions-de-parcours-alpha-sur-remiremont\/#breadcrumb\",\"itemListElement\":[{\"@type\":\"ListItem\",\"position\":1,\"name\":\"Home\",\"item\":\"https:\/\/vosgesinfo.fr\/remiremontinfo\/\"},{\"@type\":\"ListItem\",\"position\":2,\"name\":\"Formation des animateurs des prochaines sessions de parcours Alpha sur Remiremont\"}]},{\"@type\":\"WebSite\",\"@id\":\"https:\/\/vosgesinfo.fr\/remiremontinfo\/#website\",\"url\":\"https:\/\/vosgesinfo.fr\/remiremontinfo\/\",\"name\":\"Remiremont Info\",\"description\":\"Toute l&#039;actualit\u00e9 de Remiremont\",\"publisher\":{\"@id\":\"https:\/\/vosgesinfo.fr\/remiremontinfo\/#organization\"},\"alternateName\":\"Toute l'actualit\u00e9 de Remiremont\",\"potentialAction\":[{\"@type\":\"SearchAction\",\"target\":{\"@type\":\"EntryPoint\",\"urlTemplate\":\"https:\/\/vosgesinfo.fr\/remiremontinfo\/?s={search_term_string}\"},\"query-input\":\"required name=search_term_string\"}],\"inLanguage\":\"fr-FR\"},{\"@type\":\"Organization\",\"@id\":\"https:\/\/vosgesinfo.fr\/remiremontinfo\/#organization\",\"name\":\"Remiremont Info\",\"url\":\"https:\/\/vosgesinfo.fr\/remiremontinfo\/\",\"logo\":{\"@type\":\"ImageObject\",\"inLanguage\":\"fr-FR\",\"@id\":\"https:\/\/vosgesinfo.fr\/remiremontinfo\/#\/schema\/logo\/image\/\",\"url\":\"https:\/\/vosgesinfo.fr\/app\/uploads\/sites\/5\/2023\/08\/favicon-remiremontinfo.png\",\"contentUrl\":\"https:\/\/vosgesinfo.fr\/app\/uploads\/sites\/5\/2023\/08\/favicon-remiremontinfo.png\",\"width\":512,\"height\":512,\"caption\":\"Remiremont Info\"},\"image\":{\"@id\":\"https:\/\/vosgesinfo.fr\/remiremontinfo\/#\/schema\/logo\/image\/\"},\"sameAs\":[\"https:\/\/www.facebook.com\/remiremontinfo\",\"https:\/\/x.com\/VosgesInfo88\",\"https:\/\/www.youtube.com\/@vosgesinfo\"]},{\"@type\":\"Person\",\"@id\":\"https:\/\/vosgesinfo.fr\/remiremontinfo\/#\/schema\/person\/a6fd2dde36da20be3679f2058b94c5b8\",\"name\":\"P.M\",\"image\":{\"@type\":\"ImageObject\",\"inLanguage\":\"fr-FR\",\"@id\":\"https:\/\/vosgesinfo.fr\/remiremontinfo\/#\/schema\/person\/image\/\",\"url\":\"https:\/\/secure.gravatar.com\/avatar\/db38f6ef38bb165f6f4d352563f264129673ed4536984fbbcddf700bd12f8a9a?s=96&d=mm&r=g\",\"contentUrl\":\"https:\/\/secure.gravatar.com\/avatar\/db38f6ef38bb165f6f4d352563f264129673ed4536984fbbcddf700bd12f8a9a?s=96&d=mm&r=g\",\"caption\":\"P.M\"},\"url\":\"https:\/\/vosgesinfo.fr\/remiremontinfo\/author\/p-mangel88\/\"}]}<\/script>\n<!-- \/ Yoast SEO plugin. -->","yoast_head_json":{"title":"Formation des animateurs des prochaines sessions de parcours Alpha sur Remiremont - Remiremont Info","robots":{"index":"index","follow":"follow","max-snippet":"max-snippet:-1","max-image-preview":"max-image-preview:large","max-video-preview":"max-video-preview:-1"},"canonical":"https:\/\/vosgesinfo.fr\/remiremontinfo\/2023\/09\/formation-des-animateurs-des-prochaines-sessions-de-parcours-alpha-sur-remiremont\/","twitter_card":"summary_large_image","twitter_title":"Formation des animateurs des prochaines sessions de parcours Alpha sur Remiremont - Remiremont Info","twitter_description":"Dans notre article du 15 septembre qui titrait \u00ab\u00a0Des millions de personnes dans le monde ont d\u00e9j\u00e0 profit\u00e9 du Parcours [&hellip;]","twitter_image":"https:\/\/vosgesinfo.fr\/app\/uploads\/sites\/5\/2023\/09\/img-7133.jpg","twitter_creator":"@VosgesInfo88","twitter_site":"@VosgesInfo88","twitter_misc":{"\u00c9crit par":"P.M","Dur\u00e9e de lecture estim\u00e9e":"1 minute"},"schema":{"@context":"https:\/\/schema.org","@graph":[{"@type":"Article","@id":"https:\/\/vosgesinfo.fr\/remiremontinfo\/2023\/09\/formation-des-animateurs-des-prochaines-sessions-de-parcours-alpha-sur-remiremont\/#article","isPartOf":{"@id":"https:\/\/vosgesinfo.fr\/remiremontinfo\/2023\/09\/formation-des-animateurs-des-prochaines-sessions-de-parcours-alpha-sur-remiremont\/"},"author":{"name":"P.M","@id":"https:\/\/vosgesinfo.fr\/remiremontinfo\/#\/schema\/person\/a6fd2dde36da20be3679f2058b94c5b8"},"headline":"Formation des animateurs des prochaines sessions de parcours Alpha sur Remiremont","datePublished":"2023-09-19T10:59:01+00:00","dateModified":"2023-09-19T10:59:01+00:00","mainEntityOfPage":{"@id":"https:\/\/vosgesinfo.fr\/remiremontinfo\/2023\/09\/formation-des-animateurs-des-prochaines-sessions-de-parcours-alpha-sur-remiremont\/"},"wordCount":280,"commentCount":0,"publisher":{"@id":"https:\/\/vosgesinfo.fr\/remiremontinfo\/#organization"},"image":{"@id":"https:\/\/vosgesinfo.fr\/remiremontinfo\/2023\/09\/formation-des-animateurs-des-prochaines-sessions-de-parcours-alpha-sur-remiremont\/#primaryimage"},"thumbnailUrl":"https:\/\/vosgesinfo.fr\/app\/uploads\/sites\/5\/2023\/09\/img-7133.jpg","keywords":["abb\u00e9 claude durupt","parcours ALPHA"],"articleSection":["A la Une","Enseignement","Religion","Remiremont &amp; son canton"],"inLanguage":"fr-FR","potentialAction":[{"@type":"CommentAction","name":"Comment","target":["https:\/\/vosgesinfo.fr\/remiremontinfo\/2023\/09\/formation-des-animateurs-des-prochaines-sessions-de-parcours-alpha-sur-remiremont\/#respond"]}]},{"@type":"WebPage","@id":"https:\/\/vosgesinfo.fr\/remiremontinfo\/2023\/09\/formation-des-animateurs-des-prochaines-sessions-de-parcours-alpha-sur-remiremont\/","url":"https:\/\/vosgesinfo.fr\/remiremontinfo\/2023\/09\/formation-des-animateurs-des-prochaines-sessions-de-parcours-alpha-sur-remiremont\/","name":"Formation des animateurs des prochaines sessions de parcours Alpha sur Remiremont - Remiremont Info","isPartOf":{"@id":"https:\/\/vosgesinfo.fr\/remiremontinfo\/#website"},"primaryImageOfPage":{"@id":"https:\/\/vosgesinfo.fr\/remiremontinfo\/2023\/09\/formation-des-animateurs-des-prochaines-sessions-de-parcours-alpha-sur-remiremont\/#primaryimage"},"image":{"@id":"https:\/\/vosgesinfo.fr\/remiremontinfo\/2023\/09\/formation-des-animateurs-des-prochaines-sessions-de-parcours-alpha-sur-remiremont\/#primaryimage"},"thumbnailUrl":"https:\/\/vosgesinfo.fr\/app\/uploads\/sites\/5\/2023\/09\/img-7133.jpg","datePublished":"2023-09-19T10:59:01+00:00","dateModified":"2023-09-19T10:59:01+00:00","breadcrumb":{"@id":"https:\/\/vosgesinfo.fr\/remiremontinfo\/2023\/09\/formation-des-animateurs-des-prochaines-sessions-de-parcours-alpha-sur-remiremont\/#breadcrumb"},"inLanguage":"fr-FR","potentialAction":[{"@type":"ReadAction","target":["https:\/\/vosgesinfo.fr\/remiremontinfo\/2023\/09\/formation-des-animateurs-des-prochaines-sessions-de-parcours-alpha-sur-remiremont\/"]}]},{"@type":"ImageObject","inLanguage":"fr-FR","@id":"https:\/\/vosgesinfo.fr\/remiremontinfo\/2023\/09\/formation-des-animateurs-des-prochaines-sessions-de-parcours-alpha-sur-remiremont\/#primaryimage","url":"https:\/\/vosgesinfo.fr\/app\/uploads\/sites\/5\/2023\/09\/img-7133.jpg","contentUrl":"https:\/\/vosgesinfo.fr\/app\/uploads\/sites\/5\/2023\/09\/img-7133.jpg","width":1600,"height":1200},{"@type":"BreadcrumbList","@id":"https:\/\/vosgesinfo.fr\/remiremontinfo\/2023\/09\/formation-des-animateurs-des-prochaines-sessions-de-parcours-alpha-sur-remiremont\/#breadcrumb","itemListElement":[{"@type":"ListItem","position":1,"name":"Home","item":"https:\/\/vosgesinfo.fr\/remiremontinfo\/"},{"@type":"ListItem","position":2,"name":"Formation des animateurs des prochaines sessions de parcours Alpha sur Remiremont"}]},{"@type":"WebSite","@id":"https:\/\/vosgesinfo.fr\/remiremontinfo\/#website","url":"https:\/\/vosgesinfo.fr\/remiremontinfo\/","name":"Remiremont Info","description":"Toute l&#039;actualit\u00e9 de Remiremont","publisher":{"@id":"https:\/\/vosgesinfo.fr\/remiremontinfo\/#organization"},"alternateName":"Toute l'actualit\u00e9 de Remiremont","potentialAction":[{"@type":"SearchAction","target":{"@type":"EntryPoint","urlTemplate":"https:\/\/vosgesinfo.fr\/remiremontinfo\/?s={search_term_string}"},"query-input":"required name=search_term_string"}],"inLanguage":"fr-FR"},{"@type":"Organization","@id":"https:\/\/vosgesinfo.fr\/remiremontinfo\/#organization","name":"Remiremont Info","url":"https:\/\/vosgesinfo.fr\/remiremontinfo\/","logo":{"@type":"ImageObject","inLanguage":"fr-FR","@id":"https:\/\/vosgesinfo.fr\/remiremontinfo\/#\/schema\/logo\/image\/","url":"https:\/\/vosgesinfo.fr\/app\/uploads\/sites\/5\/2023\/08\/favicon-remiremontinfo.png","contentUrl":"https:\/\/vosgesinfo.fr\/app\/uploads\/sites\/5\/2023\/08\/favicon-remiremontinfo.png","width":512,"height":512,"caption":"Remiremont Info"},"image":{"@id":"https:\/\/vosgesinfo.fr\/remiremontinfo\/#\/schema\/logo\/image\/"},"sameAs":["https:\/\/www.facebook.com\/remiremontinfo","https:\/\/x.com\/VosgesInfo88","https:\/\/www.youtube.com\/@vosgesinfo"]},{"@type":"Person","@id":"https:\/\/vosgesinfo.fr\/remiremontinfo\/#\/schema\/person\/a6fd2dde36da20be3679f2058b94c5b8","name":"P.M","image":{"@type":"ImageObject","inLanguage":"fr-FR","@id":"https:\/\/vosgesinfo.fr\/remiremontinfo\/#\/schema\/person\/image\/","url":"https:\/\/secure.gravatar.com\/avatar\/db38f6ef38bb165f6f4d352563f264129673ed4536984fbbcddf700bd12f8a9a?s=96&d=mm&r=g","contentUrl":"https:\/\/secure.gravatar.com\/avatar\/db38f6ef38bb165f6f4d352563f264129673ed4536984fbbcddf700bd12f8a9a?s=96&d=mm&r=g","caption":"P.M"},"url":"https:\/\/vosgesinfo.fr\/remiremontinfo\/author\/p-mangel88\/"}]}},"_links":{"self":[{"href":"https:\/\/vosgesinfo.fr\/remiremontinfo\/wp-json\/wp\/v2\/posts\/1242","targetHints":{"allow":["GET"]}}],"collection":[{"href":"https:\/\/vosgesinfo.fr\/remiremontinfo\/wp-json\/wp\/v2\/posts"}],"about":[{"href":"https:\/\/vosgesinfo.fr\/remiremontinfo\/wp-json\/wp\/v2\/types\/post"}],"author":[{"embeddable":true,"href":"https:\/\/vosgesinfo.fr\/remiremontinfo\/wp-json\/wp\/v2\/users\/413"}],"replies":[{"embeddable":true,"href":"https:\/\/vosgesinfo.fr\/remiremontinfo\/wp-json\/wp\/v2\/comments?post=1242"}],"version-history":[{"count":0,"href":"https:\/\/vosgesinfo.fr\/remiremontinfo\/wp-json\/wp\/v2\/posts\/1242\/revisions"}],"wp:featuredmedia":[{"embeddable":true,"href":"https:\/\/vosgesinfo.fr\/remiremontinfo\/wp-json\/wp\/v2\/media\/1243"}],"wp:attachment":[{"href":"https:\/\/vosgesinfo.fr\/remiremontinfo\/wp-json\/wp\/v2\/media?parent=1242"}],"wp:term":[{"taxonomy":"category","embeddable":true,"href":"https:\/\/vosgesinfo.fr\/remiremontinfo\/wp-json\/wp\/v2\/categories?post=1242"},{"taxonomy":"post_tag","embeddable":true,"href":"https:\/\/vosgesinfo.fr\/remiremontinfo\/wp-json\/wp\/v2\/tags?post=1242"}],"curies":[{"name":"wp","href":"https:\/\/api.w.org\/{rel}","templated":true}]}}