{"id":12438,"date":"2019-03-27T08:00:44","date_gmt":"2019-03-27T07:00:44","guid":{"rendered":"https:\/\/vosgesinfo.fr\/remiremontinfo\/2019\/03\/cafes-tablettes-ateliers-informatiques-a-mediatheque-intercommunale\/"},"modified":"2019-03-27T08:00:44","modified_gmt":"2019-03-27T07:00:44","slug":"cafes-tablettes-ateliers-informatiques-a-mediatheque-intercommunale","status":"publish","type":"post","link":"https:\/\/vosgesinfo.fr\/remiremontinfo\/2019\/03\/cafes-tablettes-ateliers-informatiques-a-mediatheque-intercommunale\/","title":{"rendered":"Caf\u00e9s tablettes : ateliers informatiques\u00a0\u00e0 la M\u00e9diath\u00e8que Intercommunale"},"content":{"rendered":"<h2><a href=\"\/2019\/03\/fb01.jpg\"><img decoding=\"async\" class=\"alignnone size-full wp-image-256085\" src=\"\/2019\/03\/fb01.jpg\" alt=\"fb01\" width=\"796\" height=\"398\" \/><\/a><\/h2>\n<h2><span style=\"font-size: 12pt;\"><strong>D\u00e9butant(e) avec les tablettes ? Utilisateur ou utilisatrice avanc\u00e9(e) ayant envie de partager son exp\u00e9rience ? Simple curieux ou curieuse d\u00e9sirant en savoir plus sur ces appareils ?<\/strong><\/span><\/h2>\n<p>Le caf\u00e9 Tablettes est un atelier pas comme les autres, pendant lequel les participants peuvent \u00e9changer entre eux leurs astuces, leurs applis pr\u00e9f\u00e9r\u00e9es ou exposer les probl\u00e8mes techniques rencontr\u00e9s.<br \/>\nTout cela autour d&rsquo;une bonne tasse de caf\u00e9, naturellement !<\/p>\n<p>Prochain rendez-vous, au choix, le 3 avril ou le 10 avril de 10H \u00e0 12H.<\/p>\n<p>R\u00e9servation gratuite au 03.29.22.50.01.<br \/>\nLes participants apporteront leur mat\u00e9riel personnel. La m\u00e9diath\u00e8que met toutefois plusieurs tablettes \u00e0 disposition des personnes int\u00e9ress\u00e9es par l\u2019atelier mais pas encore \u00e9quip\u00e9es.<\/p>\n","protected":false},"excerpt":{"rendered":"<p>D\u00e9butant(e) avec les tablettes ? Utilisateur ou utilisatrice avanc\u00e9(e) ayant envie de partager son exp\u00e9rience ? Simple curieux ou curieuse [&hellip;]<\/p>\n","protected":false},"author":407,"featured_media":12439,"comment_status":"open","ping_status":"open","sticky":false,"template":"","format":"standard","meta":{"footnotes":""},"categories":[26,54,1556,35],"tags":[],"class_list":["post-12438","post","type-post","status-publish","format-standard","has-post-thumbnail","hentry","category-a-la-une","category-loisirs","category-remiremont-remiremont-son-canton-2","category-remiremont-son-canton"],"acf":[],"yoast_head":"<!-- This site is optimized with the Yoast SEO plugin v22.5 - https:\/\/yoast.com\/wordpress\/plugins\/seo\/ -->\n<title>Caf\u00e9s tablettes : ateliers informatiques\u00a0\u00e0 la M\u00e9diath\u00e8que Intercommunale - Remiremont Info<\/title>\n<meta name=\"robots\" content=\"index, follow, max-snippet:-1, max-image-preview:large, max-video-preview:-1\" \/>\n<link rel=\"canonical\" href=\"https:\/\/vosgesinfo.fr\/remiremontinfo\/2019\/03\/cafes-tablettes-ateliers-informatiques-a-mediatheque-intercommunale\/\" \/>\n<meta name=\"twitter:card\" content=\"summary_large_image\" \/>\n<meta name=\"twitter:title\" content=\"Caf\u00e9s tablettes : ateliers informatiques\u00a0\u00e0 la M\u00e9diath\u00e8que Intercommunale - Remiremont Info\" \/>\n<meta name=\"twitter:description\" content=\"D\u00e9butant(e) avec les tablettes ? Utilisateur ou utilisatrice avanc\u00e9(e) ayant envie de partager son exp\u00e9rience ? Simple curieux ou curieuse [&hellip;]\" \/>\n<meta name=\"twitter:image\" content=\"https:\/\/vosgesinfo.fr\/app\/uploads\/sites\/5\/2024\/09\/201903fb01.jpg\" \/>\n<meta name=\"twitter:creator\" content=\"@VosgesInfo88\" \/>\n<meta name=\"twitter:site\" content=\"@VosgesInfo88\" \/>\n<meta name=\"twitter:label1\" content=\"\u00c9crit par\" \/>\n\t<meta name=\"twitter:data1\" content=\"C D\" \/>\n\t<meta name=\"twitter:label2\" content=\"Dur\u00e9e de lecture estim\u00e9e\" \/>\n\t<meta name=\"twitter:data2\" content=\"1 minute\" \/>\n<script type=\"application\/ld+json\" class=\"yoast-schema-graph\">{\"@context\":\"https:\/\/schema.org\",\"@graph\":[{\"@type\":\"Article\",\"@id\":\"https:\/\/vosgesinfo.fr\/remiremontinfo\/2019\/03\/cafes-tablettes-ateliers-informatiques-a-mediatheque-intercommunale\/#article\",\"isPartOf\":{\"@id\":\"https:\/\/vosgesinfo.fr\/remiremontinfo\/2019\/03\/cafes-tablettes-ateliers-informatiques-a-mediatheque-intercommunale\/\"},\"author\":{\"name\":\"C D\",\"@id\":\"https:\/\/vosgesinfo.fr\/remiremontinfo\/#\/schema\/person\/3bfd164d5218a185b1db68655a265316\"},\"headline\":\"Caf\u00e9s tablettes : ateliers informatiques\u00a0\u00e0 la M\u00e9diath\u00e8que Intercommunale\",\"datePublished\":\"2019-03-27T07:00:44+00:00\",\"dateModified\":\"2019-03-27T07:00:44+00:00\",\"mainEntityOfPage\":{\"@id\":\"https:\/\/vosgesinfo.fr\/remiremontinfo\/2019\/03\/cafes-tablettes-ateliers-informatiques-a-mediatheque-intercommunale\/\"},\"wordCount\":129,\"commentCount\":0,\"publisher\":{\"@id\":\"https:\/\/vosgesinfo.fr\/remiremontinfo\/#organization\"},\"image\":{\"@id\":\"https:\/\/vosgesinfo.fr\/remiremontinfo\/2019\/03\/cafes-tablettes-ateliers-informatiques-a-mediatheque-intercommunale\/#primaryimage\"},\"thumbnailUrl\":\"https:\/\/vosgesinfo.fr\/app\/uploads\/sites\/5\/2024\/09\/201903fb01.jpg\",\"articleSection\":[\"A la Une\",\"Loisirs\",\"Remiremont\",\"Remiremont &amp; son canton\"],\"inLanguage\":\"fr-FR\",\"potentialAction\":[{\"@type\":\"CommentAction\",\"name\":\"Comment\",\"target\":[\"https:\/\/vosgesinfo.fr\/remiremontinfo\/2019\/03\/cafes-tablettes-ateliers-informatiques-a-mediatheque-intercommunale\/#respond\"]}]},{\"@type\":\"WebPage\",\"@id\":\"https:\/\/vosgesinfo.fr\/remiremontinfo\/2019\/03\/cafes-tablettes-ateliers-informatiques-a-mediatheque-intercommunale\/\",\"url\":\"https:\/\/vosgesinfo.fr\/remiremontinfo\/2019\/03\/cafes-tablettes-ateliers-informatiques-a-mediatheque-intercommunale\/\",\"name\":\"Caf\u00e9s tablettes : ateliers informatiques\u00a0\u00e0 la M\u00e9diath\u00e8que Intercommunale - Remiremont Info\",\"isPartOf\":{\"@id\":\"https:\/\/vosgesinfo.fr\/remiremontinfo\/#website\"},\"primaryImageOfPage\":{\"@id\":\"https:\/\/vosgesinfo.fr\/remiremontinfo\/2019\/03\/cafes-tablettes-ateliers-informatiques-a-mediatheque-intercommunale\/#primaryimage\"},\"image\":{\"@id\":\"https:\/\/vosgesinfo.fr\/remiremontinfo\/2019\/03\/cafes-tablettes-ateliers-informatiques-a-mediatheque-intercommunale\/#primaryimage\"},\"thumbnailUrl\":\"https:\/\/vosgesinfo.fr\/app\/uploads\/sites\/5\/2024\/09\/201903fb01.jpg\",\"datePublished\":\"2019-03-27T07:00:44+00:00\",\"dateModified\":\"2019-03-27T07:00:44+00:00\",\"breadcrumb\":{\"@id\":\"https:\/\/vosgesinfo.fr\/remiremontinfo\/2019\/03\/cafes-tablettes-ateliers-informatiques-a-mediatheque-intercommunale\/#breadcrumb\"},\"inLanguage\":\"fr-FR\",\"potentialAction\":[{\"@type\":\"ReadAction\",\"target\":[\"https:\/\/vosgesinfo.fr\/remiremontinfo\/2019\/03\/cafes-tablettes-ateliers-informatiques-a-mediatheque-intercommunale\/\"]}]},{\"@type\":\"ImageObject\",\"inLanguage\":\"fr-FR\",\"@id\":\"https:\/\/vosgesinfo.fr\/remiremontinfo\/2019\/03\/cafes-tablettes-ateliers-informatiques-a-mediatheque-intercommunale\/#primaryimage\",\"url\":\"https:\/\/vosgesinfo.fr\/app\/uploads\/sites\/5\/2024\/09\/201903fb01.jpg\",\"contentUrl\":\"https:\/\/vosgesinfo.fr\/app\/uploads\/sites\/5\/2024\/09\/201903fb01.jpg\",\"width\":796,\"height\":398},{\"@type\":\"BreadcrumbList\",\"@id\":\"https:\/\/vosgesinfo.fr\/remiremontinfo\/2019\/03\/cafes-tablettes-ateliers-informatiques-a-mediatheque-intercommunale\/#breadcrumb\",\"itemListElement\":[{\"@type\":\"ListItem\",\"position\":1,\"name\":\"Home\",\"item\":\"https:\/\/vosgesinfo.fr\/remiremontinfo\/\"},{\"@type\":\"ListItem\",\"position\":2,\"name\":\"Caf\u00e9s tablettes : ateliers informatiques\u00a0\u00e0 la M\u00e9diath\u00e8que Intercommunale\"}]},{\"@type\":\"WebSite\",\"@id\":\"https:\/\/vosgesinfo.fr\/remiremontinfo\/#website\",\"url\":\"https:\/\/vosgesinfo.fr\/remiremontinfo\/\",\"name\":\"Remiremont Info\",\"description\":\"Toute l&#039;actualit\u00e9 de Remiremont\",\"publisher\":{\"@id\":\"https:\/\/vosgesinfo.fr\/remiremontinfo\/#organization\"},\"alternateName\":\"Toute l'actualit\u00e9 de Remiremont\",\"potentialAction\":[{\"@type\":\"SearchAction\",\"target\":{\"@type\":\"EntryPoint\",\"urlTemplate\":\"https:\/\/vosgesinfo.fr\/remiremontinfo\/?s={search_term_string}\"},\"query-input\":\"required name=search_term_string\"}],\"inLanguage\":\"fr-FR\"},{\"@type\":\"Organization\",\"@id\":\"https:\/\/vosgesinfo.fr\/remiremontinfo\/#organization\",\"name\":\"Remiremont Info\",\"url\":\"https:\/\/vosgesinfo.fr\/remiremontinfo\/\",\"logo\":{\"@type\":\"ImageObject\",\"inLanguage\":\"fr-FR\",\"@id\":\"https:\/\/vosgesinfo.fr\/remiremontinfo\/#\/schema\/logo\/image\/\",\"url\":\"https:\/\/vosgesinfo.fr\/app\/uploads\/sites\/5\/2023\/08\/favicon-remiremontinfo.png\",\"contentUrl\":\"https:\/\/vosgesinfo.fr\/app\/uploads\/sites\/5\/2023\/08\/favicon-remiremontinfo.png\",\"width\":512,\"height\":512,\"caption\":\"Remiremont Info\"},\"image\":{\"@id\":\"https:\/\/vosgesinfo.fr\/remiremontinfo\/#\/schema\/logo\/image\/\"},\"sameAs\":[\"https:\/\/www.facebook.com\/remiremontinfo\",\"https:\/\/x.com\/VosgesInfo88\",\"https:\/\/www.youtube.com\/@vosgesinfo\"]},{\"@type\":\"Person\",\"@id\":\"https:\/\/vosgesinfo.fr\/remiremontinfo\/#\/schema\/person\/3bfd164d5218a185b1db68655a265316\",\"name\":\"C D\",\"image\":{\"@type\":\"ImageObject\",\"inLanguage\":\"fr-FR\",\"@id\":\"https:\/\/vosgesinfo.fr\/remiremontinfo\/#\/schema\/person\/image\/\",\"url\":\"https:\/\/secure.gravatar.com\/avatar\/1f9a70007336511a47468b8f1c66f922b8b7cf617b02a31149ada43893a5d48f?s=96&d=mm&r=g\",\"contentUrl\":\"https:\/\/secure.gravatar.com\/avatar\/1f9a70007336511a47468b8f1c66f922b8b7cf617b02a31149ada43893a5d48f?s=96&d=mm&r=g\",\"caption\":\"C D\"},\"url\":\"https:\/\/vosgesinfo.fr\/remiremontinfo\/author\/cedric-drevet\/\"}]}<\/script>\n<!-- \/ Yoast SEO plugin. -->","yoast_head_json":{"title":"Caf\u00e9s tablettes : ateliers informatiques\u00a0\u00e0 la M\u00e9diath\u00e8que Intercommunale - Remiremont Info","robots":{"index":"index","follow":"follow","max-snippet":"max-snippet:-1","max-image-preview":"max-image-preview:large","max-video-preview":"max-video-preview:-1"},"canonical":"https:\/\/vosgesinfo.fr\/remiremontinfo\/2019\/03\/cafes-tablettes-ateliers-informatiques-a-mediatheque-intercommunale\/","twitter_card":"summary_large_image","twitter_title":"Caf\u00e9s tablettes : ateliers informatiques\u00a0\u00e0 la M\u00e9diath\u00e8que Intercommunale - Remiremont Info","twitter_description":"D\u00e9butant(e) avec les tablettes ? Utilisateur ou utilisatrice avanc\u00e9(e) ayant envie de partager son exp\u00e9rience ? Simple curieux ou curieuse [&hellip;]","twitter_image":"https:\/\/vosgesinfo.fr\/app\/uploads\/sites\/5\/2024\/09\/201903fb01.jpg","twitter_creator":"@VosgesInfo88","twitter_site":"@VosgesInfo88","twitter_misc":{"\u00c9crit par":"C D","Dur\u00e9e de lecture estim\u00e9e":"1 minute"},"schema":{"@context":"https:\/\/schema.org","@graph":[{"@type":"Article","@id":"https:\/\/vosgesinfo.fr\/remiremontinfo\/2019\/03\/cafes-tablettes-ateliers-informatiques-a-mediatheque-intercommunale\/#article","isPartOf":{"@id":"https:\/\/vosgesinfo.fr\/remiremontinfo\/2019\/03\/cafes-tablettes-ateliers-informatiques-a-mediatheque-intercommunale\/"},"author":{"name":"C D","@id":"https:\/\/vosgesinfo.fr\/remiremontinfo\/#\/schema\/person\/3bfd164d5218a185b1db68655a265316"},"headline":"Caf\u00e9s tablettes : ateliers informatiques\u00a0\u00e0 la M\u00e9diath\u00e8que Intercommunale","datePublished":"2019-03-27T07:00:44+00:00","dateModified":"2019-03-27T07:00:44+00:00","mainEntityOfPage":{"@id":"https:\/\/vosgesinfo.fr\/remiremontinfo\/2019\/03\/cafes-tablettes-ateliers-informatiques-a-mediatheque-intercommunale\/"},"wordCount":129,"commentCount":0,"publisher":{"@id":"https:\/\/vosgesinfo.fr\/remiremontinfo\/#organization"},"image":{"@id":"https:\/\/vosgesinfo.fr\/remiremontinfo\/2019\/03\/cafes-tablettes-ateliers-informatiques-a-mediatheque-intercommunale\/#primaryimage"},"thumbnailUrl":"https:\/\/vosgesinfo.fr\/app\/uploads\/sites\/5\/2024\/09\/201903fb01.jpg","articleSection":["A la Une","Loisirs","Remiremont","Remiremont &amp; son canton"],"inLanguage":"fr-FR","potentialAction":[{"@type":"CommentAction","name":"Comment","target":["https:\/\/vosgesinfo.fr\/remiremontinfo\/2019\/03\/cafes-tablettes-ateliers-informatiques-a-mediatheque-intercommunale\/#respond"]}]},{"@type":"WebPage","@id":"https:\/\/vosgesinfo.fr\/remiremontinfo\/2019\/03\/cafes-tablettes-ateliers-informatiques-a-mediatheque-intercommunale\/","url":"https:\/\/vosgesinfo.fr\/remiremontinfo\/2019\/03\/cafes-tablettes-ateliers-informatiques-a-mediatheque-intercommunale\/","name":"Caf\u00e9s tablettes : ateliers informatiques\u00a0\u00e0 la M\u00e9diath\u00e8que Intercommunale - Remiremont Info","isPartOf":{"@id":"https:\/\/vosgesinfo.fr\/remiremontinfo\/#website"},"primaryImageOfPage":{"@id":"https:\/\/vosgesinfo.fr\/remiremontinfo\/2019\/03\/cafes-tablettes-ateliers-informatiques-a-mediatheque-intercommunale\/#primaryimage"},"image":{"@id":"https:\/\/vosgesinfo.fr\/remiremontinfo\/2019\/03\/cafes-tablettes-ateliers-informatiques-a-mediatheque-intercommunale\/#primaryimage"},"thumbnailUrl":"https:\/\/vosgesinfo.fr\/app\/uploads\/sites\/5\/2024\/09\/201903fb01.jpg","datePublished":"2019-03-27T07:00:44+00:00","dateModified":"2019-03-27T07:00:44+00:00","breadcrumb":{"@id":"https:\/\/vosgesinfo.fr\/remiremontinfo\/2019\/03\/cafes-tablettes-ateliers-informatiques-a-mediatheque-intercommunale\/#breadcrumb"},"inLanguage":"fr-FR","potentialAction":[{"@type":"ReadAction","target":["https:\/\/vosgesinfo.fr\/remiremontinfo\/2019\/03\/cafes-tablettes-ateliers-informatiques-a-mediatheque-intercommunale\/"]}]},{"@type":"ImageObject","inLanguage":"fr-FR","@id":"https:\/\/vosgesinfo.fr\/remiremontinfo\/2019\/03\/cafes-tablettes-ateliers-informatiques-a-mediatheque-intercommunale\/#primaryimage","url":"https:\/\/vosgesinfo.fr\/app\/uploads\/sites\/5\/2024\/09\/201903fb01.jpg","contentUrl":"https:\/\/vosgesinfo.fr\/app\/uploads\/sites\/5\/2024\/09\/201903fb01.jpg","width":796,"height":398},{"@type":"BreadcrumbList","@id":"https:\/\/vosgesinfo.fr\/remiremontinfo\/2019\/03\/cafes-tablettes-ateliers-informatiques-a-mediatheque-intercommunale\/#breadcrumb","itemListElement":[{"@type":"ListItem","position":1,"name":"Home","item":"https:\/\/vosgesinfo.fr\/remiremontinfo\/"},{"@type":"ListItem","position":2,"name":"Caf\u00e9s tablettes : ateliers informatiques\u00a0\u00e0 la M\u00e9diath\u00e8que Intercommunale"}]},{"@type":"WebSite","@id":"https:\/\/vosgesinfo.fr\/remiremontinfo\/#website","url":"https:\/\/vosgesinfo.fr\/remiremontinfo\/","name":"Remiremont Info","description":"Toute l&#039;actualit\u00e9 de Remiremont","publisher":{"@id":"https:\/\/vosgesinfo.fr\/remiremontinfo\/#organization"},"alternateName":"Toute l'actualit\u00e9 de Remiremont","potentialAction":[{"@type":"SearchAction","target":{"@type":"EntryPoint","urlTemplate":"https:\/\/vosgesinfo.fr\/remiremontinfo\/?s={search_term_string}"},"query-input":"required name=search_term_string"}],"inLanguage":"fr-FR"},{"@type":"Organization","@id":"https:\/\/vosgesinfo.fr\/remiremontinfo\/#organization","name":"Remiremont Info","url":"https:\/\/vosgesinfo.fr\/remiremontinfo\/","logo":{"@type":"ImageObject","inLanguage":"fr-FR","@id":"https:\/\/vosgesinfo.fr\/remiremontinfo\/#\/schema\/logo\/image\/","url":"https:\/\/vosgesinfo.fr\/app\/uploads\/sites\/5\/2023\/08\/favicon-remiremontinfo.png","contentUrl":"https:\/\/vosgesinfo.fr\/app\/uploads\/sites\/5\/2023\/08\/favicon-remiremontinfo.png","width":512,"height":512,"caption":"Remiremont Info"},"image":{"@id":"https:\/\/vosgesinfo.fr\/remiremontinfo\/#\/schema\/logo\/image\/"},"sameAs":["https:\/\/www.facebook.com\/remiremontinfo","https:\/\/x.com\/VosgesInfo88","https:\/\/www.youtube.com\/@vosgesinfo"]},{"@type":"Person","@id":"https:\/\/vosgesinfo.fr\/remiremontinfo\/#\/schema\/person\/3bfd164d5218a185b1db68655a265316","name":"C D","image":{"@type":"ImageObject","inLanguage":"fr-FR","@id":"https:\/\/vosgesinfo.fr\/remiremontinfo\/#\/schema\/person\/image\/","url":"https:\/\/secure.gravatar.com\/avatar\/1f9a70007336511a47468b8f1c66f922b8b7cf617b02a31149ada43893a5d48f?s=96&d=mm&r=g","contentUrl":"https:\/\/secure.gravatar.com\/avatar\/1f9a70007336511a47468b8f1c66f922b8b7cf617b02a31149ada43893a5d48f?s=96&d=mm&r=g","caption":"C D"},"url":"https:\/\/vosgesinfo.fr\/remiremontinfo\/author\/cedric-drevet\/"}]}},"_links":{"self":[{"href":"https:\/\/vosgesinfo.fr\/remiremontinfo\/wp-json\/wp\/v2\/posts\/12438","targetHints":{"allow":["GET"]}}],"collection":[{"href":"https:\/\/vosgesinfo.fr\/remiremontinfo\/wp-json\/wp\/v2\/posts"}],"about":[{"href":"https:\/\/vosgesinfo.fr\/remiremontinfo\/wp-json\/wp\/v2\/types\/post"}],"author":[{"embeddable":true,"href":"https:\/\/vosgesinfo.fr\/remiremontinfo\/wp-json\/wp\/v2\/users\/407"}],"replies":[{"embeddable":true,"href":"https:\/\/vosgesinfo.fr\/remiremontinfo\/wp-json\/wp\/v2\/comments?post=12438"}],"version-history":[{"count":0,"href":"https:\/\/vosgesinfo.fr\/remiremontinfo\/wp-json\/wp\/v2\/posts\/12438\/revisions"}],"wp:featuredmedia":[{"embeddable":true,"href":"https:\/\/vosgesinfo.fr\/remiremontinfo\/wp-json\/wp\/v2\/media\/12439"}],"wp:attachment":[{"href":"https:\/\/vosgesinfo.fr\/remiremontinfo\/wp-json\/wp\/v2\/media?parent=12438"}],"wp:term":[{"taxonomy":"category","embeddable":true,"href":"https:\/\/vosgesinfo.fr\/remiremontinfo\/wp-json\/wp\/v2\/categories?post=12438"},{"taxonomy":"post_tag","embeddable":true,"href":"https:\/\/vosgesinfo.fr\/remiremontinfo\/wp-json\/wp\/v2\/tags?post=12438"}],"curies":[{"name":"wp","href":"https:\/\/api.w.org\/{rel}","templated":true}]}}