{"id":12442,"date":"2019-03-27T14:46:10","date_gmt":"2019-03-27T13:46:10","guid":{"rendered":"https:\/\/vosgesinfo.fr\/remiremontinfo\/2019\/03\/saint-maurice-moselle-marina-do-santos-candidate-aux-elections-municipales-de-2020\/"},"modified":"2019-03-27T14:46:10","modified_gmt":"2019-03-27T13:46:10","slug":"saint-maurice-moselle-marina-do-santos-candidate-aux-elections-municipales-de-2020","status":"publish","type":"post","link":"https:\/\/vosgesinfo.fr\/remiremontinfo\/2019\/03\/saint-maurice-moselle-marina-do-santos-candidate-aux-elections-municipales-de-2020\/","title":{"rendered":"Saint Maurice sur Moselle : Marina Do Santos est candidate aux \u00e9lections municipales de 2020"},"content":{"rendered":"<p><a href=\"\/2019\/03\/Capture-d\u2019e\u0301cran-2019-03-27-a\u0300-15.40.32.png\"><img decoding=\"async\" class=\"alignnone size-full wp-image-256108\" src=\"\/2019\/03\/Capture-d\u2019e\u0301cran-2019-03-27-a\u0300-15.40.32.png\" alt=\"Capture d\u2019e\u0301cran 2019-03-27 a\u0300 15.40.32\" width=\"1186\" height=\"940\" \/><\/a><\/p>\n<h2><span style=\"font-size: 12pt;\"><strong>Marina Do Santos, pr\u00e9sidente de la Ligue des Citoyens de France, conseill\u00e8re r\u00e9gionale Grand-Est et d\u00e9l\u00e9gu\u00e9e d\u00e9partementale du SIEL des Vosges, a annonc\u00e9 sa candidature pour les \u00e9lections municipales 2020 \u00e0 Saint Maurice sur Moselle.<\/strong><\/span><\/h2>\n<p><em>\u00ab\u00a0Mes Chers Compatriotes, Mes Chers Fr\u00e9mis,<\/em><\/p>\n<p><em>J\u2019ai souhait\u00e9 aujourd\u2019hui m\u2019adresser \u00e0 vous.<\/em><\/p>\n<p><em>Actuellement Pr\u00e9sidente de la Ligue des Citoyens de France, Conseill\u00e8re R\u00e9gionale Grand Est et D\u00e9l\u00e9gu\u00e9e D\u00e9partementale du SIEL, je suis fi\u00e8re de vous annoncer ma candidature aux prochaines \u00e9lections municipales 2020 sur la commune de Saint Maurice Sur Moselle.<\/em><\/p>\n<p><em>Je vais m\u2019engager activement pour les Fr\u00e9mis qui souhaitent du changement sur notre belle commune.<\/em><br \/>\n<em>Ma seule ambition demeure \u00ab\u00a0d\u2019oeuvrer pour la commune de Saint Maurice Sur Moselle et les Fr\u00e9mis\u00a0\u00bb.<\/em><\/p>\n<p><em>Mon exp\u00e9rience de terrain et mon ancrage local vont permettre d\u2019agir avec efficacit\u00e9 sur les sujets les plus d\u00e9licats qui vous touchent.<\/em><\/p>\n<p><em>Prochainement, je vais m\u2019adresser \u00e0 vous afin de conna\u00eetre votre avis sur divers th\u00e9matiques qui m\u2019aideront \u00e0 constituer un programme d\u00e9mocratique en vue des prochaines \u00e9lections municipales de 2020.<\/em><\/p>\n<p style=\"text-align: right;\"><em><strong>Do Santos Marina<\/strong>\u00a0\u00bb<\/em><\/p>\n","protected":false},"excerpt":{"rendered":"<p>Marina Do Santos, pr\u00e9sidente de la Ligue des Citoyens de France, conseill\u00e8re r\u00e9gionale Grand-Est et d\u00e9l\u00e9gu\u00e9e d\u00e9partementale du SIEL des [&hellip;]<\/p>\n","protected":false},"author":407,"featured_media":12443,"comment_status":"open","ping_status":"open","sticky":false,"template":"","format":"standard","meta":{"footnotes":""},"categories":[26,37,10,39],"tags":[],"class_list":["post-12442","post","type-post","status-publish","format-standard","has-post-thumbnail","hentry","category-a-la-une","category-le-thillot-son-canton","category-politique","category-saint-maurice-moselle"],"acf":[],"yoast_head":"<!-- This site is optimized with the Yoast SEO plugin v22.5 - https:\/\/yoast.com\/wordpress\/plugins\/seo\/ -->\n<title>Saint Maurice sur Moselle : Marina Do Santos est candidate aux \u00e9lections municipales de 2020 - Remiremont Info<\/title>\n<meta name=\"robots\" content=\"index, follow, max-snippet:-1, max-image-preview:large, max-video-preview:-1\" \/>\n<link rel=\"canonical\" href=\"https:\/\/vosgesinfo.fr\/remiremontinfo\/2019\/03\/saint-maurice-moselle-marina-do-santos-candidate-aux-elections-municipales-de-2020\/\" \/>\n<meta name=\"twitter:card\" content=\"summary_large_image\" \/>\n<meta name=\"twitter:title\" content=\"Saint Maurice sur Moselle : Marina Do Santos est candidate aux \u00e9lections municipales de 2020 - Remiremont Info\" \/>\n<meta name=\"twitter:description\" content=\"Marina Do Santos, pr\u00e9sidente de la Ligue des Citoyens de France, conseill\u00e8re r\u00e9gionale Grand-Est et d\u00e9l\u00e9gu\u00e9e d\u00e9partementale du SIEL des [&hellip;]\" \/>\n<meta name=\"twitter:image\" content=\"https:\/\/vosgesinfo.fr\/app\/uploads\/sites\/5\/2024\/09\/201903capture-decran-2019-03-27-a-15.40.32.png\" \/>\n<meta name=\"twitter:creator\" content=\"@VosgesInfo88\" \/>\n<meta name=\"twitter:site\" content=\"@VosgesInfo88\" \/>\n<meta name=\"twitter:label1\" content=\"\u00c9crit par\" \/>\n\t<meta name=\"twitter:data1\" content=\"C D\" \/>\n\t<meta name=\"twitter:label2\" content=\"Dur\u00e9e de lecture estim\u00e9e\" \/>\n\t<meta name=\"twitter:data2\" content=\"1 minute\" \/>\n<script type=\"application\/ld+json\" class=\"yoast-schema-graph\">{\"@context\":\"https:\/\/schema.org\",\"@graph\":[{\"@type\":\"Article\",\"@id\":\"https:\/\/vosgesinfo.fr\/remiremontinfo\/2019\/03\/saint-maurice-moselle-marina-do-santos-candidate-aux-elections-municipales-de-2020\/#article\",\"isPartOf\":{\"@id\":\"https:\/\/vosgesinfo.fr\/remiremontinfo\/2019\/03\/saint-maurice-moselle-marina-do-santos-candidate-aux-elections-municipales-de-2020\/\"},\"author\":{\"name\":\"C D\",\"@id\":\"https:\/\/vosgesinfo.fr\/remiremontinfo\/#\/schema\/person\/3bfd164d5218a185b1db68655a265316\"},\"headline\":\"Saint Maurice sur Moselle : Marina Do Santos est candidate aux \u00e9lections municipales de 2020\",\"datePublished\":\"2019-03-27T13:46:10+00:00\",\"dateModified\":\"2019-03-27T13:46:10+00:00\",\"mainEntityOfPage\":{\"@id\":\"https:\/\/vosgesinfo.fr\/remiremontinfo\/2019\/03\/saint-maurice-moselle-marina-do-santos-candidate-aux-elections-municipales-de-2020\/\"},\"wordCount\":208,\"commentCount\":0,\"publisher\":{\"@id\":\"https:\/\/vosgesinfo.fr\/remiremontinfo\/#organization\"},\"image\":{\"@id\":\"https:\/\/vosgesinfo.fr\/remiremontinfo\/2019\/03\/saint-maurice-moselle-marina-do-santos-candidate-aux-elections-municipales-de-2020\/#primaryimage\"},\"thumbnailUrl\":\"https:\/\/vosgesinfo.fr\/app\/uploads\/sites\/5\/2024\/09\/201903capture-decran-2019-03-27-a-15.40.32.png\",\"articleSection\":[\"A la Une\",\"Le Thillot &amp; son canton\",\"Politique\",\"Saint-Maurice\/Moselle\"],\"inLanguage\":\"fr-FR\",\"potentialAction\":[{\"@type\":\"CommentAction\",\"name\":\"Comment\",\"target\":[\"https:\/\/vosgesinfo.fr\/remiremontinfo\/2019\/03\/saint-maurice-moselle-marina-do-santos-candidate-aux-elections-municipales-de-2020\/#respond\"]}]},{\"@type\":\"WebPage\",\"@id\":\"https:\/\/vosgesinfo.fr\/remiremontinfo\/2019\/03\/saint-maurice-moselle-marina-do-santos-candidate-aux-elections-municipales-de-2020\/\",\"url\":\"https:\/\/vosgesinfo.fr\/remiremontinfo\/2019\/03\/saint-maurice-moselle-marina-do-santos-candidate-aux-elections-municipales-de-2020\/\",\"name\":\"Saint Maurice sur Moselle : Marina Do Santos est candidate aux \u00e9lections municipales de 2020 - Remiremont Info\",\"isPartOf\":{\"@id\":\"https:\/\/vosgesinfo.fr\/remiremontinfo\/#website\"},\"primaryImageOfPage\":{\"@id\":\"https:\/\/vosgesinfo.fr\/remiremontinfo\/2019\/03\/saint-maurice-moselle-marina-do-santos-candidate-aux-elections-municipales-de-2020\/#primaryimage\"},\"image\":{\"@id\":\"https:\/\/vosgesinfo.fr\/remiremontinfo\/2019\/03\/saint-maurice-moselle-marina-do-santos-candidate-aux-elections-municipales-de-2020\/#primaryimage\"},\"thumbnailUrl\":\"https:\/\/vosgesinfo.fr\/app\/uploads\/sites\/5\/2024\/09\/201903capture-decran-2019-03-27-a-15.40.32.png\",\"datePublished\":\"2019-03-27T13:46:10+00:00\",\"dateModified\":\"2019-03-27T13:46:10+00:00\",\"breadcrumb\":{\"@id\":\"https:\/\/vosgesinfo.fr\/remiremontinfo\/2019\/03\/saint-maurice-moselle-marina-do-santos-candidate-aux-elections-municipales-de-2020\/#breadcrumb\"},\"inLanguage\":\"fr-FR\",\"potentialAction\":[{\"@type\":\"ReadAction\",\"target\":[\"https:\/\/vosgesinfo.fr\/remiremontinfo\/2019\/03\/saint-maurice-moselle-marina-do-santos-candidate-aux-elections-municipales-de-2020\/\"]}]},{\"@type\":\"ImageObject\",\"inLanguage\":\"fr-FR\",\"@id\":\"https:\/\/vosgesinfo.fr\/remiremontinfo\/2019\/03\/saint-maurice-moselle-marina-do-santos-candidate-aux-elections-municipales-de-2020\/#primaryimage\",\"url\":\"https:\/\/vosgesinfo.fr\/app\/uploads\/sites\/5\/2024\/09\/201903capture-decran-2019-03-27-a-15.40.32.png\",\"contentUrl\":\"https:\/\/vosgesinfo.fr\/app\/uploads\/sites\/5\/2024\/09\/201903capture-decran-2019-03-27-a-15.40.32.png\",\"width\":1186,\"height\":940},{\"@type\":\"BreadcrumbList\",\"@id\":\"https:\/\/vosgesinfo.fr\/remiremontinfo\/2019\/03\/saint-maurice-moselle-marina-do-santos-candidate-aux-elections-municipales-de-2020\/#breadcrumb\",\"itemListElement\":[{\"@type\":\"ListItem\",\"position\":1,\"name\":\"Home\",\"item\":\"https:\/\/vosgesinfo.fr\/remiremontinfo\/\"},{\"@type\":\"ListItem\",\"position\":2,\"name\":\"Saint Maurice sur Moselle : Marina Do Santos est candidate aux \u00e9lections municipales de 2020\"}]},{\"@type\":\"WebSite\",\"@id\":\"https:\/\/vosgesinfo.fr\/remiremontinfo\/#website\",\"url\":\"https:\/\/vosgesinfo.fr\/remiremontinfo\/\",\"name\":\"Remiremont Info\",\"description\":\"Toute l&#039;actualit\u00e9 de Remiremont\",\"publisher\":{\"@id\":\"https:\/\/vosgesinfo.fr\/remiremontinfo\/#organization\"},\"alternateName\":\"Toute l'actualit\u00e9 de Remiremont\",\"potentialAction\":[{\"@type\":\"SearchAction\",\"target\":{\"@type\":\"EntryPoint\",\"urlTemplate\":\"https:\/\/vosgesinfo.fr\/remiremontinfo\/?s={search_term_string}\"},\"query-input\":\"required name=search_term_string\"}],\"inLanguage\":\"fr-FR\"},{\"@type\":\"Organization\",\"@id\":\"https:\/\/vosgesinfo.fr\/remiremontinfo\/#organization\",\"name\":\"Remiremont Info\",\"url\":\"https:\/\/vosgesinfo.fr\/remiremontinfo\/\",\"logo\":{\"@type\":\"ImageObject\",\"inLanguage\":\"fr-FR\",\"@id\":\"https:\/\/vosgesinfo.fr\/remiremontinfo\/#\/schema\/logo\/image\/\",\"url\":\"https:\/\/vosgesinfo.fr\/app\/uploads\/sites\/5\/2023\/08\/favicon-remiremontinfo.png\",\"contentUrl\":\"https:\/\/vosgesinfo.fr\/app\/uploads\/sites\/5\/2023\/08\/favicon-remiremontinfo.png\",\"width\":512,\"height\":512,\"caption\":\"Remiremont Info\"},\"image\":{\"@id\":\"https:\/\/vosgesinfo.fr\/remiremontinfo\/#\/schema\/logo\/image\/\"},\"sameAs\":[\"https:\/\/www.facebook.com\/remiremontinfo\",\"https:\/\/x.com\/VosgesInfo88\",\"https:\/\/www.youtube.com\/@vosgesinfo\"]},{\"@type\":\"Person\",\"@id\":\"https:\/\/vosgesinfo.fr\/remiremontinfo\/#\/schema\/person\/3bfd164d5218a185b1db68655a265316\",\"name\":\"C D\",\"image\":{\"@type\":\"ImageObject\",\"inLanguage\":\"fr-FR\",\"@id\":\"https:\/\/vosgesinfo.fr\/remiremontinfo\/#\/schema\/person\/image\/\",\"url\":\"https:\/\/secure.gravatar.com\/avatar\/1f9a70007336511a47468b8f1c66f922b8b7cf617b02a31149ada43893a5d48f?s=96&d=mm&r=g\",\"contentUrl\":\"https:\/\/secure.gravatar.com\/avatar\/1f9a70007336511a47468b8f1c66f922b8b7cf617b02a31149ada43893a5d48f?s=96&d=mm&r=g\",\"caption\":\"C D\"},\"url\":\"https:\/\/vosgesinfo.fr\/remiremontinfo\/author\/cedric-drevet\/\"}]}<\/script>\n<!-- \/ Yoast SEO plugin. -->","yoast_head_json":{"title":"Saint Maurice sur Moselle : Marina Do Santos est candidate aux \u00e9lections municipales de 2020 - Remiremont Info","robots":{"index":"index","follow":"follow","max-snippet":"max-snippet:-1","max-image-preview":"max-image-preview:large","max-video-preview":"max-video-preview:-1"},"canonical":"https:\/\/vosgesinfo.fr\/remiremontinfo\/2019\/03\/saint-maurice-moselle-marina-do-santos-candidate-aux-elections-municipales-de-2020\/","twitter_card":"summary_large_image","twitter_title":"Saint Maurice sur Moselle : Marina Do Santos est candidate aux \u00e9lections municipales de 2020 - Remiremont Info","twitter_description":"Marina Do Santos, pr\u00e9sidente de la Ligue des Citoyens de France, conseill\u00e8re r\u00e9gionale Grand-Est et d\u00e9l\u00e9gu\u00e9e d\u00e9partementale du SIEL des [&hellip;]","twitter_image":"https:\/\/vosgesinfo.fr\/app\/uploads\/sites\/5\/2024\/09\/201903capture-decran-2019-03-27-a-15.40.32.png","twitter_creator":"@VosgesInfo88","twitter_site":"@VosgesInfo88","twitter_misc":{"\u00c9crit par":"C D","Dur\u00e9e de lecture estim\u00e9e":"1 minute"},"schema":{"@context":"https:\/\/schema.org","@graph":[{"@type":"Article","@id":"https:\/\/vosgesinfo.fr\/remiremontinfo\/2019\/03\/saint-maurice-moselle-marina-do-santos-candidate-aux-elections-municipales-de-2020\/#article","isPartOf":{"@id":"https:\/\/vosgesinfo.fr\/remiremontinfo\/2019\/03\/saint-maurice-moselle-marina-do-santos-candidate-aux-elections-municipales-de-2020\/"},"author":{"name":"C D","@id":"https:\/\/vosgesinfo.fr\/remiremontinfo\/#\/schema\/person\/3bfd164d5218a185b1db68655a265316"},"headline":"Saint Maurice sur Moselle : Marina Do Santos est candidate aux \u00e9lections municipales de 2020","datePublished":"2019-03-27T13:46:10+00:00","dateModified":"2019-03-27T13:46:10+00:00","mainEntityOfPage":{"@id":"https:\/\/vosgesinfo.fr\/remiremontinfo\/2019\/03\/saint-maurice-moselle-marina-do-santos-candidate-aux-elections-municipales-de-2020\/"},"wordCount":208,"commentCount":0,"publisher":{"@id":"https:\/\/vosgesinfo.fr\/remiremontinfo\/#organization"},"image":{"@id":"https:\/\/vosgesinfo.fr\/remiremontinfo\/2019\/03\/saint-maurice-moselle-marina-do-santos-candidate-aux-elections-municipales-de-2020\/#primaryimage"},"thumbnailUrl":"https:\/\/vosgesinfo.fr\/app\/uploads\/sites\/5\/2024\/09\/201903capture-decran-2019-03-27-a-15.40.32.png","articleSection":["A la Une","Le Thillot &amp; son canton","Politique","Saint-Maurice\/Moselle"],"inLanguage":"fr-FR","potentialAction":[{"@type":"CommentAction","name":"Comment","target":["https:\/\/vosgesinfo.fr\/remiremontinfo\/2019\/03\/saint-maurice-moselle-marina-do-santos-candidate-aux-elections-municipales-de-2020\/#respond"]}]},{"@type":"WebPage","@id":"https:\/\/vosgesinfo.fr\/remiremontinfo\/2019\/03\/saint-maurice-moselle-marina-do-santos-candidate-aux-elections-municipales-de-2020\/","url":"https:\/\/vosgesinfo.fr\/remiremontinfo\/2019\/03\/saint-maurice-moselle-marina-do-santos-candidate-aux-elections-municipales-de-2020\/","name":"Saint Maurice sur Moselle : Marina Do Santos est candidate aux \u00e9lections municipales de 2020 - Remiremont Info","isPartOf":{"@id":"https:\/\/vosgesinfo.fr\/remiremontinfo\/#website"},"primaryImageOfPage":{"@id":"https:\/\/vosgesinfo.fr\/remiremontinfo\/2019\/03\/saint-maurice-moselle-marina-do-santos-candidate-aux-elections-municipales-de-2020\/#primaryimage"},"image":{"@id":"https:\/\/vosgesinfo.fr\/remiremontinfo\/2019\/03\/saint-maurice-moselle-marina-do-santos-candidate-aux-elections-municipales-de-2020\/#primaryimage"},"thumbnailUrl":"https:\/\/vosgesinfo.fr\/app\/uploads\/sites\/5\/2024\/09\/201903capture-decran-2019-03-27-a-15.40.32.png","datePublished":"2019-03-27T13:46:10+00:00","dateModified":"2019-03-27T13:46:10+00:00","breadcrumb":{"@id":"https:\/\/vosgesinfo.fr\/remiremontinfo\/2019\/03\/saint-maurice-moselle-marina-do-santos-candidate-aux-elections-municipales-de-2020\/#breadcrumb"},"inLanguage":"fr-FR","potentialAction":[{"@type":"ReadAction","target":["https:\/\/vosgesinfo.fr\/remiremontinfo\/2019\/03\/saint-maurice-moselle-marina-do-santos-candidate-aux-elections-municipales-de-2020\/"]}]},{"@type":"ImageObject","inLanguage":"fr-FR","@id":"https:\/\/vosgesinfo.fr\/remiremontinfo\/2019\/03\/saint-maurice-moselle-marina-do-santos-candidate-aux-elections-municipales-de-2020\/#primaryimage","url":"https:\/\/vosgesinfo.fr\/app\/uploads\/sites\/5\/2024\/09\/201903capture-decran-2019-03-27-a-15.40.32.png","contentUrl":"https:\/\/vosgesinfo.fr\/app\/uploads\/sites\/5\/2024\/09\/201903capture-decran-2019-03-27-a-15.40.32.png","width":1186,"height":940},{"@type":"BreadcrumbList","@id":"https:\/\/vosgesinfo.fr\/remiremontinfo\/2019\/03\/saint-maurice-moselle-marina-do-santos-candidate-aux-elections-municipales-de-2020\/#breadcrumb","itemListElement":[{"@type":"ListItem","position":1,"name":"Home","item":"https:\/\/vosgesinfo.fr\/remiremontinfo\/"},{"@type":"ListItem","position":2,"name":"Saint Maurice sur Moselle : Marina Do Santos est candidate aux \u00e9lections municipales de 2020"}]},{"@type":"WebSite","@id":"https:\/\/vosgesinfo.fr\/remiremontinfo\/#website","url":"https:\/\/vosgesinfo.fr\/remiremontinfo\/","name":"Remiremont Info","description":"Toute l&#039;actualit\u00e9 de Remiremont","publisher":{"@id":"https:\/\/vosgesinfo.fr\/remiremontinfo\/#organization"},"alternateName":"Toute l'actualit\u00e9 de Remiremont","potentialAction":[{"@type":"SearchAction","target":{"@type":"EntryPoint","urlTemplate":"https:\/\/vosgesinfo.fr\/remiremontinfo\/?s={search_term_string}"},"query-input":"required name=search_term_string"}],"inLanguage":"fr-FR"},{"@type":"Organization","@id":"https:\/\/vosgesinfo.fr\/remiremontinfo\/#organization","name":"Remiremont Info","url":"https:\/\/vosgesinfo.fr\/remiremontinfo\/","logo":{"@type":"ImageObject","inLanguage":"fr-FR","@id":"https:\/\/vosgesinfo.fr\/remiremontinfo\/#\/schema\/logo\/image\/","url":"https:\/\/vosgesinfo.fr\/app\/uploads\/sites\/5\/2023\/08\/favicon-remiremontinfo.png","contentUrl":"https:\/\/vosgesinfo.fr\/app\/uploads\/sites\/5\/2023\/08\/favicon-remiremontinfo.png","width":512,"height":512,"caption":"Remiremont Info"},"image":{"@id":"https:\/\/vosgesinfo.fr\/remiremontinfo\/#\/schema\/logo\/image\/"},"sameAs":["https:\/\/www.facebook.com\/remiremontinfo","https:\/\/x.com\/VosgesInfo88","https:\/\/www.youtube.com\/@vosgesinfo"]},{"@type":"Person","@id":"https:\/\/vosgesinfo.fr\/remiremontinfo\/#\/schema\/person\/3bfd164d5218a185b1db68655a265316","name":"C D","image":{"@type":"ImageObject","inLanguage":"fr-FR","@id":"https:\/\/vosgesinfo.fr\/remiremontinfo\/#\/schema\/person\/image\/","url":"https:\/\/secure.gravatar.com\/avatar\/1f9a70007336511a47468b8f1c66f922b8b7cf617b02a31149ada43893a5d48f?s=96&d=mm&r=g","contentUrl":"https:\/\/secure.gravatar.com\/avatar\/1f9a70007336511a47468b8f1c66f922b8b7cf617b02a31149ada43893a5d48f?s=96&d=mm&r=g","caption":"C D"},"url":"https:\/\/vosgesinfo.fr\/remiremontinfo\/author\/cedric-drevet\/"}]}},"_links":{"self":[{"href":"https:\/\/vosgesinfo.fr\/remiremontinfo\/wp-json\/wp\/v2\/posts\/12442","targetHints":{"allow":["GET"]}}],"collection":[{"href":"https:\/\/vosgesinfo.fr\/remiremontinfo\/wp-json\/wp\/v2\/posts"}],"about":[{"href":"https:\/\/vosgesinfo.fr\/remiremontinfo\/wp-json\/wp\/v2\/types\/post"}],"author":[{"embeddable":true,"href":"https:\/\/vosgesinfo.fr\/remiremontinfo\/wp-json\/wp\/v2\/users\/407"}],"replies":[{"embeddable":true,"href":"https:\/\/vosgesinfo.fr\/remiremontinfo\/wp-json\/wp\/v2\/comments?post=12442"}],"version-history":[{"count":0,"href":"https:\/\/vosgesinfo.fr\/remiremontinfo\/wp-json\/wp\/v2\/posts\/12442\/revisions"}],"wp:featuredmedia":[{"embeddable":true,"href":"https:\/\/vosgesinfo.fr\/remiremontinfo\/wp-json\/wp\/v2\/media\/12443"}],"wp:attachment":[{"href":"https:\/\/vosgesinfo.fr\/remiremontinfo\/wp-json\/wp\/v2\/media?parent=12442"}],"wp:term":[{"taxonomy":"category","embeddable":true,"href":"https:\/\/vosgesinfo.fr\/remiremontinfo\/wp-json\/wp\/v2\/categories?post=12442"},{"taxonomy":"post_tag","embeddable":true,"href":"https:\/\/vosgesinfo.fr\/remiremontinfo\/wp-json\/wp\/v2\/tags?post=12442"}],"curies":[{"name":"wp","href":"https:\/\/api.w.org\/{rel}","templated":true}]}}