{"id":12445,"date":"2019-03-27T08:05:58","date_gmt":"2019-03-27T07:05:58","guid":{"rendered":"https:\/\/vosgesinfo.fr\/remiremontinfo\/2019\/03\/fc-eloyes-lequipe-feminines-u18-accede-a-lechelon-superieur\/"},"modified":"2019-03-27T08:05:58","modified_gmt":"2019-03-27T07:05:58","slug":"fc-eloyes-lequipe-feminines-u18-accede-a-lechelon-superieur","status":"publish","type":"post","link":"https:\/\/vosgesinfo.fr\/remiremontinfo\/2019\/03\/fc-eloyes-lequipe-feminines-u18-accede-a-lechelon-superieur\/","title":{"rendered":"FC Eloyes : l\u2019\u00e9quipe f\u00e9minines U18 acc\u00e8de \u00e0 l\u2019\u00e9chelon sup\u00e9rieur"},"content":{"rendered":"<p><a href=\"\/2019\/03\/20190323_123226.jpg\"><img decoding=\"async\" class=\"alignnone size-full wp-image-256092\" src=\"\/2019\/03\/20190323_123226.jpg\" alt=\"20190323_123226\" width=\"4032\" height=\"3024\" \/><\/a><\/p>\n<h2><span style=\"font-size: 12pt;\"><strong>En terminant seconde de son groupe de la phase automne, l\u2019\u00e9quipe U18 du FCE vient d\u2019acc\u00e9der \u00e0 la poule \u00e9lite regroupant toutes les meilleures formations du foot \u00e0 8 en Lorraine et devront affronter successivement en match aller\/retour Forbach, Amn\u00e9ville, Metz, Mangiennes et Golbey.<\/strong><\/span><\/h2>\n<p>Ce samedi nos f\u00e9minines recevaient le voisin Golbey et elles avaient \u00e0 c\u0153ur de bien d\u00e9buter ce championnat et surtout de faire oublier les deux seules d\u00e9faites conc\u00e9d\u00e9es lors de la phase pr\u00e9c\u00e9dente.<\/p>\n<p>Tr\u00e8s soud\u00e9es et combatives nos jeunes filles prennent le match en main et ouvrent le score en 1 \u00e8re mi-temps par Sarah M. qui place le ballon hors de port\u00e9e de la gardienne apr\u00e8s un joli mouvement collectif. De retour des vestiaires, Sarah double rapidement la mise et c\u2019est Axelle L. qui an\u00e9antit tous les espoirs de retour de Golbey et permet \u00e0 l\u2019\u00e9quipe de g\u00e9rer au mieux cette fin de partie.<\/p>\n<p>Un grand bravo aux 11 filles pr\u00e9sentes sur la feuille de match pour une premi\u00e8re tr\u00e8s r\u00e9ussie.<\/p>\n<p><em>FC ELOYES<\/em><\/p>\n","protected":false},"excerpt":{"rendered":"<p>En terminant seconde de son groupe de la phase automne, l\u2019\u00e9quipe U18 du FCE vient d\u2019acc\u00e9der \u00e0 la poule \u00e9lite [&hellip;]<\/p>\n","protected":false},"author":407,"featured_media":12446,"comment_status":"open","ping_status":"open","sticky":false,"template":"","format":"standard","meta":{"footnotes":""},"categories":[26,318,35,14],"tags":[],"class_list":["post-12445","post","type-post","status-publish","format-standard","has-post-thumbnail","hentry","category-a-la-une","category-eloyes","category-remiremont-son-canton","category-sport"],"acf":[],"yoast_head":"<!-- This site is optimized with the Yoast SEO plugin v22.5 - https:\/\/yoast.com\/wordpress\/plugins\/seo\/ -->\n<title>FC Eloyes : l\u2019\u00e9quipe f\u00e9minines U18 acc\u00e8de \u00e0 l\u2019\u00e9chelon sup\u00e9rieur - Remiremont Info<\/title>\n<meta name=\"robots\" content=\"index, follow, max-snippet:-1, max-image-preview:large, max-video-preview:-1\" \/>\n<link rel=\"canonical\" href=\"https:\/\/vosgesinfo.fr\/remiremontinfo\/2019\/03\/fc-eloyes-lequipe-feminines-u18-accede-a-lechelon-superieur\/\" \/>\n<meta name=\"twitter:card\" content=\"summary_large_image\" \/>\n<meta name=\"twitter:title\" content=\"FC Eloyes : l\u2019\u00e9quipe f\u00e9minines U18 acc\u00e8de \u00e0 l\u2019\u00e9chelon sup\u00e9rieur - Remiremont Info\" \/>\n<meta name=\"twitter:description\" content=\"En terminant seconde de son groupe de la phase automne, l\u2019\u00e9quipe U18 du FCE vient d\u2019acc\u00e9der \u00e0 la poule \u00e9lite [&hellip;]\" \/>\n<meta name=\"twitter:image\" content=\"https:\/\/vosgesinfo.fr\/app\/uploads\/sites\/5\/2024\/09\/20190320190323-123226-scaled.jpg\" \/>\n<meta name=\"twitter:creator\" content=\"@VosgesInfo88\" \/>\n<meta name=\"twitter:site\" content=\"@VosgesInfo88\" \/>\n<meta name=\"twitter:label1\" content=\"\u00c9crit par\" \/>\n\t<meta name=\"twitter:data1\" content=\"C D\" \/>\n\t<meta name=\"twitter:label2\" content=\"Dur\u00e9e de lecture estim\u00e9e\" \/>\n\t<meta name=\"twitter:data2\" content=\"1 minute\" \/>\n<script type=\"application\/ld+json\" class=\"yoast-schema-graph\">{\"@context\":\"https:\/\/schema.org\",\"@graph\":[{\"@type\":\"Article\",\"@id\":\"https:\/\/vosgesinfo.fr\/remiremontinfo\/2019\/03\/fc-eloyes-lequipe-feminines-u18-accede-a-lechelon-superieur\/#article\",\"isPartOf\":{\"@id\":\"https:\/\/vosgesinfo.fr\/remiremontinfo\/2019\/03\/fc-eloyes-lequipe-feminines-u18-accede-a-lechelon-superieur\/\"},\"author\":{\"name\":\"C D\",\"@id\":\"https:\/\/vosgesinfo.fr\/remiremontinfo\/#\/schema\/person\/3bfd164d5218a185b1db68655a265316\"},\"headline\":\"FC Eloyes : l\u2019\u00e9quipe f\u00e9minines U18 acc\u00e8de \u00e0 l\u2019\u00e9chelon sup\u00e9rieur\",\"datePublished\":\"2019-03-27T07:05:58+00:00\",\"dateModified\":\"2019-03-27T07:05:58+00:00\",\"mainEntityOfPage\":{\"@id\":\"https:\/\/vosgesinfo.fr\/remiremontinfo\/2019\/03\/fc-eloyes-lequipe-feminines-u18-accede-a-lechelon-superieur\/\"},\"wordCount\":199,\"commentCount\":0,\"publisher\":{\"@id\":\"https:\/\/vosgesinfo.fr\/remiremontinfo\/#organization\"},\"image\":{\"@id\":\"https:\/\/vosgesinfo.fr\/remiremontinfo\/2019\/03\/fc-eloyes-lequipe-feminines-u18-accede-a-lechelon-superieur\/#primaryimage\"},\"thumbnailUrl\":\"https:\/\/vosgesinfo.fr\/app\/uploads\/sites\/5\/2024\/09\/20190320190323-123226-scaled.jpg\",\"articleSection\":[\"A la Une\",\"Eloyes\",\"Remiremont &amp; son canton\",\"Sport\"],\"inLanguage\":\"fr-FR\",\"potentialAction\":[{\"@type\":\"CommentAction\",\"name\":\"Comment\",\"target\":[\"https:\/\/vosgesinfo.fr\/remiremontinfo\/2019\/03\/fc-eloyes-lequipe-feminines-u18-accede-a-lechelon-superieur\/#respond\"]}]},{\"@type\":\"WebPage\",\"@id\":\"https:\/\/vosgesinfo.fr\/remiremontinfo\/2019\/03\/fc-eloyes-lequipe-feminines-u18-accede-a-lechelon-superieur\/\",\"url\":\"https:\/\/vosgesinfo.fr\/remiremontinfo\/2019\/03\/fc-eloyes-lequipe-feminines-u18-accede-a-lechelon-superieur\/\",\"name\":\"FC Eloyes : l\u2019\u00e9quipe f\u00e9minines U18 acc\u00e8de \u00e0 l\u2019\u00e9chelon sup\u00e9rieur - Remiremont Info\",\"isPartOf\":{\"@id\":\"https:\/\/vosgesinfo.fr\/remiremontinfo\/#website\"},\"primaryImageOfPage\":{\"@id\":\"https:\/\/vosgesinfo.fr\/remiremontinfo\/2019\/03\/fc-eloyes-lequipe-feminines-u18-accede-a-lechelon-superieur\/#primaryimage\"},\"image\":{\"@id\":\"https:\/\/vosgesinfo.fr\/remiremontinfo\/2019\/03\/fc-eloyes-lequipe-feminines-u18-accede-a-lechelon-superieur\/#primaryimage\"},\"thumbnailUrl\":\"https:\/\/vosgesinfo.fr\/app\/uploads\/sites\/5\/2024\/09\/20190320190323-123226-scaled.jpg\",\"datePublished\":\"2019-03-27T07:05:58+00:00\",\"dateModified\":\"2019-03-27T07:05:58+00:00\",\"breadcrumb\":{\"@id\":\"https:\/\/vosgesinfo.fr\/remiremontinfo\/2019\/03\/fc-eloyes-lequipe-feminines-u18-accede-a-lechelon-superieur\/#breadcrumb\"},\"inLanguage\":\"fr-FR\",\"potentialAction\":[{\"@type\":\"ReadAction\",\"target\":[\"https:\/\/vosgesinfo.fr\/remiremontinfo\/2019\/03\/fc-eloyes-lequipe-feminines-u18-accede-a-lechelon-superieur\/\"]}]},{\"@type\":\"ImageObject\",\"inLanguage\":\"fr-FR\",\"@id\":\"https:\/\/vosgesinfo.fr\/remiremontinfo\/2019\/03\/fc-eloyes-lequipe-feminines-u18-accede-a-lechelon-superieur\/#primaryimage\",\"url\":\"https:\/\/vosgesinfo.fr\/app\/uploads\/sites\/5\/2024\/09\/20190320190323-123226-scaled.jpg\",\"contentUrl\":\"https:\/\/vosgesinfo.fr\/app\/uploads\/sites\/5\/2024\/09\/20190320190323-123226-scaled.jpg\",\"width\":2560,\"height\":1920},{\"@type\":\"BreadcrumbList\",\"@id\":\"https:\/\/vosgesinfo.fr\/remiremontinfo\/2019\/03\/fc-eloyes-lequipe-feminines-u18-accede-a-lechelon-superieur\/#breadcrumb\",\"itemListElement\":[{\"@type\":\"ListItem\",\"position\":1,\"name\":\"Home\",\"item\":\"https:\/\/vosgesinfo.fr\/remiremontinfo\/\"},{\"@type\":\"ListItem\",\"position\":2,\"name\":\"FC Eloyes : l\u2019\u00e9quipe f\u00e9minines U18 acc\u00e8de \u00e0 l\u2019\u00e9chelon sup\u00e9rieur\"}]},{\"@type\":\"WebSite\",\"@id\":\"https:\/\/vosgesinfo.fr\/remiremontinfo\/#website\",\"url\":\"https:\/\/vosgesinfo.fr\/remiremontinfo\/\",\"name\":\"Remiremont Info\",\"description\":\"Toute l&#039;actualit\u00e9 de Remiremont\",\"publisher\":{\"@id\":\"https:\/\/vosgesinfo.fr\/remiremontinfo\/#organization\"},\"alternateName\":\"Toute l'actualit\u00e9 de Remiremont\",\"potentialAction\":[{\"@type\":\"SearchAction\",\"target\":{\"@type\":\"EntryPoint\",\"urlTemplate\":\"https:\/\/vosgesinfo.fr\/remiremontinfo\/?s={search_term_string}\"},\"query-input\":\"required name=search_term_string\"}],\"inLanguage\":\"fr-FR\"},{\"@type\":\"Organization\",\"@id\":\"https:\/\/vosgesinfo.fr\/remiremontinfo\/#organization\",\"name\":\"Remiremont Info\",\"url\":\"https:\/\/vosgesinfo.fr\/remiremontinfo\/\",\"logo\":{\"@type\":\"ImageObject\",\"inLanguage\":\"fr-FR\",\"@id\":\"https:\/\/vosgesinfo.fr\/remiremontinfo\/#\/schema\/logo\/image\/\",\"url\":\"https:\/\/vosgesinfo.fr\/app\/uploads\/sites\/5\/2023\/08\/favicon-remiremontinfo.png\",\"contentUrl\":\"https:\/\/vosgesinfo.fr\/app\/uploads\/sites\/5\/2023\/08\/favicon-remiremontinfo.png\",\"width\":512,\"height\":512,\"caption\":\"Remiremont Info\"},\"image\":{\"@id\":\"https:\/\/vosgesinfo.fr\/remiremontinfo\/#\/schema\/logo\/image\/\"},\"sameAs\":[\"https:\/\/www.facebook.com\/remiremontinfo\",\"https:\/\/x.com\/VosgesInfo88\",\"https:\/\/www.youtube.com\/@vosgesinfo\"]},{\"@type\":\"Person\",\"@id\":\"https:\/\/vosgesinfo.fr\/remiremontinfo\/#\/schema\/person\/3bfd164d5218a185b1db68655a265316\",\"name\":\"C D\",\"image\":{\"@type\":\"ImageObject\",\"inLanguage\":\"fr-FR\",\"@id\":\"https:\/\/vosgesinfo.fr\/remiremontinfo\/#\/schema\/person\/image\/\",\"url\":\"https:\/\/secure.gravatar.com\/avatar\/1f9a70007336511a47468b8f1c66f922b8b7cf617b02a31149ada43893a5d48f?s=96&d=mm&r=g\",\"contentUrl\":\"https:\/\/secure.gravatar.com\/avatar\/1f9a70007336511a47468b8f1c66f922b8b7cf617b02a31149ada43893a5d48f?s=96&d=mm&r=g\",\"caption\":\"C D\"},\"url\":\"https:\/\/vosgesinfo.fr\/remiremontinfo\/author\/cedric-drevet\/\"}]}<\/script>\n<!-- \/ Yoast SEO plugin. -->","yoast_head_json":{"title":"FC Eloyes : l\u2019\u00e9quipe f\u00e9minines U18 acc\u00e8de \u00e0 l\u2019\u00e9chelon sup\u00e9rieur - Remiremont Info","robots":{"index":"index","follow":"follow","max-snippet":"max-snippet:-1","max-image-preview":"max-image-preview:large","max-video-preview":"max-video-preview:-1"},"canonical":"https:\/\/vosgesinfo.fr\/remiremontinfo\/2019\/03\/fc-eloyes-lequipe-feminines-u18-accede-a-lechelon-superieur\/","twitter_card":"summary_large_image","twitter_title":"FC Eloyes : l\u2019\u00e9quipe f\u00e9minines U18 acc\u00e8de \u00e0 l\u2019\u00e9chelon sup\u00e9rieur - Remiremont Info","twitter_description":"En terminant seconde de son groupe de la phase automne, l\u2019\u00e9quipe U18 du FCE vient d\u2019acc\u00e9der \u00e0 la poule \u00e9lite [&hellip;]","twitter_image":"https:\/\/vosgesinfo.fr\/app\/uploads\/sites\/5\/2024\/09\/20190320190323-123226-scaled.jpg","twitter_creator":"@VosgesInfo88","twitter_site":"@VosgesInfo88","twitter_misc":{"\u00c9crit par":"C D","Dur\u00e9e de lecture estim\u00e9e":"1 minute"},"schema":{"@context":"https:\/\/schema.org","@graph":[{"@type":"Article","@id":"https:\/\/vosgesinfo.fr\/remiremontinfo\/2019\/03\/fc-eloyes-lequipe-feminines-u18-accede-a-lechelon-superieur\/#article","isPartOf":{"@id":"https:\/\/vosgesinfo.fr\/remiremontinfo\/2019\/03\/fc-eloyes-lequipe-feminines-u18-accede-a-lechelon-superieur\/"},"author":{"name":"C D","@id":"https:\/\/vosgesinfo.fr\/remiremontinfo\/#\/schema\/person\/3bfd164d5218a185b1db68655a265316"},"headline":"FC Eloyes : l\u2019\u00e9quipe f\u00e9minines U18 acc\u00e8de \u00e0 l\u2019\u00e9chelon sup\u00e9rieur","datePublished":"2019-03-27T07:05:58+00:00","dateModified":"2019-03-27T07:05:58+00:00","mainEntityOfPage":{"@id":"https:\/\/vosgesinfo.fr\/remiremontinfo\/2019\/03\/fc-eloyes-lequipe-feminines-u18-accede-a-lechelon-superieur\/"},"wordCount":199,"commentCount":0,"publisher":{"@id":"https:\/\/vosgesinfo.fr\/remiremontinfo\/#organization"},"image":{"@id":"https:\/\/vosgesinfo.fr\/remiremontinfo\/2019\/03\/fc-eloyes-lequipe-feminines-u18-accede-a-lechelon-superieur\/#primaryimage"},"thumbnailUrl":"https:\/\/vosgesinfo.fr\/app\/uploads\/sites\/5\/2024\/09\/20190320190323-123226-scaled.jpg","articleSection":["A la Une","Eloyes","Remiremont &amp; son canton","Sport"],"inLanguage":"fr-FR","potentialAction":[{"@type":"CommentAction","name":"Comment","target":["https:\/\/vosgesinfo.fr\/remiremontinfo\/2019\/03\/fc-eloyes-lequipe-feminines-u18-accede-a-lechelon-superieur\/#respond"]}]},{"@type":"WebPage","@id":"https:\/\/vosgesinfo.fr\/remiremontinfo\/2019\/03\/fc-eloyes-lequipe-feminines-u18-accede-a-lechelon-superieur\/","url":"https:\/\/vosgesinfo.fr\/remiremontinfo\/2019\/03\/fc-eloyes-lequipe-feminines-u18-accede-a-lechelon-superieur\/","name":"FC Eloyes : l\u2019\u00e9quipe f\u00e9minines U18 acc\u00e8de \u00e0 l\u2019\u00e9chelon sup\u00e9rieur - Remiremont Info","isPartOf":{"@id":"https:\/\/vosgesinfo.fr\/remiremontinfo\/#website"},"primaryImageOfPage":{"@id":"https:\/\/vosgesinfo.fr\/remiremontinfo\/2019\/03\/fc-eloyes-lequipe-feminines-u18-accede-a-lechelon-superieur\/#primaryimage"},"image":{"@id":"https:\/\/vosgesinfo.fr\/remiremontinfo\/2019\/03\/fc-eloyes-lequipe-feminines-u18-accede-a-lechelon-superieur\/#primaryimage"},"thumbnailUrl":"https:\/\/vosgesinfo.fr\/app\/uploads\/sites\/5\/2024\/09\/20190320190323-123226-scaled.jpg","datePublished":"2019-03-27T07:05:58+00:00","dateModified":"2019-03-27T07:05:58+00:00","breadcrumb":{"@id":"https:\/\/vosgesinfo.fr\/remiremontinfo\/2019\/03\/fc-eloyes-lequipe-feminines-u18-accede-a-lechelon-superieur\/#breadcrumb"},"inLanguage":"fr-FR","potentialAction":[{"@type":"ReadAction","target":["https:\/\/vosgesinfo.fr\/remiremontinfo\/2019\/03\/fc-eloyes-lequipe-feminines-u18-accede-a-lechelon-superieur\/"]}]},{"@type":"ImageObject","inLanguage":"fr-FR","@id":"https:\/\/vosgesinfo.fr\/remiremontinfo\/2019\/03\/fc-eloyes-lequipe-feminines-u18-accede-a-lechelon-superieur\/#primaryimage","url":"https:\/\/vosgesinfo.fr\/app\/uploads\/sites\/5\/2024\/09\/20190320190323-123226-scaled.jpg","contentUrl":"https:\/\/vosgesinfo.fr\/app\/uploads\/sites\/5\/2024\/09\/20190320190323-123226-scaled.jpg","width":2560,"height":1920},{"@type":"BreadcrumbList","@id":"https:\/\/vosgesinfo.fr\/remiremontinfo\/2019\/03\/fc-eloyes-lequipe-feminines-u18-accede-a-lechelon-superieur\/#breadcrumb","itemListElement":[{"@type":"ListItem","position":1,"name":"Home","item":"https:\/\/vosgesinfo.fr\/remiremontinfo\/"},{"@type":"ListItem","position":2,"name":"FC Eloyes : l\u2019\u00e9quipe f\u00e9minines U18 acc\u00e8de \u00e0 l\u2019\u00e9chelon sup\u00e9rieur"}]},{"@type":"WebSite","@id":"https:\/\/vosgesinfo.fr\/remiremontinfo\/#website","url":"https:\/\/vosgesinfo.fr\/remiremontinfo\/","name":"Remiremont Info","description":"Toute l&#039;actualit\u00e9 de Remiremont","publisher":{"@id":"https:\/\/vosgesinfo.fr\/remiremontinfo\/#organization"},"alternateName":"Toute l'actualit\u00e9 de Remiremont","potentialAction":[{"@type":"SearchAction","target":{"@type":"EntryPoint","urlTemplate":"https:\/\/vosgesinfo.fr\/remiremontinfo\/?s={search_term_string}"},"query-input":"required name=search_term_string"}],"inLanguage":"fr-FR"},{"@type":"Organization","@id":"https:\/\/vosgesinfo.fr\/remiremontinfo\/#organization","name":"Remiremont Info","url":"https:\/\/vosgesinfo.fr\/remiremontinfo\/","logo":{"@type":"ImageObject","inLanguage":"fr-FR","@id":"https:\/\/vosgesinfo.fr\/remiremontinfo\/#\/schema\/logo\/image\/","url":"https:\/\/vosgesinfo.fr\/app\/uploads\/sites\/5\/2023\/08\/favicon-remiremontinfo.png","contentUrl":"https:\/\/vosgesinfo.fr\/app\/uploads\/sites\/5\/2023\/08\/favicon-remiremontinfo.png","width":512,"height":512,"caption":"Remiremont Info"},"image":{"@id":"https:\/\/vosgesinfo.fr\/remiremontinfo\/#\/schema\/logo\/image\/"},"sameAs":["https:\/\/www.facebook.com\/remiremontinfo","https:\/\/x.com\/VosgesInfo88","https:\/\/www.youtube.com\/@vosgesinfo"]},{"@type":"Person","@id":"https:\/\/vosgesinfo.fr\/remiremontinfo\/#\/schema\/person\/3bfd164d5218a185b1db68655a265316","name":"C D","image":{"@type":"ImageObject","inLanguage":"fr-FR","@id":"https:\/\/vosgesinfo.fr\/remiremontinfo\/#\/schema\/person\/image\/","url":"https:\/\/secure.gravatar.com\/avatar\/1f9a70007336511a47468b8f1c66f922b8b7cf617b02a31149ada43893a5d48f?s=96&d=mm&r=g","contentUrl":"https:\/\/secure.gravatar.com\/avatar\/1f9a70007336511a47468b8f1c66f922b8b7cf617b02a31149ada43893a5d48f?s=96&d=mm&r=g","caption":"C D"},"url":"https:\/\/vosgesinfo.fr\/remiremontinfo\/author\/cedric-drevet\/"}]}},"_links":{"self":[{"href":"https:\/\/vosgesinfo.fr\/remiremontinfo\/wp-json\/wp\/v2\/posts\/12445","targetHints":{"allow":["GET"]}}],"collection":[{"href":"https:\/\/vosgesinfo.fr\/remiremontinfo\/wp-json\/wp\/v2\/posts"}],"about":[{"href":"https:\/\/vosgesinfo.fr\/remiremontinfo\/wp-json\/wp\/v2\/types\/post"}],"author":[{"embeddable":true,"href":"https:\/\/vosgesinfo.fr\/remiremontinfo\/wp-json\/wp\/v2\/users\/407"}],"replies":[{"embeddable":true,"href":"https:\/\/vosgesinfo.fr\/remiremontinfo\/wp-json\/wp\/v2\/comments?post=12445"}],"version-history":[{"count":0,"href":"https:\/\/vosgesinfo.fr\/remiremontinfo\/wp-json\/wp\/v2\/posts\/12445\/revisions"}],"wp:featuredmedia":[{"embeddable":true,"href":"https:\/\/vosgesinfo.fr\/remiremontinfo\/wp-json\/wp\/v2\/media\/12446"}],"wp:attachment":[{"href":"https:\/\/vosgesinfo.fr\/remiremontinfo\/wp-json\/wp\/v2\/media?parent=12445"}],"wp:term":[{"taxonomy":"category","embeddable":true,"href":"https:\/\/vosgesinfo.fr\/remiremontinfo\/wp-json\/wp\/v2\/categories?post=12445"},{"taxonomy":"post_tag","embeddable":true,"href":"https:\/\/vosgesinfo.fr\/remiremontinfo\/wp-json\/wp\/v2\/tags?post=12445"}],"curies":[{"name":"wp","href":"https:\/\/api.w.org\/{rel}","templated":true}]}}