{"id":12449,"date":"2019-03-27T08:00:42","date_gmt":"2019-03-27T07:00:42","guid":{"rendered":"https:\/\/vosgesinfo.fr\/remiremontinfo\/2019\/03\/remiremont-piece-droit-femmes-comedie-acte-mme-j-d-jeudi-centre-gilbert-zaug\/"},"modified":"2019-03-27T08:00:42","modified_gmt":"2019-03-27T07:00:42","slug":"remiremont-piece-droit-femmes-comedie-acte-mme-j-d-jeudi-centre-gilbert-zaug","status":"publish","type":"post","link":"https:\/\/vosgesinfo.fr\/remiremontinfo\/2019\/03\/remiremont-piece-droit-femmes-comedie-acte-mme-j-d-jeudi-centre-gilbert-zaug\/","title":{"rendered":"Remiremont : la pi\u00e8ce \u00ab\u00a0Le droit des femmes : com\u00e9die en un acte par Mme J. D.\u00a0\u00bb ce jeudi au centre Gilbert Zaug"},"content":{"rendered":"<h2><a href=\"\/2019\/03\/Capture-d\u2019e\u0301cran-2019-03-27-a\u0300-15.12.05.png\"><img decoding=\"async\" class=\"alignnone size-full wp-image-256100\" src=\"\/2019\/03\/Capture-d\u2019e\u0301cran-2019-03-27-a\u0300-15.12.05.png\" alt=\"Capture d\u2019e\u0301cran 2019-03-27 a\u0300 15.12.05\" width=\"1082\" height=\"1552\" \/><\/a><\/h2>\n<h2><span style=\"font-size: 12pt;\"><strong>Dans le cadre du 16e Forum de la Citoyennet\u00e9, ce jeudi 28 mars, la pi\u00e8ce \u00ab\u00a0Le droit des femmes : com\u00e9die en un acte par Mme J. D.\u00a0\u00bb sera jou\u00e9e par trois lyc\u00e9ennes de terminale de Jeanne d&rsquo;Arc au Centre Culturel Gilbert Zaug, juste apr\u00e8s l&rsquo;inauguration de l&rsquo;apr\u00e8s-midi.<\/strong><\/span><\/h2>\n<div><\/div>\n<div>Cette com\u00e9die satyrique de vingt minutes sur la lutte f\u00e9ministe a \u00e9t\u00e9 propos\u00e9e par les Archives municipales-Biblioth\u00e8que d&rsquo;\u00e9tude et de conservation de Remiremont, dans le cadre de l&rsquo;exposition \u00ab\u00a0Femme, femme, femme\u00a0\u00bb, visible au 4 place de l&rsquo;Abbaye jusqu&rsquo;au 6 juin. Quant aux costumes, ils sont notamment pr\u00eat\u00e9s par l&rsquo;amicale du personnel de la Ville de Remiremont.<\/div>\n<p>La pi\u00e8ce a \u00e9t\u00e9 repr\u00e9sent\u00e9e pour la premi\u00e8re fois dans la Belle des Vosges le 8 f\u00e9vrier 1897. Le livret, \u00e9dit\u00e9 dans la cite des chanoinesses par l&rsquo;imprimeur Mougin, est conserv\u00e9 aux Archives municipales- biblioth\u00e8que d&rsquo;\u00e9tude et de conservation de Remiremont sous la cote In-12\u00b0\/ 1880. Un document in\u00e9dit \u00e0 d\u00e9couvrir !<\/p>\n<div class=\"yj6qo ajU\"><\/div>\n","protected":false},"excerpt":{"rendered":"<p>Dans le cadre du 16e Forum de la Citoyennet\u00e9, ce jeudi 28 mars, la pi\u00e8ce \u00ab\u00a0Le droit des femmes : [&hellip;]<\/p>\n","protected":false},"author":407,"featured_media":12450,"comment_status":"open","ping_status":"open","sticky":false,"template":"","format":"standard","meta":{"footnotes":""},"categories":[26,54,1556,35],"tags":[],"class_list":["post-12449","post","type-post","status-publish","format-standard","has-post-thumbnail","hentry","category-a-la-une","category-loisirs","category-remiremont-remiremont-son-canton-2","category-remiremont-son-canton"],"acf":[],"yoast_head":"<!-- This site is optimized with the Yoast SEO plugin v22.5 - https:\/\/yoast.com\/wordpress\/plugins\/seo\/ -->\n<title>Remiremont : la pi\u00e8ce &quot;Le droit des femmes : com\u00e9die en un acte par Mme J. D.&quot; ce jeudi au centre Gilbert Zaug - Remiremont Info<\/title>\n<meta name=\"robots\" content=\"index, follow, max-snippet:-1, max-image-preview:large, max-video-preview:-1\" \/>\n<link rel=\"canonical\" href=\"https:\/\/vosgesinfo.fr\/remiremontinfo\/2019\/03\/remiremont-piece-droit-femmes-comedie-acte-mme-j-d-jeudi-centre-gilbert-zaug\/\" \/>\n<meta name=\"twitter:card\" content=\"summary_large_image\" \/>\n<meta name=\"twitter:title\" content=\"Remiremont : la pi\u00e8ce &quot;Le droit des femmes : com\u00e9die en un acte par Mme J. D.&quot; ce jeudi au centre Gilbert Zaug - Remiremont Info\" \/>\n<meta name=\"twitter:description\" content=\"Dans le cadre du 16e Forum de la Citoyennet\u00e9, ce jeudi 28 mars, la pi\u00e8ce \u00ab\u00a0Le droit des femmes : [&hellip;]\" \/>\n<meta name=\"twitter:image\" content=\"https:\/\/vosgesinfo.fr\/app\/uploads\/sites\/5\/2024\/09\/201903capture-decran-2019-03-27-a-15.12.05.png\" \/>\n<meta name=\"twitter:creator\" content=\"@VosgesInfo88\" \/>\n<meta name=\"twitter:site\" content=\"@VosgesInfo88\" \/>\n<meta name=\"twitter:label1\" content=\"\u00c9crit par\" \/>\n\t<meta name=\"twitter:data1\" content=\"C D\" \/>\n\t<meta name=\"twitter:label2\" content=\"Dur\u00e9e de lecture estim\u00e9e\" \/>\n\t<meta name=\"twitter:data2\" content=\"1 minute\" \/>\n<script type=\"application\/ld+json\" class=\"yoast-schema-graph\">{\"@context\":\"https:\/\/schema.org\",\"@graph\":[{\"@type\":\"Article\",\"@id\":\"https:\/\/vosgesinfo.fr\/remiremontinfo\/2019\/03\/remiremont-piece-droit-femmes-comedie-acte-mme-j-d-jeudi-centre-gilbert-zaug\/#article\",\"isPartOf\":{\"@id\":\"https:\/\/vosgesinfo.fr\/remiremontinfo\/2019\/03\/remiremont-piece-droit-femmes-comedie-acte-mme-j-d-jeudi-centre-gilbert-zaug\/\"},\"author\":{\"name\":\"C D\",\"@id\":\"https:\/\/vosgesinfo.fr\/remiremontinfo\/#\/schema\/person\/3bfd164d5218a185b1db68655a265316\"},\"headline\":\"Remiremont : la pi\u00e8ce \u00ab\u00a0Le droit des femmes : com\u00e9die en un acte par Mme J. D.\u00a0\u00bb ce jeudi au centre Gilbert Zaug\",\"datePublished\":\"2019-03-27T07:00:42+00:00\",\"dateModified\":\"2019-03-27T07:00:42+00:00\",\"mainEntityOfPage\":{\"@id\":\"https:\/\/vosgesinfo.fr\/remiremontinfo\/2019\/03\/remiremont-piece-droit-femmes-comedie-acte-mme-j-d-jeudi-centre-gilbert-zaug\/\"},\"wordCount\":200,\"commentCount\":0,\"publisher\":{\"@id\":\"https:\/\/vosgesinfo.fr\/remiremontinfo\/#organization\"},\"image\":{\"@id\":\"https:\/\/vosgesinfo.fr\/remiremontinfo\/2019\/03\/remiremont-piece-droit-femmes-comedie-acte-mme-j-d-jeudi-centre-gilbert-zaug\/#primaryimage\"},\"thumbnailUrl\":\"https:\/\/vosgesinfo.fr\/app\/uploads\/sites\/5\/2024\/09\/201903capture-decran-2019-03-27-a-15.12.05.png\",\"articleSection\":[\"A la Une\",\"Loisirs\",\"Remiremont\",\"Remiremont &amp; son canton\"],\"inLanguage\":\"fr-FR\",\"potentialAction\":[{\"@type\":\"CommentAction\",\"name\":\"Comment\",\"target\":[\"https:\/\/vosgesinfo.fr\/remiremontinfo\/2019\/03\/remiremont-piece-droit-femmes-comedie-acte-mme-j-d-jeudi-centre-gilbert-zaug\/#respond\"]}]},{\"@type\":\"WebPage\",\"@id\":\"https:\/\/vosgesinfo.fr\/remiremontinfo\/2019\/03\/remiremont-piece-droit-femmes-comedie-acte-mme-j-d-jeudi-centre-gilbert-zaug\/\",\"url\":\"https:\/\/vosgesinfo.fr\/remiremontinfo\/2019\/03\/remiremont-piece-droit-femmes-comedie-acte-mme-j-d-jeudi-centre-gilbert-zaug\/\",\"name\":\"Remiremont : la pi\u00e8ce \\\"Le droit des femmes : com\u00e9die en un acte par Mme J. D.\\\" ce jeudi au centre Gilbert Zaug - Remiremont Info\",\"isPartOf\":{\"@id\":\"https:\/\/vosgesinfo.fr\/remiremontinfo\/#website\"},\"primaryImageOfPage\":{\"@id\":\"https:\/\/vosgesinfo.fr\/remiremontinfo\/2019\/03\/remiremont-piece-droit-femmes-comedie-acte-mme-j-d-jeudi-centre-gilbert-zaug\/#primaryimage\"},\"image\":{\"@id\":\"https:\/\/vosgesinfo.fr\/remiremontinfo\/2019\/03\/remiremont-piece-droit-femmes-comedie-acte-mme-j-d-jeudi-centre-gilbert-zaug\/#primaryimage\"},\"thumbnailUrl\":\"https:\/\/vosgesinfo.fr\/app\/uploads\/sites\/5\/2024\/09\/201903capture-decran-2019-03-27-a-15.12.05.png\",\"datePublished\":\"2019-03-27T07:00:42+00:00\",\"dateModified\":\"2019-03-27T07:00:42+00:00\",\"breadcrumb\":{\"@id\":\"https:\/\/vosgesinfo.fr\/remiremontinfo\/2019\/03\/remiremont-piece-droit-femmes-comedie-acte-mme-j-d-jeudi-centre-gilbert-zaug\/#breadcrumb\"},\"inLanguage\":\"fr-FR\",\"potentialAction\":[{\"@type\":\"ReadAction\",\"target\":[\"https:\/\/vosgesinfo.fr\/remiremontinfo\/2019\/03\/remiremont-piece-droit-femmes-comedie-acte-mme-j-d-jeudi-centre-gilbert-zaug\/\"]}]},{\"@type\":\"ImageObject\",\"inLanguage\":\"fr-FR\",\"@id\":\"https:\/\/vosgesinfo.fr\/remiremontinfo\/2019\/03\/remiremont-piece-droit-femmes-comedie-acte-mme-j-d-jeudi-centre-gilbert-zaug\/#primaryimage\",\"url\":\"https:\/\/vosgesinfo.fr\/app\/uploads\/sites\/5\/2024\/09\/201903capture-decran-2019-03-27-a-15.12.05.png\",\"contentUrl\":\"https:\/\/vosgesinfo.fr\/app\/uploads\/sites\/5\/2024\/09\/201903capture-decran-2019-03-27-a-15.12.05.png\",\"width\":1082,\"height\":1552},{\"@type\":\"BreadcrumbList\",\"@id\":\"https:\/\/vosgesinfo.fr\/remiremontinfo\/2019\/03\/remiremont-piece-droit-femmes-comedie-acte-mme-j-d-jeudi-centre-gilbert-zaug\/#breadcrumb\",\"itemListElement\":[{\"@type\":\"ListItem\",\"position\":1,\"name\":\"Home\",\"item\":\"https:\/\/vosgesinfo.fr\/remiremontinfo\/\"},{\"@type\":\"ListItem\",\"position\":2,\"name\":\"Remiremont : la pi\u00e8ce \u00ab\u00a0Le droit des femmes : com\u00e9die en un acte par Mme J. D.\u00a0\u00bb ce jeudi au centre Gilbert Zaug\"}]},{\"@type\":\"WebSite\",\"@id\":\"https:\/\/vosgesinfo.fr\/remiremontinfo\/#website\",\"url\":\"https:\/\/vosgesinfo.fr\/remiremontinfo\/\",\"name\":\"Remiremont Info\",\"description\":\"Toute l&#039;actualit\u00e9 de Remiremont\",\"publisher\":{\"@id\":\"https:\/\/vosgesinfo.fr\/remiremontinfo\/#organization\"},\"alternateName\":\"Toute l'actualit\u00e9 de Remiremont\",\"potentialAction\":[{\"@type\":\"SearchAction\",\"target\":{\"@type\":\"EntryPoint\",\"urlTemplate\":\"https:\/\/vosgesinfo.fr\/remiremontinfo\/?s={search_term_string}\"},\"query-input\":\"required name=search_term_string\"}],\"inLanguage\":\"fr-FR\"},{\"@type\":\"Organization\",\"@id\":\"https:\/\/vosgesinfo.fr\/remiremontinfo\/#organization\",\"name\":\"Remiremont Info\",\"url\":\"https:\/\/vosgesinfo.fr\/remiremontinfo\/\",\"logo\":{\"@type\":\"ImageObject\",\"inLanguage\":\"fr-FR\",\"@id\":\"https:\/\/vosgesinfo.fr\/remiremontinfo\/#\/schema\/logo\/image\/\",\"url\":\"https:\/\/vosgesinfo.fr\/app\/uploads\/sites\/5\/2023\/08\/favicon-remiremontinfo.png\",\"contentUrl\":\"https:\/\/vosgesinfo.fr\/app\/uploads\/sites\/5\/2023\/08\/favicon-remiremontinfo.png\",\"width\":512,\"height\":512,\"caption\":\"Remiremont Info\"},\"image\":{\"@id\":\"https:\/\/vosgesinfo.fr\/remiremontinfo\/#\/schema\/logo\/image\/\"},\"sameAs\":[\"https:\/\/www.facebook.com\/remiremontinfo\",\"https:\/\/x.com\/VosgesInfo88\",\"https:\/\/www.youtube.com\/@vosgesinfo\"]},{\"@type\":\"Person\",\"@id\":\"https:\/\/vosgesinfo.fr\/remiremontinfo\/#\/schema\/person\/3bfd164d5218a185b1db68655a265316\",\"name\":\"C D\",\"image\":{\"@type\":\"ImageObject\",\"inLanguage\":\"fr-FR\",\"@id\":\"https:\/\/vosgesinfo.fr\/remiremontinfo\/#\/schema\/person\/image\/\",\"url\":\"https:\/\/secure.gravatar.com\/avatar\/1f9a70007336511a47468b8f1c66f922b8b7cf617b02a31149ada43893a5d48f?s=96&d=mm&r=g\",\"contentUrl\":\"https:\/\/secure.gravatar.com\/avatar\/1f9a70007336511a47468b8f1c66f922b8b7cf617b02a31149ada43893a5d48f?s=96&d=mm&r=g\",\"caption\":\"C D\"},\"url\":\"https:\/\/vosgesinfo.fr\/remiremontinfo\/author\/cedric-drevet\/\"}]}<\/script>\n<!-- \/ Yoast SEO plugin. -->","yoast_head_json":{"title":"Remiremont : la pi\u00e8ce \"Le droit des femmes : com\u00e9die en un acte par Mme J. D.\" ce jeudi au centre Gilbert Zaug - Remiremont Info","robots":{"index":"index","follow":"follow","max-snippet":"max-snippet:-1","max-image-preview":"max-image-preview:large","max-video-preview":"max-video-preview:-1"},"canonical":"https:\/\/vosgesinfo.fr\/remiremontinfo\/2019\/03\/remiremont-piece-droit-femmes-comedie-acte-mme-j-d-jeudi-centre-gilbert-zaug\/","twitter_card":"summary_large_image","twitter_title":"Remiremont : la pi\u00e8ce \"Le droit des femmes : com\u00e9die en un acte par Mme J. D.\" ce jeudi au centre Gilbert Zaug - Remiremont Info","twitter_description":"Dans le cadre du 16e Forum de la Citoyennet\u00e9, ce jeudi 28 mars, la pi\u00e8ce \u00ab\u00a0Le droit des femmes : [&hellip;]","twitter_image":"https:\/\/vosgesinfo.fr\/app\/uploads\/sites\/5\/2024\/09\/201903capture-decran-2019-03-27-a-15.12.05.png","twitter_creator":"@VosgesInfo88","twitter_site":"@VosgesInfo88","twitter_misc":{"\u00c9crit par":"C D","Dur\u00e9e de lecture estim\u00e9e":"1 minute"},"schema":{"@context":"https:\/\/schema.org","@graph":[{"@type":"Article","@id":"https:\/\/vosgesinfo.fr\/remiremontinfo\/2019\/03\/remiremont-piece-droit-femmes-comedie-acte-mme-j-d-jeudi-centre-gilbert-zaug\/#article","isPartOf":{"@id":"https:\/\/vosgesinfo.fr\/remiremontinfo\/2019\/03\/remiremont-piece-droit-femmes-comedie-acte-mme-j-d-jeudi-centre-gilbert-zaug\/"},"author":{"name":"C D","@id":"https:\/\/vosgesinfo.fr\/remiremontinfo\/#\/schema\/person\/3bfd164d5218a185b1db68655a265316"},"headline":"Remiremont : la pi\u00e8ce \u00ab\u00a0Le droit des femmes : com\u00e9die en un acte par Mme J. D.\u00a0\u00bb ce jeudi au centre Gilbert Zaug","datePublished":"2019-03-27T07:00:42+00:00","dateModified":"2019-03-27T07:00:42+00:00","mainEntityOfPage":{"@id":"https:\/\/vosgesinfo.fr\/remiremontinfo\/2019\/03\/remiremont-piece-droit-femmes-comedie-acte-mme-j-d-jeudi-centre-gilbert-zaug\/"},"wordCount":200,"commentCount":0,"publisher":{"@id":"https:\/\/vosgesinfo.fr\/remiremontinfo\/#organization"},"image":{"@id":"https:\/\/vosgesinfo.fr\/remiremontinfo\/2019\/03\/remiremont-piece-droit-femmes-comedie-acte-mme-j-d-jeudi-centre-gilbert-zaug\/#primaryimage"},"thumbnailUrl":"https:\/\/vosgesinfo.fr\/app\/uploads\/sites\/5\/2024\/09\/201903capture-decran-2019-03-27-a-15.12.05.png","articleSection":["A la Une","Loisirs","Remiremont","Remiremont &amp; son canton"],"inLanguage":"fr-FR","potentialAction":[{"@type":"CommentAction","name":"Comment","target":["https:\/\/vosgesinfo.fr\/remiremontinfo\/2019\/03\/remiremont-piece-droit-femmes-comedie-acte-mme-j-d-jeudi-centre-gilbert-zaug\/#respond"]}]},{"@type":"WebPage","@id":"https:\/\/vosgesinfo.fr\/remiremontinfo\/2019\/03\/remiremont-piece-droit-femmes-comedie-acte-mme-j-d-jeudi-centre-gilbert-zaug\/","url":"https:\/\/vosgesinfo.fr\/remiremontinfo\/2019\/03\/remiremont-piece-droit-femmes-comedie-acte-mme-j-d-jeudi-centre-gilbert-zaug\/","name":"Remiremont : la pi\u00e8ce \"Le droit des femmes : com\u00e9die en un acte par Mme J. D.\" ce jeudi au centre Gilbert Zaug - Remiremont Info","isPartOf":{"@id":"https:\/\/vosgesinfo.fr\/remiremontinfo\/#website"},"primaryImageOfPage":{"@id":"https:\/\/vosgesinfo.fr\/remiremontinfo\/2019\/03\/remiremont-piece-droit-femmes-comedie-acte-mme-j-d-jeudi-centre-gilbert-zaug\/#primaryimage"},"image":{"@id":"https:\/\/vosgesinfo.fr\/remiremontinfo\/2019\/03\/remiremont-piece-droit-femmes-comedie-acte-mme-j-d-jeudi-centre-gilbert-zaug\/#primaryimage"},"thumbnailUrl":"https:\/\/vosgesinfo.fr\/app\/uploads\/sites\/5\/2024\/09\/201903capture-decran-2019-03-27-a-15.12.05.png","datePublished":"2019-03-27T07:00:42+00:00","dateModified":"2019-03-27T07:00:42+00:00","breadcrumb":{"@id":"https:\/\/vosgesinfo.fr\/remiremontinfo\/2019\/03\/remiremont-piece-droit-femmes-comedie-acte-mme-j-d-jeudi-centre-gilbert-zaug\/#breadcrumb"},"inLanguage":"fr-FR","potentialAction":[{"@type":"ReadAction","target":["https:\/\/vosgesinfo.fr\/remiremontinfo\/2019\/03\/remiremont-piece-droit-femmes-comedie-acte-mme-j-d-jeudi-centre-gilbert-zaug\/"]}]},{"@type":"ImageObject","inLanguage":"fr-FR","@id":"https:\/\/vosgesinfo.fr\/remiremontinfo\/2019\/03\/remiremont-piece-droit-femmes-comedie-acte-mme-j-d-jeudi-centre-gilbert-zaug\/#primaryimage","url":"https:\/\/vosgesinfo.fr\/app\/uploads\/sites\/5\/2024\/09\/201903capture-decran-2019-03-27-a-15.12.05.png","contentUrl":"https:\/\/vosgesinfo.fr\/app\/uploads\/sites\/5\/2024\/09\/201903capture-decran-2019-03-27-a-15.12.05.png","width":1082,"height":1552},{"@type":"BreadcrumbList","@id":"https:\/\/vosgesinfo.fr\/remiremontinfo\/2019\/03\/remiremont-piece-droit-femmes-comedie-acte-mme-j-d-jeudi-centre-gilbert-zaug\/#breadcrumb","itemListElement":[{"@type":"ListItem","position":1,"name":"Home","item":"https:\/\/vosgesinfo.fr\/remiremontinfo\/"},{"@type":"ListItem","position":2,"name":"Remiremont : la pi\u00e8ce \u00ab\u00a0Le droit des femmes : com\u00e9die en un acte par Mme J. D.\u00a0\u00bb ce jeudi au centre Gilbert Zaug"}]},{"@type":"WebSite","@id":"https:\/\/vosgesinfo.fr\/remiremontinfo\/#website","url":"https:\/\/vosgesinfo.fr\/remiremontinfo\/","name":"Remiremont Info","description":"Toute l&#039;actualit\u00e9 de Remiremont","publisher":{"@id":"https:\/\/vosgesinfo.fr\/remiremontinfo\/#organization"},"alternateName":"Toute l'actualit\u00e9 de Remiremont","potentialAction":[{"@type":"SearchAction","target":{"@type":"EntryPoint","urlTemplate":"https:\/\/vosgesinfo.fr\/remiremontinfo\/?s={search_term_string}"},"query-input":"required name=search_term_string"}],"inLanguage":"fr-FR"},{"@type":"Organization","@id":"https:\/\/vosgesinfo.fr\/remiremontinfo\/#organization","name":"Remiremont Info","url":"https:\/\/vosgesinfo.fr\/remiremontinfo\/","logo":{"@type":"ImageObject","inLanguage":"fr-FR","@id":"https:\/\/vosgesinfo.fr\/remiremontinfo\/#\/schema\/logo\/image\/","url":"https:\/\/vosgesinfo.fr\/app\/uploads\/sites\/5\/2023\/08\/favicon-remiremontinfo.png","contentUrl":"https:\/\/vosgesinfo.fr\/app\/uploads\/sites\/5\/2023\/08\/favicon-remiremontinfo.png","width":512,"height":512,"caption":"Remiremont Info"},"image":{"@id":"https:\/\/vosgesinfo.fr\/remiremontinfo\/#\/schema\/logo\/image\/"},"sameAs":["https:\/\/www.facebook.com\/remiremontinfo","https:\/\/x.com\/VosgesInfo88","https:\/\/www.youtube.com\/@vosgesinfo"]},{"@type":"Person","@id":"https:\/\/vosgesinfo.fr\/remiremontinfo\/#\/schema\/person\/3bfd164d5218a185b1db68655a265316","name":"C D","image":{"@type":"ImageObject","inLanguage":"fr-FR","@id":"https:\/\/vosgesinfo.fr\/remiremontinfo\/#\/schema\/person\/image\/","url":"https:\/\/secure.gravatar.com\/avatar\/1f9a70007336511a47468b8f1c66f922b8b7cf617b02a31149ada43893a5d48f?s=96&d=mm&r=g","contentUrl":"https:\/\/secure.gravatar.com\/avatar\/1f9a70007336511a47468b8f1c66f922b8b7cf617b02a31149ada43893a5d48f?s=96&d=mm&r=g","caption":"C D"},"url":"https:\/\/vosgesinfo.fr\/remiremontinfo\/author\/cedric-drevet\/"}]}},"_links":{"self":[{"href":"https:\/\/vosgesinfo.fr\/remiremontinfo\/wp-json\/wp\/v2\/posts\/12449","targetHints":{"allow":["GET"]}}],"collection":[{"href":"https:\/\/vosgesinfo.fr\/remiremontinfo\/wp-json\/wp\/v2\/posts"}],"about":[{"href":"https:\/\/vosgesinfo.fr\/remiremontinfo\/wp-json\/wp\/v2\/types\/post"}],"author":[{"embeddable":true,"href":"https:\/\/vosgesinfo.fr\/remiremontinfo\/wp-json\/wp\/v2\/users\/407"}],"replies":[{"embeddable":true,"href":"https:\/\/vosgesinfo.fr\/remiremontinfo\/wp-json\/wp\/v2\/comments?post=12449"}],"version-history":[{"count":0,"href":"https:\/\/vosgesinfo.fr\/remiremontinfo\/wp-json\/wp\/v2\/posts\/12449\/revisions"}],"wp:featuredmedia":[{"embeddable":true,"href":"https:\/\/vosgesinfo.fr\/remiremontinfo\/wp-json\/wp\/v2\/media\/12450"}],"wp:attachment":[{"href":"https:\/\/vosgesinfo.fr\/remiremontinfo\/wp-json\/wp\/v2\/media?parent=12449"}],"wp:term":[{"taxonomy":"category","embeddable":true,"href":"https:\/\/vosgesinfo.fr\/remiremontinfo\/wp-json\/wp\/v2\/categories?post=12449"},{"taxonomy":"post_tag","embeddable":true,"href":"https:\/\/vosgesinfo.fr\/remiremontinfo\/wp-json\/wp\/v2\/tags?post=12449"}],"curies":[{"name":"wp","href":"https:\/\/api.w.org\/{rel}","templated":true}]}}