{"id":12531,"date":"2019-03-29T21:33:37","date_gmt":"2019-03-29T20:33:37","guid":{"rendered":"https:\/\/vosgesinfo.fr\/remiremontinfo\/2019\/03\/dommartin-passation-de-commandement-entre-christian-rosaye-yannick-mangeat\/"},"modified":"2019-03-29T21:33:37","modified_gmt":"2019-03-29T20:33:37","slug":"dommartin-passation-de-commandement-entre-christian-rosaye-yannick-mangeat","status":"publish","type":"post","link":"https:\/\/vosgesinfo.fr\/remiremontinfo\/2019\/03\/dommartin-passation-de-commandement-entre-christian-rosaye-yannick-mangeat\/","title":{"rendered":"Dommartin : passation de commandement entre Christian Rosaye et Yannick Mangeat"},"content":{"rendered":"<div id=\"attachment_256231\" style=\"width: 970px\" class=\"wp-caption alignnone\"><a href=\"\/2019\/03\/P1060366-e1553894999307.jpg\"><img decoding=\"async\" aria-describedby=\"caption-attachment-256231\" class=\"size-full wp-image-256231\" src=\"\/2019\/03\/P1060366-e1553894999307.jpg\" alt=\"Christian Rosaye\" width=\"960\" height=\"720\" \/><\/a><p id=\"caption-attachment-256231\" class=\"wp-caption-text\"><span style=\"font-size: 10pt;\"><em>Christian Rosaye<\/em><\/span><\/p><\/div>\n<h2><span style=\"font-size: 12pt;\"><strong>Ce vendredi soir \u00e0 Dommartin a eu lieu la c\u00e9r\u00e9monie de passation de commandement du centre d\u2019incendie et secours entre le Caporal-Chef Christian Rosaye et l\u2019Adjudant-Chef Yannick Mangeat.<\/strong><\/span><\/h2>\n<p>Catherine Louis, maire de Dommartin, a salu\u00e9 <em>\u00ab\u00a0le sens du collectif, l\u2019esprit de corps\u00a0\u00bb<\/em> et l\u2019<em>\u00ab\u00a0engagement courageux et fid\u00e8le\u00a0\u00bb<\/em> des sapeurs pompiers, r\u00e9unis pour l\u2019occasion dans la salle des f\u00eates du village. En France, <em>\u00ab\u00a0toutes les 8 secondes, le bip d\u2019un sapeur pompier volontaire se d\u00e9clenche\u00a0\u00bb<\/em>, rappelle t\u2019elle. <em>\u00ab C\u2019est\u00a0un v\u00e9ritable service de proximit\u00e9\u00a0\u00bb.<\/em><\/p>\n<p>Pour madame le maire, il est tr\u00e8s important de pouvoir conserver un centre comme celui de Dommartin. Et les effectifs sont en augmentation. <em>\u00ab\u00a0Nous \u00e9tions 7 il y a 10 ans, presque le triple aujourd\u2019hui\u00a0\u00bb<\/em> affirme Christian Rosaye.<\/p>\n<p>Dominique Pedduzzi, pr\u00e9sident du Conseil d&rsquo;Administration du SDIS 88 (Service d\u00e9partemental d&rsquo;incendie et de secours des Vosges), a f\u00e9licit\u00e9 Christian Rosaye pour son engagement. Il s\u2019est ensuite adress\u00e9 \u00e0 Yannick Mangeat, qui va prendre le commandement : <em>\u00ab\u00a0On vous remercie d\u2019avoir d\u00e9cid\u00e9 de prendre cette responsabilit\u00e9 (\u2026) On vous souhaite de pouvoir faire un beau projet, pour que la population soit en s\u00e9r\u00e9nit\u00e9 \u00bb.<\/em><\/p>\n<p>&nbsp;<\/p>\n\n","protected":false},"excerpt":{"rendered":"<p>Ce vendredi soir \u00e0 Dommartin a eu lieu la c\u00e9r\u00e9monie de passation de commandement du centre d\u2019incendie et secours entre [&hellip;]<\/p>\n","protected":false},"author":407,"featured_media":12532,"comment_status":"open","ping_status":"open","sticky":false,"template":"","format":"standard","meta":{"footnotes":""},"categories":[26,37,95],"tags":[],"class_list":["post-12531","post","type-post","status-publish","format-standard","has-post-thumbnail","hentry","category-a-la-une","category-le-thillot-son-canton","category-securite"],"acf":[],"yoast_head":"<!-- This site is optimized with the Yoast SEO plugin v22.5 - https:\/\/yoast.com\/wordpress\/plugins\/seo\/ -->\n<title>Dommartin : passation de commandement entre Christian Rosaye et Yannick Mangeat - Remiremont Info<\/title>\n<meta name=\"robots\" content=\"index, follow, max-snippet:-1, max-image-preview:large, max-video-preview:-1\" \/>\n<link rel=\"canonical\" href=\"https:\/\/vosgesinfo.fr\/remiremontinfo\/2019\/03\/dommartin-passation-de-commandement-entre-christian-rosaye-yannick-mangeat\/\" \/>\n<meta name=\"twitter:card\" content=\"summary_large_image\" \/>\n<meta name=\"twitter:title\" content=\"Dommartin : passation de commandement entre Christian Rosaye et Yannick Mangeat - Remiremont Info\" \/>\n<meta name=\"twitter:description\" content=\"Ce vendredi soir \u00e0 Dommartin a eu lieu la c\u00e9r\u00e9monie de passation de commandement du centre d\u2019incendie et secours entre [&hellip;]\" \/>\n<meta name=\"twitter:image\" content=\"https:\/\/vosgesinfo.fr\/app\/uploads\/sites\/5\/2024\/09\/201903p1060366-e1553894999307.jpg\" \/>\n<meta name=\"twitter:creator\" content=\"@VosgesInfo88\" \/>\n<meta name=\"twitter:site\" content=\"@VosgesInfo88\" \/>\n<meta name=\"twitter:label1\" content=\"\u00c9crit par\" \/>\n\t<meta name=\"twitter:data1\" content=\"C D\" \/>\n\t<meta name=\"twitter:label2\" content=\"Dur\u00e9e de lecture estim\u00e9e\" \/>\n\t<meta name=\"twitter:data2\" content=\"1 minute\" \/>\n<script type=\"application\/ld+json\" class=\"yoast-schema-graph\">{\"@context\":\"https:\/\/schema.org\",\"@graph\":[{\"@type\":\"Article\",\"@id\":\"https:\/\/vosgesinfo.fr\/remiremontinfo\/2019\/03\/dommartin-passation-de-commandement-entre-christian-rosaye-yannick-mangeat\/#article\",\"isPartOf\":{\"@id\":\"https:\/\/vosgesinfo.fr\/remiremontinfo\/2019\/03\/dommartin-passation-de-commandement-entre-christian-rosaye-yannick-mangeat\/\"},\"author\":{\"name\":\"C D\",\"@id\":\"https:\/\/vosgesinfo.fr\/remiremontinfo\/#\/schema\/person\/3bfd164d5218a185b1db68655a265316\"},\"headline\":\"Dommartin : passation de commandement entre Christian Rosaye et Yannick Mangeat\",\"datePublished\":\"2019-03-29T20:33:37+00:00\",\"dateModified\":\"2019-03-29T20:33:37+00:00\",\"mainEntityOfPage\":{\"@id\":\"https:\/\/vosgesinfo.fr\/remiremontinfo\/2019\/03\/dommartin-passation-de-commandement-entre-christian-rosaye-yannick-mangeat\/\"},\"wordCount\":230,\"commentCount\":0,\"publisher\":{\"@id\":\"https:\/\/vosgesinfo.fr\/remiremontinfo\/#organization\"},\"image\":{\"@id\":\"https:\/\/vosgesinfo.fr\/remiremontinfo\/2019\/03\/dommartin-passation-de-commandement-entre-christian-rosaye-yannick-mangeat\/#primaryimage\"},\"thumbnailUrl\":\"https:\/\/vosgesinfo.fr\/app\/uploads\/sites\/5\/2024\/09\/201903p1060366-e1553894999307.jpg\",\"articleSection\":[\"A la Une\",\"Le Thillot &amp; son canton\",\"S\u00e9curit\u00e9\"],\"inLanguage\":\"fr-FR\",\"potentialAction\":[{\"@type\":\"CommentAction\",\"name\":\"Comment\",\"target\":[\"https:\/\/vosgesinfo.fr\/remiremontinfo\/2019\/03\/dommartin-passation-de-commandement-entre-christian-rosaye-yannick-mangeat\/#respond\"]}]},{\"@type\":\"WebPage\",\"@id\":\"https:\/\/vosgesinfo.fr\/remiremontinfo\/2019\/03\/dommartin-passation-de-commandement-entre-christian-rosaye-yannick-mangeat\/\",\"url\":\"https:\/\/vosgesinfo.fr\/remiremontinfo\/2019\/03\/dommartin-passation-de-commandement-entre-christian-rosaye-yannick-mangeat\/\",\"name\":\"Dommartin : passation de commandement entre Christian Rosaye et Yannick Mangeat - Remiremont Info\",\"isPartOf\":{\"@id\":\"https:\/\/vosgesinfo.fr\/remiremontinfo\/#website\"},\"primaryImageOfPage\":{\"@id\":\"https:\/\/vosgesinfo.fr\/remiremontinfo\/2019\/03\/dommartin-passation-de-commandement-entre-christian-rosaye-yannick-mangeat\/#primaryimage\"},\"image\":{\"@id\":\"https:\/\/vosgesinfo.fr\/remiremontinfo\/2019\/03\/dommartin-passation-de-commandement-entre-christian-rosaye-yannick-mangeat\/#primaryimage\"},\"thumbnailUrl\":\"https:\/\/vosgesinfo.fr\/app\/uploads\/sites\/5\/2024\/09\/201903p1060366-e1553894999307.jpg\",\"datePublished\":\"2019-03-29T20:33:37+00:00\",\"dateModified\":\"2019-03-29T20:33:37+00:00\",\"breadcrumb\":{\"@id\":\"https:\/\/vosgesinfo.fr\/remiremontinfo\/2019\/03\/dommartin-passation-de-commandement-entre-christian-rosaye-yannick-mangeat\/#breadcrumb\"},\"inLanguage\":\"fr-FR\",\"potentialAction\":[{\"@type\":\"ReadAction\",\"target\":[\"https:\/\/vosgesinfo.fr\/remiremontinfo\/2019\/03\/dommartin-passation-de-commandement-entre-christian-rosaye-yannick-mangeat\/\"]}]},{\"@type\":\"ImageObject\",\"inLanguage\":\"fr-FR\",\"@id\":\"https:\/\/vosgesinfo.fr\/remiremontinfo\/2019\/03\/dommartin-passation-de-commandement-entre-christian-rosaye-yannick-mangeat\/#primaryimage\",\"url\":\"https:\/\/vosgesinfo.fr\/app\/uploads\/sites\/5\/2024\/09\/201903p1060366-e1553894999307.jpg\",\"contentUrl\":\"https:\/\/vosgesinfo.fr\/app\/uploads\/sites\/5\/2024\/09\/201903p1060366-e1553894999307.jpg\",\"width\":960,\"height\":720},{\"@type\":\"BreadcrumbList\",\"@id\":\"https:\/\/vosgesinfo.fr\/remiremontinfo\/2019\/03\/dommartin-passation-de-commandement-entre-christian-rosaye-yannick-mangeat\/#breadcrumb\",\"itemListElement\":[{\"@type\":\"ListItem\",\"position\":1,\"name\":\"Home\",\"item\":\"https:\/\/vosgesinfo.fr\/remiremontinfo\/\"},{\"@type\":\"ListItem\",\"position\":2,\"name\":\"Dommartin : passation de commandement entre Christian Rosaye et Yannick Mangeat\"}]},{\"@type\":\"WebSite\",\"@id\":\"https:\/\/vosgesinfo.fr\/remiremontinfo\/#website\",\"url\":\"https:\/\/vosgesinfo.fr\/remiremontinfo\/\",\"name\":\"Remiremont Info\",\"description\":\"Toute l&#039;actualit\u00e9 de Remiremont\",\"publisher\":{\"@id\":\"https:\/\/vosgesinfo.fr\/remiremontinfo\/#organization\"},\"alternateName\":\"Toute l'actualit\u00e9 de Remiremont\",\"potentialAction\":[{\"@type\":\"SearchAction\",\"target\":{\"@type\":\"EntryPoint\",\"urlTemplate\":\"https:\/\/vosgesinfo.fr\/remiremontinfo\/?s={search_term_string}\"},\"query-input\":\"required name=search_term_string\"}],\"inLanguage\":\"fr-FR\"},{\"@type\":\"Organization\",\"@id\":\"https:\/\/vosgesinfo.fr\/remiremontinfo\/#organization\",\"name\":\"Remiremont Info\",\"url\":\"https:\/\/vosgesinfo.fr\/remiremontinfo\/\",\"logo\":{\"@type\":\"ImageObject\",\"inLanguage\":\"fr-FR\",\"@id\":\"https:\/\/vosgesinfo.fr\/remiremontinfo\/#\/schema\/logo\/image\/\",\"url\":\"https:\/\/vosgesinfo.fr\/app\/uploads\/sites\/5\/2023\/08\/favicon-remiremontinfo.png\",\"contentUrl\":\"https:\/\/vosgesinfo.fr\/app\/uploads\/sites\/5\/2023\/08\/favicon-remiremontinfo.png\",\"width\":512,\"height\":512,\"caption\":\"Remiremont Info\"},\"image\":{\"@id\":\"https:\/\/vosgesinfo.fr\/remiremontinfo\/#\/schema\/logo\/image\/\"},\"sameAs\":[\"https:\/\/www.facebook.com\/remiremontinfo\",\"https:\/\/x.com\/VosgesInfo88\",\"https:\/\/www.youtube.com\/@vosgesinfo\"]},{\"@type\":\"Person\",\"@id\":\"https:\/\/vosgesinfo.fr\/remiremontinfo\/#\/schema\/person\/3bfd164d5218a185b1db68655a265316\",\"name\":\"C D\",\"image\":{\"@type\":\"ImageObject\",\"inLanguage\":\"fr-FR\",\"@id\":\"https:\/\/vosgesinfo.fr\/remiremontinfo\/#\/schema\/person\/image\/\",\"url\":\"https:\/\/secure.gravatar.com\/avatar\/1f9a70007336511a47468b8f1c66f922b8b7cf617b02a31149ada43893a5d48f?s=96&d=mm&r=g\",\"contentUrl\":\"https:\/\/secure.gravatar.com\/avatar\/1f9a70007336511a47468b8f1c66f922b8b7cf617b02a31149ada43893a5d48f?s=96&d=mm&r=g\",\"caption\":\"C D\"},\"url\":\"https:\/\/vosgesinfo.fr\/remiremontinfo\/author\/cedric-drevet\/\"}]}<\/script>\n<!-- \/ Yoast SEO plugin. -->","yoast_head_json":{"title":"Dommartin : passation de commandement entre Christian Rosaye et Yannick Mangeat - Remiremont Info","robots":{"index":"index","follow":"follow","max-snippet":"max-snippet:-1","max-image-preview":"max-image-preview:large","max-video-preview":"max-video-preview:-1"},"canonical":"https:\/\/vosgesinfo.fr\/remiremontinfo\/2019\/03\/dommartin-passation-de-commandement-entre-christian-rosaye-yannick-mangeat\/","twitter_card":"summary_large_image","twitter_title":"Dommartin : passation de commandement entre Christian Rosaye et Yannick Mangeat - Remiremont Info","twitter_description":"Ce vendredi soir \u00e0 Dommartin a eu lieu la c\u00e9r\u00e9monie de passation de commandement du centre d\u2019incendie et secours entre [&hellip;]","twitter_image":"https:\/\/vosgesinfo.fr\/app\/uploads\/sites\/5\/2024\/09\/201903p1060366-e1553894999307.jpg","twitter_creator":"@VosgesInfo88","twitter_site":"@VosgesInfo88","twitter_misc":{"\u00c9crit par":"C D","Dur\u00e9e de lecture estim\u00e9e":"1 minute"},"schema":{"@context":"https:\/\/schema.org","@graph":[{"@type":"Article","@id":"https:\/\/vosgesinfo.fr\/remiremontinfo\/2019\/03\/dommartin-passation-de-commandement-entre-christian-rosaye-yannick-mangeat\/#article","isPartOf":{"@id":"https:\/\/vosgesinfo.fr\/remiremontinfo\/2019\/03\/dommartin-passation-de-commandement-entre-christian-rosaye-yannick-mangeat\/"},"author":{"name":"C D","@id":"https:\/\/vosgesinfo.fr\/remiremontinfo\/#\/schema\/person\/3bfd164d5218a185b1db68655a265316"},"headline":"Dommartin : passation de commandement entre Christian Rosaye et Yannick Mangeat","datePublished":"2019-03-29T20:33:37+00:00","dateModified":"2019-03-29T20:33:37+00:00","mainEntityOfPage":{"@id":"https:\/\/vosgesinfo.fr\/remiremontinfo\/2019\/03\/dommartin-passation-de-commandement-entre-christian-rosaye-yannick-mangeat\/"},"wordCount":230,"commentCount":0,"publisher":{"@id":"https:\/\/vosgesinfo.fr\/remiremontinfo\/#organization"},"image":{"@id":"https:\/\/vosgesinfo.fr\/remiremontinfo\/2019\/03\/dommartin-passation-de-commandement-entre-christian-rosaye-yannick-mangeat\/#primaryimage"},"thumbnailUrl":"https:\/\/vosgesinfo.fr\/app\/uploads\/sites\/5\/2024\/09\/201903p1060366-e1553894999307.jpg","articleSection":["A la Une","Le Thillot &amp; son canton","S\u00e9curit\u00e9"],"inLanguage":"fr-FR","potentialAction":[{"@type":"CommentAction","name":"Comment","target":["https:\/\/vosgesinfo.fr\/remiremontinfo\/2019\/03\/dommartin-passation-de-commandement-entre-christian-rosaye-yannick-mangeat\/#respond"]}]},{"@type":"WebPage","@id":"https:\/\/vosgesinfo.fr\/remiremontinfo\/2019\/03\/dommartin-passation-de-commandement-entre-christian-rosaye-yannick-mangeat\/","url":"https:\/\/vosgesinfo.fr\/remiremontinfo\/2019\/03\/dommartin-passation-de-commandement-entre-christian-rosaye-yannick-mangeat\/","name":"Dommartin : passation de commandement entre Christian Rosaye et Yannick Mangeat - Remiremont Info","isPartOf":{"@id":"https:\/\/vosgesinfo.fr\/remiremontinfo\/#website"},"primaryImageOfPage":{"@id":"https:\/\/vosgesinfo.fr\/remiremontinfo\/2019\/03\/dommartin-passation-de-commandement-entre-christian-rosaye-yannick-mangeat\/#primaryimage"},"image":{"@id":"https:\/\/vosgesinfo.fr\/remiremontinfo\/2019\/03\/dommartin-passation-de-commandement-entre-christian-rosaye-yannick-mangeat\/#primaryimage"},"thumbnailUrl":"https:\/\/vosgesinfo.fr\/app\/uploads\/sites\/5\/2024\/09\/201903p1060366-e1553894999307.jpg","datePublished":"2019-03-29T20:33:37+00:00","dateModified":"2019-03-29T20:33:37+00:00","breadcrumb":{"@id":"https:\/\/vosgesinfo.fr\/remiremontinfo\/2019\/03\/dommartin-passation-de-commandement-entre-christian-rosaye-yannick-mangeat\/#breadcrumb"},"inLanguage":"fr-FR","potentialAction":[{"@type":"ReadAction","target":["https:\/\/vosgesinfo.fr\/remiremontinfo\/2019\/03\/dommartin-passation-de-commandement-entre-christian-rosaye-yannick-mangeat\/"]}]},{"@type":"ImageObject","inLanguage":"fr-FR","@id":"https:\/\/vosgesinfo.fr\/remiremontinfo\/2019\/03\/dommartin-passation-de-commandement-entre-christian-rosaye-yannick-mangeat\/#primaryimage","url":"https:\/\/vosgesinfo.fr\/app\/uploads\/sites\/5\/2024\/09\/201903p1060366-e1553894999307.jpg","contentUrl":"https:\/\/vosgesinfo.fr\/app\/uploads\/sites\/5\/2024\/09\/201903p1060366-e1553894999307.jpg","width":960,"height":720},{"@type":"BreadcrumbList","@id":"https:\/\/vosgesinfo.fr\/remiremontinfo\/2019\/03\/dommartin-passation-de-commandement-entre-christian-rosaye-yannick-mangeat\/#breadcrumb","itemListElement":[{"@type":"ListItem","position":1,"name":"Home","item":"https:\/\/vosgesinfo.fr\/remiremontinfo\/"},{"@type":"ListItem","position":2,"name":"Dommartin : passation de commandement entre Christian Rosaye et Yannick Mangeat"}]},{"@type":"WebSite","@id":"https:\/\/vosgesinfo.fr\/remiremontinfo\/#website","url":"https:\/\/vosgesinfo.fr\/remiremontinfo\/","name":"Remiremont Info","description":"Toute l&#039;actualit\u00e9 de Remiremont","publisher":{"@id":"https:\/\/vosgesinfo.fr\/remiremontinfo\/#organization"},"alternateName":"Toute l'actualit\u00e9 de Remiremont","potentialAction":[{"@type":"SearchAction","target":{"@type":"EntryPoint","urlTemplate":"https:\/\/vosgesinfo.fr\/remiremontinfo\/?s={search_term_string}"},"query-input":"required name=search_term_string"}],"inLanguage":"fr-FR"},{"@type":"Organization","@id":"https:\/\/vosgesinfo.fr\/remiremontinfo\/#organization","name":"Remiremont Info","url":"https:\/\/vosgesinfo.fr\/remiremontinfo\/","logo":{"@type":"ImageObject","inLanguage":"fr-FR","@id":"https:\/\/vosgesinfo.fr\/remiremontinfo\/#\/schema\/logo\/image\/","url":"https:\/\/vosgesinfo.fr\/app\/uploads\/sites\/5\/2023\/08\/favicon-remiremontinfo.png","contentUrl":"https:\/\/vosgesinfo.fr\/app\/uploads\/sites\/5\/2023\/08\/favicon-remiremontinfo.png","width":512,"height":512,"caption":"Remiremont Info"},"image":{"@id":"https:\/\/vosgesinfo.fr\/remiremontinfo\/#\/schema\/logo\/image\/"},"sameAs":["https:\/\/www.facebook.com\/remiremontinfo","https:\/\/x.com\/VosgesInfo88","https:\/\/www.youtube.com\/@vosgesinfo"]},{"@type":"Person","@id":"https:\/\/vosgesinfo.fr\/remiremontinfo\/#\/schema\/person\/3bfd164d5218a185b1db68655a265316","name":"C D","image":{"@type":"ImageObject","inLanguage":"fr-FR","@id":"https:\/\/vosgesinfo.fr\/remiremontinfo\/#\/schema\/person\/image\/","url":"https:\/\/secure.gravatar.com\/avatar\/1f9a70007336511a47468b8f1c66f922b8b7cf617b02a31149ada43893a5d48f?s=96&d=mm&r=g","contentUrl":"https:\/\/secure.gravatar.com\/avatar\/1f9a70007336511a47468b8f1c66f922b8b7cf617b02a31149ada43893a5d48f?s=96&d=mm&r=g","caption":"C D"},"url":"https:\/\/vosgesinfo.fr\/remiremontinfo\/author\/cedric-drevet\/"}]}},"_links":{"self":[{"href":"https:\/\/vosgesinfo.fr\/remiremontinfo\/wp-json\/wp\/v2\/posts\/12531","targetHints":{"allow":["GET"]}}],"collection":[{"href":"https:\/\/vosgesinfo.fr\/remiremontinfo\/wp-json\/wp\/v2\/posts"}],"about":[{"href":"https:\/\/vosgesinfo.fr\/remiremontinfo\/wp-json\/wp\/v2\/types\/post"}],"author":[{"embeddable":true,"href":"https:\/\/vosgesinfo.fr\/remiremontinfo\/wp-json\/wp\/v2\/users\/407"}],"replies":[{"embeddable":true,"href":"https:\/\/vosgesinfo.fr\/remiremontinfo\/wp-json\/wp\/v2\/comments?post=12531"}],"version-history":[{"count":0,"href":"https:\/\/vosgesinfo.fr\/remiremontinfo\/wp-json\/wp\/v2\/posts\/12531\/revisions"}],"wp:featuredmedia":[{"embeddable":true,"href":"https:\/\/vosgesinfo.fr\/remiremontinfo\/wp-json\/wp\/v2\/media\/12532"}],"wp:attachment":[{"href":"https:\/\/vosgesinfo.fr\/remiremontinfo\/wp-json\/wp\/v2\/media?parent=12531"}],"wp:term":[{"taxonomy":"category","embeddable":true,"href":"https:\/\/vosgesinfo.fr\/remiremontinfo\/wp-json\/wp\/v2\/categories?post=12531"},{"taxonomy":"post_tag","embeddable":true,"href":"https:\/\/vosgesinfo.fr\/remiremontinfo\/wp-json\/wp\/v2\/tags?post=12531"}],"curies":[{"name":"wp","href":"https:\/\/api.w.org\/{rel}","templated":true}]}}