{"id":12552,"date":"2019-03-30T07:30:05","date_gmt":"2019-03-30T06:30:05","guid":{"rendered":"https:\/\/vosgesinfo.fr\/remiremontinfo\/2019\/03\/paroisse-dame-chenes-messes-informations-mois-davril\/"},"modified":"2019-03-30T07:30:05","modified_gmt":"2019-03-30T06:30:05","slug":"paroisse-dame-chenes-messes-informations-mois-davril","status":"publish","type":"post","link":"https:\/\/vosgesinfo.fr\/remiremontinfo\/2019\/03\/paroisse-dame-chenes-messes-informations-mois-davril\/","title":{"rendered":"Paroisse Notre-Dame-des-Ch\u00eanes : messes et informations pour le mois d&rsquo;avril"},"content":{"rendered":"<p><a href=\"\/2019\/01\/chalice-1591668_12801.jpg\"><img decoding=\"async\" class=\"alignnone size-full wp-image-252003\" src=\"\/2019\/01\/chalice-1591668_12801.jpg\" alt=\"messe\" width=\"1280\" height=\"853\" \/><\/a><br \/>\n<strong>DIMANCHES ET F\u00caTES DU MOIS<\/strong><br \/>\nDimanche 7 avril messe \u00e0 Archettes 10 h.<br \/>\n14 avril &#8211; Dimanche des Rameaux et de la Passion du Seigneur messe \u00e0 Arches 10 h.<br \/>\nDimanche 21 avril P\u00c2QUES \u2013 R\u00e9surrection du Seigneur &#8211; messe \u00e0 Eloyes 10 h<br \/>\nDimanche 28 avril \u2013 F\u00eate de la Divine Mis\u00e9ricorde &#8211; messe \u00e0 Pouxeux 10 h<\/p>\n<p><strong>AUTRES MESSES<\/strong><br \/>\nMesse \u00e0 la R\u00e9sidence St Antoine \u00e0 Arches lundi 8 avril 9 h.<br \/>\nMesses \u00e0 8 h 30 : au Centre paroissial d\u2019Arches les mardis et vendredis,<br \/>\nMesses \u00e0 17 h 45 tous les mercredis au presbyt\u00e8re de Pouxeux.<br \/>\nA la maison de retraite d&rsquo;Eloyes,<br \/>\n&#8211; Messe le vendredi 5 avril 2019 \u00e0 10 h 15,<br \/>\n&#8211; Messe du Jeudi Saint le jeudi 18 avril \u00e0 15 h,<br \/>\n&#8211; Messe le vendredi 26 avril \u00e0 10 h 15.<\/p>\n<p><strong>SEMAINE SAINTE du 15 au 21 avril 2019<\/strong><br \/>\nLundi 15 avril \u00e0 19 h C\u00e9l\u00e9bration du pardon en l\u2019\u00e9glise de Pouxeux.<br \/>\nMardi 16 avril \u00e0 17 h 30 Messe chrismale \u00e0 l\u2019\u00e9glise Notre Dame aux Cierges d\u2019Epinal.<br \/>\nJeudi Saint 18 avril 19 h 30 messe de la C\u00e8ne du Seigneur Eucharistie du Jeudi Saint en l\u2019\u00e9glise Eloyes.<br \/>\nVendredi Saint 19 avril<br \/>\n&#8211; A 12 h chemin de Croix en l\u2019\u00e9glise de Pouxeux,<br \/>\n&#8211; A 19 h 30 messe en l\u2019\u00e9glise d\u2019Archettes, la Passion et la mort du Seigneur<br \/>\nSamedi Saint 20 avril 21 h, veill\u00e9e pascale en l\u2019\u00e9glise de Pouxeux.<\/p>\n<p><strong>RENDEZ-VOUS DU MOIS D\u2019AVRIL<\/strong><br \/>\nPartages de l\u2019Evangile<br \/>\n&#8211; Au presbyt\u00e8re de Pouxeux les mardis 2 et 9 avril \u00e0 14 h 15,<br \/>\n&#8211; Au centre paroissial d\u2019Eloyes le jeudi 11 avril et le lundi 15 avril \u00e0 14 h,<br \/>\n&#8211; Chez M. Rivat \u00e0 Eloyes le mardi 2 avril \u00e0 20 h 15.<br \/>\nRosaire en \u00e9quipe mercredi 3 avril \u00e0 14 h 15 chez Marie-Claude G\u00e9hin \u00e0 Eloyes.<br \/>\nTemps de louange et d\u2019adoration jeudi 4 avril 20 h au centre paroissial d\u2019Eloyes.<br \/>\nR\u00e9union des pr\u00eatres et diacres de la communaut\u00e9 de paroisses le jeudi 4 avril \u00e0 partir de 9 h 30 \u00e0 Saint-Am\u00e9 (paroisses de G\u00e9rardmer, Saint Am\u00e9, Remiremont, Pouxeux)<br \/>\nR\u00e9union de l\u2019aum\u00f4nerie hospitali\u00e8re lundi 8 avril \u00e0 14 h au centre paroissial d\u2019Eloyes,<br \/>\nM.C.R. Mouvement Chr\u00e9tien des Retrait\u00e9s : R\u00e9union des groupes :<br \/>\n&#8211; Groupe de Pouxeux le mardi 9 avril \u00e0 14 h \u00e0 la salle des associations.<br \/>\n&#8211; Groupe d\u2019Eloyes le jeudi 25 avril \u00e0 14 h au centre paroissial.<br \/>\nR\u00e9union des cat\u00e9chistes jeudi 11 avril \u00e0 20 h au centre paroissial d\u2019Eloyes.<br \/>\nR\u00e9union du groupe liturgie vendredi 12 avril \u00e0 9 h 30 au centre paroissial d\u2019Eloyes (Ma\u00efth\u00e9, Monique, Jean-Louis, Pascal).<br \/>\nTemps de t\u00e9moignages et de jeux sur la r\u00e9alit\u00e9 des migrants dans les salles Notre Dame \u00e0 Eloyes le samedi 27 avril de 14 h \u00e0 16 h. Venez avec vos enfants !<\/p>\n<p><strong>ET AUSSI<\/strong><br \/>\nLes paroisses voisines proposent \u00e9galement des temps de pri\u00e8re, des conf\u00e9rences de car\u00eame, des rencontres, des concerts, qui peuvent vous int\u00e9resser. L\u2019offre est riche ! Un exemple : la paroisse de Saint-Am\u00e9 \u00e0 consulter \u00e0 partir du site dioc\u00e9sain : https:\/\/saint-ame.catholique88.fr\/ ainsi que La Bresse, Epinal St Goery, etc.<\/p>\n","protected":false},"excerpt":{"rendered":"<p>DIMANCHES ET F\u00caTES DU MOIS Dimanche 7 avril messe \u00e0 Archettes 10 h. 14 avril &#8211; Dimanche des Rameaux et [&hellip;]<\/p>\n","protected":false},"author":407,"featured_media":12553,"comment_status":"open","ping_status":"open","sticky":false,"template":"","format":"standard","meta":{"footnotes":""},"categories":[26,106,163,35],"tags":[],"class_list":["post-12552","post","type-post","status-publish","format-standard","has-post-thumbnail","hentry","category-a-la-une","category-pouxeux","category-religion","category-remiremont-son-canton"],"acf":[],"yoast_head":"<!-- This site is optimized with the Yoast SEO plugin v22.5 - https:\/\/yoast.com\/wordpress\/plugins\/seo\/ -->\n<title>Paroisse Notre-Dame-des-Ch\u00eanes : messes et informations pour le mois d&#039;avril - Remiremont Info<\/title>\n<meta name=\"robots\" content=\"index, follow, max-snippet:-1, max-image-preview:large, max-video-preview:-1\" \/>\n<link rel=\"canonical\" href=\"https:\/\/vosgesinfo.fr\/remiremontinfo\/2019\/03\/paroisse-dame-chenes-messes-informations-mois-davril\/\" \/>\n<meta name=\"twitter:card\" content=\"summary_large_image\" \/>\n<meta name=\"twitter:title\" content=\"Paroisse Notre-Dame-des-Ch\u00eanes : messes et informations pour le mois d&#039;avril - Remiremont Info\" \/>\n<meta name=\"twitter:description\" content=\"DIMANCHES ET F\u00caTES DU MOIS Dimanche 7 avril messe \u00e0 Archettes 10 h. 14 avril &#8211; Dimanche des Rameaux et [&hellip;]\" \/>\n<meta name=\"twitter:image\" content=\"https:\/\/vosgesinfo.fr\/app\/uploads\/sites\/5\/2024\/09\/201901chalice-1591668-12801-14.jpg\" \/>\n<meta name=\"twitter:creator\" content=\"@VosgesInfo88\" \/>\n<meta name=\"twitter:site\" content=\"@VosgesInfo88\" \/>\n<meta name=\"twitter:label1\" content=\"\u00c9crit par\" \/>\n\t<meta name=\"twitter:data1\" content=\"C D\" \/>\n\t<meta name=\"twitter:label2\" content=\"Dur\u00e9e de lecture estim\u00e9e\" \/>\n\t<meta name=\"twitter:data2\" content=\"2 minutes\" \/>\n<script type=\"application\/ld+json\" class=\"yoast-schema-graph\">{\"@context\":\"https:\/\/schema.org\",\"@graph\":[{\"@type\":\"Article\",\"@id\":\"https:\/\/vosgesinfo.fr\/remiremontinfo\/2019\/03\/paroisse-dame-chenes-messes-informations-mois-davril\/#article\",\"isPartOf\":{\"@id\":\"https:\/\/vosgesinfo.fr\/remiremontinfo\/2019\/03\/paroisse-dame-chenes-messes-informations-mois-davril\/\"},\"author\":{\"name\":\"C D\",\"@id\":\"https:\/\/vosgesinfo.fr\/remiremontinfo\/#\/schema\/person\/3bfd164d5218a185b1db68655a265316\"},\"headline\":\"Paroisse Notre-Dame-des-Ch\u00eanes : messes et informations pour le mois d&rsquo;avril\",\"datePublished\":\"2019-03-30T06:30:05+00:00\",\"dateModified\":\"2019-03-30T06:30:05+00:00\",\"mainEntityOfPage\":{\"@id\":\"https:\/\/vosgesinfo.fr\/remiremontinfo\/2019\/03\/paroisse-dame-chenes-messes-informations-mois-davril\/\"},\"wordCount\":476,\"commentCount\":0,\"publisher\":{\"@id\":\"https:\/\/vosgesinfo.fr\/remiremontinfo\/#organization\"},\"image\":{\"@id\":\"https:\/\/vosgesinfo.fr\/remiremontinfo\/2019\/03\/paroisse-dame-chenes-messes-informations-mois-davril\/#primaryimage\"},\"thumbnailUrl\":\"https:\/\/vosgesinfo.fr\/app\/uploads\/sites\/5\/2024\/09\/201901chalice-1591668-12801-14.jpg\",\"articleSection\":[\"A la Une\",\"Pouxeux\",\"Religion\",\"Remiremont &amp; son canton\"],\"inLanguage\":\"fr-FR\",\"potentialAction\":[{\"@type\":\"CommentAction\",\"name\":\"Comment\",\"target\":[\"https:\/\/vosgesinfo.fr\/remiremontinfo\/2019\/03\/paroisse-dame-chenes-messes-informations-mois-davril\/#respond\"]}]},{\"@type\":\"WebPage\",\"@id\":\"https:\/\/vosgesinfo.fr\/remiremontinfo\/2019\/03\/paroisse-dame-chenes-messes-informations-mois-davril\/\",\"url\":\"https:\/\/vosgesinfo.fr\/remiremontinfo\/2019\/03\/paroisse-dame-chenes-messes-informations-mois-davril\/\",\"name\":\"Paroisse Notre-Dame-des-Ch\u00eanes : messes et informations pour le mois d'avril - Remiremont Info\",\"isPartOf\":{\"@id\":\"https:\/\/vosgesinfo.fr\/remiremontinfo\/#website\"},\"primaryImageOfPage\":{\"@id\":\"https:\/\/vosgesinfo.fr\/remiremontinfo\/2019\/03\/paroisse-dame-chenes-messes-informations-mois-davril\/#primaryimage\"},\"image\":{\"@id\":\"https:\/\/vosgesinfo.fr\/remiremontinfo\/2019\/03\/paroisse-dame-chenes-messes-informations-mois-davril\/#primaryimage\"},\"thumbnailUrl\":\"https:\/\/vosgesinfo.fr\/app\/uploads\/sites\/5\/2024\/09\/201901chalice-1591668-12801-14.jpg\",\"datePublished\":\"2019-03-30T06:30:05+00:00\",\"dateModified\":\"2019-03-30T06:30:05+00:00\",\"breadcrumb\":{\"@id\":\"https:\/\/vosgesinfo.fr\/remiremontinfo\/2019\/03\/paroisse-dame-chenes-messes-informations-mois-davril\/#breadcrumb\"},\"inLanguage\":\"fr-FR\",\"potentialAction\":[{\"@type\":\"ReadAction\",\"target\":[\"https:\/\/vosgesinfo.fr\/remiremontinfo\/2019\/03\/paroisse-dame-chenes-messes-informations-mois-davril\/\"]}]},{\"@type\":\"ImageObject\",\"inLanguage\":\"fr-FR\",\"@id\":\"https:\/\/vosgesinfo.fr\/remiremontinfo\/2019\/03\/paroisse-dame-chenes-messes-informations-mois-davril\/#primaryimage\",\"url\":\"https:\/\/vosgesinfo.fr\/app\/uploads\/sites\/5\/2024\/09\/201901chalice-1591668-12801-14.jpg\",\"contentUrl\":\"https:\/\/vosgesinfo.fr\/app\/uploads\/sites\/5\/2024\/09\/201901chalice-1591668-12801-14.jpg\",\"width\":1280,\"height\":853},{\"@type\":\"BreadcrumbList\",\"@id\":\"https:\/\/vosgesinfo.fr\/remiremontinfo\/2019\/03\/paroisse-dame-chenes-messes-informations-mois-davril\/#breadcrumb\",\"itemListElement\":[{\"@type\":\"ListItem\",\"position\":1,\"name\":\"Home\",\"item\":\"https:\/\/vosgesinfo.fr\/remiremontinfo\/\"},{\"@type\":\"ListItem\",\"position\":2,\"name\":\"Paroisse Notre-Dame-des-Ch\u00eanes : messes et informations pour le mois d&rsquo;avril\"}]},{\"@type\":\"WebSite\",\"@id\":\"https:\/\/vosgesinfo.fr\/remiremontinfo\/#website\",\"url\":\"https:\/\/vosgesinfo.fr\/remiremontinfo\/\",\"name\":\"Remiremont Info\",\"description\":\"Toute l&#039;actualit\u00e9 de Remiremont\",\"publisher\":{\"@id\":\"https:\/\/vosgesinfo.fr\/remiremontinfo\/#organization\"},\"alternateName\":\"Toute l'actualit\u00e9 de Remiremont\",\"potentialAction\":[{\"@type\":\"SearchAction\",\"target\":{\"@type\":\"EntryPoint\",\"urlTemplate\":\"https:\/\/vosgesinfo.fr\/remiremontinfo\/?s={search_term_string}\"},\"query-input\":\"required name=search_term_string\"}],\"inLanguage\":\"fr-FR\"},{\"@type\":\"Organization\",\"@id\":\"https:\/\/vosgesinfo.fr\/remiremontinfo\/#organization\",\"name\":\"Remiremont Info\",\"url\":\"https:\/\/vosgesinfo.fr\/remiremontinfo\/\",\"logo\":{\"@type\":\"ImageObject\",\"inLanguage\":\"fr-FR\",\"@id\":\"https:\/\/vosgesinfo.fr\/remiremontinfo\/#\/schema\/logo\/image\/\",\"url\":\"https:\/\/vosgesinfo.fr\/app\/uploads\/sites\/5\/2023\/08\/favicon-remiremontinfo.png\",\"contentUrl\":\"https:\/\/vosgesinfo.fr\/app\/uploads\/sites\/5\/2023\/08\/favicon-remiremontinfo.png\",\"width\":512,\"height\":512,\"caption\":\"Remiremont Info\"},\"image\":{\"@id\":\"https:\/\/vosgesinfo.fr\/remiremontinfo\/#\/schema\/logo\/image\/\"},\"sameAs\":[\"https:\/\/www.facebook.com\/remiremontinfo\",\"https:\/\/x.com\/VosgesInfo88\",\"https:\/\/www.youtube.com\/@vosgesinfo\"]},{\"@type\":\"Person\",\"@id\":\"https:\/\/vosgesinfo.fr\/remiremontinfo\/#\/schema\/person\/3bfd164d5218a185b1db68655a265316\",\"name\":\"C D\",\"image\":{\"@type\":\"ImageObject\",\"inLanguage\":\"fr-FR\",\"@id\":\"https:\/\/vosgesinfo.fr\/remiremontinfo\/#\/schema\/person\/image\/\",\"url\":\"https:\/\/secure.gravatar.com\/avatar\/1f9a70007336511a47468b8f1c66f922b8b7cf617b02a31149ada43893a5d48f?s=96&d=mm&r=g\",\"contentUrl\":\"https:\/\/secure.gravatar.com\/avatar\/1f9a70007336511a47468b8f1c66f922b8b7cf617b02a31149ada43893a5d48f?s=96&d=mm&r=g\",\"caption\":\"C D\"},\"url\":\"https:\/\/vosgesinfo.fr\/remiremontinfo\/author\/cedric-drevet\/\"}]}<\/script>\n<!-- \/ Yoast SEO plugin. -->","yoast_head_json":{"title":"Paroisse Notre-Dame-des-Ch\u00eanes : messes et informations pour le mois d'avril - Remiremont Info","robots":{"index":"index","follow":"follow","max-snippet":"max-snippet:-1","max-image-preview":"max-image-preview:large","max-video-preview":"max-video-preview:-1"},"canonical":"https:\/\/vosgesinfo.fr\/remiremontinfo\/2019\/03\/paroisse-dame-chenes-messes-informations-mois-davril\/","twitter_card":"summary_large_image","twitter_title":"Paroisse Notre-Dame-des-Ch\u00eanes : messes et informations pour le mois d'avril - Remiremont Info","twitter_description":"DIMANCHES ET F\u00caTES DU MOIS Dimanche 7 avril messe \u00e0 Archettes 10 h. 14 avril &#8211; Dimanche des Rameaux et [&hellip;]","twitter_image":"https:\/\/vosgesinfo.fr\/app\/uploads\/sites\/5\/2024\/09\/201901chalice-1591668-12801-14.jpg","twitter_creator":"@VosgesInfo88","twitter_site":"@VosgesInfo88","twitter_misc":{"\u00c9crit par":"C D","Dur\u00e9e de lecture estim\u00e9e":"2 minutes"},"schema":{"@context":"https:\/\/schema.org","@graph":[{"@type":"Article","@id":"https:\/\/vosgesinfo.fr\/remiremontinfo\/2019\/03\/paroisse-dame-chenes-messes-informations-mois-davril\/#article","isPartOf":{"@id":"https:\/\/vosgesinfo.fr\/remiremontinfo\/2019\/03\/paroisse-dame-chenes-messes-informations-mois-davril\/"},"author":{"name":"C D","@id":"https:\/\/vosgesinfo.fr\/remiremontinfo\/#\/schema\/person\/3bfd164d5218a185b1db68655a265316"},"headline":"Paroisse Notre-Dame-des-Ch\u00eanes : messes et informations pour le mois d&rsquo;avril","datePublished":"2019-03-30T06:30:05+00:00","dateModified":"2019-03-30T06:30:05+00:00","mainEntityOfPage":{"@id":"https:\/\/vosgesinfo.fr\/remiremontinfo\/2019\/03\/paroisse-dame-chenes-messes-informations-mois-davril\/"},"wordCount":476,"commentCount":0,"publisher":{"@id":"https:\/\/vosgesinfo.fr\/remiremontinfo\/#organization"},"image":{"@id":"https:\/\/vosgesinfo.fr\/remiremontinfo\/2019\/03\/paroisse-dame-chenes-messes-informations-mois-davril\/#primaryimage"},"thumbnailUrl":"https:\/\/vosgesinfo.fr\/app\/uploads\/sites\/5\/2024\/09\/201901chalice-1591668-12801-14.jpg","articleSection":["A la Une","Pouxeux","Religion","Remiremont &amp; son canton"],"inLanguage":"fr-FR","potentialAction":[{"@type":"CommentAction","name":"Comment","target":["https:\/\/vosgesinfo.fr\/remiremontinfo\/2019\/03\/paroisse-dame-chenes-messes-informations-mois-davril\/#respond"]}]},{"@type":"WebPage","@id":"https:\/\/vosgesinfo.fr\/remiremontinfo\/2019\/03\/paroisse-dame-chenes-messes-informations-mois-davril\/","url":"https:\/\/vosgesinfo.fr\/remiremontinfo\/2019\/03\/paroisse-dame-chenes-messes-informations-mois-davril\/","name":"Paroisse Notre-Dame-des-Ch\u00eanes : messes et informations pour le mois d'avril - Remiremont Info","isPartOf":{"@id":"https:\/\/vosgesinfo.fr\/remiremontinfo\/#website"},"primaryImageOfPage":{"@id":"https:\/\/vosgesinfo.fr\/remiremontinfo\/2019\/03\/paroisse-dame-chenes-messes-informations-mois-davril\/#primaryimage"},"image":{"@id":"https:\/\/vosgesinfo.fr\/remiremontinfo\/2019\/03\/paroisse-dame-chenes-messes-informations-mois-davril\/#primaryimage"},"thumbnailUrl":"https:\/\/vosgesinfo.fr\/app\/uploads\/sites\/5\/2024\/09\/201901chalice-1591668-12801-14.jpg","datePublished":"2019-03-30T06:30:05+00:00","dateModified":"2019-03-30T06:30:05+00:00","breadcrumb":{"@id":"https:\/\/vosgesinfo.fr\/remiremontinfo\/2019\/03\/paroisse-dame-chenes-messes-informations-mois-davril\/#breadcrumb"},"inLanguage":"fr-FR","potentialAction":[{"@type":"ReadAction","target":["https:\/\/vosgesinfo.fr\/remiremontinfo\/2019\/03\/paroisse-dame-chenes-messes-informations-mois-davril\/"]}]},{"@type":"ImageObject","inLanguage":"fr-FR","@id":"https:\/\/vosgesinfo.fr\/remiremontinfo\/2019\/03\/paroisse-dame-chenes-messes-informations-mois-davril\/#primaryimage","url":"https:\/\/vosgesinfo.fr\/app\/uploads\/sites\/5\/2024\/09\/201901chalice-1591668-12801-14.jpg","contentUrl":"https:\/\/vosgesinfo.fr\/app\/uploads\/sites\/5\/2024\/09\/201901chalice-1591668-12801-14.jpg","width":1280,"height":853},{"@type":"BreadcrumbList","@id":"https:\/\/vosgesinfo.fr\/remiremontinfo\/2019\/03\/paroisse-dame-chenes-messes-informations-mois-davril\/#breadcrumb","itemListElement":[{"@type":"ListItem","position":1,"name":"Home","item":"https:\/\/vosgesinfo.fr\/remiremontinfo\/"},{"@type":"ListItem","position":2,"name":"Paroisse Notre-Dame-des-Ch\u00eanes : messes et informations pour le mois d&rsquo;avril"}]},{"@type":"WebSite","@id":"https:\/\/vosgesinfo.fr\/remiremontinfo\/#website","url":"https:\/\/vosgesinfo.fr\/remiremontinfo\/","name":"Remiremont Info","description":"Toute l&#039;actualit\u00e9 de Remiremont","publisher":{"@id":"https:\/\/vosgesinfo.fr\/remiremontinfo\/#organization"},"alternateName":"Toute l'actualit\u00e9 de Remiremont","potentialAction":[{"@type":"SearchAction","target":{"@type":"EntryPoint","urlTemplate":"https:\/\/vosgesinfo.fr\/remiremontinfo\/?s={search_term_string}"},"query-input":"required name=search_term_string"}],"inLanguage":"fr-FR"},{"@type":"Organization","@id":"https:\/\/vosgesinfo.fr\/remiremontinfo\/#organization","name":"Remiremont Info","url":"https:\/\/vosgesinfo.fr\/remiremontinfo\/","logo":{"@type":"ImageObject","inLanguage":"fr-FR","@id":"https:\/\/vosgesinfo.fr\/remiremontinfo\/#\/schema\/logo\/image\/","url":"https:\/\/vosgesinfo.fr\/app\/uploads\/sites\/5\/2023\/08\/favicon-remiremontinfo.png","contentUrl":"https:\/\/vosgesinfo.fr\/app\/uploads\/sites\/5\/2023\/08\/favicon-remiremontinfo.png","width":512,"height":512,"caption":"Remiremont Info"},"image":{"@id":"https:\/\/vosgesinfo.fr\/remiremontinfo\/#\/schema\/logo\/image\/"},"sameAs":["https:\/\/www.facebook.com\/remiremontinfo","https:\/\/x.com\/VosgesInfo88","https:\/\/www.youtube.com\/@vosgesinfo"]},{"@type":"Person","@id":"https:\/\/vosgesinfo.fr\/remiremontinfo\/#\/schema\/person\/3bfd164d5218a185b1db68655a265316","name":"C D","image":{"@type":"ImageObject","inLanguage":"fr-FR","@id":"https:\/\/vosgesinfo.fr\/remiremontinfo\/#\/schema\/person\/image\/","url":"https:\/\/secure.gravatar.com\/avatar\/1f9a70007336511a47468b8f1c66f922b8b7cf617b02a31149ada43893a5d48f?s=96&d=mm&r=g","contentUrl":"https:\/\/secure.gravatar.com\/avatar\/1f9a70007336511a47468b8f1c66f922b8b7cf617b02a31149ada43893a5d48f?s=96&d=mm&r=g","caption":"C D"},"url":"https:\/\/vosgesinfo.fr\/remiremontinfo\/author\/cedric-drevet\/"}]}},"_links":{"self":[{"href":"https:\/\/vosgesinfo.fr\/remiremontinfo\/wp-json\/wp\/v2\/posts\/12552","targetHints":{"allow":["GET"]}}],"collection":[{"href":"https:\/\/vosgesinfo.fr\/remiremontinfo\/wp-json\/wp\/v2\/posts"}],"about":[{"href":"https:\/\/vosgesinfo.fr\/remiremontinfo\/wp-json\/wp\/v2\/types\/post"}],"author":[{"embeddable":true,"href":"https:\/\/vosgesinfo.fr\/remiremontinfo\/wp-json\/wp\/v2\/users\/407"}],"replies":[{"embeddable":true,"href":"https:\/\/vosgesinfo.fr\/remiremontinfo\/wp-json\/wp\/v2\/comments?post=12552"}],"version-history":[{"count":0,"href":"https:\/\/vosgesinfo.fr\/remiremontinfo\/wp-json\/wp\/v2\/posts\/12552\/revisions"}],"wp:featuredmedia":[{"embeddable":true,"href":"https:\/\/vosgesinfo.fr\/remiremontinfo\/wp-json\/wp\/v2\/media\/12553"}],"wp:attachment":[{"href":"https:\/\/vosgesinfo.fr\/remiremontinfo\/wp-json\/wp\/v2\/media?parent=12552"}],"wp:term":[{"taxonomy":"category","embeddable":true,"href":"https:\/\/vosgesinfo.fr\/remiremontinfo\/wp-json\/wp\/v2\/categories?post=12552"},{"taxonomy":"post_tag","embeddable":true,"href":"https:\/\/vosgesinfo.fr\/remiremontinfo\/wp-json\/wp\/v2\/tags?post=12552"}],"curies":[{"name":"wp","href":"https:\/\/api.w.org\/{rel}","templated":true}]}}