{"id":12561,"date":"2019-03-30T08:55:05","date_gmt":"2019-03-30T07:55:05","guid":{"rendered":"https:\/\/vosgesinfo.fr\/remiremontinfo\/2019\/03\/ski-de-fond-3eme-place-delphine-claudel-championnat-de-france\/"},"modified":"2019-03-30T08:55:05","modified_gmt":"2019-03-30T07:55:05","slug":"ski-de-fond-3eme-place-delphine-claudel-championnat-de-france","status":"publish","type":"post","link":"https:\/\/vosgesinfo.fr\/remiremontinfo\/2019\/03\/ski-de-fond-3eme-place-delphine-claudel-championnat-de-france\/","title":{"rendered":"Ski de fond : 3\u00e8me place pour Delphine Claudel au championnat de France"},"content":{"rendered":"<p><a href=\"\/2019\/03\/IMG_3730.jpg\"><img decoding=\"async\" class=\"alignnone size-full wp-image-256263\" src=\"\/2019\/03\/IMG_3730.jpg\" alt=\"IMG_3730\" width=\"4032\" height=\"3024\" \/><\/a><\/p>\n<h2><span style=\"font-size: 12pt;\"><strong>Honneurs aux dames: Belle\u00a0 3\u00e8me place pour la Bressaude Delphine Claudel sur le 7,5km classique.<\/strong><\/span><span style=\"font-size: 12pt;\"><strong>\u00a0Victoire de la Jurassienne Anouk Faivre Picon, qui partie au deuxi\u00e8me tour a fini la comp\u00e9tition \u00e0 10-15 secondes.<\/strong><\/span><\/h2>\n<p>Derri\u00e8re la Savoyarde Laura Chamiot Maitral a ski\u00e9 avec Delphine , et la derni\u00e8re mont\u00e9e finale a donn\u00e9 raison \u00e0 Laura. Delphine un peu \u00e9mouss\u00e9e de sa belle saison et du retour de la finale de la coupe du Monde \u00e0 Qu\u00e9bec a ressenti de la fatigue au niveau des jambes sur sa fin de course .<\/p>\n<p>Les autres f\u00e9minines du Massif des Vosges se sont aussi tr\u00e8s bien comport\u00e9es &#8230;.surclass\u00e9es dans la cat\u00e9gorie U20 , cl\u00e9mence Didierlaurent ( SC Vagney Rochesson) se classe \u00e0 une encourageante 5eme place en U20\u00a0 (1\u00e8re U17), sa coll\u00e8gue de club Am\u00e9lie Gilet est 8eme en U20 et 2\u00e8me U17. Coline Schweitzer (SC Ranspach) malgr\u00e9 un bris de canne fini \u00e0 la 5\u00e8me place en U17.<\/p>\n<p>Du c\u00f4t\u00e9 des gar\u00e7ons U20, antonin Schoeffel (SC Ranspach) se classe \u00e0 la 28eme place , Matt\u00e9o Correia (sc la Bressaude) surclass\u00e9 en U17 est 30eme (2\u00e8me U17) , tandis que Stevenson Savart son coll\u00e8gue de club termine 33eme.<\/p>\n<p>La course des seniors a vu la victoire du Jurassien Alexis Jeannerod, devant Maurice Manificat. Adrien Mougel (sc la Bressaude ) et Bastien Poirrier (sc Ranspach) , habitu\u00e9 aux longues distances , ont d\u00fb s&#8217;employer pour rester dans le rythme des tops athl\u00e8tes de la coupe du monde&#8230; au final belles 14\u00e8me et 15\u00e8me place .<\/p>\n<p>A noter que le leader du Comit\u00e9 du massif des Vosges :\u00a0 Adrien Backscheider , tr\u00e8s fatigu\u00e9 de sa superbe saison ne sera pas pr\u00e9sent sur ces championnats de France .<\/p>\n<p><em>A.VAXELAIRE<\/em><\/p>\n","protected":false},"excerpt":{"rendered":"<p>Honneurs aux dames: Belle\u00a0 3\u00e8me place pour la Bressaude Delphine Claudel sur le 7,5km classique.\u00a0Victoire de la Jurassienne Anouk Faivre [&hellip;]<\/p>\n","protected":false},"author":407,"featured_media":12562,"comment_status":"open","ping_status":"open","sticky":false,"template":"","format":"standard","meta":{"footnotes":""},"categories":[26,14],"tags":[],"class_list":["post-12561","post","type-post","status-publish","format-standard","has-post-thumbnail","hentry","category-a-la-une","category-sport"],"acf":[],"yoast_head":"<!-- This site is optimized with the Yoast SEO plugin v22.5 - https:\/\/yoast.com\/wordpress\/plugins\/seo\/ -->\n<title>Ski de fond : 3\u00e8me place pour Delphine Claudel au championnat de France - Remiremont Info<\/title>\n<meta name=\"robots\" content=\"index, follow, max-snippet:-1, max-image-preview:large, max-video-preview:-1\" \/>\n<link rel=\"canonical\" href=\"https:\/\/vosgesinfo.fr\/remiremontinfo\/2019\/03\/ski-de-fond-3eme-place-delphine-claudel-championnat-de-france\/\" \/>\n<meta name=\"twitter:card\" content=\"summary_large_image\" \/>\n<meta name=\"twitter:title\" content=\"Ski de fond : 3\u00e8me place pour Delphine Claudel au championnat de France - Remiremont Info\" \/>\n<meta name=\"twitter:description\" content=\"Honneurs aux dames: Belle\u00a0 3\u00e8me place pour la Bressaude Delphine Claudel sur le 7,5km classique.\u00a0Victoire de la Jurassienne Anouk Faivre [&hellip;]\" \/>\n<meta name=\"twitter:image\" content=\"https:\/\/vosgesinfo.fr\/app\/uploads\/sites\/5\/2024\/09\/201903img-3730-scaled.jpg\" \/>\n<meta name=\"twitter:creator\" content=\"@VosgesInfo88\" \/>\n<meta name=\"twitter:site\" content=\"@VosgesInfo88\" \/>\n<meta name=\"twitter:label1\" content=\"\u00c9crit par\" \/>\n\t<meta name=\"twitter:data1\" content=\"C D\" \/>\n\t<meta name=\"twitter:label2\" content=\"Dur\u00e9e de lecture estim\u00e9e\" \/>\n\t<meta name=\"twitter:data2\" content=\"1 minute\" \/>\n<script type=\"application\/ld+json\" class=\"yoast-schema-graph\">{\"@context\":\"https:\/\/schema.org\",\"@graph\":[{\"@type\":\"Article\",\"@id\":\"https:\/\/vosgesinfo.fr\/remiremontinfo\/2019\/03\/ski-de-fond-3eme-place-delphine-claudel-championnat-de-france\/#article\",\"isPartOf\":{\"@id\":\"https:\/\/vosgesinfo.fr\/remiremontinfo\/2019\/03\/ski-de-fond-3eme-place-delphine-claudel-championnat-de-france\/\"},\"author\":{\"name\":\"C D\",\"@id\":\"https:\/\/vosgesinfo.fr\/remiremontinfo\/#\/schema\/person\/3bfd164d5218a185b1db68655a265316\"},\"headline\":\"Ski de fond : 3\u00e8me place pour Delphine Claudel au championnat de France\",\"datePublished\":\"2019-03-30T07:55:05+00:00\",\"dateModified\":\"2019-03-30T07:55:05+00:00\",\"mainEntityOfPage\":{\"@id\":\"https:\/\/vosgesinfo.fr\/remiremontinfo\/2019\/03\/ski-de-fond-3eme-place-delphine-claudel-championnat-de-france\/\"},\"wordCount\":300,\"commentCount\":0,\"publisher\":{\"@id\":\"https:\/\/vosgesinfo.fr\/remiremontinfo\/#organization\"},\"image\":{\"@id\":\"https:\/\/vosgesinfo.fr\/remiremontinfo\/2019\/03\/ski-de-fond-3eme-place-delphine-claudel-championnat-de-france\/#primaryimage\"},\"thumbnailUrl\":\"https:\/\/vosgesinfo.fr\/app\/uploads\/sites\/5\/2024\/09\/201903img-3730-scaled.jpg\",\"articleSection\":[\"A la Une\",\"Sport\"],\"inLanguage\":\"fr-FR\",\"potentialAction\":[{\"@type\":\"CommentAction\",\"name\":\"Comment\",\"target\":[\"https:\/\/vosgesinfo.fr\/remiremontinfo\/2019\/03\/ski-de-fond-3eme-place-delphine-claudel-championnat-de-france\/#respond\"]}]},{\"@type\":\"WebPage\",\"@id\":\"https:\/\/vosgesinfo.fr\/remiremontinfo\/2019\/03\/ski-de-fond-3eme-place-delphine-claudel-championnat-de-france\/\",\"url\":\"https:\/\/vosgesinfo.fr\/remiremontinfo\/2019\/03\/ski-de-fond-3eme-place-delphine-claudel-championnat-de-france\/\",\"name\":\"Ski de fond : 3\u00e8me place pour Delphine Claudel au championnat de France - Remiremont Info\",\"isPartOf\":{\"@id\":\"https:\/\/vosgesinfo.fr\/remiremontinfo\/#website\"},\"primaryImageOfPage\":{\"@id\":\"https:\/\/vosgesinfo.fr\/remiremontinfo\/2019\/03\/ski-de-fond-3eme-place-delphine-claudel-championnat-de-france\/#primaryimage\"},\"image\":{\"@id\":\"https:\/\/vosgesinfo.fr\/remiremontinfo\/2019\/03\/ski-de-fond-3eme-place-delphine-claudel-championnat-de-france\/#primaryimage\"},\"thumbnailUrl\":\"https:\/\/vosgesinfo.fr\/app\/uploads\/sites\/5\/2024\/09\/201903img-3730-scaled.jpg\",\"datePublished\":\"2019-03-30T07:55:05+00:00\",\"dateModified\":\"2019-03-30T07:55:05+00:00\",\"breadcrumb\":{\"@id\":\"https:\/\/vosgesinfo.fr\/remiremontinfo\/2019\/03\/ski-de-fond-3eme-place-delphine-claudel-championnat-de-france\/#breadcrumb\"},\"inLanguage\":\"fr-FR\",\"potentialAction\":[{\"@type\":\"ReadAction\",\"target\":[\"https:\/\/vosgesinfo.fr\/remiremontinfo\/2019\/03\/ski-de-fond-3eme-place-delphine-claudel-championnat-de-france\/\"]}]},{\"@type\":\"ImageObject\",\"inLanguage\":\"fr-FR\",\"@id\":\"https:\/\/vosgesinfo.fr\/remiremontinfo\/2019\/03\/ski-de-fond-3eme-place-delphine-claudel-championnat-de-france\/#primaryimage\",\"url\":\"https:\/\/vosgesinfo.fr\/app\/uploads\/sites\/5\/2024\/09\/201903img-3730-scaled.jpg\",\"contentUrl\":\"https:\/\/vosgesinfo.fr\/app\/uploads\/sites\/5\/2024\/09\/201903img-3730-scaled.jpg\",\"width\":2560,\"height\":1920},{\"@type\":\"BreadcrumbList\",\"@id\":\"https:\/\/vosgesinfo.fr\/remiremontinfo\/2019\/03\/ski-de-fond-3eme-place-delphine-claudel-championnat-de-france\/#breadcrumb\",\"itemListElement\":[{\"@type\":\"ListItem\",\"position\":1,\"name\":\"Home\",\"item\":\"https:\/\/vosgesinfo.fr\/remiremontinfo\/\"},{\"@type\":\"ListItem\",\"position\":2,\"name\":\"Ski de fond : 3\u00e8me place pour Delphine Claudel au championnat de France\"}]},{\"@type\":\"WebSite\",\"@id\":\"https:\/\/vosgesinfo.fr\/remiremontinfo\/#website\",\"url\":\"https:\/\/vosgesinfo.fr\/remiremontinfo\/\",\"name\":\"Remiremont Info\",\"description\":\"Toute l&#039;actualit\u00e9 de Remiremont\",\"publisher\":{\"@id\":\"https:\/\/vosgesinfo.fr\/remiremontinfo\/#organization\"},\"alternateName\":\"Toute l'actualit\u00e9 de Remiremont\",\"potentialAction\":[{\"@type\":\"SearchAction\",\"target\":{\"@type\":\"EntryPoint\",\"urlTemplate\":\"https:\/\/vosgesinfo.fr\/remiremontinfo\/?s={search_term_string}\"},\"query-input\":\"required name=search_term_string\"}],\"inLanguage\":\"fr-FR\"},{\"@type\":\"Organization\",\"@id\":\"https:\/\/vosgesinfo.fr\/remiremontinfo\/#organization\",\"name\":\"Remiremont Info\",\"url\":\"https:\/\/vosgesinfo.fr\/remiremontinfo\/\",\"logo\":{\"@type\":\"ImageObject\",\"inLanguage\":\"fr-FR\",\"@id\":\"https:\/\/vosgesinfo.fr\/remiremontinfo\/#\/schema\/logo\/image\/\",\"url\":\"https:\/\/vosgesinfo.fr\/app\/uploads\/sites\/5\/2023\/08\/favicon-remiremontinfo.png\",\"contentUrl\":\"https:\/\/vosgesinfo.fr\/app\/uploads\/sites\/5\/2023\/08\/favicon-remiremontinfo.png\",\"width\":512,\"height\":512,\"caption\":\"Remiremont Info\"},\"image\":{\"@id\":\"https:\/\/vosgesinfo.fr\/remiremontinfo\/#\/schema\/logo\/image\/\"},\"sameAs\":[\"https:\/\/www.facebook.com\/remiremontinfo\",\"https:\/\/x.com\/VosgesInfo88\",\"https:\/\/www.youtube.com\/@vosgesinfo\"]},{\"@type\":\"Person\",\"@id\":\"https:\/\/vosgesinfo.fr\/remiremontinfo\/#\/schema\/person\/3bfd164d5218a185b1db68655a265316\",\"name\":\"C D\",\"image\":{\"@type\":\"ImageObject\",\"inLanguage\":\"fr-FR\",\"@id\":\"https:\/\/vosgesinfo.fr\/remiremontinfo\/#\/schema\/person\/image\/\",\"url\":\"https:\/\/secure.gravatar.com\/avatar\/1f9a70007336511a47468b8f1c66f922b8b7cf617b02a31149ada43893a5d48f?s=96&d=mm&r=g\",\"contentUrl\":\"https:\/\/secure.gravatar.com\/avatar\/1f9a70007336511a47468b8f1c66f922b8b7cf617b02a31149ada43893a5d48f?s=96&d=mm&r=g\",\"caption\":\"C D\"},\"url\":\"https:\/\/vosgesinfo.fr\/remiremontinfo\/author\/cedric-drevet\/\"}]}<\/script>\n<!-- \/ Yoast SEO plugin. -->","yoast_head_json":{"title":"Ski de fond : 3\u00e8me place pour Delphine Claudel au championnat de France - Remiremont Info","robots":{"index":"index","follow":"follow","max-snippet":"max-snippet:-1","max-image-preview":"max-image-preview:large","max-video-preview":"max-video-preview:-1"},"canonical":"https:\/\/vosgesinfo.fr\/remiremontinfo\/2019\/03\/ski-de-fond-3eme-place-delphine-claudel-championnat-de-france\/","twitter_card":"summary_large_image","twitter_title":"Ski de fond : 3\u00e8me place pour Delphine Claudel au championnat de France - Remiremont Info","twitter_description":"Honneurs aux dames: Belle\u00a0 3\u00e8me place pour la Bressaude Delphine Claudel sur le 7,5km classique.\u00a0Victoire de la Jurassienne Anouk Faivre [&hellip;]","twitter_image":"https:\/\/vosgesinfo.fr\/app\/uploads\/sites\/5\/2024\/09\/201903img-3730-scaled.jpg","twitter_creator":"@VosgesInfo88","twitter_site":"@VosgesInfo88","twitter_misc":{"\u00c9crit par":"C D","Dur\u00e9e de lecture estim\u00e9e":"1 minute"},"schema":{"@context":"https:\/\/schema.org","@graph":[{"@type":"Article","@id":"https:\/\/vosgesinfo.fr\/remiremontinfo\/2019\/03\/ski-de-fond-3eme-place-delphine-claudel-championnat-de-france\/#article","isPartOf":{"@id":"https:\/\/vosgesinfo.fr\/remiremontinfo\/2019\/03\/ski-de-fond-3eme-place-delphine-claudel-championnat-de-france\/"},"author":{"name":"C D","@id":"https:\/\/vosgesinfo.fr\/remiremontinfo\/#\/schema\/person\/3bfd164d5218a185b1db68655a265316"},"headline":"Ski de fond : 3\u00e8me place pour Delphine Claudel au championnat de France","datePublished":"2019-03-30T07:55:05+00:00","dateModified":"2019-03-30T07:55:05+00:00","mainEntityOfPage":{"@id":"https:\/\/vosgesinfo.fr\/remiremontinfo\/2019\/03\/ski-de-fond-3eme-place-delphine-claudel-championnat-de-france\/"},"wordCount":300,"commentCount":0,"publisher":{"@id":"https:\/\/vosgesinfo.fr\/remiremontinfo\/#organization"},"image":{"@id":"https:\/\/vosgesinfo.fr\/remiremontinfo\/2019\/03\/ski-de-fond-3eme-place-delphine-claudel-championnat-de-france\/#primaryimage"},"thumbnailUrl":"https:\/\/vosgesinfo.fr\/app\/uploads\/sites\/5\/2024\/09\/201903img-3730-scaled.jpg","articleSection":["A la Une","Sport"],"inLanguage":"fr-FR","potentialAction":[{"@type":"CommentAction","name":"Comment","target":["https:\/\/vosgesinfo.fr\/remiremontinfo\/2019\/03\/ski-de-fond-3eme-place-delphine-claudel-championnat-de-france\/#respond"]}]},{"@type":"WebPage","@id":"https:\/\/vosgesinfo.fr\/remiremontinfo\/2019\/03\/ski-de-fond-3eme-place-delphine-claudel-championnat-de-france\/","url":"https:\/\/vosgesinfo.fr\/remiremontinfo\/2019\/03\/ski-de-fond-3eme-place-delphine-claudel-championnat-de-france\/","name":"Ski de fond : 3\u00e8me place pour Delphine Claudel au championnat de France - Remiremont Info","isPartOf":{"@id":"https:\/\/vosgesinfo.fr\/remiremontinfo\/#website"},"primaryImageOfPage":{"@id":"https:\/\/vosgesinfo.fr\/remiremontinfo\/2019\/03\/ski-de-fond-3eme-place-delphine-claudel-championnat-de-france\/#primaryimage"},"image":{"@id":"https:\/\/vosgesinfo.fr\/remiremontinfo\/2019\/03\/ski-de-fond-3eme-place-delphine-claudel-championnat-de-france\/#primaryimage"},"thumbnailUrl":"https:\/\/vosgesinfo.fr\/app\/uploads\/sites\/5\/2024\/09\/201903img-3730-scaled.jpg","datePublished":"2019-03-30T07:55:05+00:00","dateModified":"2019-03-30T07:55:05+00:00","breadcrumb":{"@id":"https:\/\/vosgesinfo.fr\/remiremontinfo\/2019\/03\/ski-de-fond-3eme-place-delphine-claudel-championnat-de-france\/#breadcrumb"},"inLanguage":"fr-FR","potentialAction":[{"@type":"ReadAction","target":["https:\/\/vosgesinfo.fr\/remiremontinfo\/2019\/03\/ski-de-fond-3eme-place-delphine-claudel-championnat-de-france\/"]}]},{"@type":"ImageObject","inLanguage":"fr-FR","@id":"https:\/\/vosgesinfo.fr\/remiremontinfo\/2019\/03\/ski-de-fond-3eme-place-delphine-claudel-championnat-de-france\/#primaryimage","url":"https:\/\/vosgesinfo.fr\/app\/uploads\/sites\/5\/2024\/09\/201903img-3730-scaled.jpg","contentUrl":"https:\/\/vosgesinfo.fr\/app\/uploads\/sites\/5\/2024\/09\/201903img-3730-scaled.jpg","width":2560,"height":1920},{"@type":"BreadcrumbList","@id":"https:\/\/vosgesinfo.fr\/remiremontinfo\/2019\/03\/ski-de-fond-3eme-place-delphine-claudel-championnat-de-france\/#breadcrumb","itemListElement":[{"@type":"ListItem","position":1,"name":"Home","item":"https:\/\/vosgesinfo.fr\/remiremontinfo\/"},{"@type":"ListItem","position":2,"name":"Ski de fond : 3\u00e8me place pour Delphine Claudel au championnat de France"}]},{"@type":"WebSite","@id":"https:\/\/vosgesinfo.fr\/remiremontinfo\/#website","url":"https:\/\/vosgesinfo.fr\/remiremontinfo\/","name":"Remiremont Info","description":"Toute l&#039;actualit\u00e9 de Remiremont","publisher":{"@id":"https:\/\/vosgesinfo.fr\/remiremontinfo\/#organization"},"alternateName":"Toute l'actualit\u00e9 de Remiremont","potentialAction":[{"@type":"SearchAction","target":{"@type":"EntryPoint","urlTemplate":"https:\/\/vosgesinfo.fr\/remiremontinfo\/?s={search_term_string}"},"query-input":"required name=search_term_string"}],"inLanguage":"fr-FR"},{"@type":"Organization","@id":"https:\/\/vosgesinfo.fr\/remiremontinfo\/#organization","name":"Remiremont Info","url":"https:\/\/vosgesinfo.fr\/remiremontinfo\/","logo":{"@type":"ImageObject","inLanguage":"fr-FR","@id":"https:\/\/vosgesinfo.fr\/remiremontinfo\/#\/schema\/logo\/image\/","url":"https:\/\/vosgesinfo.fr\/app\/uploads\/sites\/5\/2023\/08\/favicon-remiremontinfo.png","contentUrl":"https:\/\/vosgesinfo.fr\/app\/uploads\/sites\/5\/2023\/08\/favicon-remiremontinfo.png","width":512,"height":512,"caption":"Remiremont Info"},"image":{"@id":"https:\/\/vosgesinfo.fr\/remiremontinfo\/#\/schema\/logo\/image\/"},"sameAs":["https:\/\/www.facebook.com\/remiremontinfo","https:\/\/x.com\/VosgesInfo88","https:\/\/www.youtube.com\/@vosgesinfo"]},{"@type":"Person","@id":"https:\/\/vosgesinfo.fr\/remiremontinfo\/#\/schema\/person\/3bfd164d5218a185b1db68655a265316","name":"C D","image":{"@type":"ImageObject","inLanguage":"fr-FR","@id":"https:\/\/vosgesinfo.fr\/remiremontinfo\/#\/schema\/person\/image\/","url":"https:\/\/secure.gravatar.com\/avatar\/1f9a70007336511a47468b8f1c66f922b8b7cf617b02a31149ada43893a5d48f?s=96&d=mm&r=g","contentUrl":"https:\/\/secure.gravatar.com\/avatar\/1f9a70007336511a47468b8f1c66f922b8b7cf617b02a31149ada43893a5d48f?s=96&d=mm&r=g","caption":"C D"},"url":"https:\/\/vosgesinfo.fr\/remiremontinfo\/author\/cedric-drevet\/"}]}},"_links":{"self":[{"href":"https:\/\/vosgesinfo.fr\/remiremontinfo\/wp-json\/wp\/v2\/posts\/12561","targetHints":{"allow":["GET"]}}],"collection":[{"href":"https:\/\/vosgesinfo.fr\/remiremontinfo\/wp-json\/wp\/v2\/posts"}],"about":[{"href":"https:\/\/vosgesinfo.fr\/remiremontinfo\/wp-json\/wp\/v2\/types\/post"}],"author":[{"embeddable":true,"href":"https:\/\/vosgesinfo.fr\/remiremontinfo\/wp-json\/wp\/v2\/users\/407"}],"replies":[{"embeddable":true,"href":"https:\/\/vosgesinfo.fr\/remiremontinfo\/wp-json\/wp\/v2\/comments?post=12561"}],"version-history":[{"count":0,"href":"https:\/\/vosgesinfo.fr\/remiremontinfo\/wp-json\/wp\/v2\/posts\/12561\/revisions"}],"wp:featuredmedia":[{"embeddable":true,"href":"https:\/\/vosgesinfo.fr\/remiremontinfo\/wp-json\/wp\/v2\/media\/12562"}],"wp:attachment":[{"href":"https:\/\/vosgesinfo.fr\/remiremontinfo\/wp-json\/wp\/v2\/media?parent=12561"}],"wp:term":[{"taxonomy":"category","embeddable":true,"href":"https:\/\/vosgesinfo.fr\/remiremontinfo\/wp-json\/wp\/v2\/categories?post=12561"},{"taxonomy":"post_tag","embeddable":true,"href":"https:\/\/vosgesinfo.fr\/remiremontinfo\/wp-json\/wp\/v2\/tags?post=12561"}],"curies":[{"name":"wp","href":"https:\/\/api.w.org\/{rel}","templated":true}]}}