{"id":12905,"date":"2019-04-09T05:17:37","date_gmt":"2019-04-09T03:17:37","guid":{"rendered":"https:\/\/vosgesinfo.fr\/remiremontinfo\/2019\/04\/dommartin-remiremont-artistes-mis-a-lhonneur-pendant-semaine-arts-picoses-13-22-avril\/"},"modified":"2019-04-09T05:17:37","modified_gmt":"2019-04-09T03:17:37","slug":"dommartin-remiremont-artistes-mis-a-lhonneur-pendant-semaine-arts-picoses-13-22-avril","status":"publish","type":"post","link":"https:\/\/vosgesinfo.fr\/remiremontinfo\/2019\/04\/dommartin-remiremont-artistes-mis-a-lhonneur-pendant-semaine-arts-picoses-13-22-avril\/","title":{"rendered":"Dommartin-l\u00e8s-Remiremont : les artistes mis \u00e0 l&rsquo;honneur pendant la Semaine des Arts Picos\u00e9s du 13 au 22 avril"},"content":{"rendered":"<p style=\"text-align: center;\"><a href=\"\/2019\/04\/Document-page-0013.jpg\"><img decoding=\"async\" class=\"alignnone size-large wp-image-256831\" src=\"\/2019\/04\/Document-page-0013-724x1024.jpg\" alt=\"Document-page-001\" width=\"724\" height=\"1024\" \/><\/a><\/p>\n<h2><span style=\"font-size: 12pt;\"><strong>La semaine des Arts Picos\u00e9s\u00a0se d\u00e9roulera du 13 au 21 avril \u00e0 la Salle des F\u00eates de Dommartin les Remiremont, de 14 h 30 \u00e0 18 h 30. L&rsquo;exposition\u00a0est organis\u00e9e par un collectif d&rsquo;artistes, parrain\u00e9 par le Comit\u00e9 des F\u00eates de Dommartin.<\/strong><\/span><\/h2>\n<p>Elle mettra \u00e0 l&rsquo;honneur les peintures et sculptures des artistes de Dommartin et Vecoux. Le Vernissage aura lieu le samedi 13 avril \u00e0 17h 30. L&rsquo;exposition sera enrichie cette ann\u00e9e de 3 rendez vous permettant l&rsquo;association de diff\u00e9rents courants artistiques :<br \/>\n&#8211; le dimanche 14 avril : un moment de lecture et de d\u00e9ambulation po\u00e9tique avec Richard Rognet, po\u00e8te \u00e9l\u00e9giaque de Dommartin ( \u00e0 partir de 17 h )<br \/>\n&#8211; le mardi 16: un moment musical avec Mathilde Miclo, chanteuse et violoniste et Christophe Toussaint, \u00e0 l&rsquo;\u00e9pinette<br \/>\n&#8211; le dimanche 21 avril: une d\u00e9monstration de peinture \u00e0 l&rsquo;Acrylique par Artsnov.<\/p>\n","protected":false},"excerpt":{"rendered":"<p>La semaine des Arts Picos\u00e9s\u00a0se d\u00e9roulera du 13 au 21 avril \u00e0 la Salle des F\u00eates de Dommartin les Remiremont, [&hellip;]<\/p>\n","protected":false},"author":407,"featured_media":12906,"comment_status":"open","ping_status":"open","sticky":false,"template":"","format":"standard","meta":{"footnotes":""},"categories":[229,4,37],"tags":[],"class_list":["post-12905","post","type-post","status-publish","format-standard","has-post-thumbnail","hentry","category-art","category-culture","category-le-thillot-son-canton"],"acf":[],"yoast_head":"<!-- This site is optimized with the Yoast SEO plugin v22.5 - https:\/\/yoast.com\/wordpress\/plugins\/seo\/ -->\n<title>Dommartin-l\u00e8s-Remiremont : les artistes mis \u00e0 l&#039;honneur pendant la Semaine des Arts Picos\u00e9s du 13 au 22 avril - Remiremont Info<\/title>\n<meta name=\"robots\" content=\"index, follow, max-snippet:-1, max-image-preview:large, max-video-preview:-1\" \/>\n<link rel=\"canonical\" href=\"https:\/\/vosgesinfo.fr\/remiremontinfo\/2019\/04\/dommartin-remiremont-artistes-mis-a-lhonneur-pendant-semaine-arts-picoses-13-22-avril\/\" \/>\n<meta name=\"twitter:card\" content=\"summary_large_image\" \/>\n<meta name=\"twitter:title\" content=\"Dommartin-l\u00e8s-Remiremont : les artistes mis \u00e0 l&#039;honneur pendant la Semaine des Arts Picos\u00e9s du 13 au 22 avril - Remiremont Info\" \/>\n<meta name=\"twitter:description\" content=\"La semaine des Arts Picos\u00e9s\u00a0se d\u00e9roulera du 13 au 21 avril \u00e0 la Salle des F\u00eates de Dommartin les Remiremont, [&hellip;]\" \/>\n<meta name=\"twitter:image\" content=\"https:\/\/vosgesinfo.fr\/app\/uploads\/sites\/5\/2024\/09\/201904document-page-0013.jpg\" \/>\n<meta name=\"twitter:creator\" content=\"@VosgesInfo88\" \/>\n<meta name=\"twitter:site\" content=\"@VosgesInfo88\" \/>\n<meta name=\"twitter:label1\" content=\"\u00c9crit par\" \/>\n\t<meta name=\"twitter:data1\" content=\"C D\" \/>\n\t<meta name=\"twitter:label2\" content=\"Dur\u00e9e de lecture estim\u00e9e\" \/>\n\t<meta name=\"twitter:data2\" content=\"1 minute\" \/>\n<script type=\"application\/ld+json\" class=\"yoast-schema-graph\">{\"@context\":\"https:\/\/schema.org\",\"@graph\":[{\"@type\":\"Article\",\"@id\":\"https:\/\/vosgesinfo.fr\/remiremontinfo\/2019\/04\/dommartin-remiremont-artistes-mis-a-lhonneur-pendant-semaine-arts-picoses-13-22-avril\/#article\",\"isPartOf\":{\"@id\":\"https:\/\/vosgesinfo.fr\/remiremontinfo\/2019\/04\/dommartin-remiremont-artistes-mis-a-lhonneur-pendant-semaine-arts-picoses-13-22-avril\/\"},\"author\":{\"name\":\"C D\",\"@id\":\"https:\/\/vosgesinfo.fr\/remiremontinfo\/#\/schema\/person\/3bfd164d5218a185b1db68655a265316\"},\"headline\":\"Dommartin-l\u00e8s-Remiremont : les artistes mis \u00e0 l&rsquo;honneur pendant la Semaine des Arts Picos\u00e9s du 13 au 22 avril\",\"datePublished\":\"2019-04-09T03:17:37+00:00\",\"dateModified\":\"2019-04-09T03:17:37+00:00\",\"mainEntityOfPage\":{\"@id\":\"https:\/\/vosgesinfo.fr\/remiremontinfo\/2019\/04\/dommartin-remiremont-artistes-mis-a-lhonneur-pendant-semaine-arts-picoses-13-22-avril\/\"},\"wordCount\":156,\"commentCount\":0,\"publisher\":{\"@id\":\"https:\/\/vosgesinfo.fr\/remiremontinfo\/#organization\"},\"image\":{\"@id\":\"https:\/\/vosgesinfo.fr\/remiremontinfo\/2019\/04\/dommartin-remiremont-artistes-mis-a-lhonneur-pendant-semaine-arts-picoses-13-22-avril\/#primaryimage\"},\"thumbnailUrl\":\"https:\/\/vosgesinfo.fr\/app\/uploads\/sites\/5\/2024\/09\/201904document-page-0013.jpg\",\"articleSection\":[\"Art\",\"Culture\",\"Le Thillot &amp; son canton\"],\"inLanguage\":\"fr-FR\",\"potentialAction\":[{\"@type\":\"CommentAction\",\"name\":\"Comment\",\"target\":[\"https:\/\/vosgesinfo.fr\/remiremontinfo\/2019\/04\/dommartin-remiremont-artistes-mis-a-lhonneur-pendant-semaine-arts-picoses-13-22-avril\/#respond\"]}]},{\"@type\":\"WebPage\",\"@id\":\"https:\/\/vosgesinfo.fr\/remiremontinfo\/2019\/04\/dommartin-remiremont-artistes-mis-a-lhonneur-pendant-semaine-arts-picoses-13-22-avril\/\",\"url\":\"https:\/\/vosgesinfo.fr\/remiremontinfo\/2019\/04\/dommartin-remiremont-artistes-mis-a-lhonneur-pendant-semaine-arts-picoses-13-22-avril\/\",\"name\":\"Dommartin-l\u00e8s-Remiremont : les artistes mis \u00e0 l'honneur pendant la Semaine des Arts Picos\u00e9s du 13 au 22 avril - Remiremont Info\",\"isPartOf\":{\"@id\":\"https:\/\/vosgesinfo.fr\/remiremontinfo\/#website\"},\"primaryImageOfPage\":{\"@id\":\"https:\/\/vosgesinfo.fr\/remiremontinfo\/2019\/04\/dommartin-remiremont-artistes-mis-a-lhonneur-pendant-semaine-arts-picoses-13-22-avril\/#primaryimage\"},\"image\":{\"@id\":\"https:\/\/vosgesinfo.fr\/remiremontinfo\/2019\/04\/dommartin-remiremont-artistes-mis-a-lhonneur-pendant-semaine-arts-picoses-13-22-avril\/#primaryimage\"},\"thumbnailUrl\":\"https:\/\/vosgesinfo.fr\/app\/uploads\/sites\/5\/2024\/09\/201904document-page-0013.jpg\",\"datePublished\":\"2019-04-09T03:17:37+00:00\",\"dateModified\":\"2019-04-09T03:17:37+00:00\",\"breadcrumb\":{\"@id\":\"https:\/\/vosgesinfo.fr\/remiremontinfo\/2019\/04\/dommartin-remiremont-artistes-mis-a-lhonneur-pendant-semaine-arts-picoses-13-22-avril\/#breadcrumb\"},\"inLanguage\":\"fr-FR\",\"potentialAction\":[{\"@type\":\"ReadAction\",\"target\":[\"https:\/\/vosgesinfo.fr\/remiremontinfo\/2019\/04\/dommartin-remiremont-artistes-mis-a-lhonneur-pendant-semaine-arts-picoses-13-22-avril\/\"]}]},{\"@type\":\"ImageObject\",\"inLanguage\":\"fr-FR\",\"@id\":\"https:\/\/vosgesinfo.fr\/remiremontinfo\/2019\/04\/dommartin-remiremont-artistes-mis-a-lhonneur-pendant-semaine-arts-picoses-13-22-avril\/#primaryimage\",\"url\":\"https:\/\/vosgesinfo.fr\/app\/uploads\/sites\/5\/2024\/09\/201904document-page-0013.jpg\",\"contentUrl\":\"https:\/\/vosgesinfo.fr\/app\/uploads\/sites\/5\/2024\/09\/201904document-page-0013.jpg\",\"width\":1240,\"height\":1754},{\"@type\":\"BreadcrumbList\",\"@id\":\"https:\/\/vosgesinfo.fr\/remiremontinfo\/2019\/04\/dommartin-remiremont-artistes-mis-a-lhonneur-pendant-semaine-arts-picoses-13-22-avril\/#breadcrumb\",\"itemListElement\":[{\"@type\":\"ListItem\",\"position\":1,\"name\":\"Home\",\"item\":\"https:\/\/vosgesinfo.fr\/remiremontinfo\/\"},{\"@type\":\"ListItem\",\"position\":2,\"name\":\"Dommartin-l\u00e8s-Remiremont : les artistes mis \u00e0 l&rsquo;honneur pendant la Semaine des Arts Picos\u00e9s du 13 au 22 avril\"}]},{\"@type\":\"WebSite\",\"@id\":\"https:\/\/vosgesinfo.fr\/remiremontinfo\/#website\",\"url\":\"https:\/\/vosgesinfo.fr\/remiremontinfo\/\",\"name\":\"Remiremont Info\",\"description\":\"Toute l&#039;actualit\u00e9 de Remiremont\",\"publisher\":{\"@id\":\"https:\/\/vosgesinfo.fr\/remiremontinfo\/#organization\"},\"alternateName\":\"Toute l'actualit\u00e9 de Remiremont\",\"potentialAction\":[{\"@type\":\"SearchAction\",\"target\":{\"@type\":\"EntryPoint\",\"urlTemplate\":\"https:\/\/vosgesinfo.fr\/remiremontinfo\/?s={search_term_string}\"},\"query-input\":\"required name=search_term_string\"}],\"inLanguage\":\"fr-FR\"},{\"@type\":\"Organization\",\"@id\":\"https:\/\/vosgesinfo.fr\/remiremontinfo\/#organization\",\"name\":\"Remiremont Info\",\"url\":\"https:\/\/vosgesinfo.fr\/remiremontinfo\/\",\"logo\":{\"@type\":\"ImageObject\",\"inLanguage\":\"fr-FR\",\"@id\":\"https:\/\/vosgesinfo.fr\/remiremontinfo\/#\/schema\/logo\/image\/\",\"url\":\"https:\/\/vosgesinfo.fr\/app\/uploads\/sites\/5\/2023\/08\/favicon-remiremontinfo.png\",\"contentUrl\":\"https:\/\/vosgesinfo.fr\/app\/uploads\/sites\/5\/2023\/08\/favicon-remiremontinfo.png\",\"width\":512,\"height\":512,\"caption\":\"Remiremont Info\"},\"image\":{\"@id\":\"https:\/\/vosgesinfo.fr\/remiremontinfo\/#\/schema\/logo\/image\/\"},\"sameAs\":[\"https:\/\/www.facebook.com\/remiremontinfo\",\"https:\/\/x.com\/VosgesInfo88\",\"https:\/\/www.youtube.com\/@vosgesinfo\"]},{\"@type\":\"Person\",\"@id\":\"https:\/\/vosgesinfo.fr\/remiremontinfo\/#\/schema\/person\/3bfd164d5218a185b1db68655a265316\",\"name\":\"C D\",\"image\":{\"@type\":\"ImageObject\",\"inLanguage\":\"fr-FR\",\"@id\":\"https:\/\/vosgesinfo.fr\/remiremontinfo\/#\/schema\/person\/image\/\",\"url\":\"https:\/\/secure.gravatar.com\/avatar\/1f9a70007336511a47468b8f1c66f922b8b7cf617b02a31149ada43893a5d48f?s=96&d=mm&r=g\",\"contentUrl\":\"https:\/\/secure.gravatar.com\/avatar\/1f9a70007336511a47468b8f1c66f922b8b7cf617b02a31149ada43893a5d48f?s=96&d=mm&r=g\",\"caption\":\"C D\"},\"url\":\"https:\/\/vosgesinfo.fr\/remiremontinfo\/author\/cedric-drevet\/\"}]}<\/script>\n<!-- \/ Yoast SEO plugin. -->","yoast_head_json":{"title":"Dommartin-l\u00e8s-Remiremont : les artistes mis \u00e0 l'honneur pendant la Semaine des Arts Picos\u00e9s du 13 au 22 avril - Remiremont Info","robots":{"index":"index","follow":"follow","max-snippet":"max-snippet:-1","max-image-preview":"max-image-preview:large","max-video-preview":"max-video-preview:-1"},"canonical":"https:\/\/vosgesinfo.fr\/remiremontinfo\/2019\/04\/dommartin-remiremont-artistes-mis-a-lhonneur-pendant-semaine-arts-picoses-13-22-avril\/","twitter_card":"summary_large_image","twitter_title":"Dommartin-l\u00e8s-Remiremont : les artistes mis \u00e0 l'honneur pendant la Semaine des Arts Picos\u00e9s du 13 au 22 avril - Remiremont Info","twitter_description":"La semaine des Arts Picos\u00e9s\u00a0se d\u00e9roulera du 13 au 21 avril \u00e0 la Salle des F\u00eates de Dommartin les Remiremont, [&hellip;]","twitter_image":"https:\/\/vosgesinfo.fr\/app\/uploads\/sites\/5\/2024\/09\/201904document-page-0013.jpg","twitter_creator":"@VosgesInfo88","twitter_site":"@VosgesInfo88","twitter_misc":{"\u00c9crit par":"C D","Dur\u00e9e de lecture estim\u00e9e":"1 minute"},"schema":{"@context":"https:\/\/schema.org","@graph":[{"@type":"Article","@id":"https:\/\/vosgesinfo.fr\/remiremontinfo\/2019\/04\/dommartin-remiremont-artistes-mis-a-lhonneur-pendant-semaine-arts-picoses-13-22-avril\/#article","isPartOf":{"@id":"https:\/\/vosgesinfo.fr\/remiremontinfo\/2019\/04\/dommartin-remiremont-artistes-mis-a-lhonneur-pendant-semaine-arts-picoses-13-22-avril\/"},"author":{"name":"C D","@id":"https:\/\/vosgesinfo.fr\/remiremontinfo\/#\/schema\/person\/3bfd164d5218a185b1db68655a265316"},"headline":"Dommartin-l\u00e8s-Remiremont : les artistes mis \u00e0 l&rsquo;honneur pendant la Semaine des Arts Picos\u00e9s du 13 au 22 avril","datePublished":"2019-04-09T03:17:37+00:00","dateModified":"2019-04-09T03:17:37+00:00","mainEntityOfPage":{"@id":"https:\/\/vosgesinfo.fr\/remiremontinfo\/2019\/04\/dommartin-remiremont-artistes-mis-a-lhonneur-pendant-semaine-arts-picoses-13-22-avril\/"},"wordCount":156,"commentCount":0,"publisher":{"@id":"https:\/\/vosgesinfo.fr\/remiremontinfo\/#organization"},"image":{"@id":"https:\/\/vosgesinfo.fr\/remiremontinfo\/2019\/04\/dommartin-remiremont-artistes-mis-a-lhonneur-pendant-semaine-arts-picoses-13-22-avril\/#primaryimage"},"thumbnailUrl":"https:\/\/vosgesinfo.fr\/app\/uploads\/sites\/5\/2024\/09\/201904document-page-0013.jpg","articleSection":["Art","Culture","Le Thillot &amp; son canton"],"inLanguage":"fr-FR","potentialAction":[{"@type":"CommentAction","name":"Comment","target":["https:\/\/vosgesinfo.fr\/remiremontinfo\/2019\/04\/dommartin-remiremont-artistes-mis-a-lhonneur-pendant-semaine-arts-picoses-13-22-avril\/#respond"]}]},{"@type":"WebPage","@id":"https:\/\/vosgesinfo.fr\/remiremontinfo\/2019\/04\/dommartin-remiremont-artistes-mis-a-lhonneur-pendant-semaine-arts-picoses-13-22-avril\/","url":"https:\/\/vosgesinfo.fr\/remiremontinfo\/2019\/04\/dommartin-remiremont-artistes-mis-a-lhonneur-pendant-semaine-arts-picoses-13-22-avril\/","name":"Dommartin-l\u00e8s-Remiremont : les artistes mis \u00e0 l'honneur pendant la Semaine des Arts Picos\u00e9s du 13 au 22 avril - Remiremont Info","isPartOf":{"@id":"https:\/\/vosgesinfo.fr\/remiremontinfo\/#website"},"primaryImageOfPage":{"@id":"https:\/\/vosgesinfo.fr\/remiremontinfo\/2019\/04\/dommartin-remiremont-artistes-mis-a-lhonneur-pendant-semaine-arts-picoses-13-22-avril\/#primaryimage"},"image":{"@id":"https:\/\/vosgesinfo.fr\/remiremontinfo\/2019\/04\/dommartin-remiremont-artistes-mis-a-lhonneur-pendant-semaine-arts-picoses-13-22-avril\/#primaryimage"},"thumbnailUrl":"https:\/\/vosgesinfo.fr\/app\/uploads\/sites\/5\/2024\/09\/201904document-page-0013.jpg","datePublished":"2019-04-09T03:17:37+00:00","dateModified":"2019-04-09T03:17:37+00:00","breadcrumb":{"@id":"https:\/\/vosgesinfo.fr\/remiremontinfo\/2019\/04\/dommartin-remiremont-artistes-mis-a-lhonneur-pendant-semaine-arts-picoses-13-22-avril\/#breadcrumb"},"inLanguage":"fr-FR","potentialAction":[{"@type":"ReadAction","target":["https:\/\/vosgesinfo.fr\/remiremontinfo\/2019\/04\/dommartin-remiremont-artistes-mis-a-lhonneur-pendant-semaine-arts-picoses-13-22-avril\/"]}]},{"@type":"ImageObject","inLanguage":"fr-FR","@id":"https:\/\/vosgesinfo.fr\/remiremontinfo\/2019\/04\/dommartin-remiremont-artistes-mis-a-lhonneur-pendant-semaine-arts-picoses-13-22-avril\/#primaryimage","url":"https:\/\/vosgesinfo.fr\/app\/uploads\/sites\/5\/2024\/09\/201904document-page-0013.jpg","contentUrl":"https:\/\/vosgesinfo.fr\/app\/uploads\/sites\/5\/2024\/09\/201904document-page-0013.jpg","width":1240,"height":1754},{"@type":"BreadcrumbList","@id":"https:\/\/vosgesinfo.fr\/remiremontinfo\/2019\/04\/dommartin-remiremont-artistes-mis-a-lhonneur-pendant-semaine-arts-picoses-13-22-avril\/#breadcrumb","itemListElement":[{"@type":"ListItem","position":1,"name":"Home","item":"https:\/\/vosgesinfo.fr\/remiremontinfo\/"},{"@type":"ListItem","position":2,"name":"Dommartin-l\u00e8s-Remiremont : les artistes mis \u00e0 l&rsquo;honneur pendant la Semaine des Arts Picos\u00e9s du 13 au 22 avril"}]},{"@type":"WebSite","@id":"https:\/\/vosgesinfo.fr\/remiremontinfo\/#website","url":"https:\/\/vosgesinfo.fr\/remiremontinfo\/","name":"Remiremont Info","description":"Toute l&#039;actualit\u00e9 de Remiremont","publisher":{"@id":"https:\/\/vosgesinfo.fr\/remiremontinfo\/#organization"},"alternateName":"Toute l'actualit\u00e9 de Remiremont","potentialAction":[{"@type":"SearchAction","target":{"@type":"EntryPoint","urlTemplate":"https:\/\/vosgesinfo.fr\/remiremontinfo\/?s={search_term_string}"},"query-input":"required name=search_term_string"}],"inLanguage":"fr-FR"},{"@type":"Organization","@id":"https:\/\/vosgesinfo.fr\/remiremontinfo\/#organization","name":"Remiremont Info","url":"https:\/\/vosgesinfo.fr\/remiremontinfo\/","logo":{"@type":"ImageObject","inLanguage":"fr-FR","@id":"https:\/\/vosgesinfo.fr\/remiremontinfo\/#\/schema\/logo\/image\/","url":"https:\/\/vosgesinfo.fr\/app\/uploads\/sites\/5\/2023\/08\/favicon-remiremontinfo.png","contentUrl":"https:\/\/vosgesinfo.fr\/app\/uploads\/sites\/5\/2023\/08\/favicon-remiremontinfo.png","width":512,"height":512,"caption":"Remiremont Info"},"image":{"@id":"https:\/\/vosgesinfo.fr\/remiremontinfo\/#\/schema\/logo\/image\/"},"sameAs":["https:\/\/www.facebook.com\/remiremontinfo","https:\/\/x.com\/VosgesInfo88","https:\/\/www.youtube.com\/@vosgesinfo"]},{"@type":"Person","@id":"https:\/\/vosgesinfo.fr\/remiremontinfo\/#\/schema\/person\/3bfd164d5218a185b1db68655a265316","name":"C D","image":{"@type":"ImageObject","inLanguage":"fr-FR","@id":"https:\/\/vosgesinfo.fr\/remiremontinfo\/#\/schema\/person\/image\/","url":"https:\/\/secure.gravatar.com\/avatar\/1f9a70007336511a47468b8f1c66f922b8b7cf617b02a31149ada43893a5d48f?s=96&d=mm&r=g","contentUrl":"https:\/\/secure.gravatar.com\/avatar\/1f9a70007336511a47468b8f1c66f922b8b7cf617b02a31149ada43893a5d48f?s=96&d=mm&r=g","caption":"C D"},"url":"https:\/\/vosgesinfo.fr\/remiremontinfo\/author\/cedric-drevet\/"}]}},"_links":{"self":[{"href":"https:\/\/vosgesinfo.fr\/remiremontinfo\/wp-json\/wp\/v2\/posts\/12905","targetHints":{"allow":["GET"]}}],"collection":[{"href":"https:\/\/vosgesinfo.fr\/remiremontinfo\/wp-json\/wp\/v2\/posts"}],"about":[{"href":"https:\/\/vosgesinfo.fr\/remiremontinfo\/wp-json\/wp\/v2\/types\/post"}],"author":[{"embeddable":true,"href":"https:\/\/vosgesinfo.fr\/remiremontinfo\/wp-json\/wp\/v2\/users\/407"}],"replies":[{"embeddable":true,"href":"https:\/\/vosgesinfo.fr\/remiremontinfo\/wp-json\/wp\/v2\/comments?post=12905"}],"version-history":[{"count":0,"href":"https:\/\/vosgesinfo.fr\/remiremontinfo\/wp-json\/wp\/v2\/posts\/12905\/revisions"}],"wp:featuredmedia":[{"embeddable":true,"href":"https:\/\/vosgesinfo.fr\/remiremontinfo\/wp-json\/wp\/v2\/media\/12906"}],"wp:attachment":[{"href":"https:\/\/vosgesinfo.fr\/remiremontinfo\/wp-json\/wp\/v2\/media?parent=12905"}],"wp:term":[{"taxonomy":"category","embeddable":true,"href":"https:\/\/vosgesinfo.fr\/remiremontinfo\/wp-json\/wp\/v2\/categories?post=12905"},{"taxonomy":"post_tag","embeddable":true,"href":"https:\/\/vosgesinfo.fr\/remiremontinfo\/wp-json\/wp\/v2\/tags?post=12905"}],"curies":[{"name":"wp","href":"https:\/\/api.w.org\/{rel}","templated":true}]}}