{"id":13089,"date":"2019-04-14T08:02:35","date_gmt":"2019-04-14T06:02:35","guid":{"rendered":"https:\/\/vosgesinfo.fr\/remiremontinfo\/2019\/04\/remiremont-concert-de-gala-tres-suivi-cloture-concours-national-de-musique-de-chambre\/"},"modified":"2019-04-14T08:02:35","modified_gmt":"2019-04-14T06:02:35","slug":"remiremont-concert-de-gala-tres-suivi-cloture-concours-national-de-musique-de-chambre","status":"publish","type":"post","link":"https:\/\/vosgesinfo.fr\/remiremontinfo\/2019\/04\/remiremont-concert-de-gala-tres-suivi-cloture-concours-national-de-musique-de-chambre\/","title":{"rendered":"Remiremont : un concert de gala tr\u00e8s suivi cl\u00f4ture le Concours National de musique de chambre !"},"content":{"rendered":"<p><a href=\"\/2019\/04\/P1070844.jpg\"><img decoding=\"async\" class=\"size-full wp-image-257136 aligncenter\" src=\"\/2019\/04\/P1070844.jpg\" alt=\"P1070844\" width=\"640\" height=\"480\" \/><\/a><br \/>\n<strong>Les spectateurs \u00e9taient nombreux ce samedi soir, au centre culturel Gilbert Zaug \u00e0 Remiremont, pour assister au concert de gala du concours national de musique de chambre, apr\u00e8s une semaine de stage de la f\u00e9d\u00e9ration musicale des Vosges r\u00e9unissant 75 musiciens.<\/strong><\/p>\n<p>Avant le concert a eut lieu la remise des prix du 3\u00e8me concours national, organis\u00e9 par la F\u00e9d\u00e9ration Musicale des Vosges en partenariat avec la Ville de Remiremont et la Communaut\u00e9 de Communes de la Porte des Vosges M\u00e9ridionales. La pr\u00e9sidente du jury, Sandrine Fran\u00e7ois, et Pierre-Marie Budelot, pr\u00e9sident de la F\u00e9d\u00e9ration Musicale des Vosges, ont appel\u00e9 les gagnants \u00e0 les rejoindre sur sc\u00e8ne.<\/p>\n<p>Dans la cat\u00e9gorie Espoir, c\u2019est le duo de percussions \u00ab\u00a0Cbluz\u00a0\u00bb qui remporte la premi\u00e8re place, gagnant ainsi un concert \u00e0 partager \u00e0 Eurocuivres 2020. Voici un extrait de leur prestation :<\/p>\n<div style=\"width: 1920px;\" class=\"wp-video\"><!--[if lt IE 9]><script>document.createElement('video');<\/script><![endif]-->\n<video class=\"wp-video-shortcode\" id=\"video-13089-1\" width=\"1920\" height=\"1080\" preload=\"metadata\" controls=\"controls\"><source type=\"video\/mp4\" src=\"\/2019\/04\/Clip1.m4v?_=1\" \/><a href=\"\/2019\/04\/Clip1.m4v\">\/2019\/04\/Clip1.m4v<\/a><\/video><\/div>\n<p>Le second prix est revient au quatuor de fl\u00fbtes \u00ab\u00a0Orph\u00e9e\u00a0\u00bb, en provenance de Strasbourg. Les quatre flutistes remportent un bon d\u2019achat de 125 \u20ac chez Egele \u00e0 Colmar.<\/p>\n<p>Vient ensuite, \u00e0 la 3eme place, le quatuor de saxophones \u00ab\u00a0El Mafredo\u00a0\u00bb. Il remporte 4 becs de saxophone Selmer.<\/p>\n<p>Dans la cat\u00e9gorie excellence, le 1er prix revient au quatuor de flutes \u00ab\u00a0Quatuortencia\u00a0\u00bb. Il gagne un concert offert en 2019\/2020 ainsi que le Grand prix de la Ville de Remiremont, d\u2019un montant de 1000 Euros. Voici un extrait du morceau jou\u00e9 ce samedi :<\/p>\n<div style=\"width: 1920px;\" class=\"wp-video\"><video class=\"wp-video-shortcode\" id=\"video-13089-2\" width=\"1920\" height=\"1080\" preload=\"metadata\" controls=\"controls\"><source type=\"video\/mp4\" src=\"\/2019\/04\/Clip2.m4v?_=2\" \/><a href=\"\/2019\/04\/Clip2.m4v\">\/2019\/04\/Clip2.m4v<\/a><\/video><\/div>\n<p>Enfin, 2\u00e8me ex aequo : la quintette de cuivres \u00ab\u00a0Baranni\u00a0\u00bb, remporte un concert partag\u00e9 \u00e0 Eurocuivres 2020; le duo de fl\u00fbte guitare \u00ab\u00a0Amasia\u00a0\u00bb gagne 200 euros.<\/p>\n<p>Apr\u00e8s une pause, l\u2019orchestre senior du stage de la F\u00e9d\u00e9ration Musicale des Vosges, dirig\u00e9 par S\u00e9bastien Taillard jou\u00e9 : \u00ab\u00a0Spirited Away\u00a0\u00bb, de Joe Hisaishi, \u00ab\u00a0Tintin Prisoners of the Sun\u00a0\u00bb de Dirk Bross\u00e9, et \u00ab\u00a0Dragon Fight\u00a0\u00bb de Otto Schwarz.<\/p>\n<div style=\"width: 1920px;\" class=\"wp-video\"><video class=\"wp-video-shortcode\" id=\"video-13089-3\" width=\"1920\" height=\"1080\" preload=\"metadata\" controls=\"controls\"><source type=\"video\/mp4\" src=\"\/2019\/04\/Clip3.m4v?_=3\" \/><a href=\"\/2019\/04\/Clip3.m4v\">\/2019\/04\/Clip3.m4v<\/a><\/video><\/div>\n<p>Enfin, le grand orchestre du stage, r\u00e9unissant 89 musiciens, a cl\u00f4tur\u00e9 la soir\u00e9e en interpr\u00e9tant \u00ab\u00a0Highlights\u00a0\u00bb, de Ratatouille, arrangement de John Moss.<\/p>\n<p>&nbsp;<\/p>\n\n","protected":false},"excerpt":{"rendered":"<p>Les spectateurs \u00e9taient nombreux ce samedi soir, au centre culturel Gilbert Zaug \u00e0 Remiremont, pour assister au concert de gala [&hellip;]<\/p>\n","protected":false},"author":407,"featured_media":13090,"comment_status":"open","ping_status":"open","sticky":false,"template":"","format":"standard","meta":{"footnotes":""},"categories":[26,4,54,1556,35],"tags":[],"class_list":["post-13089","post","type-post","status-publish","format-standard","has-post-thumbnail","hentry","category-a-la-une","category-culture","category-loisirs","category-remiremont-remiremont-son-canton-2","category-remiremont-son-canton"],"acf":[],"yoast_head":"<!-- This site is optimized with the Yoast SEO plugin v22.5 - https:\/\/yoast.com\/wordpress\/plugins\/seo\/ -->\n<title>Remiremont : un concert de gala tr\u00e8s suivi cl\u00f4ture le Concours National de musique de chambre ! - Remiremont Info<\/title>\n<meta name=\"robots\" content=\"index, follow, max-snippet:-1, max-image-preview:large, max-video-preview:-1\" \/>\n<link rel=\"canonical\" href=\"https:\/\/vosgesinfo.fr\/remiremontinfo\/2019\/04\/remiremont-concert-de-gala-tres-suivi-cloture-concours-national-de-musique-de-chambre\/\" \/>\n<meta name=\"twitter:card\" content=\"summary_large_image\" \/>\n<meta name=\"twitter:title\" content=\"Remiremont : un concert de gala tr\u00e8s suivi cl\u00f4ture le Concours National de musique de chambre ! - Remiremont Info\" \/>\n<meta name=\"twitter:description\" content=\"Les spectateurs \u00e9taient nombreux ce samedi soir, au centre culturel Gilbert Zaug \u00e0 Remiremont, pour assister au concert de gala [&hellip;]\" \/>\n<meta name=\"twitter:image\" content=\"https:\/\/vosgesinfo.fr\/app\/uploads\/sites\/5\/2024\/09\/201904p1070844.jpg\" \/>\n<meta name=\"twitter:creator\" content=\"@VosgesInfo88\" \/>\n<meta name=\"twitter:site\" content=\"@VosgesInfo88\" \/>\n<meta name=\"twitter:label1\" content=\"\u00c9crit par\" \/>\n\t<meta name=\"twitter:data1\" content=\"C D\" \/>\n\t<meta name=\"twitter:label2\" content=\"Dur\u00e9e de lecture estim\u00e9e\" \/>\n\t<meta name=\"twitter:data2\" content=\"2 minutes\" \/>\n<script type=\"application\/ld+json\" class=\"yoast-schema-graph\">{\"@context\":\"https:\/\/schema.org\",\"@graph\":[{\"@type\":\"Article\",\"@id\":\"https:\/\/vosgesinfo.fr\/remiremontinfo\/2019\/04\/remiremont-concert-de-gala-tres-suivi-cloture-concours-national-de-musique-de-chambre\/#article\",\"isPartOf\":{\"@id\":\"https:\/\/vosgesinfo.fr\/remiremontinfo\/2019\/04\/remiremont-concert-de-gala-tres-suivi-cloture-concours-national-de-musique-de-chambre\/\"},\"author\":{\"name\":\"C D\",\"@id\":\"https:\/\/vosgesinfo.fr\/remiremontinfo\/#\/schema\/person\/3bfd164d5218a185b1db68655a265316\"},\"headline\":\"Remiremont : un concert de gala tr\u00e8s suivi cl\u00f4ture le Concours National de musique de chambre !\",\"datePublished\":\"2019-04-14T06:02:35+00:00\",\"dateModified\":\"2019-04-14T06:02:35+00:00\",\"mainEntityOfPage\":{\"@id\":\"https:\/\/vosgesinfo.fr\/remiremontinfo\/2019\/04\/remiremont-concert-de-gala-tres-suivi-cloture-concours-national-de-musique-de-chambre\/\"},\"wordCount\":378,\"commentCount\":0,\"publisher\":{\"@id\":\"https:\/\/vosgesinfo.fr\/remiremontinfo\/#organization\"},\"image\":{\"@id\":\"https:\/\/vosgesinfo.fr\/remiremontinfo\/2019\/04\/remiremont-concert-de-gala-tres-suivi-cloture-concours-national-de-musique-de-chambre\/#primaryimage\"},\"thumbnailUrl\":\"https:\/\/vosgesinfo.fr\/app\/uploads\/sites\/5\/2024\/09\/201904p1070844.jpg\",\"articleSection\":[\"A la Une\",\"Culture\",\"Loisirs\",\"Remiremont\",\"Remiremont &amp; son canton\"],\"inLanguage\":\"fr-FR\",\"potentialAction\":[{\"@type\":\"CommentAction\",\"name\":\"Comment\",\"target\":[\"https:\/\/vosgesinfo.fr\/remiremontinfo\/2019\/04\/remiremont-concert-de-gala-tres-suivi-cloture-concours-national-de-musique-de-chambre\/#respond\"]}]},{\"@type\":\"WebPage\",\"@id\":\"https:\/\/vosgesinfo.fr\/remiremontinfo\/2019\/04\/remiremont-concert-de-gala-tres-suivi-cloture-concours-national-de-musique-de-chambre\/\",\"url\":\"https:\/\/vosgesinfo.fr\/remiremontinfo\/2019\/04\/remiremont-concert-de-gala-tres-suivi-cloture-concours-national-de-musique-de-chambre\/\",\"name\":\"Remiremont : un concert de gala tr\u00e8s suivi cl\u00f4ture le Concours National de musique de chambre ! - Remiremont Info\",\"isPartOf\":{\"@id\":\"https:\/\/vosgesinfo.fr\/remiremontinfo\/#website\"},\"primaryImageOfPage\":{\"@id\":\"https:\/\/vosgesinfo.fr\/remiremontinfo\/2019\/04\/remiremont-concert-de-gala-tres-suivi-cloture-concours-national-de-musique-de-chambre\/#primaryimage\"},\"image\":{\"@id\":\"https:\/\/vosgesinfo.fr\/remiremontinfo\/2019\/04\/remiremont-concert-de-gala-tres-suivi-cloture-concours-national-de-musique-de-chambre\/#primaryimage\"},\"thumbnailUrl\":\"https:\/\/vosgesinfo.fr\/app\/uploads\/sites\/5\/2024\/09\/201904p1070844.jpg\",\"datePublished\":\"2019-04-14T06:02:35+00:00\",\"dateModified\":\"2019-04-14T06:02:35+00:00\",\"breadcrumb\":{\"@id\":\"https:\/\/vosgesinfo.fr\/remiremontinfo\/2019\/04\/remiremont-concert-de-gala-tres-suivi-cloture-concours-national-de-musique-de-chambre\/#breadcrumb\"},\"inLanguage\":\"fr-FR\",\"potentialAction\":[{\"@type\":\"ReadAction\",\"target\":[\"https:\/\/vosgesinfo.fr\/remiremontinfo\/2019\/04\/remiremont-concert-de-gala-tres-suivi-cloture-concours-national-de-musique-de-chambre\/\"]}]},{\"@type\":\"ImageObject\",\"inLanguage\":\"fr-FR\",\"@id\":\"https:\/\/vosgesinfo.fr\/remiremontinfo\/2019\/04\/remiremont-concert-de-gala-tres-suivi-cloture-concours-national-de-musique-de-chambre\/#primaryimage\",\"url\":\"https:\/\/vosgesinfo.fr\/app\/uploads\/sites\/5\/2024\/09\/201904p1070844.jpg\",\"contentUrl\":\"https:\/\/vosgesinfo.fr\/app\/uploads\/sites\/5\/2024\/09\/201904p1070844.jpg\",\"width\":640,\"height\":480},{\"@type\":\"BreadcrumbList\",\"@id\":\"https:\/\/vosgesinfo.fr\/remiremontinfo\/2019\/04\/remiremont-concert-de-gala-tres-suivi-cloture-concours-national-de-musique-de-chambre\/#breadcrumb\",\"itemListElement\":[{\"@type\":\"ListItem\",\"position\":1,\"name\":\"Home\",\"item\":\"https:\/\/vosgesinfo.fr\/remiremontinfo\/\"},{\"@type\":\"ListItem\",\"position\":2,\"name\":\"Remiremont : un concert de gala tr\u00e8s suivi cl\u00f4ture le Concours National de musique de chambre !\"}]},{\"@type\":\"WebSite\",\"@id\":\"https:\/\/vosgesinfo.fr\/remiremontinfo\/#website\",\"url\":\"https:\/\/vosgesinfo.fr\/remiremontinfo\/\",\"name\":\"Remiremont Info\",\"description\":\"Toute l&#039;actualit\u00e9 de Remiremont\",\"publisher\":{\"@id\":\"https:\/\/vosgesinfo.fr\/remiremontinfo\/#organization\"},\"alternateName\":\"Toute l'actualit\u00e9 de Remiremont\",\"potentialAction\":[{\"@type\":\"SearchAction\",\"target\":{\"@type\":\"EntryPoint\",\"urlTemplate\":\"https:\/\/vosgesinfo.fr\/remiremontinfo\/?s={search_term_string}\"},\"query-input\":\"required name=search_term_string\"}],\"inLanguage\":\"fr-FR\"},{\"@type\":\"Organization\",\"@id\":\"https:\/\/vosgesinfo.fr\/remiremontinfo\/#organization\",\"name\":\"Remiremont Info\",\"url\":\"https:\/\/vosgesinfo.fr\/remiremontinfo\/\",\"logo\":{\"@type\":\"ImageObject\",\"inLanguage\":\"fr-FR\",\"@id\":\"https:\/\/vosgesinfo.fr\/remiremontinfo\/#\/schema\/logo\/image\/\",\"url\":\"https:\/\/vosgesinfo.fr\/app\/uploads\/sites\/5\/2023\/08\/favicon-remiremontinfo.png\",\"contentUrl\":\"https:\/\/vosgesinfo.fr\/app\/uploads\/sites\/5\/2023\/08\/favicon-remiremontinfo.png\",\"width\":512,\"height\":512,\"caption\":\"Remiremont Info\"},\"image\":{\"@id\":\"https:\/\/vosgesinfo.fr\/remiremontinfo\/#\/schema\/logo\/image\/\"},\"sameAs\":[\"https:\/\/www.facebook.com\/remiremontinfo\",\"https:\/\/x.com\/VosgesInfo88\",\"https:\/\/www.youtube.com\/@vosgesinfo\"]},{\"@type\":\"Person\",\"@id\":\"https:\/\/vosgesinfo.fr\/remiremontinfo\/#\/schema\/person\/3bfd164d5218a185b1db68655a265316\",\"name\":\"C D\",\"image\":{\"@type\":\"ImageObject\",\"inLanguage\":\"fr-FR\",\"@id\":\"https:\/\/vosgesinfo.fr\/remiremontinfo\/#\/schema\/person\/image\/\",\"url\":\"https:\/\/secure.gravatar.com\/avatar\/1f9a70007336511a47468b8f1c66f922b8b7cf617b02a31149ada43893a5d48f?s=96&d=mm&r=g\",\"contentUrl\":\"https:\/\/secure.gravatar.com\/avatar\/1f9a70007336511a47468b8f1c66f922b8b7cf617b02a31149ada43893a5d48f?s=96&d=mm&r=g\",\"caption\":\"C D\"},\"url\":\"https:\/\/vosgesinfo.fr\/remiremontinfo\/author\/cedric-drevet\/\"}]}<\/script>\n<!-- \/ Yoast SEO plugin. -->","yoast_head_json":{"title":"Remiremont : un concert de gala tr\u00e8s suivi cl\u00f4ture le Concours National de musique de chambre ! - Remiremont Info","robots":{"index":"index","follow":"follow","max-snippet":"max-snippet:-1","max-image-preview":"max-image-preview:large","max-video-preview":"max-video-preview:-1"},"canonical":"https:\/\/vosgesinfo.fr\/remiremontinfo\/2019\/04\/remiremont-concert-de-gala-tres-suivi-cloture-concours-national-de-musique-de-chambre\/","twitter_card":"summary_large_image","twitter_title":"Remiremont : un concert de gala tr\u00e8s suivi cl\u00f4ture le Concours National de musique de chambre ! - Remiremont Info","twitter_description":"Les spectateurs \u00e9taient nombreux ce samedi soir, au centre culturel Gilbert Zaug \u00e0 Remiremont, pour assister au concert de gala [&hellip;]","twitter_image":"https:\/\/vosgesinfo.fr\/app\/uploads\/sites\/5\/2024\/09\/201904p1070844.jpg","twitter_creator":"@VosgesInfo88","twitter_site":"@VosgesInfo88","twitter_misc":{"\u00c9crit par":"C D","Dur\u00e9e de lecture estim\u00e9e":"2 minutes"},"schema":{"@context":"https:\/\/schema.org","@graph":[{"@type":"Article","@id":"https:\/\/vosgesinfo.fr\/remiremontinfo\/2019\/04\/remiremont-concert-de-gala-tres-suivi-cloture-concours-national-de-musique-de-chambre\/#article","isPartOf":{"@id":"https:\/\/vosgesinfo.fr\/remiremontinfo\/2019\/04\/remiremont-concert-de-gala-tres-suivi-cloture-concours-national-de-musique-de-chambre\/"},"author":{"name":"C D","@id":"https:\/\/vosgesinfo.fr\/remiremontinfo\/#\/schema\/person\/3bfd164d5218a185b1db68655a265316"},"headline":"Remiremont : un concert de gala tr\u00e8s suivi cl\u00f4ture le Concours National de musique de chambre !","datePublished":"2019-04-14T06:02:35+00:00","dateModified":"2019-04-14T06:02:35+00:00","mainEntityOfPage":{"@id":"https:\/\/vosgesinfo.fr\/remiremontinfo\/2019\/04\/remiremont-concert-de-gala-tres-suivi-cloture-concours-national-de-musique-de-chambre\/"},"wordCount":378,"commentCount":0,"publisher":{"@id":"https:\/\/vosgesinfo.fr\/remiremontinfo\/#organization"},"image":{"@id":"https:\/\/vosgesinfo.fr\/remiremontinfo\/2019\/04\/remiremont-concert-de-gala-tres-suivi-cloture-concours-national-de-musique-de-chambre\/#primaryimage"},"thumbnailUrl":"https:\/\/vosgesinfo.fr\/app\/uploads\/sites\/5\/2024\/09\/201904p1070844.jpg","articleSection":["A la Une","Culture","Loisirs","Remiremont","Remiremont &amp; son canton"],"inLanguage":"fr-FR","potentialAction":[{"@type":"CommentAction","name":"Comment","target":["https:\/\/vosgesinfo.fr\/remiremontinfo\/2019\/04\/remiremont-concert-de-gala-tres-suivi-cloture-concours-national-de-musique-de-chambre\/#respond"]}]},{"@type":"WebPage","@id":"https:\/\/vosgesinfo.fr\/remiremontinfo\/2019\/04\/remiremont-concert-de-gala-tres-suivi-cloture-concours-national-de-musique-de-chambre\/","url":"https:\/\/vosgesinfo.fr\/remiremontinfo\/2019\/04\/remiremont-concert-de-gala-tres-suivi-cloture-concours-national-de-musique-de-chambre\/","name":"Remiremont : un concert de gala tr\u00e8s suivi cl\u00f4ture le Concours National de musique de chambre ! - Remiremont Info","isPartOf":{"@id":"https:\/\/vosgesinfo.fr\/remiremontinfo\/#website"},"primaryImageOfPage":{"@id":"https:\/\/vosgesinfo.fr\/remiremontinfo\/2019\/04\/remiremont-concert-de-gala-tres-suivi-cloture-concours-national-de-musique-de-chambre\/#primaryimage"},"image":{"@id":"https:\/\/vosgesinfo.fr\/remiremontinfo\/2019\/04\/remiremont-concert-de-gala-tres-suivi-cloture-concours-national-de-musique-de-chambre\/#primaryimage"},"thumbnailUrl":"https:\/\/vosgesinfo.fr\/app\/uploads\/sites\/5\/2024\/09\/201904p1070844.jpg","datePublished":"2019-04-14T06:02:35+00:00","dateModified":"2019-04-14T06:02:35+00:00","breadcrumb":{"@id":"https:\/\/vosgesinfo.fr\/remiremontinfo\/2019\/04\/remiremont-concert-de-gala-tres-suivi-cloture-concours-national-de-musique-de-chambre\/#breadcrumb"},"inLanguage":"fr-FR","potentialAction":[{"@type":"ReadAction","target":["https:\/\/vosgesinfo.fr\/remiremontinfo\/2019\/04\/remiremont-concert-de-gala-tres-suivi-cloture-concours-national-de-musique-de-chambre\/"]}]},{"@type":"ImageObject","inLanguage":"fr-FR","@id":"https:\/\/vosgesinfo.fr\/remiremontinfo\/2019\/04\/remiremont-concert-de-gala-tres-suivi-cloture-concours-national-de-musique-de-chambre\/#primaryimage","url":"https:\/\/vosgesinfo.fr\/app\/uploads\/sites\/5\/2024\/09\/201904p1070844.jpg","contentUrl":"https:\/\/vosgesinfo.fr\/app\/uploads\/sites\/5\/2024\/09\/201904p1070844.jpg","width":640,"height":480},{"@type":"BreadcrumbList","@id":"https:\/\/vosgesinfo.fr\/remiremontinfo\/2019\/04\/remiremont-concert-de-gala-tres-suivi-cloture-concours-national-de-musique-de-chambre\/#breadcrumb","itemListElement":[{"@type":"ListItem","position":1,"name":"Home","item":"https:\/\/vosgesinfo.fr\/remiremontinfo\/"},{"@type":"ListItem","position":2,"name":"Remiremont : un concert de gala tr\u00e8s suivi cl\u00f4ture le Concours National de musique de chambre !"}]},{"@type":"WebSite","@id":"https:\/\/vosgesinfo.fr\/remiremontinfo\/#website","url":"https:\/\/vosgesinfo.fr\/remiremontinfo\/","name":"Remiremont Info","description":"Toute l&#039;actualit\u00e9 de Remiremont","publisher":{"@id":"https:\/\/vosgesinfo.fr\/remiremontinfo\/#organization"},"alternateName":"Toute l'actualit\u00e9 de Remiremont","potentialAction":[{"@type":"SearchAction","target":{"@type":"EntryPoint","urlTemplate":"https:\/\/vosgesinfo.fr\/remiremontinfo\/?s={search_term_string}"},"query-input":"required name=search_term_string"}],"inLanguage":"fr-FR"},{"@type":"Organization","@id":"https:\/\/vosgesinfo.fr\/remiremontinfo\/#organization","name":"Remiremont Info","url":"https:\/\/vosgesinfo.fr\/remiremontinfo\/","logo":{"@type":"ImageObject","inLanguage":"fr-FR","@id":"https:\/\/vosgesinfo.fr\/remiremontinfo\/#\/schema\/logo\/image\/","url":"https:\/\/vosgesinfo.fr\/app\/uploads\/sites\/5\/2023\/08\/favicon-remiremontinfo.png","contentUrl":"https:\/\/vosgesinfo.fr\/app\/uploads\/sites\/5\/2023\/08\/favicon-remiremontinfo.png","width":512,"height":512,"caption":"Remiremont Info"},"image":{"@id":"https:\/\/vosgesinfo.fr\/remiremontinfo\/#\/schema\/logo\/image\/"},"sameAs":["https:\/\/www.facebook.com\/remiremontinfo","https:\/\/x.com\/VosgesInfo88","https:\/\/www.youtube.com\/@vosgesinfo"]},{"@type":"Person","@id":"https:\/\/vosgesinfo.fr\/remiremontinfo\/#\/schema\/person\/3bfd164d5218a185b1db68655a265316","name":"C D","image":{"@type":"ImageObject","inLanguage":"fr-FR","@id":"https:\/\/vosgesinfo.fr\/remiremontinfo\/#\/schema\/person\/image\/","url":"https:\/\/secure.gravatar.com\/avatar\/1f9a70007336511a47468b8f1c66f922b8b7cf617b02a31149ada43893a5d48f?s=96&d=mm&r=g","contentUrl":"https:\/\/secure.gravatar.com\/avatar\/1f9a70007336511a47468b8f1c66f922b8b7cf617b02a31149ada43893a5d48f?s=96&d=mm&r=g","caption":"C D"},"url":"https:\/\/vosgesinfo.fr\/remiremontinfo\/author\/cedric-drevet\/"}]}},"_links":{"self":[{"href":"https:\/\/vosgesinfo.fr\/remiremontinfo\/wp-json\/wp\/v2\/posts\/13089","targetHints":{"allow":["GET"]}}],"collection":[{"href":"https:\/\/vosgesinfo.fr\/remiremontinfo\/wp-json\/wp\/v2\/posts"}],"about":[{"href":"https:\/\/vosgesinfo.fr\/remiremontinfo\/wp-json\/wp\/v2\/types\/post"}],"author":[{"embeddable":true,"href":"https:\/\/vosgesinfo.fr\/remiremontinfo\/wp-json\/wp\/v2\/users\/407"}],"replies":[{"embeddable":true,"href":"https:\/\/vosgesinfo.fr\/remiremontinfo\/wp-json\/wp\/v2\/comments?post=13089"}],"version-history":[{"count":0,"href":"https:\/\/vosgesinfo.fr\/remiremontinfo\/wp-json\/wp\/v2\/posts\/13089\/revisions"}],"wp:featuredmedia":[{"embeddable":true,"href":"https:\/\/vosgesinfo.fr\/remiremontinfo\/wp-json\/wp\/v2\/media\/13090"}],"wp:attachment":[{"href":"https:\/\/vosgesinfo.fr\/remiremontinfo\/wp-json\/wp\/v2\/media?parent=13089"}],"wp:term":[{"taxonomy":"category","embeddable":true,"href":"https:\/\/vosgesinfo.fr\/remiremontinfo\/wp-json\/wp\/v2\/categories?post=13089"},{"taxonomy":"post_tag","embeddable":true,"href":"https:\/\/vosgesinfo.fr\/remiremontinfo\/wp-json\/wp\/v2\/tags?post=13089"}],"curies":[{"name":"wp","href":"https:\/\/api.w.org\/{rel}","templated":true}]}}