{"id":13250,"date":"2019-04-18T16:20:07","date_gmt":"2019-04-18T14:20:07","guid":{"rendered":"https:\/\/vosgesinfo.fr\/remiremontinfo\/2019\/04\/remiremont-nouvel-hotel-tres-particulier-a-lecole-de-revillon\/"},"modified":"2019-04-18T16:20:07","modified_gmt":"2019-04-18T14:20:07","slug":"remiremont-nouvel-hotel-tres-particulier-a-lecole-de-revillon","status":"publish","type":"post","link":"https:\/\/vosgesinfo.fr\/remiremontinfo\/2019\/04\/remiremont-nouvel-hotel-tres-particulier-a-lecole-de-revillon\/","title":{"rendered":"Remiremont : un nouvel h\u00f4tel tr\u00e8s particulier \u00e0 l\u2019\u00e9cole de R\u00e9villon"},"content":{"rendered":"<h2 class=\"p1\"><a href=\"\/2019\/04\/hotel_insectes.jpg\"><img decoding=\"async\" class=\"alignnone size-full wp-image-257428\" src=\"\/2019\/04\/hotel_insectes.jpg\" alt=\"hotel_insectes\" width=\"1200\" height=\"800\" \/><\/a><\/h2>\n<h2 class=\"p1\"><span style=\"font-size: 12pt;\"><strong><span class=\"s1\">Ce mardi 2 avril 2019 \u00e0 Remiremont, l\u2019\u00e9cole maternelle et \u00e9l\u00e9mentaire de R\u00e9villon a inaugur\u00e9 un h\u00f4tel \u00e0 insectes. Un dispositif original de sensibilisation des enfants au fonctionnement de la nature.<\/span><\/strong><\/span><\/h2>\n<p class=\"p1\"><span class=\"s1\">Les classes de CM1 et de CM2 de l\u2019\u00e9tablissement scolaire ont donn\u00e9 vie \u00e0 ce projet et l\u2019ont pr\u00e9sent\u00e9 aux autres classes, ainsi qu\u2019aux parents r\u00e9unis pour l\u2019occasion. Mis en place devant l\u2019\u00e9cole, l\u2019h\u00f4tel \u00e0 insectes a \u00e9t\u00e9 install\u00e9 sur un petit bosquet de verdure afin que les passants puissent le voir et en profiter aussi.<\/span><\/p>\n<p class=\"p1\"><span class=\"s1\">Cet h\u00f4tel miniature est n\u00e9 d\u2019un appel \u00e0 projet de l\u2019\u00c9ducation au d\u00e9veloppement durable (EDD), introduit dans le Code de l\u2019\u00e9ducation suite \u00e0 la loi n\u00b02013-595 du 8 juillet 2013 d&rsquo;orientation et de programmation pour la refondation de l&rsquo;\u00e9cole de la R\u00e9publique. Le but\u00a0? Sensibiliser les futurs citoyens aux questions environnementales afin qu\u2019ils puissent y r\u00e9pondre au mieux.<\/span><\/p>\n<p class=\"p1\"><span class=\"s1\">Le projet s\u2019est parfaitement inscrit dans le programme p\u00e9dagogique de l\u2019\u00e9cole, qui est d\u2019enseigner aux plus jeunes le respect de l\u2019environnement via diff\u00e9rent projets comme la plantation d\u2019arbres au kiosque du Calvaire par exemple.<\/span><\/p>\n<p class=\"p1\"><a href=\"\/2019\/04\/hotel_insectes_3.jpg\"><img decoding=\"async\" class=\"alignnone size-full wp-image-257427\" src=\"\/2019\/04\/hotel_insectes_3.jpg\" alt=\"hotel_insectes_3\" width=\"1200\" height=\"1800\" \/><\/a><\/p>\n<p class=\"p2\"><span class=\"s1\"><b>De nouveaux voisins<\/b><\/span><\/p>\n<p class=\"p1\"><span class=\"s1\">Les prochaines semaines vont voir l\u2019apparition des premiers r\u00e9sidents de cet h\u00f4tel si particulier. Semblable \u00e0 un chalet en bois miniature, l\u2019h\u00f4tel \u00e0 insectes de R\u00e9villon mesure 1,20 m de hauteur pour 1,20 m de largeur. Les \u00e9l\u00e8ves de CM1 et de CM2 ont choisi le mod\u00e8le, fabriqu\u00e9 par les menuisiers des service techniques municipaux (STM) de Remiremont, lors d\u2019un vote en classe \u00e0 main lev\u00e9e.<\/span><\/p>\n<p class=\"p1\"><span class=\"s1\">Un h\u00f4tel \u00e0 insectes est d\u2019abord un dispositif qui facilite la survie hivernale en fournissant un lieu d\u2019hibernation et de reproduction aux insectes. S\u2019ils n\u2019attirent pas toujours l&rsquo;esp\u00e8ce souhait\u00e9e, ces abris sont rarement inoccup\u00e9s.<\/span><\/p>\n<p class=\"p1\"><span class=\"s1\">L\u2019h\u00f4tel apporte \u00e9galement un int\u00e9r\u00eat p\u00e9dagogique non n\u00e9gligeable, car il permet aux plus jeunes d\u2019\u00e9tudier les insectes et de mieux comprendre la nature.<\/span><\/p>\n<p class=\"p1\"><span class=\"s1\">Coccinelles, papillons ou encore bourdons seront donc bient\u00f4t les nouveaux voisins de l\u2019\u00e9cole de R\u00e9villon. Les enfants des classes de CM1 et de CM2 ne souhaitent pas s\u2019arr\u00eater l\u00e0\u00a0: ils ambitionnent en effet de faire \u00e9voluer l\u2019h\u00f4tel en y int\u00e9grant un nichoir \u00e0 oiseaux. Une jolie fa\u00e7on de sensibiliser les futurs citoyens \u00e0 la faune sauvage.<\/span><\/p>\n<p class=\"p1\"><a href=\"\/2019\/04\/hotel_insectes_2.jpg\"><img decoding=\"async\" class=\"alignnone size-full wp-image-257426\" src=\"\/2019\/04\/hotel_insectes_2.jpg\" alt=\"hotel_insectes_2\" width=\"1200\" height=\"800\" \/><\/a><\/p>\n","protected":false},"excerpt":{"rendered":"<p>Ce mardi 2 avril 2019 \u00e0 Remiremont, l\u2019\u00e9cole maternelle et \u00e9l\u00e9mentaire de R\u00e9villon a inaugur\u00e9 un h\u00f4tel \u00e0 insectes. Un [&hellip;]<\/p>\n","protected":false},"author":407,"featured_media":13251,"comment_status":"open","ping_status":"open","sticky":false,"template":"","format":"standard","meta":{"footnotes":""},"categories":[26,165,1556,35],"tags":[],"class_list":["post-13250","post","type-post","status-publish","format-standard","has-post-thumbnail","hentry","category-a-la-une","category-enseignement","category-remiremont-remiremont-son-canton-2","category-remiremont-son-canton"],"acf":[],"yoast_head":"<!-- This site is optimized with the Yoast SEO plugin v22.5 - https:\/\/yoast.com\/wordpress\/plugins\/seo\/ -->\n<title>Remiremont : un nouvel h\u00f4tel tr\u00e8s particulier \u00e0 l\u2019\u00e9cole de R\u00e9villon - Remiremont Info<\/title>\n<meta name=\"robots\" content=\"index, follow, max-snippet:-1, max-image-preview:large, max-video-preview:-1\" \/>\n<link rel=\"canonical\" href=\"https:\/\/vosgesinfo.fr\/remiremontinfo\/2019\/04\/remiremont-nouvel-hotel-tres-particulier-a-lecole-de-revillon\/\" \/>\n<meta name=\"twitter:card\" content=\"summary_large_image\" \/>\n<meta name=\"twitter:title\" content=\"Remiremont : un nouvel h\u00f4tel tr\u00e8s particulier \u00e0 l\u2019\u00e9cole de R\u00e9villon - Remiremont Info\" \/>\n<meta name=\"twitter:description\" content=\"Ce mardi 2 avril 2019 \u00e0 Remiremont, l\u2019\u00e9cole maternelle et \u00e9l\u00e9mentaire de R\u00e9villon a inaugur\u00e9 un h\u00f4tel \u00e0 insectes. Un [&hellip;]\" \/>\n<meta name=\"twitter:image\" content=\"https:\/\/vosgesinfo.fr\/app\/uploads\/sites\/5\/2024\/09\/201904hotel-insectes.jpg\" \/>\n<meta name=\"twitter:creator\" content=\"@VosgesInfo88\" \/>\n<meta name=\"twitter:site\" content=\"@VosgesInfo88\" \/>\n<meta name=\"twitter:label1\" content=\"\u00c9crit par\" \/>\n\t<meta name=\"twitter:data1\" content=\"C D\" \/>\n\t<meta name=\"twitter:label2\" content=\"Dur\u00e9e de lecture estim\u00e9e\" \/>\n\t<meta name=\"twitter:data2\" content=\"2 minutes\" \/>\n<script type=\"application\/ld+json\" class=\"yoast-schema-graph\">{\"@context\":\"https:\/\/schema.org\",\"@graph\":[{\"@type\":\"Article\",\"@id\":\"https:\/\/vosgesinfo.fr\/remiremontinfo\/2019\/04\/remiremont-nouvel-hotel-tres-particulier-a-lecole-de-revillon\/#article\",\"isPartOf\":{\"@id\":\"https:\/\/vosgesinfo.fr\/remiremontinfo\/2019\/04\/remiremont-nouvel-hotel-tres-particulier-a-lecole-de-revillon\/\"},\"author\":{\"name\":\"C D\",\"@id\":\"https:\/\/vosgesinfo.fr\/remiremontinfo\/#\/schema\/person\/3bfd164d5218a185b1db68655a265316\"},\"headline\":\"Remiremont : un nouvel h\u00f4tel tr\u00e8s particulier \u00e0 l\u2019\u00e9cole de R\u00e9villon\",\"datePublished\":\"2019-04-18T14:20:07+00:00\",\"dateModified\":\"2019-04-18T14:20:07+00:00\",\"mainEntityOfPage\":{\"@id\":\"https:\/\/vosgesinfo.fr\/remiremontinfo\/2019\/04\/remiremont-nouvel-hotel-tres-particulier-a-lecole-de-revillon\/\"},\"wordCount\":422,\"commentCount\":0,\"publisher\":{\"@id\":\"https:\/\/vosgesinfo.fr\/remiremontinfo\/#organization\"},\"image\":{\"@id\":\"https:\/\/vosgesinfo.fr\/remiremontinfo\/2019\/04\/remiremont-nouvel-hotel-tres-particulier-a-lecole-de-revillon\/#primaryimage\"},\"thumbnailUrl\":\"https:\/\/vosgesinfo.fr\/app\/uploads\/sites\/5\/2024\/09\/201904hotel-insectes.jpg\",\"articleSection\":[\"A la Une\",\"Enseignement\",\"Remiremont\",\"Remiremont &amp; son canton\"],\"inLanguage\":\"fr-FR\",\"potentialAction\":[{\"@type\":\"CommentAction\",\"name\":\"Comment\",\"target\":[\"https:\/\/vosgesinfo.fr\/remiremontinfo\/2019\/04\/remiremont-nouvel-hotel-tres-particulier-a-lecole-de-revillon\/#respond\"]}]},{\"@type\":\"WebPage\",\"@id\":\"https:\/\/vosgesinfo.fr\/remiremontinfo\/2019\/04\/remiremont-nouvel-hotel-tres-particulier-a-lecole-de-revillon\/\",\"url\":\"https:\/\/vosgesinfo.fr\/remiremontinfo\/2019\/04\/remiremont-nouvel-hotel-tres-particulier-a-lecole-de-revillon\/\",\"name\":\"Remiremont : un nouvel h\u00f4tel tr\u00e8s particulier \u00e0 l\u2019\u00e9cole de R\u00e9villon - Remiremont Info\",\"isPartOf\":{\"@id\":\"https:\/\/vosgesinfo.fr\/remiremontinfo\/#website\"},\"primaryImageOfPage\":{\"@id\":\"https:\/\/vosgesinfo.fr\/remiremontinfo\/2019\/04\/remiremont-nouvel-hotel-tres-particulier-a-lecole-de-revillon\/#primaryimage\"},\"image\":{\"@id\":\"https:\/\/vosgesinfo.fr\/remiremontinfo\/2019\/04\/remiremont-nouvel-hotel-tres-particulier-a-lecole-de-revillon\/#primaryimage\"},\"thumbnailUrl\":\"https:\/\/vosgesinfo.fr\/app\/uploads\/sites\/5\/2024\/09\/201904hotel-insectes.jpg\",\"datePublished\":\"2019-04-18T14:20:07+00:00\",\"dateModified\":\"2019-04-18T14:20:07+00:00\",\"breadcrumb\":{\"@id\":\"https:\/\/vosgesinfo.fr\/remiremontinfo\/2019\/04\/remiremont-nouvel-hotel-tres-particulier-a-lecole-de-revillon\/#breadcrumb\"},\"inLanguage\":\"fr-FR\",\"potentialAction\":[{\"@type\":\"ReadAction\",\"target\":[\"https:\/\/vosgesinfo.fr\/remiremontinfo\/2019\/04\/remiremont-nouvel-hotel-tres-particulier-a-lecole-de-revillon\/\"]}]},{\"@type\":\"ImageObject\",\"inLanguage\":\"fr-FR\",\"@id\":\"https:\/\/vosgesinfo.fr\/remiremontinfo\/2019\/04\/remiremont-nouvel-hotel-tres-particulier-a-lecole-de-revillon\/#primaryimage\",\"url\":\"https:\/\/vosgesinfo.fr\/app\/uploads\/sites\/5\/2024\/09\/201904hotel-insectes.jpg\",\"contentUrl\":\"https:\/\/vosgesinfo.fr\/app\/uploads\/sites\/5\/2024\/09\/201904hotel-insectes.jpg\",\"width\":1200,\"height\":800},{\"@type\":\"BreadcrumbList\",\"@id\":\"https:\/\/vosgesinfo.fr\/remiremontinfo\/2019\/04\/remiremont-nouvel-hotel-tres-particulier-a-lecole-de-revillon\/#breadcrumb\",\"itemListElement\":[{\"@type\":\"ListItem\",\"position\":1,\"name\":\"Home\",\"item\":\"https:\/\/vosgesinfo.fr\/remiremontinfo\/\"},{\"@type\":\"ListItem\",\"position\":2,\"name\":\"Remiremont : un nouvel h\u00f4tel tr\u00e8s particulier \u00e0 l\u2019\u00e9cole de R\u00e9villon\"}]},{\"@type\":\"WebSite\",\"@id\":\"https:\/\/vosgesinfo.fr\/remiremontinfo\/#website\",\"url\":\"https:\/\/vosgesinfo.fr\/remiremontinfo\/\",\"name\":\"Remiremont Info\",\"description\":\"Toute l&#039;actualit\u00e9 de Remiremont\",\"publisher\":{\"@id\":\"https:\/\/vosgesinfo.fr\/remiremontinfo\/#organization\"},\"alternateName\":\"Toute l'actualit\u00e9 de Remiremont\",\"potentialAction\":[{\"@type\":\"SearchAction\",\"target\":{\"@type\":\"EntryPoint\",\"urlTemplate\":\"https:\/\/vosgesinfo.fr\/remiremontinfo\/?s={search_term_string}\"},\"query-input\":\"required name=search_term_string\"}],\"inLanguage\":\"fr-FR\"},{\"@type\":\"Organization\",\"@id\":\"https:\/\/vosgesinfo.fr\/remiremontinfo\/#organization\",\"name\":\"Remiremont Info\",\"url\":\"https:\/\/vosgesinfo.fr\/remiremontinfo\/\",\"logo\":{\"@type\":\"ImageObject\",\"inLanguage\":\"fr-FR\",\"@id\":\"https:\/\/vosgesinfo.fr\/remiremontinfo\/#\/schema\/logo\/image\/\",\"url\":\"https:\/\/vosgesinfo.fr\/app\/uploads\/sites\/5\/2023\/08\/favicon-remiremontinfo.png\",\"contentUrl\":\"https:\/\/vosgesinfo.fr\/app\/uploads\/sites\/5\/2023\/08\/favicon-remiremontinfo.png\",\"width\":512,\"height\":512,\"caption\":\"Remiremont Info\"},\"image\":{\"@id\":\"https:\/\/vosgesinfo.fr\/remiremontinfo\/#\/schema\/logo\/image\/\"},\"sameAs\":[\"https:\/\/www.facebook.com\/remiremontinfo\",\"https:\/\/x.com\/VosgesInfo88\",\"https:\/\/www.youtube.com\/@vosgesinfo\"]},{\"@type\":\"Person\",\"@id\":\"https:\/\/vosgesinfo.fr\/remiremontinfo\/#\/schema\/person\/3bfd164d5218a185b1db68655a265316\",\"name\":\"C D\",\"image\":{\"@type\":\"ImageObject\",\"inLanguage\":\"fr-FR\",\"@id\":\"https:\/\/vosgesinfo.fr\/remiremontinfo\/#\/schema\/person\/image\/\",\"url\":\"https:\/\/secure.gravatar.com\/avatar\/1f9a70007336511a47468b8f1c66f922b8b7cf617b02a31149ada43893a5d48f?s=96&d=mm&r=g\",\"contentUrl\":\"https:\/\/secure.gravatar.com\/avatar\/1f9a70007336511a47468b8f1c66f922b8b7cf617b02a31149ada43893a5d48f?s=96&d=mm&r=g\",\"caption\":\"C D\"},\"url\":\"https:\/\/vosgesinfo.fr\/remiremontinfo\/author\/cedric-drevet\/\"}]}<\/script>\n<!-- \/ Yoast SEO plugin. -->","yoast_head_json":{"title":"Remiremont : un nouvel h\u00f4tel tr\u00e8s particulier \u00e0 l\u2019\u00e9cole de R\u00e9villon - Remiremont Info","robots":{"index":"index","follow":"follow","max-snippet":"max-snippet:-1","max-image-preview":"max-image-preview:large","max-video-preview":"max-video-preview:-1"},"canonical":"https:\/\/vosgesinfo.fr\/remiremontinfo\/2019\/04\/remiremont-nouvel-hotel-tres-particulier-a-lecole-de-revillon\/","twitter_card":"summary_large_image","twitter_title":"Remiremont : un nouvel h\u00f4tel tr\u00e8s particulier \u00e0 l\u2019\u00e9cole de R\u00e9villon - Remiremont Info","twitter_description":"Ce mardi 2 avril 2019 \u00e0 Remiremont, l\u2019\u00e9cole maternelle et \u00e9l\u00e9mentaire de R\u00e9villon a inaugur\u00e9 un h\u00f4tel \u00e0 insectes. Un [&hellip;]","twitter_image":"https:\/\/vosgesinfo.fr\/app\/uploads\/sites\/5\/2024\/09\/201904hotel-insectes.jpg","twitter_creator":"@VosgesInfo88","twitter_site":"@VosgesInfo88","twitter_misc":{"\u00c9crit par":"C D","Dur\u00e9e de lecture estim\u00e9e":"2 minutes"},"schema":{"@context":"https:\/\/schema.org","@graph":[{"@type":"Article","@id":"https:\/\/vosgesinfo.fr\/remiremontinfo\/2019\/04\/remiremont-nouvel-hotel-tres-particulier-a-lecole-de-revillon\/#article","isPartOf":{"@id":"https:\/\/vosgesinfo.fr\/remiremontinfo\/2019\/04\/remiremont-nouvel-hotel-tres-particulier-a-lecole-de-revillon\/"},"author":{"name":"C D","@id":"https:\/\/vosgesinfo.fr\/remiremontinfo\/#\/schema\/person\/3bfd164d5218a185b1db68655a265316"},"headline":"Remiremont : un nouvel h\u00f4tel tr\u00e8s particulier \u00e0 l\u2019\u00e9cole de R\u00e9villon","datePublished":"2019-04-18T14:20:07+00:00","dateModified":"2019-04-18T14:20:07+00:00","mainEntityOfPage":{"@id":"https:\/\/vosgesinfo.fr\/remiremontinfo\/2019\/04\/remiremont-nouvel-hotel-tres-particulier-a-lecole-de-revillon\/"},"wordCount":422,"commentCount":0,"publisher":{"@id":"https:\/\/vosgesinfo.fr\/remiremontinfo\/#organization"},"image":{"@id":"https:\/\/vosgesinfo.fr\/remiremontinfo\/2019\/04\/remiremont-nouvel-hotel-tres-particulier-a-lecole-de-revillon\/#primaryimage"},"thumbnailUrl":"https:\/\/vosgesinfo.fr\/app\/uploads\/sites\/5\/2024\/09\/201904hotel-insectes.jpg","articleSection":["A la Une","Enseignement","Remiremont","Remiremont &amp; son canton"],"inLanguage":"fr-FR","potentialAction":[{"@type":"CommentAction","name":"Comment","target":["https:\/\/vosgesinfo.fr\/remiremontinfo\/2019\/04\/remiremont-nouvel-hotel-tres-particulier-a-lecole-de-revillon\/#respond"]}]},{"@type":"WebPage","@id":"https:\/\/vosgesinfo.fr\/remiremontinfo\/2019\/04\/remiremont-nouvel-hotel-tres-particulier-a-lecole-de-revillon\/","url":"https:\/\/vosgesinfo.fr\/remiremontinfo\/2019\/04\/remiremont-nouvel-hotel-tres-particulier-a-lecole-de-revillon\/","name":"Remiremont : un nouvel h\u00f4tel tr\u00e8s particulier \u00e0 l\u2019\u00e9cole de R\u00e9villon - Remiremont Info","isPartOf":{"@id":"https:\/\/vosgesinfo.fr\/remiremontinfo\/#website"},"primaryImageOfPage":{"@id":"https:\/\/vosgesinfo.fr\/remiremontinfo\/2019\/04\/remiremont-nouvel-hotel-tres-particulier-a-lecole-de-revillon\/#primaryimage"},"image":{"@id":"https:\/\/vosgesinfo.fr\/remiremontinfo\/2019\/04\/remiremont-nouvel-hotel-tres-particulier-a-lecole-de-revillon\/#primaryimage"},"thumbnailUrl":"https:\/\/vosgesinfo.fr\/app\/uploads\/sites\/5\/2024\/09\/201904hotel-insectes.jpg","datePublished":"2019-04-18T14:20:07+00:00","dateModified":"2019-04-18T14:20:07+00:00","breadcrumb":{"@id":"https:\/\/vosgesinfo.fr\/remiremontinfo\/2019\/04\/remiremont-nouvel-hotel-tres-particulier-a-lecole-de-revillon\/#breadcrumb"},"inLanguage":"fr-FR","potentialAction":[{"@type":"ReadAction","target":["https:\/\/vosgesinfo.fr\/remiremontinfo\/2019\/04\/remiremont-nouvel-hotel-tres-particulier-a-lecole-de-revillon\/"]}]},{"@type":"ImageObject","inLanguage":"fr-FR","@id":"https:\/\/vosgesinfo.fr\/remiremontinfo\/2019\/04\/remiremont-nouvel-hotel-tres-particulier-a-lecole-de-revillon\/#primaryimage","url":"https:\/\/vosgesinfo.fr\/app\/uploads\/sites\/5\/2024\/09\/201904hotel-insectes.jpg","contentUrl":"https:\/\/vosgesinfo.fr\/app\/uploads\/sites\/5\/2024\/09\/201904hotel-insectes.jpg","width":1200,"height":800},{"@type":"BreadcrumbList","@id":"https:\/\/vosgesinfo.fr\/remiremontinfo\/2019\/04\/remiremont-nouvel-hotel-tres-particulier-a-lecole-de-revillon\/#breadcrumb","itemListElement":[{"@type":"ListItem","position":1,"name":"Home","item":"https:\/\/vosgesinfo.fr\/remiremontinfo\/"},{"@type":"ListItem","position":2,"name":"Remiremont : un nouvel h\u00f4tel tr\u00e8s particulier \u00e0 l\u2019\u00e9cole de R\u00e9villon"}]},{"@type":"WebSite","@id":"https:\/\/vosgesinfo.fr\/remiremontinfo\/#website","url":"https:\/\/vosgesinfo.fr\/remiremontinfo\/","name":"Remiremont Info","description":"Toute l&#039;actualit\u00e9 de Remiremont","publisher":{"@id":"https:\/\/vosgesinfo.fr\/remiremontinfo\/#organization"},"alternateName":"Toute l'actualit\u00e9 de Remiremont","potentialAction":[{"@type":"SearchAction","target":{"@type":"EntryPoint","urlTemplate":"https:\/\/vosgesinfo.fr\/remiremontinfo\/?s={search_term_string}"},"query-input":"required name=search_term_string"}],"inLanguage":"fr-FR"},{"@type":"Organization","@id":"https:\/\/vosgesinfo.fr\/remiremontinfo\/#organization","name":"Remiremont Info","url":"https:\/\/vosgesinfo.fr\/remiremontinfo\/","logo":{"@type":"ImageObject","inLanguage":"fr-FR","@id":"https:\/\/vosgesinfo.fr\/remiremontinfo\/#\/schema\/logo\/image\/","url":"https:\/\/vosgesinfo.fr\/app\/uploads\/sites\/5\/2023\/08\/favicon-remiremontinfo.png","contentUrl":"https:\/\/vosgesinfo.fr\/app\/uploads\/sites\/5\/2023\/08\/favicon-remiremontinfo.png","width":512,"height":512,"caption":"Remiremont Info"},"image":{"@id":"https:\/\/vosgesinfo.fr\/remiremontinfo\/#\/schema\/logo\/image\/"},"sameAs":["https:\/\/www.facebook.com\/remiremontinfo","https:\/\/x.com\/VosgesInfo88","https:\/\/www.youtube.com\/@vosgesinfo"]},{"@type":"Person","@id":"https:\/\/vosgesinfo.fr\/remiremontinfo\/#\/schema\/person\/3bfd164d5218a185b1db68655a265316","name":"C D","image":{"@type":"ImageObject","inLanguage":"fr-FR","@id":"https:\/\/vosgesinfo.fr\/remiremontinfo\/#\/schema\/person\/image\/","url":"https:\/\/secure.gravatar.com\/avatar\/1f9a70007336511a47468b8f1c66f922b8b7cf617b02a31149ada43893a5d48f?s=96&d=mm&r=g","contentUrl":"https:\/\/secure.gravatar.com\/avatar\/1f9a70007336511a47468b8f1c66f922b8b7cf617b02a31149ada43893a5d48f?s=96&d=mm&r=g","caption":"C D"},"url":"https:\/\/vosgesinfo.fr\/remiremontinfo\/author\/cedric-drevet\/"}]}},"_links":{"self":[{"href":"https:\/\/vosgesinfo.fr\/remiremontinfo\/wp-json\/wp\/v2\/posts\/13250","targetHints":{"allow":["GET"]}}],"collection":[{"href":"https:\/\/vosgesinfo.fr\/remiremontinfo\/wp-json\/wp\/v2\/posts"}],"about":[{"href":"https:\/\/vosgesinfo.fr\/remiremontinfo\/wp-json\/wp\/v2\/types\/post"}],"author":[{"embeddable":true,"href":"https:\/\/vosgesinfo.fr\/remiremontinfo\/wp-json\/wp\/v2\/users\/407"}],"replies":[{"embeddable":true,"href":"https:\/\/vosgesinfo.fr\/remiremontinfo\/wp-json\/wp\/v2\/comments?post=13250"}],"version-history":[{"count":0,"href":"https:\/\/vosgesinfo.fr\/remiremontinfo\/wp-json\/wp\/v2\/posts\/13250\/revisions"}],"wp:featuredmedia":[{"embeddable":true,"href":"https:\/\/vosgesinfo.fr\/remiremontinfo\/wp-json\/wp\/v2\/media\/13251"}],"wp:attachment":[{"href":"https:\/\/vosgesinfo.fr\/remiremontinfo\/wp-json\/wp\/v2\/media?parent=13250"}],"wp:term":[{"taxonomy":"category","embeddable":true,"href":"https:\/\/vosgesinfo.fr\/remiremontinfo\/wp-json\/wp\/v2\/categories?post=13250"},{"taxonomy":"post_tag","embeddable":true,"href":"https:\/\/vosgesinfo.fr\/remiremontinfo\/wp-json\/wp\/v2\/tags?post=13250"}],"curies":[{"name":"wp","href":"https:\/\/api.w.org\/{rel}","templated":true}]}}