{"id":13275,"date":"2019-04-19T03:30:16","date_gmt":"2019-04-19T01:30:16","guid":{"rendered":"https:\/\/vosgesinfo.fr\/remiremontinfo\/2019\/04\/vagney-dates-dinscription-ecoles-publiques-de-commune\/"},"modified":"2019-04-19T03:30:16","modified_gmt":"2019-04-19T01:30:16","slug":"vagney-dates-dinscription-ecoles-publiques-de-commune","status":"publish","type":"post","link":"https:\/\/vosgesinfo.fr\/remiremontinfo\/2019\/04\/vagney-dates-dinscription-ecoles-publiques-de-commune\/","title":{"rendered":"Vagney : les dates d&rsquo;inscription dans les \u00e9coles publiques de la commune"},"content":{"rendered":"<p><a href=\"\/2016\/02\/logo-vagney.jpg\"><img decoding=\"async\" class=\"alignnone size-full wp-image-143652\" src=\"\/2016\/02\/logo-vagney.jpg\" alt=\"logo vagney\" width=\"1024\" height=\"611\" \/><\/a><\/p>\n<p style=\"text-align: center;\"><strong>Inscriptions dans les \u00e9coles publiques de VAGNEY \u2013 ann\u00e9e scolaire 2019-2020<\/strong><\/p>\n<p style=\"text-align: left;\">\n<strong>Ecole maternelle \u2013 4 rue des Ecoles<\/strong><br \/>\nLa directrice, Madame MADRE, recevra les parents des enfants n\u00e9s en 2016 sur rendez-vous.<br \/>\nContacter le 03.29.24.74.29, aux horaires scolaires avant le 26 avril pour fixer une date.<\/p>\n<p style=\"text-align: left;\">\n<strong>Ecole des Perce-Neige \u2013 22 rue Ren\u00e9 Demangeon<\/strong> \u2013 03.29.24.99.05<br \/>\nLa directrice, Madame ZULIANI, recevra les parents :<br \/>\nmardi 14 mai \u2013 de 13h30 \u00e0 17h<br \/>\njeudi 16 mai \u2013 de 8h30 \u00e0 12h et de 13h30 \u00e0 17h<br \/>\nvendredi 17 mai \u2013 de 16h30 \u00e0 18h<\/p>\n<p style=\"text-align: left;\"><strong>Ecole de Zainvillers \u2013 3 rue Aristide Briand<\/strong> \u2013 03.29.24.88.89<br \/>\nLa directrice, Madame ABEL, recevra les parents<br \/>\nmardi 3 mai \u2013 de 16h30 \u00e0 17h30 ou sur rendez-vous<br \/>\n(enfants n\u00e9s en 2016 pour la maternelle).<\/p>\n<p style=\"text-align: left;\">\n<em><strong>Pour toute inscription, se munir :<\/strong><\/em><br \/>\n\u2013 du bulletin d\u2019inscription d\u00e9livr\u00e9 en mairie (service scolaire 1er \u00e9tage)<br \/>\n\u2013 de la photocopie du livret de famille<br \/>\n\u2013 de la photocopie du carnet de vaccinations.<\/p>\n","protected":false},"excerpt":{"rendered":"<p>Inscriptions dans les \u00e9coles publiques de VAGNEY \u2013 ann\u00e9e scolaire 2019-2020 Ecole maternelle \u2013 4 rue des Ecoles La directrice, [&hellip;]<\/p>\n","protected":false},"author":407,"featured_media":6204,"comment_status":"open","ping_status":"open","sticky":false,"template":"","format":"standard","meta":{"footnotes":""},"categories":[26,165,25,36],"tags":[],"class_list":["post-13275","post","type-post","status-publish","format-standard","has-post-thumbnail","hentry","category-a-la-une","category-enseignement","category-la-bresse-son-canton","category-vagney"],"acf":[],"yoast_head":"<!-- This site is optimized with the Yoast SEO plugin v22.5 - https:\/\/yoast.com\/wordpress\/plugins\/seo\/ -->\n<title>Vagney : les dates d&#039;inscription dans les \u00e9coles publiques de la commune - Remiremont Info<\/title>\n<meta name=\"robots\" content=\"index, follow, max-snippet:-1, max-image-preview:large, max-video-preview:-1\" \/>\n<link rel=\"canonical\" href=\"https:\/\/vosgesinfo.fr\/remiremontinfo\/2019\/04\/vagney-dates-dinscription-ecoles-publiques-de-commune\/\" \/>\n<meta name=\"twitter:card\" content=\"summary_large_image\" \/>\n<meta name=\"twitter:title\" content=\"Vagney : les dates d&#039;inscription dans les \u00e9coles publiques de la commune - Remiremont Info\" \/>\n<meta name=\"twitter:description\" content=\"Inscriptions dans les \u00e9coles publiques de VAGNEY \u2013 ann\u00e9e scolaire 2019-2020 Ecole maternelle \u2013 4 rue des Ecoles La directrice, [&hellip;]\" \/>\n<meta name=\"twitter:image\" content=\"https:\/\/vosgesinfo.fr\/app\/uploads\/sites\/5\/2024\/05\/logo-vagney.jpg\" \/>\n<meta name=\"twitter:creator\" content=\"@VosgesInfo88\" \/>\n<meta name=\"twitter:site\" content=\"@VosgesInfo88\" \/>\n<meta name=\"twitter:label1\" content=\"\u00c9crit par\" \/>\n\t<meta name=\"twitter:data1\" content=\"C D\" \/>\n\t<meta name=\"twitter:label2\" content=\"Dur\u00e9e de lecture estim\u00e9e\" \/>\n\t<meta name=\"twitter:data2\" content=\"1 minute\" \/>\n<script type=\"application\/ld+json\" class=\"yoast-schema-graph\">{\"@context\":\"https:\/\/schema.org\",\"@graph\":[{\"@type\":\"Article\",\"@id\":\"https:\/\/vosgesinfo.fr\/remiremontinfo\/2019\/04\/vagney-dates-dinscription-ecoles-publiques-de-commune\/#article\",\"isPartOf\":{\"@id\":\"https:\/\/vosgesinfo.fr\/remiremontinfo\/2019\/04\/vagney-dates-dinscription-ecoles-publiques-de-commune\/\"},\"author\":{\"name\":\"C D\",\"@id\":\"https:\/\/vosgesinfo.fr\/remiremontinfo\/#\/schema\/person\/3bfd164d5218a185b1db68655a265316\"},\"headline\":\"Vagney : les dates d&rsquo;inscription dans les \u00e9coles publiques de la commune\",\"datePublished\":\"2019-04-19T01:30:16+00:00\",\"dateModified\":\"2019-04-19T01:30:16+00:00\",\"mainEntityOfPage\":{\"@id\":\"https:\/\/vosgesinfo.fr\/remiremontinfo\/2019\/04\/vagney-dates-dinscription-ecoles-publiques-de-commune\/\"},\"wordCount\":145,\"commentCount\":0,\"publisher\":{\"@id\":\"https:\/\/vosgesinfo.fr\/remiremontinfo\/#organization\"},\"image\":{\"@id\":\"https:\/\/vosgesinfo.fr\/remiremontinfo\/2019\/04\/vagney-dates-dinscription-ecoles-publiques-de-commune\/#primaryimage\"},\"thumbnailUrl\":\"https:\/\/vosgesinfo.fr\/app\/uploads\/sites\/5\/2024\/05\/logo-vagney.jpg\",\"articleSection\":[\"A la Une\",\"Enseignement\",\"La Bresse &amp; son canton\",\"Vagney\"],\"inLanguage\":\"fr-FR\",\"potentialAction\":[{\"@type\":\"CommentAction\",\"name\":\"Comment\",\"target\":[\"https:\/\/vosgesinfo.fr\/remiremontinfo\/2019\/04\/vagney-dates-dinscription-ecoles-publiques-de-commune\/#respond\"]}]},{\"@type\":\"WebPage\",\"@id\":\"https:\/\/vosgesinfo.fr\/remiremontinfo\/2019\/04\/vagney-dates-dinscription-ecoles-publiques-de-commune\/\",\"url\":\"https:\/\/vosgesinfo.fr\/remiremontinfo\/2019\/04\/vagney-dates-dinscription-ecoles-publiques-de-commune\/\",\"name\":\"Vagney : les dates d'inscription dans les \u00e9coles publiques de la commune - Remiremont Info\",\"isPartOf\":{\"@id\":\"https:\/\/vosgesinfo.fr\/remiremontinfo\/#website\"},\"primaryImageOfPage\":{\"@id\":\"https:\/\/vosgesinfo.fr\/remiremontinfo\/2019\/04\/vagney-dates-dinscription-ecoles-publiques-de-commune\/#primaryimage\"},\"image\":{\"@id\":\"https:\/\/vosgesinfo.fr\/remiremontinfo\/2019\/04\/vagney-dates-dinscription-ecoles-publiques-de-commune\/#primaryimage\"},\"thumbnailUrl\":\"https:\/\/vosgesinfo.fr\/app\/uploads\/sites\/5\/2024\/05\/logo-vagney.jpg\",\"datePublished\":\"2019-04-19T01:30:16+00:00\",\"dateModified\":\"2019-04-19T01:30:16+00:00\",\"breadcrumb\":{\"@id\":\"https:\/\/vosgesinfo.fr\/remiremontinfo\/2019\/04\/vagney-dates-dinscription-ecoles-publiques-de-commune\/#breadcrumb\"},\"inLanguage\":\"fr-FR\",\"potentialAction\":[{\"@type\":\"ReadAction\",\"target\":[\"https:\/\/vosgesinfo.fr\/remiremontinfo\/2019\/04\/vagney-dates-dinscription-ecoles-publiques-de-commune\/\"]}]},{\"@type\":\"ImageObject\",\"inLanguage\":\"fr-FR\",\"@id\":\"https:\/\/vosgesinfo.fr\/remiremontinfo\/2019\/04\/vagney-dates-dinscription-ecoles-publiques-de-commune\/#primaryimage\",\"url\":\"https:\/\/vosgesinfo.fr\/app\/uploads\/sites\/5\/2024\/05\/logo-vagney.jpg\",\"contentUrl\":\"https:\/\/vosgesinfo.fr\/app\/uploads\/sites\/5\/2024\/05\/logo-vagney.jpg\",\"width\":225,\"height\":116},{\"@type\":\"BreadcrumbList\",\"@id\":\"https:\/\/vosgesinfo.fr\/remiremontinfo\/2019\/04\/vagney-dates-dinscription-ecoles-publiques-de-commune\/#breadcrumb\",\"itemListElement\":[{\"@type\":\"ListItem\",\"position\":1,\"name\":\"Home\",\"item\":\"https:\/\/vosgesinfo.fr\/remiremontinfo\/\"},{\"@type\":\"ListItem\",\"position\":2,\"name\":\"Vagney : les dates d&rsquo;inscription dans les \u00e9coles publiques de la commune\"}]},{\"@type\":\"WebSite\",\"@id\":\"https:\/\/vosgesinfo.fr\/remiremontinfo\/#website\",\"url\":\"https:\/\/vosgesinfo.fr\/remiremontinfo\/\",\"name\":\"Remiremont Info\",\"description\":\"Toute l&#039;actualit\u00e9 de Remiremont\",\"publisher\":{\"@id\":\"https:\/\/vosgesinfo.fr\/remiremontinfo\/#organization\"},\"alternateName\":\"Toute l'actualit\u00e9 de Remiremont\",\"potentialAction\":[{\"@type\":\"SearchAction\",\"target\":{\"@type\":\"EntryPoint\",\"urlTemplate\":\"https:\/\/vosgesinfo.fr\/remiremontinfo\/?s={search_term_string}\"},\"query-input\":\"required name=search_term_string\"}],\"inLanguage\":\"fr-FR\"},{\"@type\":\"Organization\",\"@id\":\"https:\/\/vosgesinfo.fr\/remiremontinfo\/#organization\",\"name\":\"Remiremont Info\",\"url\":\"https:\/\/vosgesinfo.fr\/remiremontinfo\/\",\"logo\":{\"@type\":\"ImageObject\",\"inLanguage\":\"fr-FR\",\"@id\":\"https:\/\/vosgesinfo.fr\/remiremontinfo\/#\/schema\/logo\/image\/\",\"url\":\"https:\/\/vosgesinfo.fr\/app\/uploads\/sites\/5\/2023\/08\/favicon-remiremontinfo.png\",\"contentUrl\":\"https:\/\/vosgesinfo.fr\/app\/uploads\/sites\/5\/2023\/08\/favicon-remiremontinfo.png\",\"width\":512,\"height\":512,\"caption\":\"Remiremont Info\"},\"image\":{\"@id\":\"https:\/\/vosgesinfo.fr\/remiremontinfo\/#\/schema\/logo\/image\/\"},\"sameAs\":[\"https:\/\/www.facebook.com\/remiremontinfo\",\"https:\/\/x.com\/VosgesInfo88\",\"https:\/\/www.youtube.com\/@vosgesinfo\"]},{\"@type\":\"Person\",\"@id\":\"https:\/\/vosgesinfo.fr\/remiremontinfo\/#\/schema\/person\/3bfd164d5218a185b1db68655a265316\",\"name\":\"C D\",\"image\":{\"@type\":\"ImageObject\",\"inLanguage\":\"fr-FR\",\"@id\":\"https:\/\/vosgesinfo.fr\/remiremontinfo\/#\/schema\/person\/image\/\",\"url\":\"https:\/\/secure.gravatar.com\/avatar\/1f9a70007336511a47468b8f1c66f922b8b7cf617b02a31149ada43893a5d48f?s=96&d=mm&r=g\",\"contentUrl\":\"https:\/\/secure.gravatar.com\/avatar\/1f9a70007336511a47468b8f1c66f922b8b7cf617b02a31149ada43893a5d48f?s=96&d=mm&r=g\",\"caption\":\"C D\"},\"url\":\"https:\/\/vosgesinfo.fr\/remiremontinfo\/author\/cedric-drevet\/\"}]}<\/script>\n<!-- \/ Yoast SEO plugin. -->","yoast_head_json":{"title":"Vagney : les dates d'inscription dans les \u00e9coles publiques de la commune - Remiremont Info","robots":{"index":"index","follow":"follow","max-snippet":"max-snippet:-1","max-image-preview":"max-image-preview:large","max-video-preview":"max-video-preview:-1"},"canonical":"https:\/\/vosgesinfo.fr\/remiremontinfo\/2019\/04\/vagney-dates-dinscription-ecoles-publiques-de-commune\/","twitter_card":"summary_large_image","twitter_title":"Vagney : les dates d'inscription dans les \u00e9coles publiques de la commune - Remiremont Info","twitter_description":"Inscriptions dans les \u00e9coles publiques de VAGNEY \u2013 ann\u00e9e scolaire 2019-2020 Ecole maternelle \u2013 4 rue des Ecoles La directrice, [&hellip;]","twitter_image":"https:\/\/vosgesinfo.fr\/app\/uploads\/sites\/5\/2024\/05\/logo-vagney.jpg","twitter_creator":"@VosgesInfo88","twitter_site":"@VosgesInfo88","twitter_misc":{"\u00c9crit par":"C D","Dur\u00e9e de lecture estim\u00e9e":"1 minute"},"schema":{"@context":"https:\/\/schema.org","@graph":[{"@type":"Article","@id":"https:\/\/vosgesinfo.fr\/remiremontinfo\/2019\/04\/vagney-dates-dinscription-ecoles-publiques-de-commune\/#article","isPartOf":{"@id":"https:\/\/vosgesinfo.fr\/remiremontinfo\/2019\/04\/vagney-dates-dinscription-ecoles-publiques-de-commune\/"},"author":{"name":"C D","@id":"https:\/\/vosgesinfo.fr\/remiremontinfo\/#\/schema\/person\/3bfd164d5218a185b1db68655a265316"},"headline":"Vagney : les dates d&rsquo;inscription dans les \u00e9coles publiques de la commune","datePublished":"2019-04-19T01:30:16+00:00","dateModified":"2019-04-19T01:30:16+00:00","mainEntityOfPage":{"@id":"https:\/\/vosgesinfo.fr\/remiremontinfo\/2019\/04\/vagney-dates-dinscription-ecoles-publiques-de-commune\/"},"wordCount":145,"commentCount":0,"publisher":{"@id":"https:\/\/vosgesinfo.fr\/remiremontinfo\/#organization"},"image":{"@id":"https:\/\/vosgesinfo.fr\/remiremontinfo\/2019\/04\/vagney-dates-dinscription-ecoles-publiques-de-commune\/#primaryimage"},"thumbnailUrl":"https:\/\/vosgesinfo.fr\/app\/uploads\/sites\/5\/2024\/05\/logo-vagney.jpg","articleSection":["A la Une","Enseignement","La Bresse &amp; son canton","Vagney"],"inLanguage":"fr-FR","potentialAction":[{"@type":"CommentAction","name":"Comment","target":["https:\/\/vosgesinfo.fr\/remiremontinfo\/2019\/04\/vagney-dates-dinscription-ecoles-publiques-de-commune\/#respond"]}]},{"@type":"WebPage","@id":"https:\/\/vosgesinfo.fr\/remiremontinfo\/2019\/04\/vagney-dates-dinscription-ecoles-publiques-de-commune\/","url":"https:\/\/vosgesinfo.fr\/remiremontinfo\/2019\/04\/vagney-dates-dinscription-ecoles-publiques-de-commune\/","name":"Vagney : les dates d'inscription dans les \u00e9coles publiques de la commune - Remiremont Info","isPartOf":{"@id":"https:\/\/vosgesinfo.fr\/remiremontinfo\/#website"},"primaryImageOfPage":{"@id":"https:\/\/vosgesinfo.fr\/remiremontinfo\/2019\/04\/vagney-dates-dinscription-ecoles-publiques-de-commune\/#primaryimage"},"image":{"@id":"https:\/\/vosgesinfo.fr\/remiremontinfo\/2019\/04\/vagney-dates-dinscription-ecoles-publiques-de-commune\/#primaryimage"},"thumbnailUrl":"https:\/\/vosgesinfo.fr\/app\/uploads\/sites\/5\/2024\/05\/logo-vagney.jpg","datePublished":"2019-04-19T01:30:16+00:00","dateModified":"2019-04-19T01:30:16+00:00","breadcrumb":{"@id":"https:\/\/vosgesinfo.fr\/remiremontinfo\/2019\/04\/vagney-dates-dinscription-ecoles-publiques-de-commune\/#breadcrumb"},"inLanguage":"fr-FR","potentialAction":[{"@type":"ReadAction","target":["https:\/\/vosgesinfo.fr\/remiremontinfo\/2019\/04\/vagney-dates-dinscription-ecoles-publiques-de-commune\/"]}]},{"@type":"ImageObject","inLanguage":"fr-FR","@id":"https:\/\/vosgesinfo.fr\/remiremontinfo\/2019\/04\/vagney-dates-dinscription-ecoles-publiques-de-commune\/#primaryimage","url":"https:\/\/vosgesinfo.fr\/app\/uploads\/sites\/5\/2024\/05\/logo-vagney.jpg","contentUrl":"https:\/\/vosgesinfo.fr\/app\/uploads\/sites\/5\/2024\/05\/logo-vagney.jpg","width":225,"height":116},{"@type":"BreadcrumbList","@id":"https:\/\/vosgesinfo.fr\/remiremontinfo\/2019\/04\/vagney-dates-dinscription-ecoles-publiques-de-commune\/#breadcrumb","itemListElement":[{"@type":"ListItem","position":1,"name":"Home","item":"https:\/\/vosgesinfo.fr\/remiremontinfo\/"},{"@type":"ListItem","position":2,"name":"Vagney : les dates d&rsquo;inscription dans les \u00e9coles publiques de la commune"}]},{"@type":"WebSite","@id":"https:\/\/vosgesinfo.fr\/remiremontinfo\/#website","url":"https:\/\/vosgesinfo.fr\/remiremontinfo\/","name":"Remiremont Info","description":"Toute l&#039;actualit\u00e9 de Remiremont","publisher":{"@id":"https:\/\/vosgesinfo.fr\/remiremontinfo\/#organization"},"alternateName":"Toute l'actualit\u00e9 de Remiremont","potentialAction":[{"@type":"SearchAction","target":{"@type":"EntryPoint","urlTemplate":"https:\/\/vosgesinfo.fr\/remiremontinfo\/?s={search_term_string}"},"query-input":"required name=search_term_string"}],"inLanguage":"fr-FR"},{"@type":"Organization","@id":"https:\/\/vosgesinfo.fr\/remiremontinfo\/#organization","name":"Remiremont Info","url":"https:\/\/vosgesinfo.fr\/remiremontinfo\/","logo":{"@type":"ImageObject","inLanguage":"fr-FR","@id":"https:\/\/vosgesinfo.fr\/remiremontinfo\/#\/schema\/logo\/image\/","url":"https:\/\/vosgesinfo.fr\/app\/uploads\/sites\/5\/2023\/08\/favicon-remiremontinfo.png","contentUrl":"https:\/\/vosgesinfo.fr\/app\/uploads\/sites\/5\/2023\/08\/favicon-remiremontinfo.png","width":512,"height":512,"caption":"Remiremont Info"},"image":{"@id":"https:\/\/vosgesinfo.fr\/remiremontinfo\/#\/schema\/logo\/image\/"},"sameAs":["https:\/\/www.facebook.com\/remiremontinfo","https:\/\/x.com\/VosgesInfo88","https:\/\/www.youtube.com\/@vosgesinfo"]},{"@type":"Person","@id":"https:\/\/vosgesinfo.fr\/remiremontinfo\/#\/schema\/person\/3bfd164d5218a185b1db68655a265316","name":"C D","image":{"@type":"ImageObject","inLanguage":"fr-FR","@id":"https:\/\/vosgesinfo.fr\/remiremontinfo\/#\/schema\/person\/image\/","url":"https:\/\/secure.gravatar.com\/avatar\/1f9a70007336511a47468b8f1c66f922b8b7cf617b02a31149ada43893a5d48f?s=96&d=mm&r=g","contentUrl":"https:\/\/secure.gravatar.com\/avatar\/1f9a70007336511a47468b8f1c66f922b8b7cf617b02a31149ada43893a5d48f?s=96&d=mm&r=g","caption":"C D"},"url":"https:\/\/vosgesinfo.fr\/remiremontinfo\/author\/cedric-drevet\/"}]}},"_links":{"self":[{"href":"https:\/\/vosgesinfo.fr\/remiremontinfo\/wp-json\/wp\/v2\/posts\/13275","targetHints":{"allow":["GET"]}}],"collection":[{"href":"https:\/\/vosgesinfo.fr\/remiremontinfo\/wp-json\/wp\/v2\/posts"}],"about":[{"href":"https:\/\/vosgesinfo.fr\/remiremontinfo\/wp-json\/wp\/v2\/types\/post"}],"author":[{"embeddable":true,"href":"https:\/\/vosgesinfo.fr\/remiremontinfo\/wp-json\/wp\/v2\/users\/407"}],"replies":[{"embeddable":true,"href":"https:\/\/vosgesinfo.fr\/remiremontinfo\/wp-json\/wp\/v2\/comments?post=13275"}],"version-history":[{"count":0,"href":"https:\/\/vosgesinfo.fr\/remiremontinfo\/wp-json\/wp\/v2\/posts\/13275\/revisions"}],"wp:featuredmedia":[{"embeddable":true,"href":"https:\/\/vosgesinfo.fr\/remiremontinfo\/wp-json\/wp\/v2\/media\/6204"}],"wp:attachment":[{"href":"https:\/\/vosgesinfo.fr\/remiremontinfo\/wp-json\/wp\/v2\/media?parent=13275"}],"wp:term":[{"taxonomy":"category","embeddable":true,"href":"https:\/\/vosgesinfo.fr\/remiremontinfo\/wp-json\/wp\/v2\/categories?post=13275"},{"taxonomy":"post_tag","embeddable":true,"href":"https:\/\/vosgesinfo.fr\/remiremontinfo\/wp-json\/wp\/v2\/tags?post=13275"}],"curies":[{"name":"wp","href":"https:\/\/api.w.org\/{rel}","templated":true}]}}