{"id":13722,"date":"2019-05-02T11:04:15","date_gmt":"2019-05-02T09:04:15","guid":{"rendered":"https:\/\/vosgesinfo.fr\/remiremontinfo\/2019\/05\/remiremont-ecoliers-visitent-serres-municipales\/"},"modified":"2019-05-02T11:04:15","modified_gmt":"2019-05-02T09:04:15","slug":"remiremont-ecoliers-visitent-serres-municipales","status":"publish","type":"post","link":"https:\/\/vosgesinfo.fr\/remiremontinfo\/2019\/05\/remiremont-ecoliers-visitent-serres-municipales\/","title":{"rendered":"Remiremont : les \u00e9coliers visitent les serres municipales"},"content":{"rendered":"<h2 class=\"p2\"><a href=\"\/2019\/05\/P1090065.jpg\"><img decoding=\"async\" class=\"alignnone size-large wp-image-258197\" src=\"\/2019\/05\/P1090065-1024x768.jpg\" alt=\"P1090065\" width=\"960\" height=\"720\" \/><\/a><span style=\"font-size: 12pt;\"><strong><span class=\"s1\">Ce samedi 4 mai, les serres municipales de Remiremont ouvriront leurs portes au public de 9h \u00e0 17h. Aujourd\u2019hui et demain, ce sont les \u00e9coliers de Remiremont qui viennent visiter les lieux et d\u00e9couvrir les m\u00e9thodes de travail des diff\u00e9rents services.<\/span><\/strong><\/span><\/h2>\n<p class=\"p2\"><span class=\"s1\">Sur deux jours, ce sont 19 classes des \u00e9coles primaires de Remiremont, soit environ 550 enfants qui vont se rendre aux serres municipales. Au programme : explication du fonctionnement\u00a0<\/span><span class=\"s1\">de tous les services : propret\u00e9, jardinage, cimeti\u00e8re, espaces verts. Une pr\u00e9sentation de leurs missions et de leurs m\u00e9thodes de travail.<\/span><\/p>\n<p class=\"p2\"><span class=\"s1\">Une exposition pr\u00e9sente la participation de Remiremont au concours \u00ab\u00a0Ville fleurie\u00a0\u00bb. Une retrospective de 30 ans retrace l\u2019histoire du fleurissement de la ville. L\u2019\u00e9volution du style et des m\u00e9thodes est mise en avant. La mosa\u00efculture, tr\u00e8s gourmande en eau, \u00e9tait tr\u00e8s largement dominante autrefois. Elle laisse place aujourd\u2019hui \u00e0 un style plus sauvage. L\u2019objectif est notamment de r\u00e9duire la consommation d\u2019eau. Le syst\u00e8me d\u2019arrosage automatique, cibl\u00e9 et r\u00e9gul\u00e9, r\u00e9pond \u00e9galement \u00e0 cette objectif. Il d\u00e9gage par ailleurs du temps pour d\u2019autres activit\u00e9s.<\/span><\/p>\n<h3 class=\"p2\"><span style=\"font-size: 12pt;\"><em><strong><span class=\"s1\">Ramener les plantes, les fleurs, la biodiversit\u00e9 au sein de la ville !<\/span><\/strong><\/em><\/span><\/h3>\n<p class=\"p2\"><span class=\"s1\">Ces portes ouvertes sont aussi l\u2019occasion de sensibiliser les jeunes visiteurs aux enjeux de protection de l\u2019environnement et de la biodiversit\u00e9. On leur pr\u00e9sente les moyens par lesquels on souhaite ramener les insectes dans la ville, avec l\u2019installation d\u2019h\u00f4tels \u00e0 insectes, de nichoirs. Tout cela fait maintenant partie des crit\u00e8res du concours \u00ab\u00a0Ville fleurie\u00a0\u00bb, ainsi que la qualit\u00e9 du mobilier urbain, la communication etc.<\/span><\/p>\n<p class=\"p2\"><span class=\"s1\">Pour d\u00e9sherber, on n\u2019utilise plus ici de produits phytosanitaires depuis plusieurs ann\u00e9es. Cette tache est donc principalement r\u00e9alis\u00e9e manuellement. D\u00e9sormais, le \u00ab\u00a0z\u00e9ro phyto\u00a0\u00bb concerne l\u2019ensemble des habitants. Depuis le 1er janvier dernier, l&rsquo;interdiction d&rsquo;utiliser des produits phytosanitaires pour ses plantes et dans son jardin concerne aussi les particuliers.<\/span><\/p>\n<p class=\"p2\"><span class=\"s1\">Les \u00e9coliers d\u00e9couvrent diff\u00e9rentes m\u00e9thodes, anciennes ou nouvelles, telles que l\u2019hydroseeding (le engazonnement par projection), utilis\u00e9 pour le sol du cimeti\u00e8re, ou encore la lutte int\u00e9gr\u00e9e, qui consiste \u00e0 utiliser des organismes vivants, tels que les insectes, ou leurs produits, pour pr\u00e9venir ou r\u00e9duire les d\u00e9g\u00e2ts caus\u00e9s par des ravageurs sur les productions. Install\u00e9 devant les serres, le Sicovad propose un atelier compost : pr\u00e9sentation de sa composition et de son utilit\u00e9.<\/span><\/p>\n<p class=\"p2\"><span class=\"s1\">Pour vous promener dans les serres et d\u00e9couvrir l\u2019exposition, rendez-vous ce samedi de 9h \u00e0 17h.<\/span><\/p>\n\n","protected":false},"excerpt":{"rendered":"<p>Ce samedi 4 mai, les serres municipales de Remiremont ouvriront leurs portes au public de 9h \u00e0 17h. Aujourd\u2019hui et [&hellip;]<\/p>\n","protected":false},"author":407,"featured_media":0,"comment_status":"open","ping_status":"open","sticky":false,"template":"","format":"standard","meta":{"footnotes":""},"categories":[26,4,165,1556,35],"tags":[],"class_list":["post-13722","post","type-post","status-publish","format-standard","hentry","category-a-la-une","category-culture","category-enseignement","category-remiremont-remiremont-son-canton-2","category-remiremont-son-canton"],"acf":[],"yoast_head":"<!-- This site is optimized with the Yoast SEO plugin v22.5 - https:\/\/yoast.com\/wordpress\/plugins\/seo\/ -->\n<title>Remiremont : les \u00e9coliers visitent les serres municipales - Remiremont Info<\/title>\n<meta name=\"robots\" content=\"index, follow, max-snippet:-1, max-image-preview:large, max-video-preview:-1\" \/>\n<link rel=\"canonical\" href=\"https:\/\/vosgesinfo.fr\/remiremontinfo\/2019\/05\/remiremont-ecoliers-visitent-serres-municipales\/\" \/>\n<meta name=\"twitter:card\" content=\"summary_large_image\" \/>\n<meta name=\"twitter:title\" content=\"Remiremont : les \u00e9coliers visitent les serres municipales - Remiremont Info\" \/>\n<meta name=\"twitter:description\" content=\"Ce samedi 4 mai, les serres municipales de Remiremont ouvriront leurs portes au public de 9h \u00e0 17h. Aujourd\u2019hui et [&hellip;]\" \/>\n<meta name=\"twitter:creator\" content=\"@VosgesInfo88\" \/>\n<meta name=\"twitter:site\" content=\"@VosgesInfo88\" \/>\n<meta name=\"twitter:label1\" content=\"\u00c9crit par\" \/>\n\t<meta name=\"twitter:data1\" content=\"C D\" \/>\n\t<meta name=\"twitter:label2\" content=\"Dur\u00e9e de lecture estim\u00e9e\" \/>\n\t<meta name=\"twitter:data2\" content=\"2 minutes\" \/>\n<script type=\"application\/ld+json\" class=\"yoast-schema-graph\">{\"@context\":\"https:\/\/schema.org\",\"@graph\":[{\"@type\":\"Article\",\"@id\":\"https:\/\/vosgesinfo.fr\/remiremontinfo\/2019\/05\/remiremont-ecoliers-visitent-serres-municipales\/#article\",\"isPartOf\":{\"@id\":\"https:\/\/vosgesinfo.fr\/remiremontinfo\/2019\/05\/remiremont-ecoliers-visitent-serres-municipales\/\"},\"author\":{\"name\":\"C D\",\"@id\":\"https:\/\/vosgesinfo.fr\/remiremontinfo\/#\/schema\/person\/3bfd164d5218a185b1db68655a265316\"},\"headline\":\"Remiremont : les \u00e9coliers visitent les serres municipales\",\"datePublished\":\"2019-05-02T09:04:15+00:00\",\"dateModified\":\"2019-05-02T09:04:15+00:00\",\"mainEntityOfPage\":{\"@id\":\"https:\/\/vosgesinfo.fr\/remiremontinfo\/2019\/05\/remiremont-ecoliers-visitent-serres-municipales\/\"},\"wordCount\":446,\"commentCount\":0,\"publisher\":{\"@id\":\"https:\/\/vosgesinfo.fr\/remiremontinfo\/#organization\"},\"articleSection\":[\"A la Une\",\"Culture\",\"Enseignement\",\"Remiremont\",\"Remiremont &amp; son canton\"],\"inLanguage\":\"fr-FR\",\"potentialAction\":[{\"@type\":\"CommentAction\",\"name\":\"Comment\",\"target\":[\"https:\/\/vosgesinfo.fr\/remiremontinfo\/2019\/05\/remiremont-ecoliers-visitent-serres-municipales\/#respond\"]}]},{\"@type\":\"WebPage\",\"@id\":\"https:\/\/vosgesinfo.fr\/remiremontinfo\/2019\/05\/remiremont-ecoliers-visitent-serres-municipales\/\",\"url\":\"https:\/\/vosgesinfo.fr\/remiremontinfo\/2019\/05\/remiremont-ecoliers-visitent-serres-municipales\/\",\"name\":\"Remiremont : les \u00e9coliers visitent les serres municipales - Remiremont Info\",\"isPartOf\":{\"@id\":\"https:\/\/vosgesinfo.fr\/remiremontinfo\/#website\"},\"datePublished\":\"2019-05-02T09:04:15+00:00\",\"dateModified\":\"2019-05-02T09:04:15+00:00\",\"breadcrumb\":{\"@id\":\"https:\/\/vosgesinfo.fr\/remiremontinfo\/2019\/05\/remiremont-ecoliers-visitent-serres-municipales\/#breadcrumb\"},\"inLanguage\":\"fr-FR\",\"potentialAction\":[{\"@type\":\"ReadAction\",\"target\":[\"https:\/\/vosgesinfo.fr\/remiremontinfo\/2019\/05\/remiremont-ecoliers-visitent-serres-municipales\/\"]}]},{\"@type\":\"BreadcrumbList\",\"@id\":\"https:\/\/vosgesinfo.fr\/remiremontinfo\/2019\/05\/remiremont-ecoliers-visitent-serres-municipales\/#breadcrumb\",\"itemListElement\":[{\"@type\":\"ListItem\",\"position\":1,\"name\":\"Home\",\"item\":\"https:\/\/vosgesinfo.fr\/remiremontinfo\/\"},{\"@type\":\"ListItem\",\"position\":2,\"name\":\"Remiremont : les \u00e9coliers visitent les serres municipales\"}]},{\"@type\":\"WebSite\",\"@id\":\"https:\/\/vosgesinfo.fr\/remiremontinfo\/#website\",\"url\":\"https:\/\/vosgesinfo.fr\/remiremontinfo\/\",\"name\":\"Remiremont Info\",\"description\":\"Toute l&#039;actualit\u00e9 de Remiremont\",\"publisher\":{\"@id\":\"https:\/\/vosgesinfo.fr\/remiremontinfo\/#organization\"},\"alternateName\":\"Toute l'actualit\u00e9 de Remiremont\",\"potentialAction\":[{\"@type\":\"SearchAction\",\"target\":{\"@type\":\"EntryPoint\",\"urlTemplate\":\"https:\/\/vosgesinfo.fr\/remiremontinfo\/?s={search_term_string}\"},\"query-input\":\"required name=search_term_string\"}],\"inLanguage\":\"fr-FR\"},{\"@type\":\"Organization\",\"@id\":\"https:\/\/vosgesinfo.fr\/remiremontinfo\/#organization\",\"name\":\"Remiremont Info\",\"url\":\"https:\/\/vosgesinfo.fr\/remiremontinfo\/\",\"logo\":{\"@type\":\"ImageObject\",\"inLanguage\":\"fr-FR\",\"@id\":\"https:\/\/vosgesinfo.fr\/remiremontinfo\/#\/schema\/logo\/image\/\",\"url\":\"https:\/\/vosgesinfo.fr\/app\/uploads\/sites\/5\/2023\/08\/favicon-remiremontinfo.png\",\"contentUrl\":\"https:\/\/vosgesinfo.fr\/app\/uploads\/sites\/5\/2023\/08\/favicon-remiremontinfo.png\",\"width\":512,\"height\":512,\"caption\":\"Remiremont Info\"},\"image\":{\"@id\":\"https:\/\/vosgesinfo.fr\/remiremontinfo\/#\/schema\/logo\/image\/\"},\"sameAs\":[\"https:\/\/www.facebook.com\/remiremontinfo\",\"https:\/\/x.com\/VosgesInfo88\",\"https:\/\/www.youtube.com\/@vosgesinfo\"]},{\"@type\":\"Person\",\"@id\":\"https:\/\/vosgesinfo.fr\/remiremontinfo\/#\/schema\/person\/3bfd164d5218a185b1db68655a265316\",\"name\":\"C D\",\"image\":{\"@type\":\"ImageObject\",\"inLanguage\":\"fr-FR\",\"@id\":\"https:\/\/vosgesinfo.fr\/remiremontinfo\/#\/schema\/person\/image\/\",\"url\":\"https:\/\/secure.gravatar.com\/avatar\/1f9a70007336511a47468b8f1c66f922b8b7cf617b02a31149ada43893a5d48f?s=96&d=mm&r=g\",\"contentUrl\":\"https:\/\/secure.gravatar.com\/avatar\/1f9a70007336511a47468b8f1c66f922b8b7cf617b02a31149ada43893a5d48f?s=96&d=mm&r=g\",\"caption\":\"C D\"},\"url\":\"https:\/\/vosgesinfo.fr\/remiremontinfo\/author\/cedric-drevet\/\"}]}<\/script>\n<!-- \/ Yoast SEO plugin. -->","yoast_head_json":{"title":"Remiremont : les \u00e9coliers visitent les serres municipales - Remiremont Info","robots":{"index":"index","follow":"follow","max-snippet":"max-snippet:-1","max-image-preview":"max-image-preview:large","max-video-preview":"max-video-preview:-1"},"canonical":"https:\/\/vosgesinfo.fr\/remiremontinfo\/2019\/05\/remiremont-ecoliers-visitent-serres-municipales\/","twitter_card":"summary_large_image","twitter_title":"Remiremont : les \u00e9coliers visitent les serres municipales - Remiremont Info","twitter_description":"Ce samedi 4 mai, les serres municipales de Remiremont ouvriront leurs portes au public de 9h \u00e0 17h. Aujourd\u2019hui et [&hellip;]","twitter_creator":"@VosgesInfo88","twitter_site":"@VosgesInfo88","twitter_misc":{"\u00c9crit par":"C D","Dur\u00e9e de lecture estim\u00e9e":"2 minutes"},"schema":{"@context":"https:\/\/schema.org","@graph":[{"@type":"Article","@id":"https:\/\/vosgesinfo.fr\/remiremontinfo\/2019\/05\/remiremont-ecoliers-visitent-serres-municipales\/#article","isPartOf":{"@id":"https:\/\/vosgesinfo.fr\/remiremontinfo\/2019\/05\/remiremont-ecoliers-visitent-serres-municipales\/"},"author":{"name":"C D","@id":"https:\/\/vosgesinfo.fr\/remiremontinfo\/#\/schema\/person\/3bfd164d5218a185b1db68655a265316"},"headline":"Remiremont : les \u00e9coliers visitent les serres municipales","datePublished":"2019-05-02T09:04:15+00:00","dateModified":"2019-05-02T09:04:15+00:00","mainEntityOfPage":{"@id":"https:\/\/vosgesinfo.fr\/remiremontinfo\/2019\/05\/remiremont-ecoliers-visitent-serres-municipales\/"},"wordCount":446,"commentCount":0,"publisher":{"@id":"https:\/\/vosgesinfo.fr\/remiremontinfo\/#organization"},"articleSection":["A la Une","Culture","Enseignement","Remiremont","Remiremont &amp; son canton"],"inLanguage":"fr-FR","potentialAction":[{"@type":"CommentAction","name":"Comment","target":["https:\/\/vosgesinfo.fr\/remiremontinfo\/2019\/05\/remiremont-ecoliers-visitent-serres-municipales\/#respond"]}]},{"@type":"WebPage","@id":"https:\/\/vosgesinfo.fr\/remiremontinfo\/2019\/05\/remiremont-ecoliers-visitent-serres-municipales\/","url":"https:\/\/vosgesinfo.fr\/remiremontinfo\/2019\/05\/remiremont-ecoliers-visitent-serres-municipales\/","name":"Remiremont : les \u00e9coliers visitent les serres municipales - Remiremont Info","isPartOf":{"@id":"https:\/\/vosgesinfo.fr\/remiremontinfo\/#website"},"datePublished":"2019-05-02T09:04:15+00:00","dateModified":"2019-05-02T09:04:15+00:00","breadcrumb":{"@id":"https:\/\/vosgesinfo.fr\/remiremontinfo\/2019\/05\/remiremont-ecoliers-visitent-serres-municipales\/#breadcrumb"},"inLanguage":"fr-FR","potentialAction":[{"@type":"ReadAction","target":["https:\/\/vosgesinfo.fr\/remiremontinfo\/2019\/05\/remiremont-ecoliers-visitent-serres-municipales\/"]}]},{"@type":"BreadcrumbList","@id":"https:\/\/vosgesinfo.fr\/remiremontinfo\/2019\/05\/remiremont-ecoliers-visitent-serres-municipales\/#breadcrumb","itemListElement":[{"@type":"ListItem","position":1,"name":"Home","item":"https:\/\/vosgesinfo.fr\/remiremontinfo\/"},{"@type":"ListItem","position":2,"name":"Remiremont : les \u00e9coliers visitent les serres municipales"}]},{"@type":"WebSite","@id":"https:\/\/vosgesinfo.fr\/remiremontinfo\/#website","url":"https:\/\/vosgesinfo.fr\/remiremontinfo\/","name":"Remiremont Info","description":"Toute l&#039;actualit\u00e9 de Remiremont","publisher":{"@id":"https:\/\/vosgesinfo.fr\/remiremontinfo\/#organization"},"alternateName":"Toute l'actualit\u00e9 de Remiremont","potentialAction":[{"@type":"SearchAction","target":{"@type":"EntryPoint","urlTemplate":"https:\/\/vosgesinfo.fr\/remiremontinfo\/?s={search_term_string}"},"query-input":"required name=search_term_string"}],"inLanguage":"fr-FR"},{"@type":"Organization","@id":"https:\/\/vosgesinfo.fr\/remiremontinfo\/#organization","name":"Remiremont Info","url":"https:\/\/vosgesinfo.fr\/remiremontinfo\/","logo":{"@type":"ImageObject","inLanguage":"fr-FR","@id":"https:\/\/vosgesinfo.fr\/remiremontinfo\/#\/schema\/logo\/image\/","url":"https:\/\/vosgesinfo.fr\/app\/uploads\/sites\/5\/2023\/08\/favicon-remiremontinfo.png","contentUrl":"https:\/\/vosgesinfo.fr\/app\/uploads\/sites\/5\/2023\/08\/favicon-remiremontinfo.png","width":512,"height":512,"caption":"Remiremont Info"},"image":{"@id":"https:\/\/vosgesinfo.fr\/remiremontinfo\/#\/schema\/logo\/image\/"},"sameAs":["https:\/\/www.facebook.com\/remiremontinfo","https:\/\/x.com\/VosgesInfo88","https:\/\/www.youtube.com\/@vosgesinfo"]},{"@type":"Person","@id":"https:\/\/vosgesinfo.fr\/remiremontinfo\/#\/schema\/person\/3bfd164d5218a185b1db68655a265316","name":"C D","image":{"@type":"ImageObject","inLanguage":"fr-FR","@id":"https:\/\/vosgesinfo.fr\/remiremontinfo\/#\/schema\/person\/image\/","url":"https:\/\/secure.gravatar.com\/avatar\/1f9a70007336511a47468b8f1c66f922b8b7cf617b02a31149ada43893a5d48f?s=96&d=mm&r=g","contentUrl":"https:\/\/secure.gravatar.com\/avatar\/1f9a70007336511a47468b8f1c66f922b8b7cf617b02a31149ada43893a5d48f?s=96&d=mm&r=g","caption":"C D"},"url":"https:\/\/vosgesinfo.fr\/remiremontinfo\/author\/cedric-drevet\/"}]}},"_links":{"self":[{"href":"https:\/\/vosgesinfo.fr\/remiremontinfo\/wp-json\/wp\/v2\/posts\/13722","targetHints":{"allow":["GET"]}}],"collection":[{"href":"https:\/\/vosgesinfo.fr\/remiremontinfo\/wp-json\/wp\/v2\/posts"}],"about":[{"href":"https:\/\/vosgesinfo.fr\/remiremontinfo\/wp-json\/wp\/v2\/types\/post"}],"author":[{"embeddable":true,"href":"https:\/\/vosgesinfo.fr\/remiremontinfo\/wp-json\/wp\/v2\/users\/407"}],"replies":[{"embeddable":true,"href":"https:\/\/vosgesinfo.fr\/remiremontinfo\/wp-json\/wp\/v2\/comments?post=13722"}],"version-history":[{"count":0,"href":"https:\/\/vosgesinfo.fr\/remiremontinfo\/wp-json\/wp\/v2\/posts\/13722\/revisions"}],"wp:attachment":[{"href":"https:\/\/vosgesinfo.fr\/remiremontinfo\/wp-json\/wp\/v2\/media?parent=13722"}],"wp:term":[{"taxonomy":"category","embeddable":true,"href":"https:\/\/vosgesinfo.fr\/remiremontinfo\/wp-json\/wp\/v2\/categories?post=13722"},{"taxonomy":"post_tag","embeddable":true,"href":"https:\/\/vosgesinfo.fr\/remiremontinfo\/wp-json\/wp\/v2\/tags?post=13722"}],"curies":[{"name":"wp","href":"https:\/\/api.w.org\/{rel}","templated":true}]}}