{"id":13795,"date":"2019-05-04T09:16:17","date_gmt":"2019-05-04T07:16:17","guid":{"rendered":"https:\/\/vosgesinfo.fr\/remiremontinfo\/2019\/05\/remiremont-foire-aux-livres-doccasion-damnesty-international-grand-salon-de-lhotel-de-ville\/"},"modified":"2019-05-04T09:16:17","modified_gmt":"2019-05-04T07:16:17","slug":"remiremont-foire-aux-livres-doccasion-damnesty-international-grand-salon-de-lhotel-de-ville","status":"publish","type":"post","link":"https:\/\/vosgesinfo.fr\/remiremontinfo\/2019\/05\/remiremont-foire-aux-livres-doccasion-damnesty-international-grand-salon-de-lhotel-de-ville\/","title":{"rendered":"Remiremont : Foire aux livres d&rsquo;occasion d&rsquo;Amnesty International au grand salon de l&rsquo;Hotel de Ville"},"content":{"rendered":"<h2><a href=\"\/2019\/05\/P1090128-e1556961124829.jpg\"><img decoding=\"async\" class=\"alignnone size-large wp-image-258288\" src=\"\/2019\/05\/P1090128-1024x768.jpg\" alt=\"P1090128\" width=\"960\" height=\"720\" \/><\/a><span style=\"font-size: 12pt;\"><strong>Le groupe Amnesty International de Remiremont vous invite \u00e0 sa Foire aux livres d&rsquo;occasion annuelle ce samedi et ce dimanche de 9h30 \u00e0 18h dans le grand salon de l&rsquo;Hotel de Ville.<\/strong><\/span><\/h2>\n<p>Dans les all\u00e9es install\u00e9es dans le grand salon, on trouve\u00a0des livres de toutes sortes (romans policiers, historiques, documentaires etc) \u00e0 des prix tr\u00e8s modiques. Les b\u00e9n\u00e9fices de la vente de ces livres d&rsquo;occasion servent \u00e0 financer les actions de l&rsquo;association au niveau national et international, \u00e0 soutenir l&rsquo;association Primo Levi qui soigne les anciens prisonniers ayant subi la torture.<\/p>\n<p>L&rsquo;association Amnesty International a pour principe la d\u00e9fense des droits humains fondamentaux en se basant sur la D\u00e9claration Universelle des droits de l&rsquo;Homme de 1948. Ses actions actuelles consistent principalement \u00e0 exiger la lib\u00e9ration de prisonniers d&rsquo;opinion, l&rsquo;abolition de la torture, l&rsquo;accueil des r\u00e9fugi\u00e9s, \u00e0 d\u00e9noncer les violations des droits des personnes d\u00e9plac\u00e9es, \u00e0 d\u00e9fendre les femmes victimes de violences.<\/p>\n\n<p>&nbsp;<\/p>\n","protected":false},"excerpt":{"rendered":"<p>Le groupe Amnesty International de Remiremont vous invite \u00e0 sa Foire aux livres d&rsquo;occasion annuelle ce samedi et ce dimanche [&hellip;]<\/p>\n","protected":false},"author":407,"featured_media":13796,"comment_status":"open","ping_status":"open","sticky":false,"template":"","format":"standard","meta":{"footnotes":""},"categories":[26,4,1556,35,17],"tags":[],"class_list":["post-13795","post","type-post","status-publish","format-standard","has-post-thumbnail","hentry","category-a-la-une","category-culture","category-remiremont-remiremont-son-canton-2","category-remiremont-son-canton","category-vie-associative"],"acf":[],"yoast_head":"<!-- This site is optimized with the Yoast SEO plugin v22.5 - https:\/\/yoast.com\/wordpress\/plugins\/seo\/ -->\n<title>Remiremont : Foire aux livres d&#039;occasion d&#039;Amnesty International au grand salon de l&#039;Hotel de Ville - Remiremont Info<\/title>\n<meta name=\"robots\" content=\"index, follow, max-snippet:-1, max-image-preview:large, max-video-preview:-1\" \/>\n<link rel=\"canonical\" href=\"https:\/\/vosgesinfo.fr\/remiremontinfo\/2019\/05\/remiremont-foire-aux-livres-doccasion-damnesty-international-grand-salon-de-lhotel-de-ville\/\" \/>\n<meta name=\"twitter:card\" content=\"summary_large_image\" \/>\n<meta name=\"twitter:title\" content=\"Remiremont : Foire aux livres d&#039;occasion d&#039;Amnesty International au grand salon de l&#039;Hotel de Ville - Remiremont Info\" \/>\n<meta name=\"twitter:description\" content=\"Le groupe Amnesty International de Remiremont vous invite \u00e0 sa Foire aux livres d&rsquo;occasion annuelle ce samedi et ce dimanche [&hellip;]\" \/>\n<meta name=\"twitter:image\" content=\"https:\/\/vosgesinfo.fr\/app\/uploads\/sites\/5\/2024\/09\/201905p1090128-e1556961124829.jpg\" \/>\n<meta name=\"twitter:creator\" content=\"@VosgesInfo88\" \/>\n<meta name=\"twitter:site\" content=\"@VosgesInfo88\" \/>\n<meta name=\"twitter:label1\" content=\"\u00c9crit par\" \/>\n\t<meta name=\"twitter:data1\" content=\"C D\" \/>\n\t<meta name=\"twitter:label2\" content=\"Dur\u00e9e de lecture estim\u00e9e\" \/>\n\t<meta name=\"twitter:data2\" content=\"1 minute\" \/>\n<script type=\"application\/ld+json\" class=\"yoast-schema-graph\">{\"@context\":\"https:\/\/schema.org\",\"@graph\":[{\"@type\":\"Article\",\"@id\":\"https:\/\/vosgesinfo.fr\/remiremontinfo\/2019\/05\/remiremont-foire-aux-livres-doccasion-damnesty-international-grand-salon-de-lhotel-de-ville\/#article\",\"isPartOf\":{\"@id\":\"https:\/\/vosgesinfo.fr\/remiremontinfo\/2019\/05\/remiremont-foire-aux-livres-doccasion-damnesty-international-grand-salon-de-lhotel-de-ville\/\"},\"author\":{\"name\":\"C D\",\"@id\":\"https:\/\/vosgesinfo.fr\/remiremontinfo\/#\/schema\/person\/3bfd164d5218a185b1db68655a265316\"},\"headline\":\"Remiremont : Foire aux livres d&rsquo;occasion d&rsquo;Amnesty International au grand salon de l&rsquo;Hotel de Ville\",\"datePublished\":\"2019-05-04T07:16:17+00:00\",\"dateModified\":\"2019-05-04T07:16:17+00:00\",\"mainEntityOfPage\":{\"@id\":\"https:\/\/vosgesinfo.fr\/remiremontinfo\/2019\/05\/remiremont-foire-aux-livres-doccasion-damnesty-international-grand-salon-de-lhotel-de-ville\/\"},\"wordCount\":195,\"commentCount\":0,\"publisher\":{\"@id\":\"https:\/\/vosgesinfo.fr\/remiremontinfo\/#organization\"},\"image\":{\"@id\":\"https:\/\/vosgesinfo.fr\/remiremontinfo\/2019\/05\/remiremont-foire-aux-livres-doccasion-damnesty-international-grand-salon-de-lhotel-de-ville\/#primaryimage\"},\"thumbnailUrl\":\"https:\/\/vosgesinfo.fr\/app\/uploads\/sites\/5\/2024\/09\/201905p1090128-e1556961124829.jpg\",\"articleSection\":[\"A la Une\",\"Culture\",\"Remiremont\",\"Remiremont &amp; son canton\",\"Vie associative\"],\"inLanguage\":\"fr-FR\",\"potentialAction\":[{\"@type\":\"CommentAction\",\"name\":\"Comment\",\"target\":[\"https:\/\/vosgesinfo.fr\/remiremontinfo\/2019\/05\/remiremont-foire-aux-livres-doccasion-damnesty-international-grand-salon-de-lhotel-de-ville\/#respond\"]}]},{\"@type\":\"WebPage\",\"@id\":\"https:\/\/vosgesinfo.fr\/remiremontinfo\/2019\/05\/remiremont-foire-aux-livres-doccasion-damnesty-international-grand-salon-de-lhotel-de-ville\/\",\"url\":\"https:\/\/vosgesinfo.fr\/remiremontinfo\/2019\/05\/remiremont-foire-aux-livres-doccasion-damnesty-international-grand-salon-de-lhotel-de-ville\/\",\"name\":\"Remiremont : Foire aux livres d'occasion d'Amnesty International au grand salon de l'Hotel de Ville - Remiremont Info\",\"isPartOf\":{\"@id\":\"https:\/\/vosgesinfo.fr\/remiremontinfo\/#website\"},\"primaryImageOfPage\":{\"@id\":\"https:\/\/vosgesinfo.fr\/remiremontinfo\/2019\/05\/remiremont-foire-aux-livres-doccasion-damnesty-international-grand-salon-de-lhotel-de-ville\/#primaryimage\"},\"image\":{\"@id\":\"https:\/\/vosgesinfo.fr\/remiremontinfo\/2019\/05\/remiremont-foire-aux-livres-doccasion-damnesty-international-grand-salon-de-lhotel-de-ville\/#primaryimage\"},\"thumbnailUrl\":\"https:\/\/vosgesinfo.fr\/app\/uploads\/sites\/5\/2024\/09\/201905p1090128-e1556961124829.jpg\",\"datePublished\":\"2019-05-04T07:16:17+00:00\",\"dateModified\":\"2019-05-04T07:16:17+00:00\",\"breadcrumb\":{\"@id\":\"https:\/\/vosgesinfo.fr\/remiremontinfo\/2019\/05\/remiremont-foire-aux-livres-doccasion-damnesty-international-grand-salon-de-lhotel-de-ville\/#breadcrumb\"},\"inLanguage\":\"fr-FR\",\"potentialAction\":[{\"@type\":\"ReadAction\",\"target\":[\"https:\/\/vosgesinfo.fr\/remiremontinfo\/2019\/05\/remiremont-foire-aux-livres-doccasion-damnesty-international-grand-salon-de-lhotel-de-ville\/\"]}]},{\"@type\":\"ImageObject\",\"inLanguage\":\"fr-FR\",\"@id\":\"https:\/\/vosgesinfo.fr\/remiremontinfo\/2019\/05\/remiremont-foire-aux-livres-doccasion-damnesty-international-grand-salon-de-lhotel-de-ville\/#primaryimage\",\"url\":\"https:\/\/vosgesinfo.fr\/app\/uploads\/sites\/5\/2024\/09\/201905p1090128-e1556961124829.jpg\",\"contentUrl\":\"https:\/\/vosgesinfo.fr\/app\/uploads\/sites\/5\/2024\/09\/201905p1090128-e1556961124829.jpg\",\"width\":960,\"height\":720},{\"@type\":\"BreadcrumbList\",\"@id\":\"https:\/\/vosgesinfo.fr\/remiremontinfo\/2019\/05\/remiremont-foire-aux-livres-doccasion-damnesty-international-grand-salon-de-lhotel-de-ville\/#breadcrumb\",\"itemListElement\":[{\"@type\":\"ListItem\",\"position\":1,\"name\":\"Home\",\"item\":\"https:\/\/vosgesinfo.fr\/remiremontinfo\/\"},{\"@type\":\"ListItem\",\"position\":2,\"name\":\"Remiremont : Foire aux livres d&rsquo;occasion d&rsquo;Amnesty International au grand salon de l&rsquo;Hotel de Ville\"}]},{\"@type\":\"WebSite\",\"@id\":\"https:\/\/vosgesinfo.fr\/remiremontinfo\/#website\",\"url\":\"https:\/\/vosgesinfo.fr\/remiremontinfo\/\",\"name\":\"Remiremont Info\",\"description\":\"Toute l&#039;actualit\u00e9 de Remiremont\",\"publisher\":{\"@id\":\"https:\/\/vosgesinfo.fr\/remiremontinfo\/#organization\"},\"alternateName\":\"Toute l'actualit\u00e9 de Remiremont\",\"potentialAction\":[{\"@type\":\"SearchAction\",\"target\":{\"@type\":\"EntryPoint\",\"urlTemplate\":\"https:\/\/vosgesinfo.fr\/remiremontinfo\/?s={search_term_string}\"},\"query-input\":\"required name=search_term_string\"}],\"inLanguage\":\"fr-FR\"},{\"@type\":\"Organization\",\"@id\":\"https:\/\/vosgesinfo.fr\/remiremontinfo\/#organization\",\"name\":\"Remiremont Info\",\"url\":\"https:\/\/vosgesinfo.fr\/remiremontinfo\/\",\"logo\":{\"@type\":\"ImageObject\",\"inLanguage\":\"fr-FR\",\"@id\":\"https:\/\/vosgesinfo.fr\/remiremontinfo\/#\/schema\/logo\/image\/\",\"url\":\"https:\/\/vosgesinfo.fr\/app\/uploads\/sites\/5\/2023\/08\/favicon-remiremontinfo.png\",\"contentUrl\":\"https:\/\/vosgesinfo.fr\/app\/uploads\/sites\/5\/2023\/08\/favicon-remiremontinfo.png\",\"width\":512,\"height\":512,\"caption\":\"Remiremont Info\"},\"image\":{\"@id\":\"https:\/\/vosgesinfo.fr\/remiremontinfo\/#\/schema\/logo\/image\/\"},\"sameAs\":[\"https:\/\/www.facebook.com\/remiremontinfo\",\"https:\/\/x.com\/VosgesInfo88\",\"https:\/\/www.youtube.com\/@vosgesinfo\"]},{\"@type\":\"Person\",\"@id\":\"https:\/\/vosgesinfo.fr\/remiremontinfo\/#\/schema\/person\/3bfd164d5218a185b1db68655a265316\",\"name\":\"C D\",\"image\":{\"@type\":\"ImageObject\",\"inLanguage\":\"fr-FR\",\"@id\":\"https:\/\/vosgesinfo.fr\/remiremontinfo\/#\/schema\/person\/image\/\",\"url\":\"https:\/\/secure.gravatar.com\/avatar\/1f9a70007336511a47468b8f1c66f922b8b7cf617b02a31149ada43893a5d48f?s=96&d=mm&r=g\",\"contentUrl\":\"https:\/\/secure.gravatar.com\/avatar\/1f9a70007336511a47468b8f1c66f922b8b7cf617b02a31149ada43893a5d48f?s=96&d=mm&r=g\",\"caption\":\"C D\"},\"url\":\"https:\/\/vosgesinfo.fr\/remiremontinfo\/author\/cedric-drevet\/\"}]}<\/script>\n<!-- \/ Yoast SEO plugin. -->","yoast_head_json":{"title":"Remiremont : Foire aux livres d'occasion d'Amnesty International au grand salon de l'Hotel de Ville - Remiremont Info","robots":{"index":"index","follow":"follow","max-snippet":"max-snippet:-1","max-image-preview":"max-image-preview:large","max-video-preview":"max-video-preview:-1"},"canonical":"https:\/\/vosgesinfo.fr\/remiremontinfo\/2019\/05\/remiremont-foire-aux-livres-doccasion-damnesty-international-grand-salon-de-lhotel-de-ville\/","twitter_card":"summary_large_image","twitter_title":"Remiremont : Foire aux livres d'occasion d'Amnesty International au grand salon de l'Hotel de Ville - Remiremont Info","twitter_description":"Le groupe Amnesty International de Remiremont vous invite \u00e0 sa Foire aux livres d&rsquo;occasion annuelle ce samedi et ce dimanche [&hellip;]","twitter_image":"https:\/\/vosgesinfo.fr\/app\/uploads\/sites\/5\/2024\/09\/201905p1090128-e1556961124829.jpg","twitter_creator":"@VosgesInfo88","twitter_site":"@VosgesInfo88","twitter_misc":{"\u00c9crit par":"C D","Dur\u00e9e de lecture estim\u00e9e":"1 minute"},"schema":{"@context":"https:\/\/schema.org","@graph":[{"@type":"Article","@id":"https:\/\/vosgesinfo.fr\/remiremontinfo\/2019\/05\/remiremont-foire-aux-livres-doccasion-damnesty-international-grand-salon-de-lhotel-de-ville\/#article","isPartOf":{"@id":"https:\/\/vosgesinfo.fr\/remiremontinfo\/2019\/05\/remiremont-foire-aux-livres-doccasion-damnesty-international-grand-salon-de-lhotel-de-ville\/"},"author":{"name":"C D","@id":"https:\/\/vosgesinfo.fr\/remiremontinfo\/#\/schema\/person\/3bfd164d5218a185b1db68655a265316"},"headline":"Remiremont : Foire aux livres d&rsquo;occasion d&rsquo;Amnesty International au grand salon de l&rsquo;Hotel de Ville","datePublished":"2019-05-04T07:16:17+00:00","dateModified":"2019-05-04T07:16:17+00:00","mainEntityOfPage":{"@id":"https:\/\/vosgesinfo.fr\/remiremontinfo\/2019\/05\/remiremont-foire-aux-livres-doccasion-damnesty-international-grand-salon-de-lhotel-de-ville\/"},"wordCount":195,"commentCount":0,"publisher":{"@id":"https:\/\/vosgesinfo.fr\/remiremontinfo\/#organization"},"image":{"@id":"https:\/\/vosgesinfo.fr\/remiremontinfo\/2019\/05\/remiremont-foire-aux-livres-doccasion-damnesty-international-grand-salon-de-lhotel-de-ville\/#primaryimage"},"thumbnailUrl":"https:\/\/vosgesinfo.fr\/app\/uploads\/sites\/5\/2024\/09\/201905p1090128-e1556961124829.jpg","articleSection":["A la Une","Culture","Remiremont","Remiremont &amp; son canton","Vie associative"],"inLanguage":"fr-FR","potentialAction":[{"@type":"CommentAction","name":"Comment","target":["https:\/\/vosgesinfo.fr\/remiremontinfo\/2019\/05\/remiremont-foire-aux-livres-doccasion-damnesty-international-grand-salon-de-lhotel-de-ville\/#respond"]}]},{"@type":"WebPage","@id":"https:\/\/vosgesinfo.fr\/remiremontinfo\/2019\/05\/remiremont-foire-aux-livres-doccasion-damnesty-international-grand-salon-de-lhotel-de-ville\/","url":"https:\/\/vosgesinfo.fr\/remiremontinfo\/2019\/05\/remiremont-foire-aux-livres-doccasion-damnesty-international-grand-salon-de-lhotel-de-ville\/","name":"Remiremont : Foire aux livres d'occasion d'Amnesty International au grand salon de l'Hotel de Ville - Remiremont Info","isPartOf":{"@id":"https:\/\/vosgesinfo.fr\/remiremontinfo\/#website"},"primaryImageOfPage":{"@id":"https:\/\/vosgesinfo.fr\/remiremontinfo\/2019\/05\/remiremont-foire-aux-livres-doccasion-damnesty-international-grand-salon-de-lhotel-de-ville\/#primaryimage"},"image":{"@id":"https:\/\/vosgesinfo.fr\/remiremontinfo\/2019\/05\/remiremont-foire-aux-livres-doccasion-damnesty-international-grand-salon-de-lhotel-de-ville\/#primaryimage"},"thumbnailUrl":"https:\/\/vosgesinfo.fr\/app\/uploads\/sites\/5\/2024\/09\/201905p1090128-e1556961124829.jpg","datePublished":"2019-05-04T07:16:17+00:00","dateModified":"2019-05-04T07:16:17+00:00","breadcrumb":{"@id":"https:\/\/vosgesinfo.fr\/remiremontinfo\/2019\/05\/remiremont-foire-aux-livres-doccasion-damnesty-international-grand-salon-de-lhotel-de-ville\/#breadcrumb"},"inLanguage":"fr-FR","potentialAction":[{"@type":"ReadAction","target":["https:\/\/vosgesinfo.fr\/remiremontinfo\/2019\/05\/remiremont-foire-aux-livres-doccasion-damnesty-international-grand-salon-de-lhotel-de-ville\/"]}]},{"@type":"ImageObject","inLanguage":"fr-FR","@id":"https:\/\/vosgesinfo.fr\/remiremontinfo\/2019\/05\/remiremont-foire-aux-livres-doccasion-damnesty-international-grand-salon-de-lhotel-de-ville\/#primaryimage","url":"https:\/\/vosgesinfo.fr\/app\/uploads\/sites\/5\/2024\/09\/201905p1090128-e1556961124829.jpg","contentUrl":"https:\/\/vosgesinfo.fr\/app\/uploads\/sites\/5\/2024\/09\/201905p1090128-e1556961124829.jpg","width":960,"height":720},{"@type":"BreadcrumbList","@id":"https:\/\/vosgesinfo.fr\/remiremontinfo\/2019\/05\/remiremont-foire-aux-livres-doccasion-damnesty-international-grand-salon-de-lhotel-de-ville\/#breadcrumb","itemListElement":[{"@type":"ListItem","position":1,"name":"Home","item":"https:\/\/vosgesinfo.fr\/remiremontinfo\/"},{"@type":"ListItem","position":2,"name":"Remiremont : Foire aux livres d&rsquo;occasion d&rsquo;Amnesty International au grand salon de l&rsquo;Hotel de Ville"}]},{"@type":"WebSite","@id":"https:\/\/vosgesinfo.fr\/remiremontinfo\/#website","url":"https:\/\/vosgesinfo.fr\/remiremontinfo\/","name":"Remiremont Info","description":"Toute l&#039;actualit\u00e9 de Remiremont","publisher":{"@id":"https:\/\/vosgesinfo.fr\/remiremontinfo\/#organization"},"alternateName":"Toute l'actualit\u00e9 de Remiremont","potentialAction":[{"@type":"SearchAction","target":{"@type":"EntryPoint","urlTemplate":"https:\/\/vosgesinfo.fr\/remiremontinfo\/?s={search_term_string}"},"query-input":"required name=search_term_string"}],"inLanguage":"fr-FR"},{"@type":"Organization","@id":"https:\/\/vosgesinfo.fr\/remiremontinfo\/#organization","name":"Remiremont Info","url":"https:\/\/vosgesinfo.fr\/remiremontinfo\/","logo":{"@type":"ImageObject","inLanguage":"fr-FR","@id":"https:\/\/vosgesinfo.fr\/remiremontinfo\/#\/schema\/logo\/image\/","url":"https:\/\/vosgesinfo.fr\/app\/uploads\/sites\/5\/2023\/08\/favicon-remiremontinfo.png","contentUrl":"https:\/\/vosgesinfo.fr\/app\/uploads\/sites\/5\/2023\/08\/favicon-remiremontinfo.png","width":512,"height":512,"caption":"Remiremont Info"},"image":{"@id":"https:\/\/vosgesinfo.fr\/remiremontinfo\/#\/schema\/logo\/image\/"},"sameAs":["https:\/\/www.facebook.com\/remiremontinfo","https:\/\/x.com\/VosgesInfo88","https:\/\/www.youtube.com\/@vosgesinfo"]},{"@type":"Person","@id":"https:\/\/vosgesinfo.fr\/remiremontinfo\/#\/schema\/person\/3bfd164d5218a185b1db68655a265316","name":"C D","image":{"@type":"ImageObject","inLanguage":"fr-FR","@id":"https:\/\/vosgesinfo.fr\/remiremontinfo\/#\/schema\/person\/image\/","url":"https:\/\/secure.gravatar.com\/avatar\/1f9a70007336511a47468b8f1c66f922b8b7cf617b02a31149ada43893a5d48f?s=96&d=mm&r=g","contentUrl":"https:\/\/secure.gravatar.com\/avatar\/1f9a70007336511a47468b8f1c66f922b8b7cf617b02a31149ada43893a5d48f?s=96&d=mm&r=g","caption":"C D"},"url":"https:\/\/vosgesinfo.fr\/remiremontinfo\/author\/cedric-drevet\/"}]}},"_links":{"self":[{"href":"https:\/\/vosgesinfo.fr\/remiremontinfo\/wp-json\/wp\/v2\/posts\/13795","targetHints":{"allow":["GET"]}}],"collection":[{"href":"https:\/\/vosgesinfo.fr\/remiremontinfo\/wp-json\/wp\/v2\/posts"}],"about":[{"href":"https:\/\/vosgesinfo.fr\/remiremontinfo\/wp-json\/wp\/v2\/types\/post"}],"author":[{"embeddable":true,"href":"https:\/\/vosgesinfo.fr\/remiremontinfo\/wp-json\/wp\/v2\/users\/407"}],"replies":[{"embeddable":true,"href":"https:\/\/vosgesinfo.fr\/remiremontinfo\/wp-json\/wp\/v2\/comments?post=13795"}],"version-history":[{"count":0,"href":"https:\/\/vosgesinfo.fr\/remiremontinfo\/wp-json\/wp\/v2\/posts\/13795\/revisions"}],"wp:featuredmedia":[{"embeddable":true,"href":"https:\/\/vosgesinfo.fr\/remiremontinfo\/wp-json\/wp\/v2\/media\/13796"}],"wp:attachment":[{"href":"https:\/\/vosgesinfo.fr\/remiremontinfo\/wp-json\/wp\/v2\/media?parent=13795"}],"wp:term":[{"taxonomy":"category","embeddable":true,"href":"https:\/\/vosgesinfo.fr\/remiremontinfo\/wp-json\/wp\/v2\/categories?post=13795"},{"taxonomy":"post_tag","embeddable":true,"href":"https:\/\/vosgesinfo.fr\/remiremontinfo\/wp-json\/wp\/v2\/tags?post=13795"}],"curies":[{"name":"wp","href":"https:\/\/api.w.org\/{rel}","templated":true}]}}