{"id":13826,"date":"2019-05-04T08:25:06","date_gmt":"2019-05-04T06:25:06","guid":{"rendered":"https:\/\/vosgesinfo.fr\/remiremontinfo\/2019\/05\/elections-europeennes-de-33-listes-ont-ete-deposees\/"},"modified":"2019-05-04T08:25:06","modified_gmt":"2019-05-04T06:25:06","slug":"elections-europeennes-de-33-listes-ont-ete-deposees","status":"publish","type":"post","link":"https:\/\/vosgesinfo.fr\/remiremontinfo\/2019\/05\/elections-europeennes-de-33-listes-ont-ete-deposees\/","title":{"rendered":"Elections europ\u00e9ennes : pas moins de 33 listes ont \u00e9t\u00e9 d\u00e9pos\u00e9es !"},"content":{"rendered":"<h2 class=\"p2\"><a href=\"\/2019\/02\/vote-3569999_1280.jpg\"><img decoding=\"async\" class=\"alignnone size-large wp-image-253345\" src=\"\/2019\/02\/vote-3569999_1280-1024x638.jpg\" alt=\"vote-3569999_1280\" width=\"960\" height=\"598\" \/><\/a><\/h2>\n<h2 class=\"p2\"><span style=\"font-size: 12pt;\"><strong>Les communes des villages vosgiens vont-elles devoir investir dans de nouveaux panneaux d\u2019affichage ? En tout cas, il faudra trouver de la place pour pr\u00e9senter les affiches des 33 listes concurrentes pour les \u00e9lections europ\u00e9ennes du 26 mai prochain.<\/strong><\/span><\/h2>\n<p class=\"p2\"><span class=\"s1\">A l&rsquo;issue de la p\u00e9riode du d\u00e9p\u00f4t des candidatures ce vendredi \u00e0 18h, 33 listes de candidats \u00e0 l&rsquo;\u00e9lection des repr\u00e9sentants au Parlement europ\u00e9en du 26 mai prochain ont \u00e9t\u00e9 officiellement enregistr\u00e9es. C\u2019est un record. Chacune d\u2019entre elles comporte 79 noms, avec une alternance d\u2019hommes et de femmes.<\/span><\/p>\n<p class=\"p2\"><span class=\"s1\">L&rsquo;ordre de pr\u00e9sentation de ces listes a \u00e9t\u00e9 arr\u00eat\u00e9 par tirage au sort \u00e0 l&rsquo;issue du d\u00e9p\u00f4t au minist\u00e8re de l&rsquo;Int\u00e9rieur. Il d\u00e9termine \u00e0 la fois l&rsquo;ordre d&rsquo;affichage sur les panneaux \u00e9lectoraux \u00e0 compter du 13 mai (d\u00e9but de la campagne \u00e9lectorale) et de pr\u00e9sentation des bulletins sur la table de d\u00e9charge dans les bureaux de vote le jour du scrutin.<\/span><\/p>\n<p class=\"p3\" style=\"text-align: center;\"><strong><span class=\"s1\">Voici les 33 listes annonc\u00e9es au journal officiel ce samedi :<\/span><\/strong><\/p>\n<p class=\"p2\"><span class=\"s1\">1. LA FRANCE INSOUMISE<\/span><\/p>\n<p class=\"p2\"><span class=\"s1\">2. UNE FRANCE ROYALE AU C\u0152UR DE L&rsquo;EUROPE<\/span><\/p>\n<p class=\"p2\"><span class=\"s1\">3. LA LIGNE CLAIRE<\/span><\/p>\n<p class=\"p2\"><span class=\"s1\">4. PARTI PIRATE<\/span><\/p>\n<p class=\"p2\"><span class=\"s1\">5. RENAISSANCE SOUTENUE PAR LA R\u00c9PUBLIQUE EN MARCHE, LE MODEM ET SES PARTENAIRES<\/span><\/p>\n<p class=\"p2\"><span class=\"s1\">6. D\u00c9MOCRATIE R\u00c9PRESENTATIVE<\/span><\/p>\n<p class=\"p2\"><span class=\"s1\">7. ENSEMBLE PATRIOTES ET GILETS JAUNES : POUR LA FRANCE, SORTONS DE L&rsquo;UNION EUROP\u00c9ENNE !<\/span><\/p>\n<p class=\"p2\"><span class=\"s1\">8. PACE &#8211; PARTI DES CITOYENS EUROP\u00c9ENS<\/span><\/p>\n<p class=\"p2\"><span class=\"s1\">9. URGENCE \u00c9COLOGIE<\/span><\/p>\n<p class=\"p2\"><span class=\"s1\">10. LISTE DE LA RECONQU\u00caTE<\/span><\/p>\n<p class=\"p2\"><span class=\"s1\">11. LES EUROP\u00c9ENS<\/span><\/p>\n<p class=\"p2\"><span class=\"s1\">12. ENVIE D&rsquo;EUROPE \u00c9COLOGIQUE ET SOCIALE<\/span><\/p>\n<p class=\"p2\"><span class=\"s1\">13. PARTI F\u00c9D\u00c9RALISTE EUROP\u00c9EN &#8211; POUR UNE EUROPE QUI PROT\u00c8GE SES CITOYENS<\/span><\/p>\n<p class=\"p2\"><span class=\"s1\">14. MOUVEMENT POUR L&rsquo;INITIATIVE CITOYENNE<\/span><\/p>\n<p class=\"p2\"><span class=\"s1\">15. LE COURAGE DE D\u00c9FENDRE LES FRAN\u00c7AIS AVEC NICOLAS DUPONT-AIGNAN. DEBOUT LA FRANCE ! &#8211; CNIP<\/span><\/p>\n<p class=\"p2\"><span class=\"s1\">16. ALLONS ENFANTS<\/span><\/p>\n<p class=\"p2\"><span class=\"s1\">17. D\u00c9CROISSANCE 2019<\/span><\/p>\n<p class=\"p2\"><span class=\"s1\">18. LUTTE OUVRIERE &#8211; CONTRE LE GRAND CAPITAL, LE CAMP DES TRAVAILLEURS<\/span><\/p>\n<p class=\"p2\"><span class=\"s1\">19. POUR L&rsquo;EUROPE DES GENS CONTRE L&rsquo;EUROPE DE L&rsquo;ARGENT<\/span><\/p>\n<p class=\"p2\"><span class=\"s1\">20. ENSEMBLE POUR LE FREXIT<\/span><\/p>\n<p class=\"p2\"><span class=\"s1\">21. LISTE CITOYENNE DU PRINTEMPS EUROPEEN AVEC BENO\u00ceT HAMON SOUTENUE PAR G\u00c9N\u00c9RATION.S ET D\u00c8ME-DIEM 25<\/span><\/p>\n<p class=\"p2\"><span class=\"s1\">22. \u00c0 VOIX \u00c9GALES<\/span><\/p>\n<p class=\"p2\"><span class=\"s1\">23. PRENEZ LE POUVOIR, LISTE SOUTENUE PAR MARINE LE PEN<\/span><\/p>\n<p class=\"p2\"><span class=\"s1\">24. NEUTRE ET ACTIF<\/span><\/p>\n<p class=\"p2\"><span class=\"s1\">25. PARTI R\u00c9VOLUTIONNAIRE COMMUNISTES<\/span><\/p>\n<p class=\"p2\"><span class=\"s1\">26. ESP\u00c9RANTO &#8211; LANGUE COMMUNE \u00c9QUITABLE POUR L&rsquo;EUROPE<\/span><\/p>\n<p class=\"p2\"><span class=\"s1\">27. \u00c9VOLUTION CITOYENNE<\/span><\/p>\n<p class=\"p2\"><span class=\"s1\">28. ALLIANCE JAUNE, LA R\u00c9VOLTE PAR LE VOTE<\/span><\/p>\n<p class=\"p2\"><span class=\"s1\">29. UNION DE LA DROITE ET DU CENTRE<\/span><\/p>\n<p class=\"p2\"><span class=\"s1\">30. EUROPE \u00c9COLOGIE<\/span><\/p>\n<p class=\"p2\"><span class=\"s1\">31. PARTI ANIMALISTE<\/span><\/p>\n<p class=\"p2\"><span class=\"s1\">32. LES OUBLI\u00c9S DE L&rsquo;EUROPE &#8211; ARTISANS, COMMER\u00c7ANTS, PROFESSIONS LIB\u00c9RALES ET IND\u00c9PENDANTS &#8211; ACPLI &#8211;<\/span><\/p>\n<p class=\"p2\"><span class=\"s1\">33. UNION D\u00c9MOCRATIQUE POUR LA LIBERT\u00c9, \u00c9GALITE, FRATERNIT\u00c9 (UDLEF)<\/span><\/p>\n","protected":false},"excerpt":{"rendered":"<p>Les communes des villages vosgiens vont-elles devoir investir dans de nouveaux panneaux d\u2019affichage ? En tout cas, il faudra trouver [&hellip;]<\/p>\n","protected":false},"author":407,"featured_media":13827,"comment_status":"open","ping_status":"open","sticky":false,"template":"","format":"standard","meta":{"footnotes":""},"categories":[26,10],"tags":[],"class_list":["post-13826","post","type-post","status-publish","format-standard","has-post-thumbnail","hentry","category-a-la-une","category-politique"],"acf":[],"yoast_head":"<!-- This site is optimized with the Yoast SEO plugin v22.5 - https:\/\/yoast.com\/wordpress\/plugins\/seo\/ -->\n<title>Elections europ\u00e9ennes : pas moins de 33 listes ont \u00e9t\u00e9 d\u00e9pos\u00e9es ! - Remiremont Info<\/title>\n<meta name=\"robots\" content=\"index, follow, max-snippet:-1, max-image-preview:large, max-video-preview:-1\" \/>\n<link rel=\"canonical\" href=\"https:\/\/vosgesinfo.fr\/remiremontinfo\/2019\/05\/elections-europeennes-de-33-listes-ont-ete-deposees\/\" \/>\n<meta name=\"twitter:card\" content=\"summary_large_image\" \/>\n<meta name=\"twitter:title\" content=\"Elections europ\u00e9ennes : pas moins de 33 listes ont \u00e9t\u00e9 d\u00e9pos\u00e9es ! - Remiremont Info\" \/>\n<meta name=\"twitter:description\" content=\"Les communes des villages vosgiens vont-elles devoir investir dans de nouveaux panneaux d\u2019affichage ? En tout cas, il faudra trouver [&hellip;]\" \/>\n<meta name=\"twitter:image\" content=\"https:\/\/vosgesinfo.fr\/app\/uploads\/sites\/5\/2024\/09\/201902vote-3569999-1280-2.jpg\" \/>\n<meta name=\"twitter:creator\" content=\"@VosgesInfo88\" \/>\n<meta name=\"twitter:site\" content=\"@VosgesInfo88\" \/>\n<meta name=\"twitter:label1\" content=\"\u00c9crit par\" \/>\n\t<meta name=\"twitter:data1\" content=\"C D\" \/>\n\t<meta name=\"twitter:label2\" content=\"Dur\u00e9e de lecture estim\u00e9e\" \/>\n\t<meta name=\"twitter:data2\" content=\"2 minutes\" \/>\n<script type=\"application\/ld+json\" class=\"yoast-schema-graph\">{\"@context\":\"https:\/\/schema.org\",\"@graph\":[{\"@type\":\"Article\",\"@id\":\"https:\/\/vosgesinfo.fr\/remiremontinfo\/2019\/05\/elections-europeennes-de-33-listes-ont-ete-deposees\/#article\",\"isPartOf\":{\"@id\":\"https:\/\/vosgesinfo.fr\/remiremontinfo\/2019\/05\/elections-europeennes-de-33-listes-ont-ete-deposees\/\"},\"author\":{\"name\":\"C D\",\"@id\":\"https:\/\/vosgesinfo.fr\/remiremontinfo\/#\/schema\/person\/3bfd164d5218a185b1db68655a265316\"},\"headline\":\"Elections europ\u00e9ennes : pas moins de 33 listes ont \u00e9t\u00e9 d\u00e9pos\u00e9es !\",\"datePublished\":\"2019-05-04T06:25:06+00:00\",\"dateModified\":\"2019-05-04T06:25:06+00:00\",\"mainEntityOfPage\":{\"@id\":\"https:\/\/vosgesinfo.fr\/remiremontinfo\/2019\/05\/elections-europeennes-de-33-listes-ont-ete-deposees\/\"},\"wordCount\":418,\"commentCount\":0,\"publisher\":{\"@id\":\"https:\/\/vosgesinfo.fr\/remiremontinfo\/#organization\"},\"image\":{\"@id\":\"https:\/\/vosgesinfo.fr\/remiremontinfo\/2019\/05\/elections-europeennes-de-33-listes-ont-ete-deposees\/#primaryimage\"},\"thumbnailUrl\":\"https:\/\/vosgesinfo.fr\/app\/uploads\/sites\/5\/2024\/09\/201902vote-3569999-1280-2.jpg\",\"articleSection\":[\"A la Une\",\"Politique\"],\"inLanguage\":\"fr-FR\",\"potentialAction\":[{\"@type\":\"CommentAction\",\"name\":\"Comment\",\"target\":[\"https:\/\/vosgesinfo.fr\/remiremontinfo\/2019\/05\/elections-europeennes-de-33-listes-ont-ete-deposees\/#respond\"]}]},{\"@type\":\"WebPage\",\"@id\":\"https:\/\/vosgesinfo.fr\/remiremontinfo\/2019\/05\/elections-europeennes-de-33-listes-ont-ete-deposees\/\",\"url\":\"https:\/\/vosgesinfo.fr\/remiremontinfo\/2019\/05\/elections-europeennes-de-33-listes-ont-ete-deposees\/\",\"name\":\"Elections europ\u00e9ennes : pas moins de 33 listes ont \u00e9t\u00e9 d\u00e9pos\u00e9es ! - Remiremont Info\",\"isPartOf\":{\"@id\":\"https:\/\/vosgesinfo.fr\/remiremontinfo\/#website\"},\"primaryImageOfPage\":{\"@id\":\"https:\/\/vosgesinfo.fr\/remiremontinfo\/2019\/05\/elections-europeennes-de-33-listes-ont-ete-deposees\/#primaryimage\"},\"image\":{\"@id\":\"https:\/\/vosgesinfo.fr\/remiremontinfo\/2019\/05\/elections-europeennes-de-33-listes-ont-ete-deposees\/#primaryimage\"},\"thumbnailUrl\":\"https:\/\/vosgesinfo.fr\/app\/uploads\/sites\/5\/2024\/09\/201902vote-3569999-1280-2.jpg\",\"datePublished\":\"2019-05-04T06:25:06+00:00\",\"dateModified\":\"2019-05-04T06:25:06+00:00\",\"breadcrumb\":{\"@id\":\"https:\/\/vosgesinfo.fr\/remiremontinfo\/2019\/05\/elections-europeennes-de-33-listes-ont-ete-deposees\/#breadcrumb\"},\"inLanguage\":\"fr-FR\",\"potentialAction\":[{\"@type\":\"ReadAction\",\"target\":[\"https:\/\/vosgesinfo.fr\/remiremontinfo\/2019\/05\/elections-europeennes-de-33-listes-ont-ete-deposees\/\"]}]},{\"@type\":\"ImageObject\",\"inLanguage\":\"fr-FR\",\"@id\":\"https:\/\/vosgesinfo.fr\/remiremontinfo\/2019\/05\/elections-europeennes-de-33-listes-ont-ete-deposees\/#primaryimage\",\"url\":\"https:\/\/vosgesinfo.fr\/app\/uploads\/sites\/5\/2024\/09\/201902vote-3569999-1280-2.jpg\",\"contentUrl\":\"https:\/\/vosgesinfo.fr\/app\/uploads\/sites\/5\/2024\/09\/201902vote-3569999-1280-2.jpg\",\"width\":1280,\"height\":797},{\"@type\":\"BreadcrumbList\",\"@id\":\"https:\/\/vosgesinfo.fr\/remiremontinfo\/2019\/05\/elections-europeennes-de-33-listes-ont-ete-deposees\/#breadcrumb\",\"itemListElement\":[{\"@type\":\"ListItem\",\"position\":1,\"name\":\"Home\",\"item\":\"https:\/\/vosgesinfo.fr\/remiremontinfo\/\"},{\"@type\":\"ListItem\",\"position\":2,\"name\":\"Elections europ\u00e9ennes : pas moins de 33 listes ont \u00e9t\u00e9 d\u00e9pos\u00e9es !\"}]},{\"@type\":\"WebSite\",\"@id\":\"https:\/\/vosgesinfo.fr\/remiremontinfo\/#website\",\"url\":\"https:\/\/vosgesinfo.fr\/remiremontinfo\/\",\"name\":\"Remiremont Info\",\"description\":\"Toute l&#039;actualit\u00e9 de Remiremont\",\"publisher\":{\"@id\":\"https:\/\/vosgesinfo.fr\/remiremontinfo\/#organization\"},\"alternateName\":\"Toute l'actualit\u00e9 de Remiremont\",\"potentialAction\":[{\"@type\":\"SearchAction\",\"target\":{\"@type\":\"EntryPoint\",\"urlTemplate\":\"https:\/\/vosgesinfo.fr\/remiremontinfo\/?s={search_term_string}\"},\"query-input\":\"required name=search_term_string\"}],\"inLanguage\":\"fr-FR\"},{\"@type\":\"Organization\",\"@id\":\"https:\/\/vosgesinfo.fr\/remiremontinfo\/#organization\",\"name\":\"Remiremont Info\",\"url\":\"https:\/\/vosgesinfo.fr\/remiremontinfo\/\",\"logo\":{\"@type\":\"ImageObject\",\"inLanguage\":\"fr-FR\",\"@id\":\"https:\/\/vosgesinfo.fr\/remiremontinfo\/#\/schema\/logo\/image\/\",\"url\":\"https:\/\/vosgesinfo.fr\/app\/uploads\/sites\/5\/2023\/08\/favicon-remiremontinfo.png\",\"contentUrl\":\"https:\/\/vosgesinfo.fr\/app\/uploads\/sites\/5\/2023\/08\/favicon-remiremontinfo.png\",\"width\":512,\"height\":512,\"caption\":\"Remiremont Info\"},\"image\":{\"@id\":\"https:\/\/vosgesinfo.fr\/remiremontinfo\/#\/schema\/logo\/image\/\"},\"sameAs\":[\"https:\/\/www.facebook.com\/remiremontinfo\",\"https:\/\/x.com\/VosgesInfo88\",\"https:\/\/www.youtube.com\/@vosgesinfo\"]},{\"@type\":\"Person\",\"@id\":\"https:\/\/vosgesinfo.fr\/remiremontinfo\/#\/schema\/person\/3bfd164d5218a185b1db68655a265316\",\"name\":\"C D\",\"image\":{\"@type\":\"ImageObject\",\"inLanguage\":\"fr-FR\",\"@id\":\"https:\/\/vosgesinfo.fr\/remiremontinfo\/#\/schema\/person\/image\/\",\"url\":\"https:\/\/secure.gravatar.com\/avatar\/1f9a70007336511a47468b8f1c66f922b8b7cf617b02a31149ada43893a5d48f?s=96&d=mm&r=g\",\"contentUrl\":\"https:\/\/secure.gravatar.com\/avatar\/1f9a70007336511a47468b8f1c66f922b8b7cf617b02a31149ada43893a5d48f?s=96&d=mm&r=g\",\"caption\":\"C D\"},\"url\":\"https:\/\/vosgesinfo.fr\/remiremontinfo\/author\/cedric-drevet\/\"}]}<\/script>\n<!-- \/ Yoast SEO plugin. -->","yoast_head_json":{"title":"Elections europ\u00e9ennes : pas moins de 33 listes ont \u00e9t\u00e9 d\u00e9pos\u00e9es ! - Remiremont Info","robots":{"index":"index","follow":"follow","max-snippet":"max-snippet:-1","max-image-preview":"max-image-preview:large","max-video-preview":"max-video-preview:-1"},"canonical":"https:\/\/vosgesinfo.fr\/remiremontinfo\/2019\/05\/elections-europeennes-de-33-listes-ont-ete-deposees\/","twitter_card":"summary_large_image","twitter_title":"Elections europ\u00e9ennes : pas moins de 33 listes ont \u00e9t\u00e9 d\u00e9pos\u00e9es ! - Remiremont Info","twitter_description":"Les communes des villages vosgiens vont-elles devoir investir dans de nouveaux panneaux d\u2019affichage ? En tout cas, il faudra trouver [&hellip;]","twitter_image":"https:\/\/vosgesinfo.fr\/app\/uploads\/sites\/5\/2024\/09\/201902vote-3569999-1280-2.jpg","twitter_creator":"@VosgesInfo88","twitter_site":"@VosgesInfo88","twitter_misc":{"\u00c9crit par":"C D","Dur\u00e9e de lecture estim\u00e9e":"2 minutes"},"schema":{"@context":"https:\/\/schema.org","@graph":[{"@type":"Article","@id":"https:\/\/vosgesinfo.fr\/remiremontinfo\/2019\/05\/elections-europeennes-de-33-listes-ont-ete-deposees\/#article","isPartOf":{"@id":"https:\/\/vosgesinfo.fr\/remiremontinfo\/2019\/05\/elections-europeennes-de-33-listes-ont-ete-deposees\/"},"author":{"name":"C D","@id":"https:\/\/vosgesinfo.fr\/remiremontinfo\/#\/schema\/person\/3bfd164d5218a185b1db68655a265316"},"headline":"Elections europ\u00e9ennes : pas moins de 33 listes ont \u00e9t\u00e9 d\u00e9pos\u00e9es !","datePublished":"2019-05-04T06:25:06+00:00","dateModified":"2019-05-04T06:25:06+00:00","mainEntityOfPage":{"@id":"https:\/\/vosgesinfo.fr\/remiremontinfo\/2019\/05\/elections-europeennes-de-33-listes-ont-ete-deposees\/"},"wordCount":418,"commentCount":0,"publisher":{"@id":"https:\/\/vosgesinfo.fr\/remiremontinfo\/#organization"},"image":{"@id":"https:\/\/vosgesinfo.fr\/remiremontinfo\/2019\/05\/elections-europeennes-de-33-listes-ont-ete-deposees\/#primaryimage"},"thumbnailUrl":"https:\/\/vosgesinfo.fr\/app\/uploads\/sites\/5\/2024\/09\/201902vote-3569999-1280-2.jpg","articleSection":["A la Une","Politique"],"inLanguage":"fr-FR","potentialAction":[{"@type":"CommentAction","name":"Comment","target":["https:\/\/vosgesinfo.fr\/remiremontinfo\/2019\/05\/elections-europeennes-de-33-listes-ont-ete-deposees\/#respond"]}]},{"@type":"WebPage","@id":"https:\/\/vosgesinfo.fr\/remiremontinfo\/2019\/05\/elections-europeennes-de-33-listes-ont-ete-deposees\/","url":"https:\/\/vosgesinfo.fr\/remiremontinfo\/2019\/05\/elections-europeennes-de-33-listes-ont-ete-deposees\/","name":"Elections europ\u00e9ennes : pas moins de 33 listes ont \u00e9t\u00e9 d\u00e9pos\u00e9es ! - Remiremont Info","isPartOf":{"@id":"https:\/\/vosgesinfo.fr\/remiremontinfo\/#website"},"primaryImageOfPage":{"@id":"https:\/\/vosgesinfo.fr\/remiremontinfo\/2019\/05\/elections-europeennes-de-33-listes-ont-ete-deposees\/#primaryimage"},"image":{"@id":"https:\/\/vosgesinfo.fr\/remiremontinfo\/2019\/05\/elections-europeennes-de-33-listes-ont-ete-deposees\/#primaryimage"},"thumbnailUrl":"https:\/\/vosgesinfo.fr\/app\/uploads\/sites\/5\/2024\/09\/201902vote-3569999-1280-2.jpg","datePublished":"2019-05-04T06:25:06+00:00","dateModified":"2019-05-04T06:25:06+00:00","breadcrumb":{"@id":"https:\/\/vosgesinfo.fr\/remiremontinfo\/2019\/05\/elections-europeennes-de-33-listes-ont-ete-deposees\/#breadcrumb"},"inLanguage":"fr-FR","potentialAction":[{"@type":"ReadAction","target":["https:\/\/vosgesinfo.fr\/remiremontinfo\/2019\/05\/elections-europeennes-de-33-listes-ont-ete-deposees\/"]}]},{"@type":"ImageObject","inLanguage":"fr-FR","@id":"https:\/\/vosgesinfo.fr\/remiremontinfo\/2019\/05\/elections-europeennes-de-33-listes-ont-ete-deposees\/#primaryimage","url":"https:\/\/vosgesinfo.fr\/app\/uploads\/sites\/5\/2024\/09\/201902vote-3569999-1280-2.jpg","contentUrl":"https:\/\/vosgesinfo.fr\/app\/uploads\/sites\/5\/2024\/09\/201902vote-3569999-1280-2.jpg","width":1280,"height":797},{"@type":"BreadcrumbList","@id":"https:\/\/vosgesinfo.fr\/remiremontinfo\/2019\/05\/elections-europeennes-de-33-listes-ont-ete-deposees\/#breadcrumb","itemListElement":[{"@type":"ListItem","position":1,"name":"Home","item":"https:\/\/vosgesinfo.fr\/remiremontinfo\/"},{"@type":"ListItem","position":2,"name":"Elections europ\u00e9ennes : pas moins de 33 listes ont \u00e9t\u00e9 d\u00e9pos\u00e9es !"}]},{"@type":"WebSite","@id":"https:\/\/vosgesinfo.fr\/remiremontinfo\/#website","url":"https:\/\/vosgesinfo.fr\/remiremontinfo\/","name":"Remiremont Info","description":"Toute l&#039;actualit\u00e9 de Remiremont","publisher":{"@id":"https:\/\/vosgesinfo.fr\/remiremontinfo\/#organization"},"alternateName":"Toute l'actualit\u00e9 de Remiremont","potentialAction":[{"@type":"SearchAction","target":{"@type":"EntryPoint","urlTemplate":"https:\/\/vosgesinfo.fr\/remiremontinfo\/?s={search_term_string}"},"query-input":"required name=search_term_string"}],"inLanguage":"fr-FR"},{"@type":"Organization","@id":"https:\/\/vosgesinfo.fr\/remiremontinfo\/#organization","name":"Remiremont Info","url":"https:\/\/vosgesinfo.fr\/remiremontinfo\/","logo":{"@type":"ImageObject","inLanguage":"fr-FR","@id":"https:\/\/vosgesinfo.fr\/remiremontinfo\/#\/schema\/logo\/image\/","url":"https:\/\/vosgesinfo.fr\/app\/uploads\/sites\/5\/2023\/08\/favicon-remiremontinfo.png","contentUrl":"https:\/\/vosgesinfo.fr\/app\/uploads\/sites\/5\/2023\/08\/favicon-remiremontinfo.png","width":512,"height":512,"caption":"Remiremont Info"},"image":{"@id":"https:\/\/vosgesinfo.fr\/remiremontinfo\/#\/schema\/logo\/image\/"},"sameAs":["https:\/\/www.facebook.com\/remiremontinfo","https:\/\/x.com\/VosgesInfo88","https:\/\/www.youtube.com\/@vosgesinfo"]},{"@type":"Person","@id":"https:\/\/vosgesinfo.fr\/remiremontinfo\/#\/schema\/person\/3bfd164d5218a185b1db68655a265316","name":"C D","image":{"@type":"ImageObject","inLanguage":"fr-FR","@id":"https:\/\/vosgesinfo.fr\/remiremontinfo\/#\/schema\/person\/image\/","url":"https:\/\/secure.gravatar.com\/avatar\/1f9a70007336511a47468b8f1c66f922b8b7cf617b02a31149ada43893a5d48f?s=96&d=mm&r=g","contentUrl":"https:\/\/secure.gravatar.com\/avatar\/1f9a70007336511a47468b8f1c66f922b8b7cf617b02a31149ada43893a5d48f?s=96&d=mm&r=g","caption":"C D"},"url":"https:\/\/vosgesinfo.fr\/remiremontinfo\/author\/cedric-drevet\/"}]}},"_links":{"self":[{"href":"https:\/\/vosgesinfo.fr\/remiremontinfo\/wp-json\/wp\/v2\/posts\/13826","targetHints":{"allow":["GET"]}}],"collection":[{"href":"https:\/\/vosgesinfo.fr\/remiremontinfo\/wp-json\/wp\/v2\/posts"}],"about":[{"href":"https:\/\/vosgesinfo.fr\/remiremontinfo\/wp-json\/wp\/v2\/types\/post"}],"author":[{"embeddable":true,"href":"https:\/\/vosgesinfo.fr\/remiremontinfo\/wp-json\/wp\/v2\/users\/407"}],"replies":[{"embeddable":true,"href":"https:\/\/vosgesinfo.fr\/remiremontinfo\/wp-json\/wp\/v2\/comments?post=13826"}],"version-history":[{"count":0,"href":"https:\/\/vosgesinfo.fr\/remiremontinfo\/wp-json\/wp\/v2\/posts\/13826\/revisions"}],"wp:featuredmedia":[{"embeddable":true,"href":"https:\/\/vosgesinfo.fr\/remiremontinfo\/wp-json\/wp\/v2\/media\/13827"}],"wp:attachment":[{"href":"https:\/\/vosgesinfo.fr\/remiremontinfo\/wp-json\/wp\/v2\/media?parent=13826"}],"wp:term":[{"taxonomy":"category","embeddable":true,"href":"https:\/\/vosgesinfo.fr\/remiremontinfo\/wp-json\/wp\/v2\/categories?post=13826"},{"taxonomy":"post_tag","embeddable":true,"href":"https:\/\/vosgesinfo.fr\/remiremontinfo\/wp-json\/wp\/v2\/tags?post=13826"}],"curies":[{"name":"wp","href":"https:\/\/api.w.org\/{rel}","templated":true}]}}