{"id":13832,"date":"2019-05-05T06:57:51","date_gmt":"2019-05-05T04:57:51","guid":{"rendered":"https:\/\/vosgesinfo.fr\/remiremontinfo\/2019\/05\/remiremont-concert-de-lorchestre-symphonique-saint-colomban-de-luxeuil-pascal-monlong\/"},"modified":"2019-05-05T06:57:51","modified_gmt":"2019-05-05T04:57:51","slug":"remiremont-concert-de-lorchestre-symphonique-saint-colomban-de-luxeuil-pascal-monlong","status":"publish","type":"post","link":"https:\/\/vosgesinfo.fr\/remiremontinfo\/2019\/05\/remiremont-concert-de-lorchestre-symphonique-saint-colomban-de-luxeuil-pascal-monlong\/","title":{"rendered":"Remiremont : concert de l&rsquo;orchestre symphonique Saint-Colomban de Luxeuil avec Pascal Monlong"},"content":{"rendered":"<h2><a href=\"\/2019\/05\/luxeuil.jpg\"><img decoding=\"async\" class=\"alignnone size-large wp-image-258356\" src=\"\/2019\/05\/luxeuil-1024x577.jpg\" alt=\"luxeuil\" width=\"960\" height=\"541\" \/><\/a><span style=\"font-size: 12pt;\"><strong>Le prochain concert de <em>Musique \u00e0 Remiremont<\/em> aura lieu le samedi 1er juin prochain \u00e0 20H30 au Centre culturel Gilbert Zaug avec l&rsquo;orchestre symphonique Saint-Colomban de Luxeuil dirig\u00e9 par\u00a0Claude Jourdan et avec le violon soliste Pascal Monlong.<\/strong><\/span><\/h2>\n<h2><\/h2>\n<p style=\"text-align: center;\"><strong>Programme\u00a0:<\/strong><\/p>\n<p style=\"text-align: center;\">Ouverture dans le Style Italien en r\u00e9 majeur SCHUBERT<\/p>\n<p style=\"text-align: center;\">Concerto pour violon n\u00b02 en mi mineur MENDELSSOHN<\/p>\n<p style=\"text-align: center;\">Soliste\u00a0: Pascal MONLONG<\/p>\n<p style=\"text-align: center;\">7<sup>\u00e8me<\/sup>\u00a0Symphonie BEETHOVEN<\/p>\n<p>&nbsp;<\/p>\n<p>Pl\u00e9biscit\u00e9 \u00e0 chacun de ses passages dans la cit\u00e9 des Chanoinesses, l\u2019Orchestre Symphonique Saint <a href=\"\/2019\/05\/Pascal_Monlong..gif\"><img decoding=\"async\" class=\"alignnone size-medium wp-image-258357 alignright\" src=\"\/2019\/05\/Pascal_Monlong.-309x255.gif\" alt=\"Pascal_Monlong.\" width=\"309\" height=\"255\" \/><\/a>Colomban de Luxeuil, compos\u00e9 d\u2019une soixantaine de musiciens professionnels et amateurs de haut niveau, offre pour ce concert un programme de haute vol\u00e9e, sous la direction dynamique de son chef Claude JOURDAN.<\/p>\n<p>Pascal MONLONG, violon solo de l\u2019Orchestre Philharmonique de Nice et de l\u2019orchestre de chambre du Luxembourg, membre du quatuor Giardini, est r\u00e9guli\u00e8rement invit\u00e9 par de grands orchestres.<\/p>\n<p>&nbsp;<\/p>\n<p>Tarifs : 20 \u20ac<\/p>\n<p>Adh\u00e9rents et \u00e9tudiants : 15 \u20ac<\/p>\n<p>Moins de 18 ans : 10 \u20ac<\/p>\n<p>Moins de 12 ans : gratuit<\/p>\n<p>Billetterie sur place ouverte une heure avant le concert et r\u00e9servations du 6 au 25 mai 2019 de 16 \u00e0 20 heures au 03 29 62 29 71<\/p>\n<p>&nbsp;<\/p>\n","protected":false},"excerpt":{"rendered":"<p>Le prochain concert de Musique \u00e0 Remiremont aura lieu le samedi 1er juin prochain \u00e0 20H30 au Centre culturel Gilbert [&hellip;]<\/p>\n","protected":false},"author":407,"featured_media":13833,"comment_status":"open","ping_status":"open","sticky":false,"template":"","format":"standard","meta":{"footnotes":""},"categories":[26,4,54,1556,35],"tags":[],"class_list":["post-13832","post","type-post","status-publish","format-standard","has-post-thumbnail","hentry","category-a-la-une","category-culture","category-loisirs","category-remiremont-remiremont-son-canton-2","category-remiremont-son-canton"],"acf":[],"yoast_head":"<!-- This site is optimized with the Yoast SEO plugin v22.5 - https:\/\/yoast.com\/wordpress\/plugins\/seo\/ -->\n<title>Remiremont : concert de l&#039;orchestre symphonique Saint-Colomban de Luxeuil avec Pascal Monlong - Remiremont Info<\/title>\n<meta name=\"robots\" content=\"index, follow, max-snippet:-1, max-image-preview:large, max-video-preview:-1\" \/>\n<link rel=\"canonical\" href=\"https:\/\/vosgesinfo.fr\/remiremontinfo\/2019\/05\/remiremont-concert-de-lorchestre-symphonique-saint-colomban-de-luxeuil-pascal-monlong\/\" \/>\n<meta name=\"twitter:card\" content=\"summary_large_image\" \/>\n<meta name=\"twitter:title\" content=\"Remiremont : concert de l&#039;orchestre symphonique Saint-Colomban de Luxeuil avec Pascal Monlong - Remiremont Info\" \/>\n<meta name=\"twitter:description\" content=\"Le prochain concert de Musique \u00e0 Remiremont aura lieu le samedi 1er juin prochain \u00e0 20H30 au Centre culturel Gilbert [&hellip;]\" \/>\n<meta name=\"twitter:image\" content=\"https:\/\/vosgesinfo.fr\/app\/uploads\/sites\/5\/2024\/09\/201905luxeuil.jpg\" \/>\n<meta name=\"twitter:creator\" content=\"@VosgesInfo88\" \/>\n<meta name=\"twitter:site\" content=\"@VosgesInfo88\" \/>\n<meta name=\"twitter:label1\" content=\"\u00c9crit par\" \/>\n\t<meta name=\"twitter:data1\" content=\"C D\" \/>\n\t<meta name=\"twitter:label2\" content=\"Dur\u00e9e de lecture estim\u00e9e\" \/>\n\t<meta name=\"twitter:data2\" content=\"1 minute\" \/>\n<script type=\"application\/ld+json\" class=\"yoast-schema-graph\">{\"@context\":\"https:\/\/schema.org\",\"@graph\":[{\"@type\":\"Article\",\"@id\":\"https:\/\/vosgesinfo.fr\/remiremontinfo\/2019\/05\/remiremont-concert-de-lorchestre-symphonique-saint-colomban-de-luxeuil-pascal-monlong\/#article\",\"isPartOf\":{\"@id\":\"https:\/\/vosgesinfo.fr\/remiremontinfo\/2019\/05\/remiremont-concert-de-lorchestre-symphonique-saint-colomban-de-luxeuil-pascal-monlong\/\"},\"author\":{\"name\":\"C D\",\"@id\":\"https:\/\/vosgesinfo.fr\/remiremontinfo\/#\/schema\/person\/3bfd164d5218a185b1db68655a265316\"},\"headline\":\"Remiremont : concert de l&rsquo;orchestre symphonique Saint-Colomban de Luxeuil avec Pascal Monlong\",\"datePublished\":\"2019-05-05T04:57:51+00:00\",\"dateModified\":\"2019-05-05T04:57:51+00:00\",\"mainEntityOfPage\":{\"@id\":\"https:\/\/vosgesinfo.fr\/remiremontinfo\/2019\/05\/remiremont-concert-de-lorchestre-symphonique-saint-colomban-de-luxeuil-pascal-monlong\/\"},\"wordCount\":186,\"commentCount\":0,\"publisher\":{\"@id\":\"https:\/\/vosgesinfo.fr\/remiremontinfo\/#organization\"},\"image\":{\"@id\":\"https:\/\/vosgesinfo.fr\/remiremontinfo\/2019\/05\/remiremont-concert-de-lorchestre-symphonique-saint-colomban-de-luxeuil-pascal-monlong\/#primaryimage\"},\"thumbnailUrl\":\"https:\/\/vosgesinfo.fr\/app\/uploads\/sites\/5\/2024\/09\/201905luxeuil.jpg\",\"articleSection\":[\"A la Une\",\"Culture\",\"Loisirs\",\"Remiremont\",\"Remiremont &amp; son canton\"],\"inLanguage\":\"fr-FR\",\"potentialAction\":[{\"@type\":\"CommentAction\",\"name\":\"Comment\",\"target\":[\"https:\/\/vosgesinfo.fr\/remiremontinfo\/2019\/05\/remiremont-concert-de-lorchestre-symphonique-saint-colomban-de-luxeuil-pascal-monlong\/#respond\"]}]},{\"@type\":\"WebPage\",\"@id\":\"https:\/\/vosgesinfo.fr\/remiremontinfo\/2019\/05\/remiremont-concert-de-lorchestre-symphonique-saint-colomban-de-luxeuil-pascal-monlong\/\",\"url\":\"https:\/\/vosgesinfo.fr\/remiremontinfo\/2019\/05\/remiremont-concert-de-lorchestre-symphonique-saint-colomban-de-luxeuil-pascal-monlong\/\",\"name\":\"Remiremont : concert de l'orchestre symphonique Saint-Colomban de Luxeuil avec Pascal Monlong - Remiremont Info\",\"isPartOf\":{\"@id\":\"https:\/\/vosgesinfo.fr\/remiremontinfo\/#website\"},\"primaryImageOfPage\":{\"@id\":\"https:\/\/vosgesinfo.fr\/remiremontinfo\/2019\/05\/remiremont-concert-de-lorchestre-symphonique-saint-colomban-de-luxeuil-pascal-monlong\/#primaryimage\"},\"image\":{\"@id\":\"https:\/\/vosgesinfo.fr\/remiremontinfo\/2019\/05\/remiremont-concert-de-lorchestre-symphonique-saint-colomban-de-luxeuil-pascal-monlong\/#primaryimage\"},\"thumbnailUrl\":\"https:\/\/vosgesinfo.fr\/app\/uploads\/sites\/5\/2024\/09\/201905luxeuil.jpg\",\"datePublished\":\"2019-05-05T04:57:51+00:00\",\"dateModified\":\"2019-05-05T04:57:51+00:00\",\"breadcrumb\":{\"@id\":\"https:\/\/vosgesinfo.fr\/remiremontinfo\/2019\/05\/remiremont-concert-de-lorchestre-symphonique-saint-colomban-de-luxeuil-pascal-monlong\/#breadcrumb\"},\"inLanguage\":\"fr-FR\",\"potentialAction\":[{\"@type\":\"ReadAction\",\"target\":[\"https:\/\/vosgesinfo.fr\/remiremontinfo\/2019\/05\/remiremont-concert-de-lorchestre-symphonique-saint-colomban-de-luxeuil-pascal-monlong\/\"]}]},{\"@type\":\"ImageObject\",\"inLanguage\":\"fr-FR\",\"@id\":\"https:\/\/vosgesinfo.fr\/remiremontinfo\/2019\/05\/remiremont-concert-de-lorchestre-symphonique-saint-colomban-de-luxeuil-pascal-monlong\/#primaryimage\",\"url\":\"https:\/\/vosgesinfo.fr\/app\/uploads\/sites\/5\/2024\/09\/201905luxeuil.jpg\",\"contentUrl\":\"https:\/\/vosgesinfo.fr\/app\/uploads\/sites\/5\/2024\/09\/201905luxeuil.jpg\",\"width\":1024,\"height\":577},{\"@type\":\"BreadcrumbList\",\"@id\":\"https:\/\/vosgesinfo.fr\/remiremontinfo\/2019\/05\/remiremont-concert-de-lorchestre-symphonique-saint-colomban-de-luxeuil-pascal-monlong\/#breadcrumb\",\"itemListElement\":[{\"@type\":\"ListItem\",\"position\":1,\"name\":\"Home\",\"item\":\"https:\/\/vosgesinfo.fr\/remiremontinfo\/\"},{\"@type\":\"ListItem\",\"position\":2,\"name\":\"Remiremont : concert de l&rsquo;orchestre symphonique Saint-Colomban de Luxeuil avec Pascal Monlong\"}]},{\"@type\":\"WebSite\",\"@id\":\"https:\/\/vosgesinfo.fr\/remiremontinfo\/#website\",\"url\":\"https:\/\/vosgesinfo.fr\/remiremontinfo\/\",\"name\":\"Remiremont Info\",\"description\":\"Toute l&#039;actualit\u00e9 de Remiremont\",\"publisher\":{\"@id\":\"https:\/\/vosgesinfo.fr\/remiremontinfo\/#organization\"},\"alternateName\":\"Toute l'actualit\u00e9 de Remiremont\",\"potentialAction\":[{\"@type\":\"SearchAction\",\"target\":{\"@type\":\"EntryPoint\",\"urlTemplate\":\"https:\/\/vosgesinfo.fr\/remiremontinfo\/?s={search_term_string}\"},\"query-input\":\"required name=search_term_string\"}],\"inLanguage\":\"fr-FR\"},{\"@type\":\"Organization\",\"@id\":\"https:\/\/vosgesinfo.fr\/remiremontinfo\/#organization\",\"name\":\"Remiremont Info\",\"url\":\"https:\/\/vosgesinfo.fr\/remiremontinfo\/\",\"logo\":{\"@type\":\"ImageObject\",\"inLanguage\":\"fr-FR\",\"@id\":\"https:\/\/vosgesinfo.fr\/remiremontinfo\/#\/schema\/logo\/image\/\",\"url\":\"https:\/\/vosgesinfo.fr\/app\/uploads\/sites\/5\/2023\/08\/favicon-remiremontinfo.png\",\"contentUrl\":\"https:\/\/vosgesinfo.fr\/app\/uploads\/sites\/5\/2023\/08\/favicon-remiremontinfo.png\",\"width\":512,\"height\":512,\"caption\":\"Remiremont Info\"},\"image\":{\"@id\":\"https:\/\/vosgesinfo.fr\/remiremontinfo\/#\/schema\/logo\/image\/\"},\"sameAs\":[\"https:\/\/www.facebook.com\/remiremontinfo\",\"https:\/\/x.com\/VosgesInfo88\",\"https:\/\/www.youtube.com\/@vosgesinfo\"]},{\"@type\":\"Person\",\"@id\":\"https:\/\/vosgesinfo.fr\/remiremontinfo\/#\/schema\/person\/3bfd164d5218a185b1db68655a265316\",\"name\":\"C D\",\"image\":{\"@type\":\"ImageObject\",\"inLanguage\":\"fr-FR\",\"@id\":\"https:\/\/vosgesinfo.fr\/remiremontinfo\/#\/schema\/person\/image\/\",\"url\":\"https:\/\/secure.gravatar.com\/avatar\/1f9a70007336511a47468b8f1c66f922b8b7cf617b02a31149ada43893a5d48f?s=96&d=mm&r=g\",\"contentUrl\":\"https:\/\/secure.gravatar.com\/avatar\/1f9a70007336511a47468b8f1c66f922b8b7cf617b02a31149ada43893a5d48f?s=96&d=mm&r=g\",\"caption\":\"C D\"},\"url\":\"https:\/\/vosgesinfo.fr\/remiremontinfo\/author\/cedric-drevet\/\"}]}<\/script>\n<!-- \/ Yoast SEO plugin. -->","yoast_head_json":{"title":"Remiremont : concert de l'orchestre symphonique Saint-Colomban de Luxeuil avec Pascal Monlong - Remiremont Info","robots":{"index":"index","follow":"follow","max-snippet":"max-snippet:-1","max-image-preview":"max-image-preview:large","max-video-preview":"max-video-preview:-1"},"canonical":"https:\/\/vosgesinfo.fr\/remiremontinfo\/2019\/05\/remiremont-concert-de-lorchestre-symphonique-saint-colomban-de-luxeuil-pascal-monlong\/","twitter_card":"summary_large_image","twitter_title":"Remiremont : concert de l'orchestre symphonique Saint-Colomban de Luxeuil avec Pascal Monlong - Remiremont Info","twitter_description":"Le prochain concert de Musique \u00e0 Remiremont aura lieu le samedi 1er juin prochain \u00e0 20H30 au Centre culturel Gilbert [&hellip;]","twitter_image":"https:\/\/vosgesinfo.fr\/app\/uploads\/sites\/5\/2024\/09\/201905luxeuil.jpg","twitter_creator":"@VosgesInfo88","twitter_site":"@VosgesInfo88","twitter_misc":{"\u00c9crit par":"C D","Dur\u00e9e de lecture estim\u00e9e":"1 minute"},"schema":{"@context":"https:\/\/schema.org","@graph":[{"@type":"Article","@id":"https:\/\/vosgesinfo.fr\/remiremontinfo\/2019\/05\/remiremont-concert-de-lorchestre-symphonique-saint-colomban-de-luxeuil-pascal-monlong\/#article","isPartOf":{"@id":"https:\/\/vosgesinfo.fr\/remiremontinfo\/2019\/05\/remiremont-concert-de-lorchestre-symphonique-saint-colomban-de-luxeuil-pascal-monlong\/"},"author":{"name":"C D","@id":"https:\/\/vosgesinfo.fr\/remiremontinfo\/#\/schema\/person\/3bfd164d5218a185b1db68655a265316"},"headline":"Remiremont : concert de l&rsquo;orchestre symphonique Saint-Colomban de Luxeuil avec Pascal Monlong","datePublished":"2019-05-05T04:57:51+00:00","dateModified":"2019-05-05T04:57:51+00:00","mainEntityOfPage":{"@id":"https:\/\/vosgesinfo.fr\/remiremontinfo\/2019\/05\/remiremont-concert-de-lorchestre-symphonique-saint-colomban-de-luxeuil-pascal-monlong\/"},"wordCount":186,"commentCount":0,"publisher":{"@id":"https:\/\/vosgesinfo.fr\/remiremontinfo\/#organization"},"image":{"@id":"https:\/\/vosgesinfo.fr\/remiremontinfo\/2019\/05\/remiremont-concert-de-lorchestre-symphonique-saint-colomban-de-luxeuil-pascal-monlong\/#primaryimage"},"thumbnailUrl":"https:\/\/vosgesinfo.fr\/app\/uploads\/sites\/5\/2024\/09\/201905luxeuil.jpg","articleSection":["A la Une","Culture","Loisirs","Remiremont","Remiremont &amp; son canton"],"inLanguage":"fr-FR","potentialAction":[{"@type":"CommentAction","name":"Comment","target":["https:\/\/vosgesinfo.fr\/remiremontinfo\/2019\/05\/remiremont-concert-de-lorchestre-symphonique-saint-colomban-de-luxeuil-pascal-monlong\/#respond"]}]},{"@type":"WebPage","@id":"https:\/\/vosgesinfo.fr\/remiremontinfo\/2019\/05\/remiremont-concert-de-lorchestre-symphonique-saint-colomban-de-luxeuil-pascal-monlong\/","url":"https:\/\/vosgesinfo.fr\/remiremontinfo\/2019\/05\/remiremont-concert-de-lorchestre-symphonique-saint-colomban-de-luxeuil-pascal-monlong\/","name":"Remiremont : concert de l'orchestre symphonique Saint-Colomban de Luxeuil avec Pascal Monlong - Remiremont Info","isPartOf":{"@id":"https:\/\/vosgesinfo.fr\/remiremontinfo\/#website"},"primaryImageOfPage":{"@id":"https:\/\/vosgesinfo.fr\/remiremontinfo\/2019\/05\/remiremont-concert-de-lorchestre-symphonique-saint-colomban-de-luxeuil-pascal-monlong\/#primaryimage"},"image":{"@id":"https:\/\/vosgesinfo.fr\/remiremontinfo\/2019\/05\/remiremont-concert-de-lorchestre-symphonique-saint-colomban-de-luxeuil-pascal-monlong\/#primaryimage"},"thumbnailUrl":"https:\/\/vosgesinfo.fr\/app\/uploads\/sites\/5\/2024\/09\/201905luxeuil.jpg","datePublished":"2019-05-05T04:57:51+00:00","dateModified":"2019-05-05T04:57:51+00:00","breadcrumb":{"@id":"https:\/\/vosgesinfo.fr\/remiremontinfo\/2019\/05\/remiremont-concert-de-lorchestre-symphonique-saint-colomban-de-luxeuil-pascal-monlong\/#breadcrumb"},"inLanguage":"fr-FR","potentialAction":[{"@type":"ReadAction","target":["https:\/\/vosgesinfo.fr\/remiremontinfo\/2019\/05\/remiremont-concert-de-lorchestre-symphonique-saint-colomban-de-luxeuil-pascal-monlong\/"]}]},{"@type":"ImageObject","inLanguage":"fr-FR","@id":"https:\/\/vosgesinfo.fr\/remiremontinfo\/2019\/05\/remiremont-concert-de-lorchestre-symphonique-saint-colomban-de-luxeuil-pascal-monlong\/#primaryimage","url":"https:\/\/vosgesinfo.fr\/app\/uploads\/sites\/5\/2024\/09\/201905luxeuil.jpg","contentUrl":"https:\/\/vosgesinfo.fr\/app\/uploads\/sites\/5\/2024\/09\/201905luxeuil.jpg","width":1024,"height":577},{"@type":"BreadcrumbList","@id":"https:\/\/vosgesinfo.fr\/remiremontinfo\/2019\/05\/remiremont-concert-de-lorchestre-symphonique-saint-colomban-de-luxeuil-pascal-monlong\/#breadcrumb","itemListElement":[{"@type":"ListItem","position":1,"name":"Home","item":"https:\/\/vosgesinfo.fr\/remiremontinfo\/"},{"@type":"ListItem","position":2,"name":"Remiremont : concert de l&rsquo;orchestre symphonique Saint-Colomban de Luxeuil avec Pascal Monlong"}]},{"@type":"WebSite","@id":"https:\/\/vosgesinfo.fr\/remiremontinfo\/#website","url":"https:\/\/vosgesinfo.fr\/remiremontinfo\/","name":"Remiremont Info","description":"Toute l&#039;actualit\u00e9 de Remiremont","publisher":{"@id":"https:\/\/vosgesinfo.fr\/remiremontinfo\/#organization"},"alternateName":"Toute l'actualit\u00e9 de Remiremont","potentialAction":[{"@type":"SearchAction","target":{"@type":"EntryPoint","urlTemplate":"https:\/\/vosgesinfo.fr\/remiremontinfo\/?s={search_term_string}"},"query-input":"required name=search_term_string"}],"inLanguage":"fr-FR"},{"@type":"Organization","@id":"https:\/\/vosgesinfo.fr\/remiremontinfo\/#organization","name":"Remiremont Info","url":"https:\/\/vosgesinfo.fr\/remiremontinfo\/","logo":{"@type":"ImageObject","inLanguage":"fr-FR","@id":"https:\/\/vosgesinfo.fr\/remiremontinfo\/#\/schema\/logo\/image\/","url":"https:\/\/vosgesinfo.fr\/app\/uploads\/sites\/5\/2023\/08\/favicon-remiremontinfo.png","contentUrl":"https:\/\/vosgesinfo.fr\/app\/uploads\/sites\/5\/2023\/08\/favicon-remiremontinfo.png","width":512,"height":512,"caption":"Remiremont Info"},"image":{"@id":"https:\/\/vosgesinfo.fr\/remiremontinfo\/#\/schema\/logo\/image\/"},"sameAs":["https:\/\/www.facebook.com\/remiremontinfo","https:\/\/x.com\/VosgesInfo88","https:\/\/www.youtube.com\/@vosgesinfo"]},{"@type":"Person","@id":"https:\/\/vosgesinfo.fr\/remiremontinfo\/#\/schema\/person\/3bfd164d5218a185b1db68655a265316","name":"C D","image":{"@type":"ImageObject","inLanguage":"fr-FR","@id":"https:\/\/vosgesinfo.fr\/remiremontinfo\/#\/schema\/person\/image\/","url":"https:\/\/secure.gravatar.com\/avatar\/1f9a70007336511a47468b8f1c66f922b8b7cf617b02a31149ada43893a5d48f?s=96&d=mm&r=g","contentUrl":"https:\/\/secure.gravatar.com\/avatar\/1f9a70007336511a47468b8f1c66f922b8b7cf617b02a31149ada43893a5d48f?s=96&d=mm&r=g","caption":"C D"},"url":"https:\/\/vosgesinfo.fr\/remiremontinfo\/author\/cedric-drevet\/"}]}},"_links":{"self":[{"href":"https:\/\/vosgesinfo.fr\/remiremontinfo\/wp-json\/wp\/v2\/posts\/13832","targetHints":{"allow":["GET"]}}],"collection":[{"href":"https:\/\/vosgesinfo.fr\/remiremontinfo\/wp-json\/wp\/v2\/posts"}],"about":[{"href":"https:\/\/vosgesinfo.fr\/remiremontinfo\/wp-json\/wp\/v2\/types\/post"}],"author":[{"embeddable":true,"href":"https:\/\/vosgesinfo.fr\/remiremontinfo\/wp-json\/wp\/v2\/users\/407"}],"replies":[{"embeddable":true,"href":"https:\/\/vosgesinfo.fr\/remiremontinfo\/wp-json\/wp\/v2\/comments?post=13832"}],"version-history":[{"count":0,"href":"https:\/\/vosgesinfo.fr\/remiremontinfo\/wp-json\/wp\/v2\/posts\/13832\/revisions"}],"wp:featuredmedia":[{"embeddable":true,"href":"https:\/\/vosgesinfo.fr\/remiremontinfo\/wp-json\/wp\/v2\/media\/13833"}],"wp:attachment":[{"href":"https:\/\/vosgesinfo.fr\/remiremontinfo\/wp-json\/wp\/v2\/media?parent=13832"}],"wp:term":[{"taxonomy":"category","embeddable":true,"href":"https:\/\/vosgesinfo.fr\/remiremontinfo\/wp-json\/wp\/v2\/categories?post=13832"},{"taxonomy":"post_tag","embeddable":true,"href":"https:\/\/vosgesinfo.fr\/remiremontinfo\/wp-json\/wp\/v2\/tags?post=13832"}],"curies":[{"name":"wp","href":"https:\/\/api.w.org\/{rel}","templated":true}]}}