{"id":13920,"date":"2019-05-06T07:03:27","date_gmt":"2019-05-06T05:03:27","guid":{"rendered":"https:\/\/vosgesinfo.fr\/remiremontinfo\/2019\/05\/syndicat-333-participants-2eme-edition-de-rando-vtt-syndicienne\/"},"modified":"2019-05-06T07:03:27","modified_gmt":"2019-05-06T05:03:27","slug":"syndicat-333-participants-2eme-edition-de-rando-vtt-syndicienne","status":"publish","type":"post","link":"https:\/\/vosgesinfo.fr\/remiremontinfo\/2019\/05\/syndicat-333-participants-2eme-edition-de-rando-vtt-syndicienne\/","title":{"rendered":"Le Syndicat : 333 participants pour la 2\u00e8me \u00e9dition de la Rando VTT La Syndicienne"},"content":{"rendered":"<p class=\"p1\"><a href=\"\/2019\/05\/59682616_10217106760954725_6741612110704279552_o.jpg\"><img decoding=\"async\" class=\"alignnone size-full wp-image-258457\" src=\"\/2019\/05\/59682616_10217106760954725_6741612110704279552_o.jpg\" alt=\"59682616_10217106760954725_6741612110704279552_o\" width=\"2048\" height=\"1365\" \/><\/a><\/p>\n<h2 class=\"p1\"><span style=\"font-size: 12pt;\"><strong><span class=\"s1\">L\u2019association Sports Loisirs Le Syndicat organisait ce dimanche la 2\u00e8me \u00e9dition de sa randonn\u00e9e VTT La Syndicienne. <\/span><\/strong><\/span><\/h2>\n<p class=\"p1\"><span class=\"s1\">333 participants,\u00a0jeunes\u00a0et vieux, se sont retrouv\u00e9s ce dimanche matin au d\u00e9part de la randonn\u00e9e. Ils se sont lanc\u00e9s sur les 4 parcours avec diff\u00e9rents niveaux de difficult\u00e9, de d\u00e9nivel\u00e9 et de longueur (12, 20, 28, et 41 kilom\u00e8tres) trac\u00e9s par Guillaume Humbert. Un premier Niveau, adapt\u00e9 aux familles, et accessible aux plus jeunes. Un deuxi\u00e8me, interm\u00e9diaire, assez physique. Un troisi\u00e8me qui met l&rsquo;endurance \u00e0 rude \u00e9preuve. Et enfin le quatri\u00e8me niveau, r\u00e9serv\u00e9 aux plus t\u00e9m\u00e9raires.<\/span><\/p>\n<p class=\"p1\"><span class=\"s1\">Un prix a \u00e9t\u00e9 remis au club de Vagney, qui a parcouru la plus grande distance. Le troph\u00e9e a \u00e9t\u00e9 r\u00e9alis\u00e9 par le graveur Claude Febvet. Il sera remis en jeu tous les ans.<\/span><\/p>\n<p class=\"p1\"><em>Photos de Claude Noel<\/em><\/p>\n\n<div id=\"attachment_258462\" style=\"width: 734px\" class=\"wp-caption alignnone\"><a href=\"\/2019\/05\/2019-Sche\u0301mas-D-4-Parcours-VTT.jpg\"><img decoding=\"async\" aria-describedby=\"caption-attachment-258462\" class=\"size-large wp-image-258462\" src=\"\/2019\/05\/2019-Sche\u0301mas-D-4-Parcours-VTT-724x1024.jpg\" alt=\"source : site de La Syndicienne\" width=\"724\" height=\"1024\" \/><\/a><p id=\"caption-attachment-258462\" class=\"wp-caption-text\">Les 4 parcours. <em>Source : site de La Syndicienne<\/em><\/p><\/div>\n","protected":false},"excerpt":{"rendered":"<p>L\u2019association Sports Loisirs Le Syndicat organisait ce dimanche la 2\u00e8me \u00e9dition de sa randonn\u00e9e VTT La Syndicienne. 333 participants,\u00a0jeunes\u00a0et vieux, [&hellip;]<\/p>\n","protected":false},"author":407,"featured_media":13921,"comment_status":"open","ping_status":"open","sticky":false,"template":"","format":"standard","meta":{"footnotes":""},"categories":[26,25,1579,14],"tags":[],"class_list":["post-13920","post","type-post","status-publish","format-standard","has-post-thumbnail","hentry","category-a-la-une","category-la-bresse-son-canton","category-le-syndicat-la-bresse-son-canton","category-sport"],"acf":[],"yoast_head":"<!-- This site is optimized with the Yoast SEO plugin v22.5 - https:\/\/yoast.com\/wordpress\/plugins\/seo\/ -->\n<title>Le Syndicat : 333 participants pour la 2\u00e8me \u00e9dition de la Rando VTT La Syndicienne - Remiremont Info<\/title>\n<meta name=\"robots\" content=\"index, follow, max-snippet:-1, max-image-preview:large, max-video-preview:-1\" \/>\n<link rel=\"canonical\" href=\"https:\/\/vosgesinfo.fr\/remiremontinfo\/2019\/05\/syndicat-333-participants-2eme-edition-de-rando-vtt-syndicienne\/\" \/>\n<meta name=\"twitter:card\" content=\"summary_large_image\" \/>\n<meta name=\"twitter:title\" content=\"Le Syndicat : 333 participants pour la 2\u00e8me \u00e9dition de la Rando VTT La Syndicienne - Remiremont Info\" \/>\n<meta name=\"twitter:description\" content=\"L\u2019association Sports Loisirs Le Syndicat organisait ce dimanche la 2\u00e8me \u00e9dition de sa randonn\u00e9e VTT La Syndicienne. 333 participants,\u00a0jeunes\u00a0et vieux, [&hellip;]\" \/>\n<meta name=\"twitter:image\" content=\"https:\/\/vosgesinfo.fr\/app\/uploads\/sites\/5\/2024\/09\/20190559682616-10217106760954725-6741612110704279552-o.jpg\" \/>\n<meta name=\"twitter:creator\" content=\"@VosgesInfo88\" \/>\n<meta name=\"twitter:site\" content=\"@VosgesInfo88\" \/>\n<meta name=\"twitter:label1\" content=\"\u00c9crit par\" \/>\n\t<meta name=\"twitter:data1\" content=\"C D\" \/>\n\t<meta name=\"twitter:label2\" content=\"Dur\u00e9e de lecture estim\u00e9e\" \/>\n\t<meta name=\"twitter:data2\" content=\"1 minute\" \/>\n<script type=\"application\/ld+json\" class=\"yoast-schema-graph\">{\"@context\":\"https:\/\/schema.org\",\"@graph\":[{\"@type\":\"Article\",\"@id\":\"https:\/\/vosgesinfo.fr\/remiremontinfo\/2019\/05\/syndicat-333-participants-2eme-edition-de-rando-vtt-syndicienne\/#article\",\"isPartOf\":{\"@id\":\"https:\/\/vosgesinfo.fr\/remiremontinfo\/2019\/05\/syndicat-333-participants-2eme-edition-de-rando-vtt-syndicienne\/\"},\"author\":{\"name\":\"C D\",\"@id\":\"https:\/\/vosgesinfo.fr\/remiremontinfo\/#\/schema\/person\/3bfd164d5218a185b1db68655a265316\"},\"headline\":\"Le Syndicat : 333 participants pour la 2\u00e8me \u00e9dition de la Rando VTT La Syndicienne\",\"datePublished\":\"2019-05-06T05:03:27+00:00\",\"dateModified\":\"2019-05-06T05:03:27+00:00\",\"mainEntityOfPage\":{\"@id\":\"https:\/\/vosgesinfo.fr\/remiremontinfo\/2019\/05\/syndicat-333-participants-2eme-edition-de-rando-vtt-syndicienne\/\"},\"wordCount\":180,\"commentCount\":0,\"publisher\":{\"@id\":\"https:\/\/vosgesinfo.fr\/remiremontinfo\/#organization\"},\"image\":{\"@id\":\"https:\/\/vosgesinfo.fr\/remiremontinfo\/2019\/05\/syndicat-333-participants-2eme-edition-de-rando-vtt-syndicienne\/#primaryimage\"},\"thumbnailUrl\":\"https:\/\/vosgesinfo.fr\/app\/uploads\/sites\/5\/2024\/09\/20190559682616-10217106760954725-6741612110704279552-o.jpg\",\"articleSection\":[\"A la Une\",\"La Bresse &amp; son canton\",\"Le Syndicat\",\"Sport\"],\"inLanguage\":\"fr-FR\",\"potentialAction\":[{\"@type\":\"CommentAction\",\"name\":\"Comment\",\"target\":[\"https:\/\/vosgesinfo.fr\/remiremontinfo\/2019\/05\/syndicat-333-participants-2eme-edition-de-rando-vtt-syndicienne\/#respond\"]}]},{\"@type\":\"WebPage\",\"@id\":\"https:\/\/vosgesinfo.fr\/remiremontinfo\/2019\/05\/syndicat-333-participants-2eme-edition-de-rando-vtt-syndicienne\/\",\"url\":\"https:\/\/vosgesinfo.fr\/remiremontinfo\/2019\/05\/syndicat-333-participants-2eme-edition-de-rando-vtt-syndicienne\/\",\"name\":\"Le Syndicat : 333 participants pour la 2\u00e8me \u00e9dition de la Rando VTT La Syndicienne - Remiremont Info\",\"isPartOf\":{\"@id\":\"https:\/\/vosgesinfo.fr\/remiremontinfo\/#website\"},\"primaryImageOfPage\":{\"@id\":\"https:\/\/vosgesinfo.fr\/remiremontinfo\/2019\/05\/syndicat-333-participants-2eme-edition-de-rando-vtt-syndicienne\/#primaryimage\"},\"image\":{\"@id\":\"https:\/\/vosgesinfo.fr\/remiremontinfo\/2019\/05\/syndicat-333-participants-2eme-edition-de-rando-vtt-syndicienne\/#primaryimage\"},\"thumbnailUrl\":\"https:\/\/vosgesinfo.fr\/app\/uploads\/sites\/5\/2024\/09\/20190559682616-10217106760954725-6741612110704279552-o.jpg\",\"datePublished\":\"2019-05-06T05:03:27+00:00\",\"dateModified\":\"2019-05-06T05:03:27+00:00\",\"breadcrumb\":{\"@id\":\"https:\/\/vosgesinfo.fr\/remiremontinfo\/2019\/05\/syndicat-333-participants-2eme-edition-de-rando-vtt-syndicienne\/#breadcrumb\"},\"inLanguage\":\"fr-FR\",\"potentialAction\":[{\"@type\":\"ReadAction\",\"target\":[\"https:\/\/vosgesinfo.fr\/remiremontinfo\/2019\/05\/syndicat-333-participants-2eme-edition-de-rando-vtt-syndicienne\/\"]}]},{\"@type\":\"ImageObject\",\"inLanguage\":\"fr-FR\",\"@id\":\"https:\/\/vosgesinfo.fr\/remiremontinfo\/2019\/05\/syndicat-333-participants-2eme-edition-de-rando-vtt-syndicienne\/#primaryimage\",\"url\":\"https:\/\/vosgesinfo.fr\/app\/uploads\/sites\/5\/2024\/09\/20190559682616-10217106760954725-6741612110704279552-o.jpg\",\"contentUrl\":\"https:\/\/vosgesinfo.fr\/app\/uploads\/sites\/5\/2024\/09\/20190559682616-10217106760954725-6741612110704279552-o.jpg\",\"width\":2048,\"height\":1365},{\"@type\":\"BreadcrumbList\",\"@id\":\"https:\/\/vosgesinfo.fr\/remiremontinfo\/2019\/05\/syndicat-333-participants-2eme-edition-de-rando-vtt-syndicienne\/#breadcrumb\",\"itemListElement\":[{\"@type\":\"ListItem\",\"position\":1,\"name\":\"Home\",\"item\":\"https:\/\/vosgesinfo.fr\/remiremontinfo\/\"},{\"@type\":\"ListItem\",\"position\":2,\"name\":\"Le Syndicat : 333 participants pour la 2\u00e8me \u00e9dition de la Rando VTT La Syndicienne\"}]},{\"@type\":\"WebSite\",\"@id\":\"https:\/\/vosgesinfo.fr\/remiremontinfo\/#website\",\"url\":\"https:\/\/vosgesinfo.fr\/remiremontinfo\/\",\"name\":\"Remiremont Info\",\"description\":\"Toute l&#039;actualit\u00e9 de Remiremont\",\"publisher\":{\"@id\":\"https:\/\/vosgesinfo.fr\/remiremontinfo\/#organization\"},\"alternateName\":\"Toute l'actualit\u00e9 de Remiremont\",\"potentialAction\":[{\"@type\":\"SearchAction\",\"target\":{\"@type\":\"EntryPoint\",\"urlTemplate\":\"https:\/\/vosgesinfo.fr\/remiremontinfo\/?s={search_term_string}\"},\"query-input\":\"required name=search_term_string\"}],\"inLanguage\":\"fr-FR\"},{\"@type\":\"Organization\",\"@id\":\"https:\/\/vosgesinfo.fr\/remiremontinfo\/#organization\",\"name\":\"Remiremont Info\",\"url\":\"https:\/\/vosgesinfo.fr\/remiremontinfo\/\",\"logo\":{\"@type\":\"ImageObject\",\"inLanguage\":\"fr-FR\",\"@id\":\"https:\/\/vosgesinfo.fr\/remiremontinfo\/#\/schema\/logo\/image\/\",\"url\":\"https:\/\/vosgesinfo.fr\/app\/uploads\/sites\/5\/2023\/08\/favicon-remiremontinfo.png\",\"contentUrl\":\"https:\/\/vosgesinfo.fr\/app\/uploads\/sites\/5\/2023\/08\/favicon-remiremontinfo.png\",\"width\":512,\"height\":512,\"caption\":\"Remiremont Info\"},\"image\":{\"@id\":\"https:\/\/vosgesinfo.fr\/remiremontinfo\/#\/schema\/logo\/image\/\"},\"sameAs\":[\"https:\/\/www.facebook.com\/remiremontinfo\",\"https:\/\/x.com\/VosgesInfo88\",\"https:\/\/www.youtube.com\/@vosgesinfo\"]},{\"@type\":\"Person\",\"@id\":\"https:\/\/vosgesinfo.fr\/remiremontinfo\/#\/schema\/person\/3bfd164d5218a185b1db68655a265316\",\"name\":\"C D\",\"image\":{\"@type\":\"ImageObject\",\"inLanguage\":\"fr-FR\",\"@id\":\"https:\/\/vosgesinfo.fr\/remiremontinfo\/#\/schema\/person\/image\/\",\"url\":\"https:\/\/secure.gravatar.com\/avatar\/1f9a70007336511a47468b8f1c66f922b8b7cf617b02a31149ada43893a5d48f?s=96&d=mm&r=g\",\"contentUrl\":\"https:\/\/secure.gravatar.com\/avatar\/1f9a70007336511a47468b8f1c66f922b8b7cf617b02a31149ada43893a5d48f?s=96&d=mm&r=g\",\"caption\":\"C D\"},\"url\":\"https:\/\/vosgesinfo.fr\/remiremontinfo\/author\/cedric-drevet\/\"}]}<\/script>\n<!-- \/ Yoast SEO plugin. -->","yoast_head_json":{"title":"Le Syndicat : 333 participants pour la 2\u00e8me \u00e9dition de la Rando VTT La Syndicienne - Remiremont Info","robots":{"index":"index","follow":"follow","max-snippet":"max-snippet:-1","max-image-preview":"max-image-preview:large","max-video-preview":"max-video-preview:-1"},"canonical":"https:\/\/vosgesinfo.fr\/remiremontinfo\/2019\/05\/syndicat-333-participants-2eme-edition-de-rando-vtt-syndicienne\/","twitter_card":"summary_large_image","twitter_title":"Le Syndicat : 333 participants pour la 2\u00e8me \u00e9dition de la Rando VTT La Syndicienne - Remiremont Info","twitter_description":"L\u2019association Sports Loisirs Le Syndicat organisait ce dimanche la 2\u00e8me \u00e9dition de sa randonn\u00e9e VTT La Syndicienne. 333 participants,\u00a0jeunes\u00a0et vieux, [&hellip;]","twitter_image":"https:\/\/vosgesinfo.fr\/app\/uploads\/sites\/5\/2024\/09\/20190559682616-10217106760954725-6741612110704279552-o.jpg","twitter_creator":"@VosgesInfo88","twitter_site":"@VosgesInfo88","twitter_misc":{"\u00c9crit par":"C D","Dur\u00e9e de lecture estim\u00e9e":"1 minute"},"schema":{"@context":"https:\/\/schema.org","@graph":[{"@type":"Article","@id":"https:\/\/vosgesinfo.fr\/remiremontinfo\/2019\/05\/syndicat-333-participants-2eme-edition-de-rando-vtt-syndicienne\/#article","isPartOf":{"@id":"https:\/\/vosgesinfo.fr\/remiremontinfo\/2019\/05\/syndicat-333-participants-2eme-edition-de-rando-vtt-syndicienne\/"},"author":{"name":"C D","@id":"https:\/\/vosgesinfo.fr\/remiremontinfo\/#\/schema\/person\/3bfd164d5218a185b1db68655a265316"},"headline":"Le Syndicat : 333 participants pour la 2\u00e8me \u00e9dition de la Rando VTT La Syndicienne","datePublished":"2019-05-06T05:03:27+00:00","dateModified":"2019-05-06T05:03:27+00:00","mainEntityOfPage":{"@id":"https:\/\/vosgesinfo.fr\/remiremontinfo\/2019\/05\/syndicat-333-participants-2eme-edition-de-rando-vtt-syndicienne\/"},"wordCount":180,"commentCount":0,"publisher":{"@id":"https:\/\/vosgesinfo.fr\/remiremontinfo\/#organization"},"image":{"@id":"https:\/\/vosgesinfo.fr\/remiremontinfo\/2019\/05\/syndicat-333-participants-2eme-edition-de-rando-vtt-syndicienne\/#primaryimage"},"thumbnailUrl":"https:\/\/vosgesinfo.fr\/app\/uploads\/sites\/5\/2024\/09\/20190559682616-10217106760954725-6741612110704279552-o.jpg","articleSection":["A la Une","La Bresse &amp; son canton","Le Syndicat","Sport"],"inLanguage":"fr-FR","potentialAction":[{"@type":"CommentAction","name":"Comment","target":["https:\/\/vosgesinfo.fr\/remiremontinfo\/2019\/05\/syndicat-333-participants-2eme-edition-de-rando-vtt-syndicienne\/#respond"]}]},{"@type":"WebPage","@id":"https:\/\/vosgesinfo.fr\/remiremontinfo\/2019\/05\/syndicat-333-participants-2eme-edition-de-rando-vtt-syndicienne\/","url":"https:\/\/vosgesinfo.fr\/remiremontinfo\/2019\/05\/syndicat-333-participants-2eme-edition-de-rando-vtt-syndicienne\/","name":"Le Syndicat : 333 participants pour la 2\u00e8me \u00e9dition de la Rando VTT La Syndicienne - Remiremont Info","isPartOf":{"@id":"https:\/\/vosgesinfo.fr\/remiremontinfo\/#website"},"primaryImageOfPage":{"@id":"https:\/\/vosgesinfo.fr\/remiremontinfo\/2019\/05\/syndicat-333-participants-2eme-edition-de-rando-vtt-syndicienne\/#primaryimage"},"image":{"@id":"https:\/\/vosgesinfo.fr\/remiremontinfo\/2019\/05\/syndicat-333-participants-2eme-edition-de-rando-vtt-syndicienne\/#primaryimage"},"thumbnailUrl":"https:\/\/vosgesinfo.fr\/app\/uploads\/sites\/5\/2024\/09\/20190559682616-10217106760954725-6741612110704279552-o.jpg","datePublished":"2019-05-06T05:03:27+00:00","dateModified":"2019-05-06T05:03:27+00:00","breadcrumb":{"@id":"https:\/\/vosgesinfo.fr\/remiremontinfo\/2019\/05\/syndicat-333-participants-2eme-edition-de-rando-vtt-syndicienne\/#breadcrumb"},"inLanguage":"fr-FR","potentialAction":[{"@type":"ReadAction","target":["https:\/\/vosgesinfo.fr\/remiremontinfo\/2019\/05\/syndicat-333-participants-2eme-edition-de-rando-vtt-syndicienne\/"]}]},{"@type":"ImageObject","inLanguage":"fr-FR","@id":"https:\/\/vosgesinfo.fr\/remiremontinfo\/2019\/05\/syndicat-333-participants-2eme-edition-de-rando-vtt-syndicienne\/#primaryimage","url":"https:\/\/vosgesinfo.fr\/app\/uploads\/sites\/5\/2024\/09\/20190559682616-10217106760954725-6741612110704279552-o.jpg","contentUrl":"https:\/\/vosgesinfo.fr\/app\/uploads\/sites\/5\/2024\/09\/20190559682616-10217106760954725-6741612110704279552-o.jpg","width":2048,"height":1365},{"@type":"BreadcrumbList","@id":"https:\/\/vosgesinfo.fr\/remiremontinfo\/2019\/05\/syndicat-333-participants-2eme-edition-de-rando-vtt-syndicienne\/#breadcrumb","itemListElement":[{"@type":"ListItem","position":1,"name":"Home","item":"https:\/\/vosgesinfo.fr\/remiremontinfo\/"},{"@type":"ListItem","position":2,"name":"Le Syndicat : 333 participants pour la 2\u00e8me \u00e9dition de la Rando VTT La Syndicienne"}]},{"@type":"WebSite","@id":"https:\/\/vosgesinfo.fr\/remiremontinfo\/#website","url":"https:\/\/vosgesinfo.fr\/remiremontinfo\/","name":"Remiremont Info","description":"Toute l&#039;actualit\u00e9 de Remiremont","publisher":{"@id":"https:\/\/vosgesinfo.fr\/remiremontinfo\/#organization"},"alternateName":"Toute l'actualit\u00e9 de Remiremont","potentialAction":[{"@type":"SearchAction","target":{"@type":"EntryPoint","urlTemplate":"https:\/\/vosgesinfo.fr\/remiremontinfo\/?s={search_term_string}"},"query-input":"required name=search_term_string"}],"inLanguage":"fr-FR"},{"@type":"Organization","@id":"https:\/\/vosgesinfo.fr\/remiremontinfo\/#organization","name":"Remiremont Info","url":"https:\/\/vosgesinfo.fr\/remiremontinfo\/","logo":{"@type":"ImageObject","inLanguage":"fr-FR","@id":"https:\/\/vosgesinfo.fr\/remiremontinfo\/#\/schema\/logo\/image\/","url":"https:\/\/vosgesinfo.fr\/app\/uploads\/sites\/5\/2023\/08\/favicon-remiremontinfo.png","contentUrl":"https:\/\/vosgesinfo.fr\/app\/uploads\/sites\/5\/2023\/08\/favicon-remiremontinfo.png","width":512,"height":512,"caption":"Remiremont Info"},"image":{"@id":"https:\/\/vosgesinfo.fr\/remiremontinfo\/#\/schema\/logo\/image\/"},"sameAs":["https:\/\/www.facebook.com\/remiremontinfo","https:\/\/x.com\/VosgesInfo88","https:\/\/www.youtube.com\/@vosgesinfo"]},{"@type":"Person","@id":"https:\/\/vosgesinfo.fr\/remiremontinfo\/#\/schema\/person\/3bfd164d5218a185b1db68655a265316","name":"C D","image":{"@type":"ImageObject","inLanguage":"fr-FR","@id":"https:\/\/vosgesinfo.fr\/remiremontinfo\/#\/schema\/person\/image\/","url":"https:\/\/secure.gravatar.com\/avatar\/1f9a70007336511a47468b8f1c66f922b8b7cf617b02a31149ada43893a5d48f?s=96&d=mm&r=g","contentUrl":"https:\/\/secure.gravatar.com\/avatar\/1f9a70007336511a47468b8f1c66f922b8b7cf617b02a31149ada43893a5d48f?s=96&d=mm&r=g","caption":"C D"},"url":"https:\/\/vosgesinfo.fr\/remiremontinfo\/author\/cedric-drevet\/"}]}},"_links":{"self":[{"href":"https:\/\/vosgesinfo.fr\/remiremontinfo\/wp-json\/wp\/v2\/posts\/13920","targetHints":{"allow":["GET"]}}],"collection":[{"href":"https:\/\/vosgesinfo.fr\/remiremontinfo\/wp-json\/wp\/v2\/posts"}],"about":[{"href":"https:\/\/vosgesinfo.fr\/remiremontinfo\/wp-json\/wp\/v2\/types\/post"}],"author":[{"embeddable":true,"href":"https:\/\/vosgesinfo.fr\/remiremontinfo\/wp-json\/wp\/v2\/users\/407"}],"replies":[{"embeddable":true,"href":"https:\/\/vosgesinfo.fr\/remiremontinfo\/wp-json\/wp\/v2\/comments?post=13920"}],"version-history":[{"count":0,"href":"https:\/\/vosgesinfo.fr\/remiremontinfo\/wp-json\/wp\/v2\/posts\/13920\/revisions"}],"wp:featuredmedia":[{"embeddable":true,"href":"https:\/\/vosgesinfo.fr\/remiremontinfo\/wp-json\/wp\/v2\/media\/13921"}],"wp:attachment":[{"href":"https:\/\/vosgesinfo.fr\/remiremontinfo\/wp-json\/wp\/v2\/media?parent=13920"}],"wp:term":[{"taxonomy":"category","embeddable":true,"href":"https:\/\/vosgesinfo.fr\/remiremontinfo\/wp-json\/wp\/v2\/categories?post=13920"},{"taxonomy":"post_tag","embeddable":true,"href":"https:\/\/vosgesinfo.fr\/remiremontinfo\/wp-json\/wp\/v2\/tags?post=13920"}],"curies":[{"name":"wp","href":"https:\/\/api.w.org\/{rel}","templated":true}]}}