{"id":13928,"date":"2019-05-06T06:58:15","date_gmt":"2019-05-06T04:58:15","guid":{"rendered":"https:\/\/vosgesinfo.fr\/remiremontinfo\/2019\/05\/remiremont-conference-de-lartiste-annie-tremsal-musee-charles-de-bruyeres\/"},"modified":"2019-05-06T06:58:15","modified_gmt":"2019-05-06T04:58:15","slug":"remiremont-conference-de-lartiste-annie-tremsal-musee-charles-de-bruyeres","status":"publish","type":"post","link":"https:\/\/vosgesinfo.fr\/remiremontinfo\/2019\/05\/remiremont-conference-de-lartiste-annie-tremsal-musee-charles-de-bruyeres\/","title":{"rendered":"Remiremont : une conf\u00e9rence de l&rsquo;artiste Annie Tremsal au mus\u00e9e Charles de Bruy\u00e8res"},"content":{"rendered":"<h2><a href=\"\/2019\/05\/Publi-FB-Artistes-A_T.jpg\"><img decoding=\"async\" class=\"alignnone size-large wp-image-258469\" src=\"\/2019\/05\/Publi-FB-Artistes-A_T-1024x538.jpg\" alt=\"Publi FB Artistes A_T\" width=\"960\" height=\"504\" \/><\/a><\/h2>\n<h2><span style=\"font-size: 12pt;\"><strong>Vendredi 10 mai prochain \u00e0 18h au mus\u00e9e Charles de Bruy\u00e8res se tiendra une conf\u00e9rence de l&rsquo;artiste peintre plasticienne Annie Tremsal.<\/strong><\/span><\/h2>\n<p>N\u00e9e \u00e0 Remiremont, l&rsquo;artiste\u00a0vit et travaille depuis 30 ans dans son atelier \u00ab L\u2019\u0153il \u00e9coute \u00bb dans la montagne vosgienne, au Thillot. Episodiquement, elle partage un atelier avec un artiste chinois \u00e0 Shanghai. C\u2019est l\u00e0 pr\u00e9cis\u00e9ment qu\u2019elle combine subtilement les deux influences culturelles de l\u2019Orient et de l\u2019Occident. Elle fr\u00e9quente la chine depuis plus de 20 ann\u00e9es ce qui lui a permis de nombreuses expositions et conf\u00e9rences &#8211; (P\u00e9kin, Shanghai et Hong-Kong)<\/p>\n<p>L\u2019artiste proposera bri\u00e8vement son parcours en \u00e9voquant l\u2019impact et l\u2019influence de ses voyages : tout d\u2019abord plusieurs fois au mali et au Niger dont 6 mois cons\u00e9cutifs chez les touareg du Mali dans le cercle de M\u00e9naka. En Himalaya chez les peuples tib\u00e9tains du Dolpo (6 semaines) et ensuite voyages r\u00e9guliers \u00e0 Shanghai principalement mais aussi \u00e0 Hong Kong P\u00e9kin et plus r\u00e9cemment dans la province du Shandong. En pr\u00e9paration, une r\u00e9sidence d\u2019artiste \u00e0 Jinan et P\u00e9kin en 2020.<\/p>\n<p>La philosophie qu\u2019elle lit chaque jour depuis des ann\u00e9es mais aussi qu\u2019elle travaille avec de ses amis philosophes, nourrit son travail dans sa profondeur. Elle fera une pr\u00e9sentation par l\u2019image des moments majeurs de l\u2019\u00e9volution de sa recherche artistique<br \/>\nElle \u00e9voquera sa relation au Mus\u00e9e : Durant ses \u00e9tudes \u00e0 Paris, elle a fr\u00e9quent\u00e9 d\u2019une mani\u00e8re soutenue les Mus\u00e9e Rodin et Gustave Moreau.<\/p>\n<p>L\u2019apport des artistes anciens est consid\u00e9rable dans sa mani\u00e8re d\u2019appr\u00e9hender une \u0153uvre nouvelle.<br \/>\nPour finir, elle reviendra \u00e0 l\u2019\u0153uvre expos\u00e9e au mus\u00e9e mais aussi \u00e0 sa fonction de commissaire d\u2019exposition qui l\u2019a conduite \u00e0 l\u2019organisation de cette exposition au mus\u00e9e Charles De Bruy\u00e8res. La position de l\u2019artiste actuel est probablement \u00e0 red\u00e9finir dans une soci\u00e9t\u00e9 confuse et en mal de rep\u00e8res.<\/p>\n<p>Elle ouvrira le dialogue avec les personnes pr\u00e9sentes en mettant en lumi\u00e8re la n\u00e9cessit\u00e9 de fr\u00e9quenter non seulement les mus\u00e9es, mais aussi les expositions actuelles qui, \u00e0 n\u2019en pas douter, en plus de l\u2019apport po\u00e9tique, disent au mieux la pens\u00e9e du moment.<\/p>\n","protected":false},"excerpt":{"rendered":"<p>Vendredi 10 mai prochain \u00e0 18h au mus\u00e9e Charles de Bruy\u00e8res se tiendra une conf\u00e9rence de l&rsquo;artiste peintre plasticienne Annie [&hellip;]<\/p>\n","protected":false},"author":407,"featured_media":13929,"comment_status":"open","ping_status":"open","sticky":false,"template":"","format":"standard","meta":{"footnotes":""},"categories":[26,4,1556,35],"tags":[],"class_list":["post-13928","post","type-post","status-publish","format-standard","has-post-thumbnail","hentry","category-a-la-une","category-culture","category-remiremont-remiremont-son-canton-2","category-remiremont-son-canton"],"acf":[],"yoast_head":"<!-- This site is optimized with the Yoast SEO plugin v22.5 - https:\/\/yoast.com\/wordpress\/plugins\/seo\/ -->\n<title>Remiremont : une conf\u00e9rence de l&#039;artiste Annie Tremsal au mus\u00e9e Charles de Bruy\u00e8res - Remiremont Info<\/title>\n<meta name=\"robots\" content=\"index, follow, max-snippet:-1, max-image-preview:large, max-video-preview:-1\" \/>\n<link rel=\"canonical\" href=\"https:\/\/vosgesinfo.fr\/remiremontinfo\/2019\/05\/remiremont-conference-de-lartiste-annie-tremsal-musee-charles-de-bruyeres\/\" \/>\n<meta name=\"twitter:card\" content=\"summary_large_image\" \/>\n<meta name=\"twitter:title\" content=\"Remiremont : une conf\u00e9rence de l&#039;artiste Annie Tremsal au mus\u00e9e Charles de Bruy\u00e8res - Remiremont Info\" \/>\n<meta name=\"twitter:description\" content=\"Vendredi 10 mai prochain \u00e0 18h au mus\u00e9e Charles de Bruy\u00e8res se tiendra une conf\u00e9rence de l&rsquo;artiste peintre plasticienne Annie [&hellip;]\" \/>\n<meta name=\"twitter:image\" content=\"https:\/\/vosgesinfo.fr\/app\/uploads\/sites\/5\/2024\/09\/201905publi-fb-artistes-a-t.jpg\" \/>\n<meta name=\"twitter:creator\" content=\"@VosgesInfo88\" \/>\n<meta name=\"twitter:site\" content=\"@VosgesInfo88\" \/>\n<meta name=\"twitter:label1\" content=\"\u00c9crit par\" \/>\n\t<meta name=\"twitter:data1\" content=\"C D\" \/>\n\t<meta name=\"twitter:label2\" content=\"Dur\u00e9e de lecture estim\u00e9e\" \/>\n\t<meta name=\"twitter:data2\" content=\"2 minutes\" \/>\n<script type=\"application\/ld+json\" class=\"yoast-schema-graph\">{\"@context\":\"https:\/\/schema.org\",\"@graph\":[{\"@type\":\"Article\",\"@id\":\"https:\/\/vosgesinfo.fr\/remiremontinfo\/2019\/05\/remiremont-conference-de-lartiste-annie-tremsal-musee-charles-de-bruyeres\/#article\",\"isPartOf\":{\"@id\":\"https:\/\/vosgesinfo.fr\/remiremontinfo\/2019\/05\/remiremont-conference-de-lartiste-annie-tremsal-musee-charles-de-bruyeres\/\"},\"author\":{\"name\":\"C D\",\"@id\":\"https:\/\/vosgesinfo.fr\/remiremontinfo\/#\/schema\/person\/3bfd164d5218a185b1db68655a265316\"},\"headline\":\"Remiremont : une conf\u00e9rence de l&rsquo;artiste Annie Tremsal au mus\u00e9e Charles de Bruy\u00e8res\",\"datePublished\":\"2019-05-06T04:58:15+00:00\",\"dateModified\":\"2019-05-06T04:58:15+00:00\",\"mainEntityOfPage\":{\"@id\":\"https:\/\/vosgesinfo.fr\/remiremontinfo\/2019\/05\/remiremont-conference-de-lartiste-annie-tremsal-musee-charles-de-bruyeres\/\"},\"wordCount\":402,\"commentCount\":0,\"publisher\":{\"@id\":\"https:\/\/vosgesinfo.fr\/remiremontinfo\/#organization\"},\"image\":{\"@id\":\"https:\/\/vosgesinfo.fr\/remiremontinfo\/2019\/05\/remiremont-conference-de-lartiste-annie-tremsal-musee-charles-de-bruyeres\/#primaryimage\"},\"thumbnailUrl\":\"https:\/\/vosgesinfo.fr\/app\/uploads\/sites\/5\/2024\/09\/201905publi-fb-artistes-a-t.jpg\",\"articleSection\":[\"A la Une\",\"Culture\",\"Remiremont\",\"Remiremont &amp; son canton\"],\"inLanguage\":\"fr-FR\",\"potentialAction\":[{\"@type\":\"CommentAction\",\"name\":\"Comment\",\"target\":[\"https:\/\/vosgesinfo.fr\/remiremontinfo\/2019\/05\/remiremont-conference-de-lartiste-annie-tremsal-musee-charles-de-bruyeres\/#respond\"]}]},{\"@type\":\"WebPage\",\"@id\":\"https:\/\/vosgesinfo.fr\/remiremontinfo\/2019\/05\/remiremont-conference-de-lartiste-annie-tremsal-musee-charles-de-bruyeres\/\",\"url\":\"https:\/\/vosgesinfo.fr\/remiremontinfo\/2019\/05\/remiremont-conference-de-lartiste-annie-tremsal-musee-charles-de-bruyeres\/\",\"name\":\"Remiremont : une conf\u00e9rence de l'artiste Annie Tremsal au mus\u00e9e Charles de Bruy\u00e8res - Remiremont Info\",\"isPartOf\":{\"@id\":\"https:\/\/vosgesinfo.fr\/remiremontinfo\/#website\"},\"primaryImageOfPage\":{\"@id\":\"https:\/\/vosgesinfo.fr\/remiremontinfo\/2019\/05\/remiremont-conference-de-lartiste-annie-tremsal-musee-charles-de-bruyeres\/#primaryimage\"},\"image\":{\"@id\":\"https:\/\/vosgesinfo.fr\/remiremontinfo\/2019\/05\/remiremont-conference-de-lartiste-annie-tremsal-musee-charles-de-bruyeres\/#primaryimage\"},\"thumbnailUrl\":\"https:\/\/vosgesinfo.fr\/app\/uploads\/sites\/5\/2024\/09\/201905publi-fb-artistes-a-t.jpg\",\"datePublished\":\"2019-05-06T04:58:15+00:00\",\"dateModified\":\"2019-05-06T04:58:15+00:00\",\"breadcrumb\":{\"@id\":\"https:\/\/vosgesinfo.fr\/remiremontinfo\/2019\/05\/remiremont-conference-de-lartiste-annie-tremsal-musee-charles-de-bruyeres\/#breadcrumb\"},\"inLanguage\":\"fr-FR\",\"potentialAction\":[{\"@type\":\"ReadAction\",\"target\":[\"https:\/\/vosgesinfo.fr\/remiremontinfo\/2019\/05\/remiremont-conference-de-lartiste-annie-tremsal-musee-charles-de-bruyeres\/\"]}]},{\"@type\":\"ImageObject\",\"inLanguage\":\"fr-FR\",\"@id\":\"https:\/\/vosgesinfo.fr\/remiremontinfo\/2019\/05\/remiremont-conference-de-lartiste-annie-tremsal-musee-charles-de-bruyeres\/#primaryimage\",\"url\":\"https:\/\/vosgesinfo.fr\/app\/uploads\/sites\/5\/2024\/09\/201905publi-fb-artistes-a-t.jpg\",\"contentUrl\":\"https:\/\/vosgesinfo.fr\/app\/uploads\/sites\/5\/2024\/09\/201905publi-fb-artistes-a-t.jpg\",\"width\":1200,\"height\":630},{\"@type\":\"BreadcrumbList\",\"@id\":\"https:\/\/vosgesinfo.fr\/remiremontinfo\/2019\/05\/remiremont-conference-de-lartiste-annie-tremsal-musee-charles-de-bruyeres\/#breadcrumb\",\"itemListElement\":[{\"@type\":\"ListItem\",\"position\":1,\"name\":\"Home\",\"item\":\"https:\/\/vosgesinfo.fr\/remiremontinfo\/\"},{\"@type\":\"ListItem\",\"position\":2,\"name\":\"Remiremont : une conf\u00e9rence de l&rsquo;artiste Annie Tremsal au mus\u00e9e Charles de Bruy\u00e8res\"}]},{\"@type\":\"WebSite\",\"@id\":\"https:\/\/vosgesinfo.fr\/remiremontinfo\/#website\",\"url\":\"https:\/\/vosgesinfo.fr\/remiremontinfo\/\",\"name\":\"Remiremont Info\",\"description\":\"Toute l&#039;actualit\u00e9 de Remiremont\",\"publisher\":{\"@id\":\"https:\/\/vosgesinfo.fr\/remiremontinfo\/#organization\"},\"alternateName\":\"Toute l'actualit\u00e9 de Remiremont\",\"potentialAction\":[{\"@type\":\"SearchAction\",\"target\":{\"@type\":\"EntryPoint\",\"urlTemplate\":\"https:\/\/vosgesinfo.fr\/remiremontinfo\/?s={search_term_string}\"},\"query-input\":\"required name=search_term_string\"}],\"inLanguage\":\"fr-FR\"},{\"@type\":\"Organization\",\"@id\":\"https:\/\/vosgesinfo.fr\/remiremontinfo\/#organization\",\"name\":\"Remiremont Info\",\"url\":\"https:\/\/vosgesinfo.fr\/remiremontinfo\/\",\"logo\":{\"@type\":\"ImageObject\",\"inLanguage\":\"fr-FR\",\"@id\":\"https:\/\/vosgesinfo.fr\/remiremontinfo\/#\/schema\/logo\/image\/\",\"url\":\"https:\/\/vosgesinfo.fr\/app\/uploads\/sites\/5\/2023\/08\/favicon-remiremontinfo.png\",\"contentUrl\":\"https:\/\/vosgesinfo.fr\/app\/uploads\/sites\/5\/2023\/08\/favicon-remiremontinfo.png\",\"width\":512,\"height\":512,\"caption\":\"Remiremont Info\"},\"image\":{\"@id\":\"https:\/\/vosgesinfo.fr\/remiremontinfo\/#\/schema\/logo\/image\/\"},\"sameAs\":[\"https:\/\/www.facebook.com\/remiremontinfo\",\"https:\/\/x.com\/VosgesInfo88\",\"https:\/\/www.youtube.com\/@vosgesinfo\"]},{\"@type\":\"Person\",\"@id\":\"https:\/\/vosgesinfo.fr\/remiremontinfo\/#\/schema\/person\/3bfd164d5218a185b1db68655a265316\",\"name\":\"C D\",\"image\":{\"@type\":\"ImageObject\",\"inLanguage\":\"fr-FR\",\"@id\":\"https:\/\/vosgesinfo.fr\/remiremontinfo\/#\/schema\/person\/image\/\",\"url\":\"https:\/\/secure.gravatar.com\/avatar\/1f9a70007336511a47468b8f1c66f922b8b7cf617b02a31149ada43893a5d48f?s=96&d=mm&r=g\",\"contentUrl\":\"https:\/\/secure.gravatar.com\/avatar\/1f9a70007336511a47468b8f1c66f922b8b7cf617b02a31149ada43893a5d48f?s=96&d=mm&r=g\",\"caption\":\"C D\"},\"url\":\"https:\/\/vosgesinfo.fr\/remiremontinfo\/author\/cedric-drevet\/\"}]}<\/script>\n<!-- \/ Yoast SEO plugin. -->","yoast_head_json":{"title":"Remiremont : une conf\u00e9rence de l'artiste Annie Tremsal au mus\u00e9e Charles de Bruy\u00e8res - Remiremont Info","robots":{"index":"index","follow":"follow","max-snippet":"max-snippet:-1","max-image-preview":"max-image-preview:large","max-video-preview":"max-video-preview:-1"},"canonical":"https:\/\/vosgesinfo.fr\/remiremontinfo\/2019\/05\/remiremont-conference-de-lartiste-annie-tremsal-musee-charles-de-bruyeres\/","twitter_card":"summary_large_image","twitter_title":"Remiremont : une conf\u00e9rence de l'artiste Annie Tremsal au mus\u00e9e Charles de Bruy\u00e8res - Remiremont Info","twitter_description":"Vendredi 10 mai prochain \u00e0 18h au mus\u00e9e Charles de Bruy\u00e8res se tiendra une conf\u00e9rence de l&rsquo;artiste peintre plasticienne Annie [&hellip;]","twitter_image":"https:\/\/vosgesinfo.fr\/app\/uploads\/sites\/5\/2024\/09\/201905publi-fb-artistes-a-t.jpg","twitter_creator":"@VosgesInfo88","twitter_site":"@VosgesInfo88","twitter_misc":{"\u00c9crit par":"C D","Dur\u00e9e de lecture estim\u00e9e":"2 minutes"},"schema":{"@context":"https:\/\/schema.org","@graph":[{"@type":"Article","@id":"https:\/\/vosgesinfo.fr\/remiremontinfo\/2019\/05\/remiremont-conference-de-lartiste-annie-tremsal-musee-charles-de-bruyeres\/#article","isPartOf":{"@id":"https:\/\/vosgesinfo.fr\/remiremontinfo\/2019\/05\/remiremont-conference-de-lartiste-annie-tremsal-musee-charles-de-bruyeres\/"},"author":{"name":"C D","@id":"https:\/\/vosgesinfo.fr\/remiremontinfo\/#\/schema\/person\/3bfd164d5218a185b1db68655a265316"},"headline":"Remiremont : une conf\u00e9rence de l&rsquo;artiste Annie Tremsal au mus\u00e9e Charles de Bruy\u00e8res","datePublished":"2019-05-06T04:58:15+00:00","dateModified":"2019-05-06T04:58:15+00:00","mainEntityOfPage":{"@id":"https:\/\/vosgesinfo.fr\/remiremontinfo\/2019\/05\/remiremont-conference-de-lartiste-annie-tremsal-musee-charles-de-bruyeres\/"},"wordCount":402,"commentCount":0,"publisher":{"@id":"https:\/\/vosgesinfo.fr\/remiremontinfo\/#organization"},"image":{"@id":"https:\/\/vosgesinfo.fr\/remiremontinfo\/2019\/05\/remiremont-conference-de-lartiste-annie-tremsal-musee-charles-de-bruyeres\/#primaryimage"},"thumbnailUrl":"https:\/\/vosgesinfo.fr\/app\/uploads\/sites\/5\/2024\/09\/201905publi-fb-artistes-a-t.jpg","articleSection":["A la Une","Culture","Remiremont","Remiremont &amp; son canton"],"inLanguage":"fr-FR","potentialAction":[{"@type":"CommentAction","name":"Comment","target":["https:\/\/vosgesinfo.fr\/remiremontinfo\/2019\/05\/remiremont-conference-de-lartiste-annie-tremsal-musee-charles-de-bruyeres\/#respond"]}]},{"@type":"WebPage","@id":"https:\/\/vosgesinfo.fr\/remiremontinfo\/2019\/05\/remiremont-conference-de-lartiste-annie-tremsal-musee-charles-de-bruyeres\/","url":"https:\/\/vosgesinfo.fr\/remiremontinfo\/2019\/05\/remiremont-conference-de-lartiste-annie-tremsal-musee-charles-de-bruyeres\/","name":"Remiremont : une conf\u00e9rence de l'artiste Annie Tremsal au mus\u00e9e Charles de Bruy\u00e8res - Remiremont Info","isPartOf":{"@id":"https:\/\/vosgesinfo.fr\/remiremontinfo\/#website"},"primaryImageOfPage":{"@id":"https:\/\/vosgesinfo.fr\/remiremontinfo\/2019\/05\/remiremont-conference-de-lartiste-annie-tremsal-musee-charles-de-bruyeres\/#primaryimage"},"image":{"@id":"https:\/\/vosgesinfo.fr\/remiremontinfo\/2019\/05\/remiremont-conference-de-lartiste-annie-tremsal-musee-charles-de-bruyeres\/#primaryimage"},"thumbnailUrl":"https:\/\/vosgesinfo.fr\/app\/uploads\/sites\/5\/2024\/09\/201905publi-fb-artistes-a-t.jpg","datePublished":"2019-05-06T04:58:15+00:00","dateModified":"2019-05-06T04:58:15+00:00","breadcrumb":{"@id":"https:\/\/vosgesinfo.fr\/remiremontinfo\/2019\/05\/remiremont-conference-de-lartiste-annie-tremsal-musee-charles-de-bruyeres\/#breadcrumb"},"inLanguage":"fr-FR","potentialAction":[{"@type":"ReadAction","target":["https:\/\/vosgesinfo.fr\/remiremontinfo\/2019\/05\/remiremont-conference-de-lartiste-annie-tremsal-musee-charles-de-bruyeres\/"]}]},{"@type":"ImageObject","inLanguage":"fr-FR","@id":"https:\/\/vosgesinfo.fr\/remiremontinfo\/2019\/05\/remiremont-conference-de-lartiste-annie-tremsal-musee-charles-de-bruyeres\/#primaryimage","url":"https:\/\/vosgesinfo.fr\/app\/uploads\/sites\/5\/2024\/09\/201905publi-fb-artistes-a-t.jpg","contentUrl":"https:\/\/vosgesinfo.fr\/app\/uploads\/sites\/5\/2024\/09\/201905publi-fb-artistes-a-t.jpg","width":1200,"height":630},{"@type":"BreadcrumbList","@id":"https:\/\/vosgesinfo.fr\/remiremontinfo\/2019\/05\/remiremont-conference-de-lartiste-annie-tremsal-musee-charles-de-bruyeres\/#breadcrumb","itemListElement":[{"@type":"ListItem","position":1,"name":"Home","item":"https:\/\/vosgesinfo.fr\/remiremontinfo\/"},{"@type":"ListItem","position":2,"name":"Remiremont : une conf\u00e9rence de l&rsquo;artiste Annie Tremsal au mus\u00e9e Charles de Bruy\u00e8res"}]},{"@type":"WebSite","@id":"https:\/\/vosgesinfo.fr\/remiremontinfo\/#website","url":"https:\/\/vosgesinfo.fr\/remiremontinfo\/","name":"Remiremont Info","description":"Toute l&#039;actualit\u00e9 de Remiremont","publisher":{"@id":"https:\/\/vosgesinfo.fr\/remiremontinfo\/#organization"},"alternateName":"Toute l'actualit\u00e9 de Remiremont","potentialAction":[{"@type":"SearchAction","target":{"@type":"EntryPoint","urlTemplate":"https:\/\/vosgesinfo.fr\/remiremontinfo\/?s={search_term_string}"},"query-input":"required name=search_term_string"}],"inLanguage":"fr-FR"},{"@type":"Organization","@id":"https:\/\/vosgesinfo.fr\/remiremontinfo\/#organization","name":"Remiremont Info","url":"https:\/\/vosgesinfo.fr\/remiremontinfo\/","logo":{"@type":"ImageObject","inLanguage":"fr-FR","@id":"https:\/\/vosgesinfo.fr\/remiremontinfo\/#\/schema\/logo\/image\/","url":"https:\/\/vosgesinfo.fr\/app\/uploads\/sites\/5\/2023\/08\/favicon-remiremontinfo.png","contentUrl":"https:\/\/vosgesinfo.fr\/app\/uploads\/sites\/5\/2023\/08\/favicon-remiremontinfo.png","width":512,"height":512,"caption":"Remiremont Info"},"image":{"@id":"https:\/\/vosgesinfo.fr\/remiremontinfo\/#\/schema\/logo\/image\/"},"sameAs":["https:\/\/www.facebook.com\/remiremontinfo","https:\/\/x.com\/VosgesInfo88","https:\/\/www.youtube.com\/@vosgesinfo"]},{"@type":"Person","@id":"https:\/\/vosgesinfo.fr\/remiremontinfo\/#\/schema\/person\/3bfd164d5218a185b1db68655a265316","name":"C D","image":{"@type":"ImageObject","inLanguage":"fr-FR","@id":"https:\/\/vosgesinfo.fr\/remiremontinfo\/#\/schema\/person\/image\/","url":"https:\/\/secure.gravatar.com\/avatar\/1f9a70007336511a47468b8f1c66f922b8b7cf617b02a31149ada43893a5d48f?s=96&d=mm&r=g","contentUrl":"https:\/\/secure.gravatar.com\/avatar\/1f9a70007336511a47468b8f1c66f922b8b7cf617b02a31149ada43893a5d48f?s=96&d=mm&r=g","caption":"C D"},"url":"https:\/\/vosgesinfo.fr\/remiremontinfo\/author\/cedric-drevet\/"}]}},"_links":{"self":[{"href":"https:\/\/vosgesinfo.fr\/remiremontinfo\/wp-json\/wp\/v2\/posts\/13928","targetHints":{"allow":["GET"]}}],"collection":[{"href":"https:\/\/vosgesinfo.fr\/remiremontinfo\/wp-json\/wp\/v2\/posts"}],"about":[{"href":"https:\/\/vosgesinfo.fr\/remiremontinfo\/wp-json\/wp\/v2\/types\/post"}],"author":[{"embeddable":true,"href":"https:\/\/vosgesinfo.fr\/remiremontinfo\/wp-json\/wp\/v2\/users\/407"}],"replies":[{"embeddable":true,"href":"https:\/\/vosgesinfo.fr\/remiremontinfo\/wp-json\/wp\/v2\/comments?post=13928"}],"version-history":[{"count":0,"href":"https:\/\/vosgesinfo.fr\/remiremontinfo\/wp-json\/wp\/v2\/posts\/13928\/revisions"}],"wp:featuredmedia":[{"embeddable":true,"href":"https:\/\/vosgesinfo.fr\/remiremontinfo\/wp-json\/wp\/v2\/media\/13929"}],"wp:attachment":[{"href":"https:\/\/vosgesinfo.fr\/remiremontinfo\/wp-json\/wp\/v2\/media?parent=13928"}],"wp:term":[{"taxonomy":"category","embeddable":true,"href":"https:\/\/vosgesinfo.fr\/remiremontinfo\/wp-json\/wp\/v2\/categories?post=13928"},{"taxonomy":"post_tag","embeddable":true,"href":"https:\/\/vosgesinfo.fr\/remiremontinfo\/wp-json\/wp\/v2\/tags?post=13928"}],"curies":[{"name":"wp","href":"https:\/\/api.w.org\/{rel}","templated":true}]}}