{"id":13940,"date":"2019-05-06T11:57:34","date_gmt":"2019-05-06T09:57:34","guid":{"rendered":"https:\/\/vosgesinfo.fr\/remiremontinfo\/2019\/05\/course-dorientation-apres-championnats-de-france-journee-mondiale\/"},"modified":"2019-05-06T11:57:34","modified_gmt":"2019-05-06T09:57:34","slug":"course-dorientation-apres-championnats-de-france-journee-mondiale","status":"publish","type":"post","link":"https:\/\/vosgesinfo.fr\/remiremontinfo\/2019\/05\/course-dorientation-apres-championnats-de-france-journee-mondiale\/","title":{"rendered":"Course d\u2019orientation : apr\u00e8s les championnats de France, la journ\u00e9e mondiale !"},"content":{"rendered":"<p>Cette belle semaine de CO dans les Vosges s\u2019est donc achev\u00e9e ce dimanche avec le d\u00e9part \u00e0 la fra\u00eeche des orienteurs participants au championnat de France par \u00e9quipe qui faisait suite \u00e0 l\u2019\u00e9preuve individuelle qui s\u2019\u00e9tait disput\u00e9e la veille sous la neige. La m\u00e9t\u00e9o \u00e9tait cette fois plus cl\u00e9mente m\u00eame si a fra\u00eecheur \u00e9tait de mise !\u00a0 On retiendra qu\u2019au niveau nationale la belle 1<sup>e<\/sup>place pour le club de Besan\u00e7on. L\u2019OTB qui n\u2019avez pas gagn\u00e9 depuis 3 ans maintenant et qui a savour\u00e9 sa victoire en terre vosgienne. A noter \u00e9galement la remont\u00e9e de ASUL SPORTS NATURE avec Lucas Basset en dernier relayeur et qui a justement fait une belle remont\u00e9 lui aussi, mais en fin de course pour offrir \u00e0 son club la place de 1<sup>er<\/sup>\u00a0de la N2. Enfin, possibilit\u00e9 pour Sanchey \u00e9galement de voir de nouveau la N1 apr\u00e8s validation de l\u2019arbitre\u2026 R\u00e9sultats provisoire de l\u2019\u00e9preuve ici :\u00a0<a href=\"https:\/\/gerardmerinfo.fr\/wp-content\/uploads\/2019\/05\/CFC-R%C3%A9sultats-provisoires.pdf\">CFC \u2013 R\u00e9sultats provisoires<\/a><\/p>\n","protected":false},"excerpt":{"rendered":"<p>Cette belle semaine de CO dans les Vosges s\u2019est donc achev\u00e9e ce dimanche avec le d\u00e9part \u00e0 la fra\u00eeche des [&hellip;]<\/p>\n","protected":false},"author":392,"featured_media":13941,"comment_status":"open","ping_status":"open","sticky":false,"template":"","format":"standard","meta":{"footnotes":""},"categories":[26,25,14,36],"tags":[],"class_list":["post-13940","post","type-post","status-publish","format-standard","has-post-thumbnail","hentry","category-a-la-une","category-la-bresse-son-canton","category-sport","category-vagney"],"acf":[],"yoast_head":"<!-- This site is optimized with the Yoast SEO plugin v22.5 - https:\/\/yoast.com\/wordpress\/plugins\/seo\/ -->\n<title>Course d\u2019orientation : apr\u00e8s les championnats de France, la journ\u00e9e mondiale ! - Remiremont Info<\/title>\n<meta name=\"robots\" content=\"index, follow, max-snippet:-1, max-image-preview:large, max-video-preview:-1\" \/>\n<link rel=\"canonical\" href=\"https:\/\/vosgesinfo.fr\/remiremontinfo\/2019\/05\/course-dorientation-apres-championnats-de-france-journee-mondiale\/\" \/>\n<meta name=\"twitter:card\" content=\"summary_large_image\" \/>\n<meta name=\"twitter:title\" content=\"Course d\u2019orientation : apr\u00e8s les championnats de France, la journ\u00e9e mondiale ! - Remiremont Info\" \/>\n<meta name=\"twitter:description\" content=\"Cette belle semaine de CO dans les Vosges s\u2019est donc achev\u00e9e ce dimanche avec le d\u00e9part \u00e0 la fra\u00eeche des [&hellip;]\" \/>\n<meta name=\"twitter:image\" content=\"https:\/\/vosgesinfo.fr\/app\/uploads\/sites\/5\/2024\/09\/201905inauguration-parcours-orientation-vagney.jpg\" \/>\n<meta name=\"twitter:creator\" content=\"@VosgesInfo88\" \/>\n<meta name=\"twitter:site\" content=\"@VosgesInfo88\" \/>\n<meta name=\"twitter:label1\" content=\"\u00c9crit par\" \/>\n\t<meta name=\"twitter:data1\" content=\"La redaction\" \/>\n\t<meta name=\"twitter:label2\" content=\"Dur\u00e9e de lecture estim\u00e9e\" \/>\n\t<meta name=\"twitter:data2\" content=\"1 minute\" \/>\n<script type=\"application\/ld+json\" class=\"yoast-schema-graph\">{\"@context\":\"https:\/\/schema.org\",\"@graph\":[{\"@type\":\"Article\",\"@id\":\"https:\/\/vosgesinfo.fr\/remiremontinfo\/2019\/05\/course-dorientation-apres-championnats-de-france-journee-mondiale\/#article\",\"isPartOf\":{\"@id\":\"https:\/\/vosgesinfo.fr\/remiremontinfo\/2019\/05\/course-dorientation-apres-championnats-de-france-journee-mondiale\/\"},\"author\":{\"name\":\"La redaction\",\"@id\":\"https:\/\/vosgesinfo.fr\/remiremontinfo\/#\/schema\/person\/80c6ea85ff4afefe81dceaf949954c76\"},\"headline\":\"Course d\u2019orientation : apr\u00e8s les championnats de France, la journ\u00e9e mondiale !\",\"datePublished\":\"2019-05-06T09:57:34+00:00\",\"dateModified\":\"2019-05-06T09:57:34+00:00\",\"mainEntityOfPage\":{\"@id\":\"https:\/\/vosgesinfo.fr\/remiremontinfo\/2019\/05\/course-dorientation-apres-championnats-de-france-journee-mondiale\/\"},\"wordCount\":183,\"commentCount\":0,\"publisher\":{\"@id\":\"https:\/\/vosgesinfo.fr\/remiremontinfo\/#organization\"},\"image\":{\"@id\":\"https:\/\/vosgesinfo.fr\/remiremontinfo\/2019\/05\/course-dorientation-apres-championnats-de-france-journee-mondiale\/#primaryimage\"},\"thumbnailUrl\":\"https:\/\/vosgesinfo.fr\/app\/uploads\/sites\/5\/2024\/09\/201905inauguration-parcours-orientation-vagney.jpg\",\"articleSection\":[\"A la Une\",\"La Bresse &amp; son canton\",\"Sport\",\"Vagney\"],\"inLanguage\":\"fr-FR\",\"potentialAction\":[{\"@type\":\"CommentAction\",\"name\":\"Comment\",\"target\":[\"https:\/\/vosgesinfo.fr\/remiremontinfo\/2019\/05\/course-dorientation-apres-championnats-de-france-journee-mondiale\/#respond\"]}]},{\"@type\":\"WebPage\",\"@id\":\"https:\/\/vosgesinfo.fr\/remiremontinfo\/2019\/05\/course-dorientation-apres-championnats-de-france-journee-mondiale\/\",\"url\":\"https:\/\/vosgesinfo.fr\/remiremontinfo\/2019\/05\/course-dorientation-apres-championnats-de-france-journee-mondiale\/\",\"name\":\"Course d\u2019orientation : apr\u00e8s les championnats de France, la journ\u00e9e mondiale ! - Remiremont Info\",\"isPartOf\":{\"@id\":\"https:\/\/vosgesinfo.fr\/remiremontinfo\/#website\"},\"primaryImageOfPage\":{\"@id\":\"https:\/\/vosgesinfo.fr\/remiremontinfo\/2019\/05\/course-dorientation-apres-championnats-de-france-journee-mondiale\/#primaryimage\"},\"image\":{\"@id\":\"https:\/\/vosgesinfo.fr\/remiremontinfo\/2019\/05\/course-dorientation-apres-championnats-de-france-journee-mondiale\/#primaryimage\"},\"thumbnailUrl\":\"https:\/\/vosgesinfo.fr\/app\/uploads\/sites\/5\/2024\/09\/201905inauguration-parcours-orientation-vagney.jpg\",\"datePublished\":\"2019-05-06T09:57:34+00:00\",\"dateModified\":\"2019-05-06T09:57:34+00:00\",\"breadcrumb\":{\"@id\":\"https:\/\/vosgesinfo.fr\/remiremontinfo\/2019\/05\/course-dorientation-apres-championnats-de-france-journee-mondiale\/#breadcrumb\"},\"inLanguage\":\"fr-FR\",\"potentialAction\":[{\"@type\":\"ReadAction\",\"target\":[\"https:\/\/vosgesinfo.fr\/remiremontinfo\/2019\/05\/course-dorientation-apres-championnats-de-france-journee-mondiale\/\"]}]},{\"@type\":\"ImageObject\",\"inLanguage\":\"fr-FR\",\"@id\":\"https:\/\/vosgesinfo.fr\/remiremontinfo\/2019\/05\/course-dorientation-apres-championnats-de-france-journee-mondiale\/#primaryimage\",\"url\":\"https:\/\/vosgesinfo.fr\/app\/uploads\/sites\/5\/2024\/09\/201905inauguration-parcours-orientation-vagney.jpg\",\"contentUrl\":\"https:\/\/vosgesinfo.fr\/app\/uploads\/sites\/5\/2024\/09\/201905inauguration-parcours-orientation-vagney.jpg\",\"width\":561,\"height\":800},{\"@type\":\"BreadcrumbList\",\"@id\":\"https:\/\/vosgesinfo.fr\/remiremontinfo\/2019\/05\/course-dorientation-apres-championnats-de-france-journee-mondiale\/#breadcrumb\",\"itemListElement\":[{\"@type\":\"ListItem\",\"position\":1,\"name\":\"Home\",\"item\":\"https:\/\/vosgesinfo.fr\/remiremontinfo\/\"},{\"@type\":\"ListItem\",\"position\":2,\"name\":\"Course d\u2019orientation : apr\u00e8s les championnats de France, la journ\u00e9e mondiale !\"}]},{\"@type\":\"WebSite\",\"@id\":\"https:\/\/vosgesinfo.fr\/remiremontinfo\/#website\",\"url\":\"https:\/\/vosgesinfo.fr\/remiremontinfo\/\",\"name\":\"Remiremont Info\",\"description\":\"Toute l&#039;actualit\u00e9 de Remiremont\",\"publisher\":{\"@id\":\"https:\/\/vosgesinfo.fr\/remiremontinfo\/#organization\"},\"alternateName\":\"Toute l'actualit\u00e9 de Remiremont\",\"potentialAction\":[{\"@type\":\"SearchAction\",\"target\":{\"@type\":\"EntryPoint\",\"urlTemplate\":\"https:\/\/vosgesinfo.fr\/remiremontinfo\/?s={search_term_string}\"},\"query-input\":\"required name=search_term_string\"}],\"inLanguage\":\"fr-FR\"},{\"@type\":\"Organization\",\"@id\":\"https:\/\/vosgesinfo.fr\/remiremontinfo\/#organization\",\"name\":\"Remiremont Info\",\"url\":\"https:\/\/vosgesinfo.fr\/remiremontinfo\/\",\"logo\":{\"@type\":\"ImageObject\",\"inLanguage\":\"fr-FR\",\"@id\":\"https:\/\/vosgesinfo.fr\/remiremontinfo\/#\/schema\/logo\/image\/\",\"url\":\"https:\/\/vosgesinfo.fr\/app\/uploads\/sites\/5\/2023\/08\/favicon-remiremontinfo.png\",\"contentUrl\":\"https:\/\/vosgesinfo.fr\/app\/uploads\/sites\/5\/2023\/08\/favicon-remiremontinfo.png\",\"width\":512,\"height\":512,\"caption\":\"Remiremont Info\"},\"image\":{\"@id\":\"https:\/\/vosgesinfo.fr\/remiremontinfo\/#\/schema\/logo\/image\/\"},\"sameAs\":[\"https:\/\/www.facebook.com\/remiremontinfo\",\"https:\/\/x.com\/VosgesInfo88\",\"https:\/\/www.youtube.com\/@vosgesinfo\"]},{\"@type\":\"Person\",\"@id\":\"https:\/\/vosgesinfo.fr\/remiremontinfo\/#\/schema\/person\/80c6ea85ff4afefe81dceaf949954c76\",\"name\":\"La redaction\",\"image\":{\"@type\":\"ImageObject\",\"inLanguage\":\"fr-FR\",\"@id\":\"https:\/\/vosgesinfo.fr\/remiremontinfo\/#\/schema\/person\/image\/\",\"url\":\"https:\/\/secure.gravatar.com\/avatar\/fa684fed8c27e631d40f39d17520286009f89cf7526728ea4e58b5a8c426c16a?s=96&d=mm&r=g\",\"contentUrl\":\"https:\/\/secure.gravatar.com\/avatar\/fa684fed8c27e631d40f39d17520286009f89cf7526728ea4e58b5a8c426c16a?s=96&d=mm&r=g\",\"caption\":\"La redaction\"},\"url\":\"https:\/\/vosgesinfo.fr\/remiremontinfo\/author\/d-p\/\"}]}<\/script>\n<!-- \/ Yoast SEO plugin. -->","yoast_head_json":{"title":"Course d\u2019orientation : apr\u00e8s les championnats de France, la journ\u00e9e mondiale ! - Remiremont Info","robots":{"index":"index","follow":"follow","max-snippet":"max-snippet:-1","max-image-preview":"max-image-preview:large","max-video-preview":"max-video-preview:-1"},"canonical":"https:\/\/vosgesinfo.fr\/remiremontinfo\/2019\/05\/course-dorientation-apres-championnats-de-france-journee-mondiale\/","twitter_card":"summary_large_image","twitter_title":"Course d\u2019orientation : apr\u00e8s les championnats de France, la journ\u00e9e mondiale ! - Remiremont Info","twitter_description":"Cette belle semaine de CO dans les Vosges s\u2019est donc achev\u00e9e ce dimanche avec le d\u00e9part \u00e0 la fra\u00eeche des [&hellip;]","twitter_image":"https:\/\/vosgesinfo.fr\/app\/uploads\/sites\/5\/2024\/09\/201905inauguration-parcours-orientation-vagney.jpg","twitter_creator":"@VosgesInfo88","twitter_site":"@VosgesInfo88","twitter_misc":{"\u00c9crit par":"La redaction","Dur\u00e9e de lecture estim\u00e9e":"1 minute"},"schema":{"@context":"https:\/\/schema.org","@graph":[{"@type":"Article","@id":"https:\/\/vosgesinfo.fr\/remiremontinfo\/2019\/05\/course-dorientation-apres-championnats-de-france-journee-mondiale\/#article","isPartOf":{"@id":"https:\/\/vosgesinfo.fr\/remiremontinfo\/2019\/05\/course-dorientation-apres-championnats-de-france-journee-mondiale\/"},"author":{"name":"La redaction","@id":"https:\/\/vosgesinfo.fr\/remiremontinfo\/#\/schema\/person\/80c6ea85ff4afefe81dceaf949954c76"},"headline":"Course d\u2019orientation : apr\u00e8s les championnats de France, la journ\u00e9e mondiale !","datePublished":"2019-05-06T09:57:34+00:00","dateModified":"2019-05-06T09:57:34+00:00","mainEntityOfPage":{"@id":"https:\/\/vosgesinfo.fr\/remiremontinfo\/2019\/05\/course-dorientation-apres-championnats-de-france-journee-mondiale\/"},"wordCount":183,"commentCount":0,"publisher":{"@id":"https:\/\/vosgesinfo.fr\/remiremontinfo\/#organization"},"image":{"@id":"https:\/\/vosgesinfo.fr\/remiremontinfo\/2019\/05\/course-dorientation-apres-championnats-de-france-journee-mondiale\/#primaryimage"},"thumbnailUrl":"https:\/\/vosgesinfo.fr\/app\/uploads\/sites\/5\/2024\/09\/201905inauguration-parcours-orientation-vagney.jpg","articleSection":["A la Une","La Bresse &amp; son canton","Sport","Vagney"],"inLanguage":"fr-FR","potentialAction":[{"@type":"CommentAction","name":"Comment","target":["https:\/\/vosgesinfo.fr\/remiremontinfo\/2019\/05\/course-dorientation-apres-championnats-de-france-journee-mondiale\/#respond"]}]},{"@type":"WebPage","@id":"https:\/\/vosgesinfo.fr\/remiremontinfo\/2019\/05\/course-dorientation-apres-championnats-de-france-journee-mondiale\/","url":"https:\/\/vosgesinfo.fr\/remiremontinfo\/2019\/05\/course-dorientation-apres-championnats-de-france-journee-mondiale\/","name":"Course d\u2019orientation : apr\u00e8s les championnats de France, la journ\u00e9e mondiale ! - Remiremont Info","isPartOf":{"@id":"https:\/\/vosgesinfo.fr\/remiremontinfo\/#website"},"primaryImageOfPage":{"@id":"https:\/\/vosgesinfo.fr\/remiremontinfo\/2019\/05\/course-dorientation-apres-championnats-de-france-journee-mondiale\/#primaryimage"},"image":{"@id":"https:\/\/vosgesinfo.fr\/remiremontinfo\/2019\/05\/course-dorientation-apres-championnats-de-france-journee-mondiale\/#primaryimage"},"thumbnailUrl":"https:\/\/vosgesinfo.fr\/app\/uploads\/sites\/5\/2024\/09\/201905inauguration-parcours-orientation-vagney.jpg","datePublished":"2019-05-06T09:57:34+00:00","dateModified":"2019-05-06T09:57:34+00:00","breadcrumb":{"@id":"https:\/\/vosgesinfo.fr\/remiremontinfo\/2019\/05\/course-dorientation-apres-championnats-de-france-journee-mondiale\/#breadcrumb"},"inLanguage":"fr-FR","potentialAction":[{"@type":"ReadAction","target":["https:\/\/vosgesinfo.fr\/remiremontinfo\/2019\/05\/course-dorientation-apres-championnats-de-france-journee-mondiale\/"]}]},{"@type":"ImageObject","inLanguage":"fr-FR","@id":"https:\/\/vosgesinfo.fr\/remiremontinfo\/2019\/05\/course-dorientation-apres-championnats-de-france-journee-mondiale\/#primaryimage","url":"https:\/\/vosgesinfo.fr\/app\/uploads\/sites\/5\/2024\/09\/201905inauguration-parcours-orientation-vagney.jpg","contentUrl":"https:\/\/vosgesinfo.fr\/app\/uploads\/sites\/5\/2024\/09\/201905inauguration-parcours-orientation-vagney.jpg","width":561,"height":800},{"@type":"BreadcrumbList","@id":"https:\/\/vosgesinfo.fr\/remiremontinfo\/2019\/05\/course-dorientation-apres-championnats-de-france-journee-mondiale\/#breadcrumb","itemListElement":[{"@type":"ListItem","position":1,"name":"Home","item":"https:\/\/vosgesinfo.fr\/remiremontinfo\/"},{"@type":"ListItem","position":2,"name":"Course d\u2019orientation : apr\u00e8s les championnats de France, la journ\u00e9e mondiale !"}]},{"@type":"WebSite","@id":"https:\/\/vosgesinfo.fr\/remiremontinfo\/#website","url":"https:\/\/vosgesinfo.fr\/remiremontinfo\/","name":"Remiremont Info","description":"Toute l&#039;actualit\u00e9 de Remiremont","publisher":{"@id":"https:\/\/vosgesinfo.fr\/remiremontinfo\/#organization"},"alternateName":"Toute l'actualit\u00e9 de Remiremont","potentialAction":[{"@type":"SearchAction","target":{"@type":"EntryPoint","urlTemplate":"https:\/\/vosgesinfo.fr\/remiremontinfo\/?s={search_term_string}"},"query-input":"required name=search_term_string"}],"inLanguage":"fr-FR"},{"@type":"Organization","@id":"https:\/\/vosgesinfo.fr\/remiremontinfo\/#organization","name":"Remiremont Info","url":"https:\/\/vosgesinfo.fr\/remiremontinfo\/","logo":{"@type":"ImageObject","inLanguage":"fr-FR","@id":"https:\/\/vosgesinfo.fr\/remiremontinfo\/#\/schema\/logo\/image\/","url":"https:\/\/vosgesinfo.fr\/app\/uploads\/sites\/5\/2023\/08\/favicon-remiremontinfo.png","contentUrl":"https:\/\/vosgesinfo.fr\/app\/uploads\/sites\/5\/2023\/08\/favicon-remiremontinfo.png","width":512,"height":512,"caption":"Remiremont Info"},"image":{"@id":"https:\/\/vosgesinfo.fr\/remiremontinfo\/#\/schema\/logo\/image\/"},"sameAs":["https:\/\/www.facebook.com\/remiremontinfo","https:\/\/x.com\/VosgesInfo88","https:\/\/www.youtube.com\/@vosgesinfo"]},{"@type":"Person","@id":"https:\/\/vosgesinfo.fr\/remiremontinfo\/#\/schema\/person\/80c6ea85ff4afefe81dceaf949954c76","name":"La redaction","image":{"@type":"ImageObject","inLanguage":"fr-FR","@id":"https:\/\/vosgesinfo.fr\/remiremontinfo\/#\/schema\/person\/image\/","url":"https:\/\/secure.gravatar.com\/avatar\/fa684fed8c27e631d40f39d17520286009f89cf7526728ea4e58b5a8c426c16a?s=96&d=mm&r=g","contentUrl":"https:\/\/secure.gravatar.com\/avatar\/fa684fed8c27e631d40f39d17520286009f89cf7526728ea4e58b5a8c426c16a?s=96&d=mm&r=g","caption":"La redaction"},"url":"https:\/\/vosgesinfo.fr\/remiremontinfo\/author\/d-p\/"}]}},"_links":{"self":[{"href":"https:\/\/vosgesinfo.fr\/remiremontinfo\/wp-json\/wp\/v2\/posts\/13940","targetHints":{"allow":["GET"]}}],"collection":[{"href":"https:\/\/vosgesinfo.fr\/remiremontinfo\/wp-json\/wp\/v2\/posts"}],"about":[{"href":"https:\/\/vosgesinfo.fr\/remiremontinfo\/wp-json\/wp\/v2\/types\/post"}],"author":[{"embeddable":true,"href":"https:\/\/vosgesinfo.fr\/remiremontinfo\/wp-json\/wp\/v2\/users\/392"}],"replies":[{"embeddable":true,"href":"https:\/\/vosgesinfo.fr\/remiremontinfo\/wp-json\/wp\/v2\/comments?post=13940"}],"version-history":[{"count":0,"href":"https:\/\/vosgesinfo.fr\/remiremontinfo\/wp-json\/wp\/v2\/posts\/13940\/revisions"}],"wp:featuredmedia":[{"embeddable":true,"href":"https:\/\/vosgesinfo.fr\/remiremontinfo\/wp-json\/wp\/v2\/media\/13941"}],"wp:attachment":[{"href":"https:\/\/vosgesinfo.fr\/remiremontinfo\/wp-json\/wp\/v2\/media?parent=13940"}],"wp:term":[{"taxonomy":"category","embeddable":true,"href":"https:\/\/vosgesinfo.fr\/remiremontinfo\/wp-json\/wp\/v2\/categories?post=13940"},{"taxonomy":"post_tag","embeddable":true,"href":"https:\/\/vosgesinfo.fr\/remiremontinfo\/wp-json\/wp\/v2\/tags?post=13940"}],"curies":[{"name":"wp","href":"https:\/\/api.w.org\/{rel}","templated":true}]}}