{"id":13942,"date":"2019-05-06T12:00:39","date_gmt":"2019-05-06T10:00:39","guid":{"rendered":"https:\/\/vosgesinfo.fr\/remiremontinfo\/2019\/05\/tholy-38-eme-anniversaire-jumelage-onhaye\/"},"modified":"2019-05-06T12:00:39","modified_gmt":"2019-05-06T10:00:39","slug":"tholy-38-eme-anniversaire-jumelage-onhaye","status":"publish","type":"post","link":"https:\/\/vosgesinfo.fr\/remiremontinfo\/2019\/05\/tholy-38-eme-anniversaire-jumelage-onhaye\/","title":{"rendered":"Le Tholy : 38 \u00e8me anniversaire du\u00a0jumelage\u00a0avec Onhaye !"},"content":{"rendered":"<div>\n<p><a href=\"\/2019\/05\/ce\u0301re\u0301monie-officielle.jpg\"><img decoding=\"async\" class=\"size-large wp-image-258499\" src=\"\/2019\/05\/ce\u0301re\u0301monie-officielle-1024x768.jpg\" alt=\"La c\u00e9r\u00e9monie officielle\" width=\"960\" height=\"720\" \/><\/a><\/p>\n<\/div>\n<h2><span style=\"font-size: 12pt;\"><strong>Les festivit\u00e9s ont commenc\u00e9 vendredi soir par le pot de bienvenu \u00e0 la salle polyvalente, les nouvelles familles participant pour la premi\u00e8re fois faisaient connaissance, tandis que les autres \u00e9taient contents de revoir leurs jumeaux.<\/strong><\/span><\/h2>\n<div>Samedi, 2 visites \u00e9taient pr\u00e9vues : le mus\u00e9e du vois de Sauxures et le mus\u00e9e du textile \u00e0 Ventron. Cette richesse du pass\u00e9 industriel et artisanal a beaucoup plu \u00e0 l&rsquo;ensemble des participants. Tous se retrouv\u00e8rent ensuite pour pique-niquer \u00e0 la base de loisirs de Saulxures. Durant l&rsquo;apr\u00e8s-midi, le challenge autour d&rsquo;un quizz fut organis\u00e9 entre les 2 villes, et c&rsquo;est Onhaye qui remporta le challenge 86 \u00e0 68 pour le Tholy.<\/div>\n<div><\/div>\n<div>Dimanche, c&rsquo;\u00e9tait les c\u00e9r\u00e9monies officielles : office religieux, c\u00e9r\u00e9monie d&rsquo;hommage au monument aux morts, discours, \u00e9change de cadeaux et vin d&rsquo;honneur. Le Tholy offrit une poterie de Pascal DUGUET, et recevait en \u00e9change un cadre en bois. Le jumelage se cl\u00f4tura par un concert de la soci\u00e9t\u00e9 musicale et de Saxofolies \u00e0 l&rsquo;\u00e9glise du Tholy.<\/div>\n<div><\/div>\n<div>Prochain rendez-vous 1er mai 2021 \u00e0 ONHAYE pour les 40 ans du jumelage.<\/div>\n<div><\/div>\n<div><em>S.LETANG<\/em><\/div>\n<div><\/div>\n<div>\n\n<\/div>\n","protected":false},"excerpt":{"rendered":"<p>Les festivit\u00e9s ont commenc\u00e9 vendredi soir par le pot de bienvenu \u00e0 la salle polyvalente, les nouvelles familles participant pour [&hellip;]<\/p>\n","protected":false},"author":407,"featured_media":13943,"comment_status":"open","ping_status":"open","sticky":false,"template":"","format":"standard","meta":{"footnotes":""},"categories":[26,25,246],"tags":[],"class_list":["post-13942","post","type-post","status-publish","format-standard","has-post-thumbnail","hentry","category-a-la-une","category-la-bresse-son-canton","category-le-tholy"],"acf":[],"yoast_head":"<!-- This site is optimized with the Yoast SEO plugin v22.5 - https:\/\/yoast.com\/wordpress\/plugins\/seo\/ -->\n<title>Le Tholy : 38 \u00e8me anniversaire du\u00a0jumelage\u00a0avec Onhaye ! - Remiremont Info<\/title>\n<meta name=\"robots\" content=\"index, follow, max-snippet:-1, max-image-preview:large, max-video-preview:-1\" \/>\n<link rel=\"canonical\" href=\"https:\/\/vosgesinfo.fr\/remiremontinfo\/2019\/05\/tholy-38-eme-anniversaire-jumelage-onhaye\/\" \/>\n<meta name=\"twitter:card\" content=\"summary_large_image\" \/>\n<meta name=\"twitter:title\" content=\"Le Tholy : 38 \u00e8me anniversaire du\u00a0jumelage\u00a0avec Onhaye ! - Remiremont Info\" \/>\n<meta name=\"twitter:description\" content=\"Les festivit\u00e9s ont commenc\u00e9 vendredi soir par le pot de bienvenu \u00e0 la salle polyvalente, les nouvelles familles participant pour [&hellip;]\" \/>\n<meta name=\"twitter:image\" content=\"https:\/\/vosgesinfo.fr\/app\/uploads\/sites\/5\/2024\/09\/201905ceremonie-officielle.jpg\" \/>\n<meta name=\"twitter:creator\" content=\"@VosgesInfo88\" \/>\n<meta name=\"twitter:site\" content=\"@VosgesInfo88\" \/>\n<meta name=\"twitter:label1\" content=\"\u00c9crit par\" \/>\n\t<meta name=\"twitter:data1\" content=\"C D\" \/>\n\t<meta name=\"twitter:label2\" content=\"Dur\u00e9e de lecture estim\u00e9e\" \/>\n\t<meta name=\"twitter:data2\" content=\"1 minute\" \/>\n<script type=\"application\/ld+json\" class=\"yoast-schema-graph\">{\"@context\":\"https:\/\/schema.org\",\"@graph\":[{\"@type\":\"Article\",\"@id\":\"https:\/\/vosgesinfo.fr\/remiremontinfo\/2019\/05\/tholy-38-eme-anniversaire-jumelage-onhaye\/#article\",\"isPartOf\":{\"@id\":\"https:\/\/vosgesinfo.fr\/remiremontinfo\/2019\/05\/tholy-38-eme-anniversaire-jumelage-onhaye\/\"},\"author\":{\"name\":\"C D\",\"@id\":\"https:\/\/vosgesinfo.fr\/remiremontinfo\/#\/schema\/person\/3bfd164d5218a185b1db68655a265316\"},\"headline\":\"Le Tholy : 38 \u00e8me anniversaire du\u00a0jumelage\u00a0avec Onhaye !\",\"datePublished\":\"2019-05-06T10:00:39+00:00\",\"dateModified\":\"2019-05-06T10:00:39+00:00\",\"mainEntityOfPage\":{\"@id\":\"https:\/\/vosgesinfo.fr\/remiremontinfo\/2019\/05\/tholy-38-eme-anniversaire-jumelage-onhaye\/\"},\"wordCount\":199,\"commentCount\":0,\"publisher\":{\"@id\":\"https:\/\/vosgesinfo.fr\/remiremontinfo\/#organization\"},\"image\":{\"@id\":\"https:\/\/vosgesinfo.fr\/remiremontinfo\/2019\/05\/tholy-38-eme-anniversaire-jumelage-onhaye\/#primaryimage\"},\"thumbnailUrl\":\"https:\/\/vosgesinfo.fr\/app\/uploads\/sites\/5\/2024\/09\/201905ceremonie-officielle.jpg\",\"articleSection\":[\"A la Une\",\"La Bresse &amp; son canton\",\"Le Tholy\"],\"inLanguage\":\"fr-FR\",\"potentialAction\":[{\"@type\":\"CommentAction\",\"name\":\"Comment\",\"target\":[\"https:\/\/vosgesinfo.fr\/remiremontinfo\/2019\/05\/tholy-38-eme-anniversaire-jumelage-onhaye\/#respond\"]}]},{\"@type\":\"WebPage\",\"@id\":\"https:\/\/vosgesinfo.fr\/remiremontinfo\/2019\/05\/tholy-38-eme-anniversaire-jumelage-onhaye\/\",\"url\":\"https:\/\/vosgesinfo.fr\/remiremontinfo\/2019\/05\/tholy-38-eme-anniversaire-jumelage-onhaye\/\",\"name\":\"Le Tholy : 38 \u00e8me anniversaire du\u00a0jumelage\u00a0avec Onhaye ! - Remiremont Info\",\"isPartOf\":{\"@id\":\"https:\/\/vosgesinfo.fr\/remiremontinfo\/#website\"},\"primaryImageOfPage\":{\"@id\":\"https:\/\/vosgesinfo.fr\/remiremontinfo\/2019\/05\/tholy-38-eme-anniversaire-jumelage-onhaye\/#primaryimage\"},\"image\":{\"@id\":\"https:\/\/vosgesinfo.fr\/remiremontinfo\/2019\/05\/tholy-38-eme-anniversaire-jumelage-onhaye\/#primaryimage\"},\"thumbnailUrl\":\"https:\/\/vosgesinfo.fr\/app\/uploads\/sites\/5\/2024\/09\/201905ceremonie-officielle.jpg\",\"datePublished\":\"2019-05-06T10:00:39+00:00\",\"dateModified\":\"2019-05-06T10:00:39+00:00\",\"breadcrumb\":{\"@id\":\"https:\/\/vosgesinfo.fr\/remiremontinfo\/2019\/05\/tholy-38-eme-anniversaire-jumelage-onhaye\/#breadcrumb\"},\"inLanguage\":\"fr-FR\",\"potentialAction\":[{\"@type\":\"ReadAction\",\"target\":[\"https:\/\/vosgesinfo.fr\/remiremontinfo\/2019\/05\/tholy-38-eme-anniversaire-jumelage-onhaye\/\"]}]},{\"@type\":\"ImageObject\",\"inLanguage\":\"fr-FR\",\"@id\":\"https:\/\/vosgesinfo.fr\/remiremontinfo\/2019\/05\/tholy-38-eme-anniversaire-jumelage-onhaye\/#primaryimage\",\"url\":\"https:\/\/vosgesinfo.fr\/app\/uploads\/sites\/5\/2024\/09\/201905ceremonie-officielle.jpg\",\"contentUrl\":\"https:\/\/vosgesinfo.fr\/app\/uploads\/sites\/5\/2024\/09\/201905ceremonie-officielle.jpg\",\"width\":1600,\"height\":1200},{\"@type\":\"BreadcrumbList\",\"@id\":\"https:\/\/vosgesinfo.fr\/remiremontinfo\/2019\/05\/tholy-38-eme-anniversaire-jumelage-onhaye\/#breadcrumb\",\"itemListElement\":[{\"@type\":\"ListItem\",\"position\":1,\"name\":\"Home\",\"item\":\"https:\/\/vosgesinfo.fr\/remiremontinfo\/\"},{\"@type\":\"ListItem\",\"position\":2,\"name\":\"Le Tholy : 38 \u00e8me anniversaire du\u00a0jumelage\u00a0avec Onhaye !\"}]},{\"@type\":\"WebSite\",\"@id\":\"https:\/\/vosgesinfo.fr\/remiremontinfo\/#website\",\"url\":\"https:\/\/vosgesinfo.fr\/remiremontinfo\/\",\"name\":\"Remiremont Info\",\"description\":\"Toute l&#039;actualit\u00e9 de Remiremont\",\"publisher\":{\"@id\":\"https:\/\/vosgesinfo.fr\/remiremontinfo\/#organization\"},\"alternateName\":\"Toute l'actualit\u00e9 de Remiremont\",\"potentialAction\":[{\"@type\":\"SearchAction\",\"target\":{\"@type\":\"EntryPoint\",\"urlTemplate\":\"https:\/\/vosgesinfo.fr\/remiremontinfo\/?s={search_term_string}\"},\"query-input\":\"required name=search_term_string\"}],\"inLanguage\":\"fr-FR\"},{\"@type\":\"Organization\",\"@id\":\"https:\/\/vosgesinfo.fr\/remiremontinfo\/#organization\",\"name\":\"Remiremont Info\",\"url\":\"https:\/\/vosgesinfo.fr\/remiremontinfo\/\",\"logo\":{\"@type\":\"ImageObject\",\"inLanguage\":\"fr-FR\",\"@id\":\"https:\/\/vosgesinfo.fr\/remiremontinfo\/#\/schema\/logo\/image\/\",\"url\":\"https:\/\/vosgesinfo.fr\/app\/uploads\/sites\/5\/2023\/08\/favicon-remiremontinfo.png\",\"contentUrl\":\"https:\/\/vosgesinfo.fr\/app\/uploads\/sites\/5\/2023\/08\/favicon-remiremontinfo.png\",\"width\":512,\"height\":512,\"caption\":\"Remiremont Info\"},\"image\":{\"@id\":\"https:\/\/vosgesinfo.fr\/remiremontinfo\/#\/schema\/logo\/image\/\"},\"sameAs\":[\"https:\/\/www.facebook.com\/remiremontinfo\",\"https:\/\/x.com\/VosgesInfo88\",\"https:\/\/www.youtube.com\/@vosgesinfo\"]},{\"@type\":\"Person\",\"@id\":\"https:\/\/vosgesinfo.fr\/remiremontinfo\/#\/schema\/person\/3bfd164d5218a185b1db68655a265316\",\"name\":\"C D\",\"image\":{\"@type\":\"ImageObject\",\"inLanguage\":\"fr-FR\",\"@id\":\"https:\/\/vosgesinfo.fr\/remiremontinfo\/#\/schema\/person\/image\/\",\"url\":\"https:\/\/secure.gravatar.com\/avatar\/1f9a70007336511a47468b8f1c66f922b8b7cf617b02a31149ada43893a5d48f?s=96&d=mm&r=g\",\"contentUrl\":\"https:\/\/secure.gravatar.com\/avatar\/1f9a70007336511a47468b8f1c66f922b8b7cf617b02a31149ada43893a5d48f?s=96&d=mm&r=g\",\"caption\":\"C D\"},\"url\":\"https:\/\/vosgesinfo.fr\/remiremontinfo\/author\/cedric-drevet\/\"}]}<\/script>\n<!-- \/ Yoast SEO plugin. -->","yoast_head_json":{"title":"Le Tholy : 38 \u00e8me anniversaire du\u00a0jumelage\u00a0avec Onhaye ! - Remiremont Info","robots":{"index":"index","follow":"follow","max-snippet":"max-snippet:-1","max-image-preview":"max-image-preview:large","max-video-preview":"max-video-preview:-1"},"canonical":"https:\/\/vosgesinfo.fr\/remiremontinfo\/2019\/05\/tholy-38-eme-anniversaire-jumelage-onhaye\/","twitter_card":"summary_large_image","twitter_title":"Le Tholy : 38 \u00e8me anniversaire du\u00a0jumelage\u00a0avec Onhaye ! - Remiremont Info","twitter_description":"Les festivit\u00e9s ont commenc\u00e9 vendredi soir par le pot de bienvenu \u00e0 la salle polyvalente, les nouvelles familles participant pour [&hellip;]","twitter_image":"https:\/\/vosgesinfo.fr\/app\/uploads\/sites\/5\/2024\/09\/201905ceremonie-officielle.jpg","twitter_creator":"@VosgesInfo88","twitter_site":"@VosgesInfo88","twitter_misc":{"\u00c9crit par":"C D","Dur\u00e9e de lecture estim\u00e9e":"1 minute"},"schema":{"@context":"https:\/\/schema.org","@graph":[{"@type":"Article","@id":"https:\/\/vosgesinfo.fr\/remiremontinfo\/2019\/05\/tholy-38-eme-anniversaire-jumelage-onhaye\/#article","isPartOf":{"@id":"https:\/\/vosgesinfo.fr\/remiremontinfo\/2019\/05\/tholy-38-eme-anniversaire-jumelage-onhaye\/"},"author":{"name":"C D","@id":"https:\/\/vosgesinfo.fr\/remiremontinfo\/#\/schema\/person\/3bfd164d5218a185b1db68655a265316"},"headline":"Le Tholy : 38 \u00e8me anniversaire du\u00a0jumelage\u00a0avec Onhaye !","datePublished":"2019-05-06T10:00:39+00:00","dateModified":"2019-05-06T10:00:39+00:00","mainEntityOfPage":{"@id":"https:\/\/vosgesinfo.fr\/remiremontinfo\/2019\/05\/tholy-38-eme-anniversaire-jumelage-onhaye\/"},"wordCount":199,"commentCount":0,"publisher":{"@id":"https:\/\/vosgesinfo.fr\/remiremontinfo\/#organization"},"image":{"@id":"https:\/\/vosgesinfo.fr\/remiremontinfo\/2019\/05\/tholy-38-eme-anniversaire-jumelage-onhaye\/#primaryimage"},"thumbnailUrl":"https:\/\/vosgesinfo.fr\/app\/uploads\/sites\/5\/2024\/09\/201905ceremonie-officielle.jpg","articleSection":["A la Une","La Bresse &amp; son canton","Le Tholy"],"inLanguage":"fr-FR","potentialAction":[{"@type":"CommentAction","name":"Comment","target":["https:\/\/vosgesinfo.fr\/remiremontinfo\/2019\/05\/tholy-38-eme-anniversaire-jumelage-onhaye\/#respond"]}]},{"@type":"WebPage","@id":"https:\/\/vosgesinfo.fr\/remiremontinfo\/2019\/05\/tholy-38-eme-anniversaire-jumelage-onhaye\/","url":"https:\/\/vosgesinfo.fr\/remiremontinfo\/2019\/05\/tholy-38-eme-anniversaire-jumelage-onhaye\/","name":"Le Tholy : 38 \u00e8me anniversaire du\u00a0jumelage\u00a0avec Onhaye ! - Remiremont Info","isPartOf":{"@id":"https:\/\/vosgesinfo.fr\/remiremontinfo\/#website"},"primaryImageOfPage":{"@id":"https:\/\/vosgesinfo.fr\/remiremontinfo\/2019\/05\/tholy-38-eme-anniversaire-jumelage-onhaye\/#primaryimage"},"image":{"@id":"https:\/\/vosgesinfo.fr\/remiremontinfo\/2019\/05\/tholy-38-eme-anniversaire-jumelage-onhaye\/#primaryimage"},"thumbnailUrl":"https:\/\/vosgesinfo.fr\/app\/uploads\/sites\/5\/2024\/09\/201905ceremonie-officielle.jpg","datePublished":"2019-05-06T10:00:39+00:00","dateModified":"2019-05-06T10:00:39+00:00","breadcrumb":{"@id":"https:\/\/vosgesinfo.fr\/remiremontinfo\/2019\/05\/tholy-38-eme-anniversaire-jumelage-onhaye\/#breadcrumb"},"inLanguage":"fr-FR","potentialAction":[{"@type":"ReadAction","target":["https:\/\/vosgesinfo.fr\/remiremontinfo\/2019\/05\/tholy-38-eme-anniversaire-jumelage-onhaye\/"]}]},{"@type":"ImageObject","inLanguage":"fr-FR","@id":"https:\/\/vosgesinfo.fr\/remiremontinfo\/2019\/05\/tholy-38-eme-anniversaire-jumelage-onhaye\/#primaryimage","url":"https:\/\/vosgesinfo.fr\/app\/uploads\/sites\/5\/2024\/09\/201905ceremonie-officielle.jpg","contentUrl":"https:\/\/vosgesinfo.fr\/app\/uploads\/sites\/5\/2024\/09\/201905ceremonie-officielle.jpg","width":1600,"height":1200},{"@type":"BreadcrumbList","@id":"https:\/\/vosgesinfo.fr\/remiremontinfo\/2019\/05\/tholy-38-eme-anniversaire-jumelage-onhaye\/#breadcrumb","itemListElement":[{"@type":"ListItem","position":1,"name":"Home","item":"https:\/\/vosgesinfo.fr\/remiremontinfo\/"},{"@type":"ListItem","position":2,"name":"Le Tholy : 38 \u00e8me anniversaire du\u00a0jumelage\u00a0avec Onhaye !"}]},{"@type":"WebSite","@id":"https:\/\/vosgesinfo.fr\/remiremontinfo\/#website","url":"https:\/\/vosgesinfo.fr\/remiremontinfo\/","name":"Remiremont Info","description":"Toute l&#039;actualit\u00e9 de Remiremont","publisher":{"@id":"https:\/\/vosgesinfo.fr\/remiremontinfo\/#organization"},"alternateName":"Toute l'actualit\u00e9 de Remiremont","potentialAction":[{"@type":"SearchAction","target":{"@type":"EntryPoint","urlTemplate":"https:\/\/vosgesinfo.fr\/remiremontinfo\/?s={search_term_string}"},"query-input":"required name=search_term_string"}],"inLanguage":"fr-FR"},{"@type":"Organization","@id":"https:\/\/vosgesinfo.fr\/remiremontinfo\/#organization","name":"Remiremont Info","url":"https:\/\/vosgesinfo.fr\/remiremontinfo\/","logo":{"@type":"ImageObject","inLanguage":"fr-FR","@id":"https:\/\/vosgesinfo.fr\/remiremontinfo\/#\/schema\/logo\/image\/","url":"https:\/\/vosgesinfo.fr\/app\/uploads\/sites\/5\/2023\/08\/favicon-remiremontinfo.png","contentUrl":"https:\/\/vosgesinfo.fr\/app\/uploads\/sites\/5\/2023\/08\/favicon-remiremontinfo.png","width":512,"height":512,"caption":"Remiremont Info"},"image":{"@id":"https:\/\/vosgesinfo.fr\/remiremontinfo\/#\/schema\/logo\/image\/"},"sameAs":["https:\/\/www.facebook.com\/remiremontinfo","https:\/\/x.com\/VosgesInfo88","https:\/\/www.youtube.com\/@vosgesinfo"]},{"@type":"Person","@id":"https:\/\/vosgesinfo.fr\/remiremontinfo\/#\/schema\/person\/3bfd164d5218a185b1db68655a265316","name":"C D","image":{"@type":"ImageObject","inLanguage":"fr-FR","@id":"https:\/\/vosgesinfo.fr\/remiremontinfo\/#\/schema\/person\/image\/","url":"https:\/\/secure.gravatar.com\/avatar\/1f9a70007336511a47468b8f1c66f922b8b7cf617b02a31149ada43893a5d48f?s=96&d=mm&r=g","contentUrl":"https:\/\/secure.gravatar.com\/avatar\/1f9a70007336511a47468b8f1c66f922b8b7cf617b02a31149ada43893a5d48f?s=96&d=mm&r=g","caption":"C D"},"url":"https:\/\/vosgesinfo.fr\/remiremontinfo\/author\/cedric-drevet\/"}]}},"_links":{"self":[{"href":"https:\/\/vosgesinfo.fr\/remiremontinfo\/wp-json\/wp\/v2\/posts\/13942","targetHints":{"allow":["GET"]}}],"collection":[{"href":"https:\/\/vosgesinfo.fr\/remiremontinfo\/wp-json\/wp\/v2\/posts"}],"about":[{"href":"https:\/\/vosgesinfo.fr\/remiremontinfo\/wp-json\/wp\/v2\/types\/post"}],"author":[{"embeddable":true,"href":"https:\/\/vosgesinfo.fr\/remiremontinfo\/wp-json\/wp\/v2\/users\/407"}],"replies":[{"embeddable":true,"href":"https:\/\/vosgesinfo.fr\/remiremontinfo\/wp-json\/wp\/v2\/comments?post=13942"}],"version-history":[{"count":0,"href":"https:\/\/vosgesinfo.fr\/remiremontinfo\/wp-json\/wp\/v2\/posts\/13942\/revisions"}],"wp:featuredmedia":[{"embeddable":true,"href":"https:\/\/vosgesinfo.fr\/remiremontinfo\/wp-json\/wp\/v2\/media\/13943"}],"wp:attachment":[{"href":"https:\/\/vosgesinfo.fr\/remiremontinfo\/wp-json\/wp\/v2\/media?parent=13942"}],"wp:term":[{"taxonomy":"category","embeddable":true,"href":"https:\/\/vosgesinfo.fr\/remiremontinfo\/wp-json\/wp\/v2\/categories?post=13942"},{"taxonomy":"post_tag","embeddable":true,"href":"https:\/\/vosgesinfo.fr\/remiremontinfo\/wp-json\/wp\/v2\/tags?post=13942"}],"curies":[{"name":"wp","href":"https:\/\/api.w.org\/{rel}","templated":true}]}}