{"id":14118,"date":"2019-05-10T06:57:28","date_gmt":"2019-05-10T04:57:28","guid":{"rendered":"https:\/\/vosgesinfo.fr\/remiremontinfo\/2019\/05\/cornimont-fete-simples-coeur-plantes-coeur-dun-metier\/"},"modified":"2019-05-10T06:57:28","modified_gmt":"2019-05-10T04:57:28","slug":"cornimont-fete-simples-coeur-plantes-coeur-dun-metier","status":"publish","type":"post","link":"https:\/\/vosgesinfo.fr\/remiremontinfo\/2019\/05\/cornimont-fete-simples-coeur-plantes-coeur-dun-metier\/","title":{"rendered":"Cornimont \u2013 F\u00eate des \u00ab simples \u00bb : \u00ab au coeur des plantes, au coeur d\u2019un m\u00e9tier \u00bb !"},"content":{"rendered":"<p><a href=\"\/2019\/05\/5-Cueilleurs-Vosges.jpg\"><img decoding=\"async\" class=\"size-large wp-image-258755\" src=\"\/2019\/05\/5-Cueilleurs-Vosges-1024x683.jpg\" alt=\"????????????????????????????????????\" width=\"960\" height=\"640\" \/><\/a><\/p>\n<h2><span style=\"font-size: 12pt;\">Depuis 2006, le syndicat SIMPLES (regroupant une centaine de producteurs-cueilleurs de plantes m\u00e9dicinales, aromatiques, alimentaires, cosm\u00e9tiques et tinctoriales) organise r\u00e9guli\u00e8rement une \u00ab F\u00eate des Simples \u00bb, grande rencontre nationale entre les producteurs, cueilleurs, sympathisants de Simples, mais \u00e9galement les nombreux acteurs et passionn\u00e9s du monde v\u00e9g\u00e9tal. Cet \u00e9v\u00e8nement a lieu tous les deux ans et se d\u00e9roulera cette ann\u00e9e les 28 et 29 septembre 2019 \u00e0 Cornimont, autour du th\u00e8me : \u00ab Au coeur des plantes, au coeur d\u2019un m\u00e9tier \u00bb.\u00a0<\/span><\/h2>\n<p>La tradition populaire d\u00e9signait autrefois sous le nom de \u00ab simples \u00bb les plantes des jardins, des champs et des for\u00eats utilis\u00e9es pour leurs vertus th\u00e9rapeutiques, sans pr\u00e9paration complexe.<\/p>\n<p>Depuis 2006, le syndicat organise r\u00e9guli\u00e8rement une \u00ab F\u00eate des Simples \u00bb, grande rencontre nationale entre les producteurs, cueilleurs, sympathisants de Simples, mais \u00e9galement de nombreux acteurs et passionn\u00e9s du monde v\u00e9g\u00e9tal. Cet \u00e9v\u00e8nement a lieu tous les deux ans et, le 28 et 29 septembre 2019, les producteurs des Vosges et de la R\u00e9gion Grand Est organisent la 11e \u00e9dition \u00e0 Cornimont, le th\u00e8me d\u00e9velopp\u00e9 cette ann\u00e9e \u00e9tant : \u00ab Au coeur des plantes, au coeur d\u2019un m\u00e9tier \u00bb.<\/p>\n<p>Le Massif des Vosges a une affinit\u00e9 particuli\u00e8re avec les cueillettes de plantes m\u00e9dicinales. Au d\u00e9but du 20\u00e8me si\u00e8cle, le territoire \u00e9tait en effet parsem\u00e9 de micro-fermes qui pratiquaient la cueillette et l\u2019utilisation quotidienne des plantes gr\u00e2ce \u00e0 la transmission orale des savoir-faire. A cette \u00e9poque, avec la structuration naissante des fili\u00e8res au sein du territoire vosgien et la multitude de ses \u00e9coliers cueilleurs, la cueillette des plantes aromatiques et m\u00e9dicinales est une r\u00e9alit\u00e9 \u00e9conomique d\u2019importance. Dans les ann\u00e9es 1990, des exploitations agricoles sp\u00e9cialis\u00e9es se sont install\u00e9es. Depuis quatre-cinq ans, on constate une seconde vague de cr\u00e9ation de ce type de \u00ab ferme \u00bb. Ainsi, pas moins de 18 producteurs sont recens\u00e9s \u00e0 l\u2019\u00e9chelle du massif vosgien.<\/p>\n<h3><span style=\"font-size: 12pt;\">\u00a011\u00e8me \u00e9dition :\u00a0\u00ab Au coeur des plantes, au coeur d\u2019un m\u00e9tier \u00bb<\/span><\/h3>\n<p>Pour sa 11\u00e8me \u00e9dition la ville de Cornimont accueillera avec enthousiasme ce rassemblement de plus de 6000 visiteurs attendus sur deux jours.<\/p>\n<p>C\u2019est \u00e0 l\u2019\u00e9poque de Charlemagne qu\u2019appara\u00eet le nom de \u00ab\u00a0Cornimont\u00a0\u00bb, qui fait allusion \u00e0 la corne de chasse que l\u2019Empereur aurait perdue ou donn\u00e9e au village. Au c\u0153ur du Parc Naturel R\u00e9gional des Ballons des Vosges et du Massif des Vosges, Cornimont est situ\u00e9e dans le d\u00e9partement des Vosges (plus pr\u00e9cis\u00e9ment dans les Hautes-Vosges) en Lorraine, au sein de la r\u00e9gion GrandEst. Cette commune se trouve \u00e0 25 km de Remiremont, 20 km de G\u00e9rardmer, 35 km de Thann et 50 km d\u2019\u00c9pinal ainsi qu\u2019\u00e0 proximit\u00e9 des stations de skis de La Bresse, Ventron et G\u00e9rardmer. La for\u00eat recouvre la moiti\u00e9 de sa superficie. Le massif abrite une faune et une flore diversifi\u00e9e. Il est fr\u00e9quent d\u2019apercevoir une biche, un chevreuil ou encore un renard traverser la route. Le granit est la pierre d\u2019excellence ; elle est encore travaill\u00e9e par quelques artisans. Les cours d\u2019eau forment une autre richesse du territoire. Ils ont permis le d\u00e9veloppement de l\u2019industrie textile et du bois au cours du 19\u00e8me si\u00e8cle. Ce secteur d\u2019emploi ayant p\u00e9riclit\u00e9, les turbines sont utilis\u00e9es dans le domaine des \u00e9nergies renouvelables.<\/p>\n<p>\u00ab Au coeur des plantes, au coeur d\u2019un m\u00e9tier \u00bb, tel est donc le th\u00e8me d\u00e9velopp\u00e9 pour cette 11\u00e8me f\u00eate des Simples. L\u2019objectif est \u2013 par des sorties botaniques, des ateliers, des animations, des conf\u00e9rences, etc\u2026 \u2013 de sensibiliser et d\u2019informer le grand public et les professionnels sur les pratiques li\u00e9es \u00e0 la cueillette et \u00e0 la commercialisation des Plantes \u00e0 Parfum Aromatiques et M\u00e9dicinales (aspects technique, \u00e9conomique et \u00e9thique). Par cette th\u00e9matique, les participants d\u00e9couvriront la diversit\u00e9 du patrimoine naturel local ainsi que les enjeux qui y sont li\u00e9s (connaissances botaniques, aspects r\u00e9glementaires, gestion des milieux naturels via la gestion des sites de cueillettes sauvages notamment \u2026)<\/p>\n<h3><span style=\"font-size: 12pt;\"><em>Programme<\/em><\/span><\/h3>\n<p>Diss\u00e9min\u00e9e sur tout le village de Cornimont, dans une ambiance conviviale et festive, la F\u00eate des Simples proposera durant tout le week-end :<\/p>\n<p>\uf0fc Un march\u00e9 de producteurs membres du syndicat Simples issus de toute la France (tisanes, aromates, huiles essentielles, sirops, cosm\u00e9tiques, plants et semences\u2026),<\/p>\n<p>\uf0fc Un march\u00e9 d\u2019artisans locaux en lien avec le m\u00e9tier de la production de plantes (paniers, forge et coutellerie, etc.),<\/p>\n<p>\uf0fc Un forum des associations en lien avec les plantes (\u00e9coles d\u00e9di\u00e9es, centres de formations, Parcs naturels\u2026),<\/p>\n<p>\uf0fc Plusieurs librairies, avec un vaste choix d\u2019ouvrages neufs et d\u2019occasion,<\/p>\n<p>\uf0fc Des expositions,<\/p>\n<p>\uf0fc Des conf\u00e9rences et tables rondes,<\/p>\n<p>\uf0fc Des sorties botaniques de tous niveaux, encadr\u00e9es par des professionnels (producteurs, botanistes, animateurs nature\u2026),<\/p>\n<p>\uf0fc Des ateliers th\u00e9matiques anim\u00e9s par des producteurs ou autres sp\u00e9cialistes (cuisine sauvage, confection de cosm\u00e9tiques\u2026),<\/p>\n<p>\uf0fc Des animations gratuites, notamment \u00e0 destination des enfants, et animations artistiques,<\/p>\n<p>\uf0fc Des buvettes et restauration \u00e0 base de plantes, bio et local<\/p>\n\n","protected":false},"excerpt":{"rendered":"<p>Depuis 2006, le syndicat SIMPLES (regroupant une centaine de producteurs-cueilleurs de plantes m\u00e9dicinales, aromatiques, alimentaires, cosm\u00e9tiques et tinctoriales) organise r\u00e9guli\u00e8rement [&hellip;]<\/p>\n","protected":false},"author":407,"featured_media":14119,"comment_status":"open","ping_status":"open","sticky":false,"template":"","format":"standard","meta":{"footnotes":""},"categories":[26,34,7,124,25],"tags":[],"class_list":["post-14118","post","type-post","status-publish","format-standard","has-post-thumbnail","hentry","category-a-la-une","category-cornimont","category-environnement","category-fetes","category-la-bresse-son-canton"],"acf":[],"yoast_head":"<!-- This site is optimized with the Yoast SEO plugin v22.5 - https:\/\/yoast.com\/wordpress\/plugins\/seo\/ -->\n<title>Cornimont \u2013 F\u00eate des \u00ab simples \u00bb : \u00ab au coeur des plantes, au coeur d\u2019un m\u00e9tier \u00bb ! - Remiremont Info<\/title>\n<meta name=\"robots\" content=\"index, follow, max-snippet:-1, max-image-preview:large, max-video-preview:-1\" \/>\n<link rel=\"canonical\" href=\"https:\/\/vosgesinfo.fr\/remiremontinfo\/2019\/05\/cornimont-fete-simples-coeur-plantes-coeur-dun-metier\/\" \/>\n<meta name=\"twitter:card\" content=\"summary_large_image\" \/>\n<meta name=\"twitter:title\" content=\"Cornimont \u2013 F\u00eate des \u00ab simples \u00bb : \u00ab au coeur des plantes, au coeur d\u2019un m\u00e9tier \u00bb ! - Remiremont Info\" \/>\n<meta name=\"twitter:description\" content=\"Depuis 2006, le syndicat SIMPLES (regroupant une centaine de producteurs-cueilleurs de plantes m\u00e9dicinales, aromatiques, alimentaires, cosm\u00e9tiques et tinctoriales) organise r\u00e9guli\u00e8rement [&hellip;]\" \/>\n<meta name=\"twitter:image\" content=\"https:\/\/vosgesinfo.fr\/app\/uploads\/sites\/5\/2024\/09\/2019055-cueilleurs-vosges.jpg\" \/>\n<meta name=\"twitter:creator\" content=\"@VosgesInfo88\" \/>\n<meta name=\"twitter:site\" content=\"@VosgesInfo88\" \/>\n<meta name=\"twitter:label1\" content=\"\u00c9crit par\" \/>\n\t<meta name=\"twitter:data1\" content=\"C D\" \/>\n\t<meta name=\"twitter:label2\" content=\"Dur\u00e9e de lecture estim\u00e9e\" \/>\n\t<meta name=\"twitter:data2\" content=\"4 minutes\" \/>\n<script type=\"application\/ld+json\" class=\"yoast-schema-graph\">{\"@context\":\"https:\/\/schema.org\",\"@graph\":[{\"@type\":\"Article\",\"@id\":\"https:\/\/vosgesinfo.fr\/remiremontinfo\/2019\/05\/cornimont-fete-simples-coeur-plantes-coeur-dun-metier\/#article\",\"isPartOf\":{\"@id\":\"https:\/\/vosgesinfo.fr\/remiremontinfo\/2019\/05\/cornimont-fete-simples-coeur-plantes-coeur-dun-metier\/\"},\"author\":{\"name\":\"C D\",\"@id\":\"https:\/\/vosgesinfo.fr\/remiremontinfo\/#\/schema\/person\/3bfd164d5218a185b1db68655a265316\"},\"headline\":\"Cornimont \u2013 F\u00eate des \u00ab simples \u00bb : \u00ab au coeur des plantes, au coeur d\u2019un m\u00e9tier \u00bb !\",\"datePublished\":\"2019-05-10T04:57:28+00:00\",\"dateModified\":\"2019-05-10T04:57:28+00:00\",\"mainEntityOfPage\":{\"@id\":\"https:\/\/vosgesinfo.fr\/remiremontinfo\/2019\/05\/cornimont-fete-simples-coeur-plantes-coeur-dun-metier\/\"},\"wordCount\":863,\"commentCount\":0,\"publisher\":{\"@id\":\"https:\/\/vosgesinfo.fr\/remiremontinfo\/#organization\"},\"image\":{\"@id\":\"https:\/\/vosgesinfo.fr\/remiremontinfo\/2019\/05\/cornimont-fete-simples-coeur-plantes-coeur-dun-metier\/#primaryimage\"},\"thumbnailUrl\":\"https:\/\/vosgesinfo.fr\/app\/uploads\/sites\/5\/2024\/09\/2019055-cueilleurs-vosges.jpg\",\"articleSection\":[\"A la Une\",\"Cornimont\",\"Environnement\",\"F\u00eates\",\"La Bresse &amp; son canton\"],\"inLanguage\":\"fr-FR\",\"potentialAction\":[{\"@type\":\"CommentAction\",\"name\":\"Comment\",\"target\":[\"https:\/\/vosgesinfo.fr\/remiremontinfo\/2019\/05\/cornimont-fete-simples-coeur-plantes-coeur-dun-metier\/#respond\"]}]},{\"@type\":\"WebPage\",\"@id\":\"https:\/\/vosgesinfo.fr\/remiremontinfo\/2019\/05\/cornimont-fete-simples-coeur-plantes-coeur-dun-metier\/\",\"url\":\"https:\/\/vosgesinfo.fr\/remiremontinfo\/2019\/05\/cornimont-fete-simples-coeur-plantes-coeur-dun-metier\/\",\"name\":\"Cornimont \u2013 F\u00eate des \u00ab simples \u00bb : \u00ab au coeur des plantes, au coeur d\u2019un m\u00e9tier \u00bb ! - Remiremont Info\",\"isPartOf\":{\"@id\":\"https:\/\/vosgesinfo.fr\/remiremontinfo\/#website\"},\"primaryImageOfPage\":{\"@id\":\"https:\/\/vosgesinfo.fr\/remiremontinfo\/2019\/05\/cornimont-fete-simples-coeur-plantes-coeur-dun-metier\/#primaryimage\"},\"image\":{\"@id\":\"https:\/\/vosgesinfo.fr\/remiremontinfo\/2019\/05\/cornimont-fete-simples-coeur-plantes-coeur-dun-metier\/#primaryimage\"},\"thumbnailUrl\":\"https:\/\/vosgesinfo.fr\/app\/uploads\/sites\/5\/2024\/09\/2019055-cueilleurs-vosges.jpg\",\"datePublished\":\"2019-05-10T04:57:28+00:00\",\"dateModified\":\"2019-05-10T04:57:28+00:00\",\"breadcrumb\":{\"@id\":\"https:\/\/vosgesinfo.fr\/remiremontinfo\/2019\/05\/cornimont-fete-simples-coeur-plantes-coeur-dun-metier\/#breadcrumb\"},\"inLanguage\":\"fr-FR\",\"potentialAction\":[{\"@type\":\"ReadAction\",\"target\":[\"https:\/\/vosgesinfo.fr\/remiremontinfo\/2019\/05\/cornimont-fete-simples-coeur-plantes-coeur-dun-metier\/\"]}]},{\"@type\":\"ImageObject\",\"inLanguage\":\"fr-FR\",\"@id\":\"https:\/\/vosgesinfo.fr\/remiremontinfo\/2019\/05\/cornimont-fete-simples-coeur-plantes-coeur-dun-metier\/#primaryimage\",\"url\":\"https:\/\/vosgesinfo.fr\/app\/uploads\/sites\/5\/2024\/09\/2019055-cueilleurs-vosges.jpg\",\"contentUrl\":\"https:\/\/vosgesinfo.fr\/app\/uploads\/sites\/5\/2024\/09\/2019055-cueilleurs-vosges.jpg\",\"width\":1024,\"height\":683},{\"@type\":\"BreadcrumbList\",\"@id\":\"https:\/\/vosgesinfo.fr\/remiremontinfo\/2019\/05\/cornimont-fete-simples-coeur-plantes-coeur-dun-metier\/#breadcrumb\",\"itemListElement\":[{\"@type\":\"ListItem\",\"position\":1,\"name\":\"Home\",\"item\":\"https:\/\/vosgesinfo.fr\/remiremontinfo\/\"},{\"@type\":\"ListItem\",\"position\":2,\"name\":\"Cornimont \u2013 F\u00eate des \u00ab simples \u00bb : \u00ab au coeur des plantes, au coeur d\u2019un m\u00e9tier \u00bb !\"}]},{\"@type\":\"WebSite\",\"@id\":\"https:\/\/vosgesinfo.fr\/remiremontinfo\/#website\",\"url\":\"https:\/\/vosgesinfo.fr\/remiremontinfo\/\",\"name\":\"Remiremont Info\",\"description\":\"Toute l&#039;actualit\u00e9 de Remiremont\",\"publisher\":{\"@id\":\"https:\/\/vosgesinfo.fr\/remiremontinfo\/#organization\"},\"alternateName\":\"Toute l'actualit\u00e9 de Remiremont\",\"potentialAction\":[{\"@type\":\"SearchAction\",\"target\":{\"@type\":\"EntryPoint\",\"urlTemplate\":\"https:\/\/vosgesinfo.fr\/remiremontinfo\/?s={search_term_string}\"},\"query-input\":\"required name=search_term_string\"}],\"inLanguage\":\"fr-FR\"},{\"@type\":\"Organization\",\"@id\":\"https:\/\/vosgesinfo.fr\/remiremontinfo\/#organization\",\"name\":\"Remiremont Info\",\"url\":\"https:\/\/vosgesinfo.fr\/remiremontinfo\/\",\"logo\":{\"@type\":\"ImageObject\",\"inLanguage\":\"fr-FR\",\"@id\":\"https:\/\/vosgesinfo.fr\/remiremontinfo\/#\/schema\/logo\/image\/\",\"url\":\"https:\/\/vosgesinfo.fr\/app\/uploads\/sites\/5\/2023\/08\/favicon-remiremontinfo.png\",\"contentUrl\":\"https:\/\/vosgesinfo.fr\/app\/uploads\/sites\/5\/2023\/08\/favicon-remiremontinfo.png\",\"width\":512,\"height\":512,\"caption\":\"Remiremont Info\"},\"image\":{\"@id\":\"https:\/\/vosgesinfo.fr\/remiremontinfo\/#\/schema\/logo\/image\/\"},\"sameAs\":[\"https:\/\/www.facebook.com\/remiremontinfo\",\"https:\/\/x.com\/VosgesInfo88\",\"https:\/\/www.youtube.com\/@vosgesinfo\"]},{\"@type\":\"Person\",\"@id\":\"https:\/\/vosgesinfo.fr\/remiremontinfo\/#\/schema\/person\/3bfd164d5218a185b1db68655a265316\",\"name\":\"C D\",\"image\":{\"@type\":\"ImageObject\",\"inLanguage\":\"fr-FR\",\"@id\":\"https:\/\/vosgesinfo.fr\/remiremontinfo\/#\/schema\/person\/image\/\",\"url\":\"https:\/\/secure.gravatar.com\/avatar\/1f9a70007336511a47468b8f1c66f922b8b7cf617b02a31149ada43893a5d48f?s=96&d=mm&r=g\",\"contentUrl\":\"https:\/\/secure.gravatar.com\/avatar\/1f9a70007336511a47468b8f1c66f922b8b7cf617b02a31149ada43893a5d48f?s=96&d=mm&r=g\",\"caption\":\"C D\"},\"url\":\"https:\/\/vosgesinfo.fr\/remiremontinfo\/author\/cedric-drevet\/\"}]}<\/script>\n<!-- \/ Yoast SEO plugin. -->","yoast_head_json":{"title":"Cornimont \u2013 F\u00eate des \u00ab simples \u00bb : \u00ab au coeur des plantes, au coeur d\u2019un m\u00e9tier \u00bb ! - Remiremont Info","robots":{"index":"index","follow":"follow","max-snippet":"max-snippet:-1","max-image-preview":"max-image-preview:large","max-video-preview":"max-video-preview:-1"},"canonical":"https:\/\/vosgesinfo.fr\/remiremontinfo\/2019\/05\/cornimont-fete-simples-coeur-plantes-coeur-dun-metier\/","twitter_card":"summary_large_image","twitter_title":"Cornimont \u2013 F\u00eate des \u00ab simples \u00bb : \u00ab au coeur des plantes, au coeur d\u2019un m\u00e9tier \u00bb ! - Remiremont Info","twitter_description":"Depuis 2006, le syndicat SIMPLES (regroupant une centaine de producteurs-cueilleurs de plantes m\u00e9dicinales, aromatiques, alimentaires, cosm\u00e9tiques et tinctoriales) organise r\u00e9guli\u00e8rement [&hellip;]","twitter_image":"https:\/\/vosgesinfo.fr\/app\/uploads\/sites\/5\/2024\/09\/2019055-cueilleurs-vosges.jpg","twitter_creator":"@VosgesInfo88","twitter_site":"@VosgesInfo88","twitter_misc":{"\u00c9crit par":"C D","Dur\u00e9e de lecture estim\u00e9e":"4 minutes"},"schema":{"@context":"https:\/\/schema.org","@graph":[{"@type":"Article","@id":"https:\/\/vosgesinfo.fr\/remiremontinfo\/2019\/05\/cornimont-fete-simples-coeur-plantes-coeur-dun-metier\/#article","isPartOf":{"@id":"https:\/\/vosgesinfo.fr\/remiremontinfo\/2019\/05\/cornimont-fete-simples-coeur-plantes-coeur-dun-metier\/"},"author":{"name":"C D","@id":"https:\/\/vosgesinfo.fr\/remiremontinfo\/#\/schema\/person\/3bfd164d5218a185b1db68655a265316"},"headline":"Cornimont \u2013 F\u00eate des \u00ab simples \u00bb : \u00ab au coeur des plantes, au coeur d\u2019un m\u00e9tier \u00bb !","datePublished":"2019-05-10T04:57:28+00:00","dateModified":"2019-05-10T04:57:28+00:00","mainEntityOfPage":{"@id":"https:\/\/vosgesinfo.fr\/remiremontinfo\/2019\/05\/cornimont-fete-simples-coeur-plantes-coeur-dun-metier\/"},"wordCount":863,"commentCount":0,"publisher":{"@id":"https:\/\/vosgesinfo.fr\/remiremontinfo\/#organization"},"image":{"@id":"https:\/\/vosgesinfo.fr\/remiremontinfo\/2019\/05\/cornimont-fete-simples-coeur-plantes-coeur-dun-metier\/#primaryimage"},"thumbnailUrl":"https:\/\/vosgesinfo.fr\/app\/uploads\/sites\/5\/2024\/09\/2019055-cueilleurs-vosges.jpg","articleSection":["A la Une","Cornimont","Environnement","F\u00eates","La Bresse &amp; son canton"],"inLanguage":"fr-FR","potentialAction":[{"@type":"CommentAction","name":"Comment","target":["https:\/\/vosgesinfo.fr\/remiremontinfo\/2019\/05\/cornimont-fete-simples-coeur-plantes-coeur-dun-metier\/#respond"]}]},{"@type":"WebPage","@id":"https:\/\/vosgesinfo.fr\/remiremontinfo\/2019\/05\/cornimont-fete-simples-coeur-plantes-coeur-dun-metier\/","url":"https:\/\/vosgesinfo.fr\/remiremontinfo\/2019\/05\/cornimont-fete-simples-coeur-plantes-coeur-dun-metier\/","name":"Cornimont \u2013 F\u00eate des \u00ab simples \u00bb : \u00ab au coeur des plantes, au coeur d\u2019un m\u00e9tier \u00bb ! - Remiremont Info","isPartOf":{"@id":"https:\/\/vosgesinfo.fr\/remiremontinfo\/#website"},"primaryImageOfPage":{"@id":"https:\/\/vosgesinfo.fr\/remiremontinfo\/2019\/05\/cornimont-fete-simples-coeur-plantes-coeur-dun-metier\/#primaryimage"},"image":{"@id":"https:\/\/vosgesinfo.fr\/remiremontinfo\/2019\/05\/cornimont-fete-simples-coeur-plantes-coeur-dun-metier\/#primaryimage"},"thumbnailUrl":"https:\/\/vosgesinfo.fr\/app\/uploads\/sites\/5\/2024\/09\/2019055-cueilleurs-vosges.jpg","datePublished":"2019-05-10T04:57:28+00:00","dateModified":"2019-05-10T04:57:28+00:00","breadcrumb":{"@id":"https:\/\/vosgesinfo.fr\/remiremontinfo\/2019\/05\/cornimont-fete-simples-coeur-plantes-coeur-dun-metier\/#breadcrumb"},"inLanguage":"fr-FR","potentialAction":[{"@type":"ReadAction","target":["https:\/\/vosgesinfo.fr\/remiremontinfo\/2019\/05\/cornimont-fete-simples-coeur-plantes-coeur-dun-metier\/"]}]},{"@type":"ImageObject","inLanguage":"fr-FR","@id":"https:\/\/vosgesinfo.fr\/remiremontinfo\/2019\/05\/cornimont-fete-simples-coeur-plantes-coeur-dun-metier\/#primaryimage","url":"https:\/\/vosgesinfo.fr\/app\/uploads\/sites\/5\/2024\/09\/2019055-cueilleurs-vosges.jpg","contentUrl":"https:\/\/vosgesinfo.fr\/app\/uploads\/sites\/5\/2024\/09\/2019055-cueilleurs-vosges.jpg","width":1024,"height":683},{"@type":"BreadcrumbList","@id":"https:\/\/vosgesinfo.fr\/remiremontinfo\/2019\/05\/cornimont-fete-simples-coeur-plantes-coeur-dun-metier\/#breadcrumb","itemListElement":[{"@type":"ListItem","position":1,"name":"Home","item":"https:\/\/vosgesinfo.fr\/remiremontinfo\/"},{"@type":"ListItem","position":2,"name":"Cornimont \u2013 F\u00eate des \u00ab simples \u00bb : \u00ab au coeur des plantes, au coeur d\u2019un m\u00e9tier \u00bb !"}]},{"@type":"WebSite","@id":"https:\/\/vosgesinfo.fr\/remiremontinfo\/#website","url":"https:\/\/vosgesinfo.fr\/remiremontinfo\/","name":"Remiremont Info","description":"Toute l&#039;actualit\u00e9 de Remiremont","publisher":{"@id":"https:\/\/vosgesinfo.fr\/remiremontinfo\/#organization"},"alternateName":"Toute l'actualit\u00e9 de Remiremont","potentialAction":[{"@type":"SearchAction","target":{"@type":"EntryPoint","urlTemplate":"https:\/\/vosgesinfo.fr\/remiremontinfo\/?s={search_term_string}"},"query-input":"required name=search_term_string"}],"inLanguage":"fr-FR"},{"@type":"Organization","@id":"https:\/\/vosgesinfo.fr\/remiremontinfo\/#organization","name":"Remiremont Info","url":"https:\/\/vosgesinfo.fr\/remiremontinfo\/","logo":{"@type":"ImageObject","inLanguage":"fr-FR","@id":"https:\/\/vosgesinfo.fr\/remiremontinfo\/#\/schema\/logo\/image\/","url":"https:\/\/vosgesinfo.fr\/app\/uploads\/sites\/5\/2023\/08\/favicon-remiremontinfo.png","contentUrl":"https:\/\/vosgesinfo.fr\/app\/uploads\/sites\/5\/2023\/08\/favicon-remiremontinfo.png","width":512,"height":512,"caption":"Remiremont Info"},"image":{"@id":"https:\/\/vosgesinfo.fr\/remiremontinfo\/#\/schema\/logo\/image\/"},"sameAs":["https:\/\/www.facebook.com\/remiremontinfo","https:\/\/x.com\/VosgesInfo88","https:\/\/www.youtube.com\/@vosgesinfo"]},{"@type":"Person","@id":"https:\/\/vosgesinfo.fr\/remiremontinfo\/#\/schema\/person\/3bfd164d5218a185b1db68655a265316","name":"C D","image":{"@type":"ImageObject","inLanguage":"fr-FR","@id":"https:\/\/vosgesinfo.fr\/remiremontinfo\/#\/schema\/person\/image\/","url":"https:\/\/secure.gravatar.com\/avatar\/1f9a70007336511a47468b8f1c66f922b8b7cf617b02a31149ada43893a5d48f?s=96&d=mm&r=g","contentUrl":"https:\/\/secure.gravatar.com\/avatar\/1f9a70007336511a47468b8f1c66f922b8b7cf617b02a31149ada43893a5d48f?s=96&d=mm&r=g","caption":"C D"},"url":"https:\/\/vosgesinfo.fr\/remiremontinfo\/author\/cedric-drevet\/"}]}},"_links":{"self":[{"href":"https:\/\/vosgesinfo.fr\/remiremontinfo\/wp-json\/wp\/v2\/posts\/14118","targetHints":{"allow":["GET"]}}],"collection":[{"href":"https:\/\/vosgesinfo.fr\/remiremontinfo\/wp-json\/wp\/v2\/posts"}],"about":[{"href":"https:\/\/vosgesinfo.fr\/remiremontinfo\/wp-json\/wp\/v2\/types\/post"}],"author":[{"embeddable":true,"href":"https:\/\/vosgesinfo.fr\/remiremontinfo\/wp-json\/wp\/v2\/users\/407"}],"replies":[{"embeddable":true,"href":"https:\/\/vosgesinfo.fr\/remiremontinfo\/wp-json\/wp\/v2\/comments?post=14118"}],"version-history":[{"count":0,"href":"https:\/\/vosgesinfo.fr\/remiremontinfo\/wp-json\/wp\/v2\/posts\/14118\/revisions"}],"wp:featuredmedia":[{"embeddable":true,"href":"https:\/\/vosgesinfo.fr\/remiremontinfo\/wp-json\/wp\/v2\/media\/14119"}],"wp:attachment":[{"href":"https:\/\/vosgesinfo.fr\/remiremontinfo\/wp-json\/wp\/v2\/media?parent=14118"}],"wp:term":[{"taxonomy":"category","embeddable":true,"href":"https:\/\/vosgesinfo.fr\/remiremontinfo\/wp-json\/wp\/v2\/categories?post=14118"},{"taxonomy":"post_tag","embeddable":true,"href":"https:\/\/vosgesinfo.fr\/remiremontinfo\/wp-json\/wp\/v2\/tags?post=14118"}],"curies":[{"name":"wp","href":"https:\/\/api.w.org\/{rel}","templated":true}]}}