{"id":14177,"date":"2019-05-13T06:57:20","date_gmt":"2019-05-13T04:57:20","guid":{"rendered":"https:\/\/vosgesinfo.fr\/remiremontinfo\/2019\/05\/remiremont-resultats-5eme-prix-cycliste-de-leco-quartier-de-filature\/"},"modified":"2019-05-13T06:57:20","modified_gmt":"2019-05-13T04:57:20","slug":"remiremont-resultats-5eme-prix-cycliste-de-leco-quartier-de-filature","status":"publish","type":"post","link":"https:\/\/vosgesinfo.fr\/remiremontinfo\/2019\/05\/remiremont-resultats-5eme-prix-cycliste-de-leco-quartier-de-filature\/","title":{"rendered":"Remiremont : les r\u00e9sultats du 5\u00e8me prix cycliste de l\u2019\u00e9co-quartier de la filature"},"content":{"rendered":"<p class=\"p1\"><a href=\"\/2019\/05\/P1110201.jpg\"><img decoding=\"async\" class=\"alignnone size-large wp-image-258853\" src=\"\/2019\/05\/P1110201-1024x768.jpg\" alt=\"P1110201\" width=\"960\" height=\"720\" \/><\/a><\/p>\n<h2 class=\"p1\"><span style=\"font-size: 12pt;\"><strong><span class=\"s1\">L\u2019Union Cycliste de Remiremont organisait ce dimanche le 5\u00e8me prix\u00a0<\/span><span class=\"s1\">cycliste de l\u2019\u00e9co-quartier de la Filature. Quelques 50 jeunes se sont disput\u00e9s la victoire dans leur cat\u00e9gorie et pour chaque \u00e9preuve. <\/span><\/strong><\/span><\/h2>\n<p class=\"p1\"><span class=\"s1\">Les jeunes licenci\u00e9s des \u00e9coles de cyclisme (pr\u00e9-licenci\u00e9s, poussins, pupilles et benjamins) se sont r\u00e9uni en d\u00e9but d\u2019apr\u00e8s midi \u00e0 l\u2019\u00e9co-quartier. La comp\u00e9tition a d\u00e9but\u00e9 avec des jeux d\u2019adresse, puis des \u00e9preuves de vitesse (sprints). Ensuite : courses sur route sur un circuit empruntant la voie verte, la rue du lit d\u2019eau et enfin l\u2019\u00e9preuve de cyclo-cross en bordure de la voie verte.<\/span><\/p>\n<p class=\"p1\"><em><span class=\"s1\">Voici les r\u00e9sultats :<\/span><\/em><\/p>\n<p class=\"p1\"><a href=\"\/2019\/05\/Capture-d\u2019e\u0301cran-2019-05-13-a\u0300-08.24.07.png\"><img decoding=\"async\" class=\"alignnone size-large wp-image-258849\" src=\"\/2019\/05\/Capture-d\u2019e\u0301cran-2019-05-13-a\u0300-08.24.07-1024x641.png\" alt=\"Capture d\u2019e\u0301cran 2019-05-13 a\u0300 08.24.07\" width=\"960\" height=\"601\" \/><\/a> <a href=\"\/2019\/05\/Capture-d\u2019e\u0301cran-2019-05-13-a\u0300-08.24.25.png\"><img decoding=\"async\" class=\"alignnone size-large wp-image-258850\" src=\"\/2019\/05\/Capture-d\u2019e\u0301cran-2019-05-13-a\u0300-08.24.25-1024x623.png\" alt=\"Capture d\u2019e\u0301cran 2019-05-13 a\u0300 08.24.25\" width=\"960\" height=\"584\" \/><\/a> <a href=\"\/2019\/05\/Capture-d\u2019e\u0301cran-2019-05-13-a\u0300-08.25.02.png\"><img decoding=\"async\" class=\"alignnone size-large wp-image-258851\" src=\"\/2019\/05\/Capture-d\u2019e\u0301cran-2019-05-13-a\u0300-08.25.02-1024x394.png\" alt=\"Capture d\u2019e\u0301cran 2019-05-13 a\u0300 08.25.02\" width=\"960\" height=\"369\" \/><\/a> <a href=\"\/2019\/05\/Capture-d\u2019e\u0301cran-2019-05-13-a\u0300-08.25.57.png\"><img decoding=\"async\" class=\"alignnone size-large wp-image-258852\" src=\"\/2019\/05\/Capture-d\u2019e\u0301cran-2019-05-13-a\u0300-08.25.57-1024x634.png\" alt=\"Capture d\u2019e\u0301cran 2019-05-13 a\u0300 08.25.57\" width=\"960\" height=\"594\" \/><\/a><\/p>\n","protected":false},"excerpt":{"rendered":"<p>L\u2019Union Cycliste de Remiremont organisait ce dimanche le 5\u00e8me prix\u00a0cycliste de l\u2019\u00e9co-quartier de la Filature. Quelques 50 jeunes se sont [&hellip;]<\/p>\n","protected":false},"author":407,"featured_media":14178,"comment_status":"open","ping_status":"open","sticky":false,"template":"","format":"standard","meta":{"footnotes":""},"categories":[26,1556,35,14],"tags":[],"class_list":["post-14177","post","type-post","status-publish","format-standard","has-post-thumbnail","hentry","category-a-la-une","category-remiremont-remiremont-son-canton-2","category-remiremont-son-canton","category-sport"],"acf":[],"yoast_head":"<!-- This site is optimized with the Yoast SEO plugin v22.5 - https:\/\/yoast.com\/wordpress\/plugins\/seo\/ -->\n<title>Remiremont : les r\u00e9sultats du 5\u00e8me prix cycliste de l\u2019\u00e9co-quartier de la filature - Remiremont Info<\/title>\n<meta name=\"robots\" content=\"index, follow, max-snippet:-1, max-image-preview:large, max-video-preview:-1\" \/>\n<link rel=\"canonical\" href=\"https:\/\/vosgesinfo.fr\/remiremontinfo\/2019\/05\/remiremont-resultats-5eme-prix-cycliste-de-leco-quartier-de-filature\/\" \/>\n<meta name=\"twitter:card\" content=\"summary_large_image\" \/>\n<meta name=\"twitter:title\" content=\"Remiremont : les r\u00e9sultats du 5\u00e8me prix cycliste de l\u2019\u00e9co-quartier de la filature - Remiremont Info\" \/>\n<meta name=\"twitter:description\" content=\"L\u2019Union Cycliste de Remiremont organisait ce dimanche le 5\u00e8me prix\u00a0cycliste de l\u2019\u00e9co-quartier de la Filature. Quelques 50 jeunes se sont [&hellip;]\" \/>\n<meta name=\"twitter:image\" content=\"https:\/\/vosgesinfo.fr\/app\/uploads\/sites\/5\/2024\/09\/201905p1110203-e1557729013885.jpg\" \/>\n<meta name=\"twitter:creator\" content=\"@VosgesInfo88\" \/>\n<meta name=\"twitter:site\" content=\"@VosgesInfo88\" \/>\n<meta name=\"twitter:label1\" content=\"\u00c9crit par\" \/>\n\t<meta name=\"twitter:data1\" content=\"C D\" \/>\n\t<meta name=\"twitter:label2\" content=\"Dur\u00e9e de lecture estim\u00e9e\" \/>\n\t<meta name=\"twitter:data2\" content=\"1 minute\" \/>\n<script type=\"application\/ld+json\" class=\"yoast-schema-graph\">{\"@context\":\"https:\/\/schema.org\",\"@graph\":[{\"@type\":\"Article\",\"@id\":\"https:\/\/vosgesinfo.fr\/remiremontinfo\/2019\/05\/remiremont-resultats-5eme-prix-cycliste-de-leco-quartier-de-filature\/#article\",\"isPartOf\":{\"@id\":\"https:\/\/vosgesinfo.fr\/remiremontinfo\/2019\/05\/remiremont-resultats-5eme-prix-cycliste-de-leco-quartier-de-filature\/\"},\"author\":{\"name\":\"C D\",\"@id\":\"https:\/\/vosgesinfo.fr\/remiremontinfo\/#\/schema\/person\/3bfd164d5218a185b1db68655a265316\"},\"headline\":\"Remiremont : les r\u00e9sultats du 5\u00e8me prix cycliste de l\u2019\u00e9co-quartier de la filature\",\"datePublished\":\"2019-05-13T04:57:20+00:00\",\"dateModified\":\"2019-05-13T04:57:20+00:00\",\"mainEntityOfPage\":{\"@id\":\"https:\/\/vosgesinfo.fr\/remiremontinfo\/2019\/05\/remiremont-resultats-5eme-prix-cycliste-de-leco-quartier-de-filature\/\"},\"wordCount\":126,\"commentCount\":0,\"publisher\":{\"@id\":\"https:\/\/vosgesinfo.fr\/remiremontinfo\/#organization\"},\"image\":{\"@id\":\"https:\/\/vosgesinfo.fr\/remiremontinfo\/2019\/05\/remiremont-resultats-5eme-prix-cycliste-de-leco-quartier-de-filature\/#primaryimage\"},\"thumbnailUrl\":\"https:\/\/vosgesinfo.fr\/app\/uploads\/sites\/5\/2024\/09\/201905p1110203-e1557729013885.jpg\",\"articleSection\":[\"A la Une\",\"Remiremont\",\"Remiremont &amp; son canton\",\"Sport\"],\"inLanguage\":\"fr-FR\",\"potentialAction\":[{\"@type\":\"CommentAction\",\"name\":\"Comment\",\"target\":[\"https:\/\/vosgesinfo.fr\/remiremontinfo\/2019\/05\/remiremont-resultats-5eme-prix-cycliste-de-leco-quartier-de-filature\/#respond\"]}]},{\"@type\":\"WebPage\",\"@id\":\"https:\/\/vosgesinfo.fr\/remiremontinfo\/2019\/05\/remiremont-resultats-5eme-prix-cycliste-de-leco-quartier-de-filature\/\",\"url\":\"https:\/\/vosgesinfo.fr\/remiremontinfo\/2019\/05\/remiremont-resultats-5eme-prix-cycliste-de-leco-quartier-de-filature\/\",\"name\":\"Remiremont : les r\u00e9sultats du 5\u00e8me prix cycliste de l\u2019\u00e9co-quartier de la filature - Remiremont Info\",\"isPartOf\":{\"@id\":\"https:\/\/vosgesinfo.fr\/remiremontinfo\/#website\"},\"primaryImageOfPage\":{\"@id\":\"https:\/\/vosgesinfo.fr\/remiremontinfo\/2019\/05\/remiremont-resultats-5eme-prix-cycliste-de-leco-quartier-de-filature\/#primaryimage\"},\"image\":{\"@id\":\"https:\/\/vosgesinfo.fr\/remiremontinfo\/2019\/05\/remiremont-resultats-5eme-prix-cycliste-de-leco-quartier-de-filature\/#primaryimage\"},\"thumbnailUrl\":\"https:\/\/vosgesinfo.fr\/app\/uploads\/sites\/5\/2024\/09\/201905p1110203-e1557729013885.jpg\",\"datePublished\":\"2019-05-13T04:57:20+00:00\",\"dateModified\":\"2019-05-13T04:57:20+00:00\",\"breadcrumb\":{\"@id\":\"https:\/\/vosgesinfo.fr\/remiremontinfo\/2019\/05\/remiremont-resultats-5eme-prix-cycliste-de-leco-quartier-de-filature\/#breadcrumb\"},\"inLanguage\":\"fr-FR\",\"potentialAction\":[{\"@type\":\"ReadAction\",\"target\":[\"https:\/\/vosgesinfo.fr\/remiremontinfo\/2019\/05\/remiremont-resultats-5eme-prix-cycliste-de-leco-quartier-de-filature\/\"]}]},{\"@type\":\"ImageObject\",\"inLanguage\":\"fr-FR\",\"@id\":\"https:\/\/vosgesinfo.fr\/remiremontinfo\/2019\/05\/remiremont-resultats-5eme-prix-cycliste-de-leco-quartier-de-filature\/#primaryimage\",\"url\":\"https:\/\/vosgesinfo.fr\/app\/uploads\/sites\/5\/2024\/09\/201905p1110203-e1557729013885.jpg\",\"contentUrl\":\"https:\/\/vosgesinfo.fr\/app\/uploads\/sites\/5\/2024\/09\/201905p1110203-e1557729013885.jpg\",\"width\":2048,\"height\":1536},{\"@type\":\"BreadcrumbList\",\"@id\":\"https:\/\/vosgesinfo.fr\/remiremontinfo\/2019\/05\/remiremont-resultats-5eme-prix-cycliste-de-leco-quartier-de-filature\/#breadcrumb\",\"itemListElement\":[{\"@type\":\"ListItem\",\"position\":1,\"name\":\"Home\",\"item\":\"https:\/\/vosgesinfo.fr\/remiremontinfo\/\"},{\"@type\":\"ListItem\",\"position\":2,\"name\":\"Remiremont : les r\u00e9sultats du 5\u00e8me prix cycliste de l\u2019\u00e9co-quartier de la filature\"}]},{\"@type\":\"WebSite\",\"@id\":\"https:\/\/vosgesinfo.fr\/remiremontinfo\/#website\",\"url\":\"https:\/\/vosgesinfo.fr\/remiremontinfo\/\",\"name\":\"Remiremont Info\",\"description\":\"Toute l&#039;actualit\u00e9 de Remiremont\",\"publisher\":{\"@id\":\"https:\/\/vosgesinfo.fr\/remiremontinfo\/#organization\"},\"alternateName\":\"Toute l'actualit\u00e9 de Remiremont\",\"potentialAction\":[{\"@type\":\"SearchAction\",\"target\":{\"@type\":\"EntryPoint\",\"urlTemplate\":\"https:\/\/vosgesinfo.fr\/remiremontinfo\/?s={search_term_string}\"},\"query-input\":\"required name=search_term_string\"}],\"inLanguage\":\"fr-FR\"},{\"@type\":\"Organization\",\"@id\":\"https:\/\/vosgesinfo.fr\/remiremontinfo\/#organization\",\"name\":\"Remiremont Info\",\"url\":\"https:\/\/vosgesinfo.fr\/remiremontinfo\/\",\"logo\":{\"@type\":\"ImageObject\",\"inLanguage\":\"fr-FR\",\"@id\":\"https:\/\/vosgesinfo.fr\/remiremontinfo\/#\/schema\/logo\/image\/\",\"url\":\"https:\/\/vosgesinfo.fr\/app\/uploads\/sites\/5\/2023\/08\/favicon-remiremontinfo.png\",\"contentUrl\":\"https:\/\/vosgesinfo.fr\/app\/uploads\/sites\/5\/2023\/08\/favicon-remiremontinfo.png\",\"width\":512,\"height\":512,\"caption\":\"Remiremont Info\"},\"image\":{\"@id\":\"https:\/\/vosgesinfo.fr\/remiremontinfo\/#\/schema\/logo\/image\/\"},\"sameAs\":[\"https:\/\/www.facebook.com\/remiremontinfo\",\"https:\/\/x.com\/VosgesInfo88\",\"https:\/\/www.youtube.com\/@vosgesinfo\"]},{\"@type\":\"Person\",\"@id\":\"https:\/\/vosgesinfo.fr\/remiremontinfo\/#\/schema\/person\/3bfd164d5218a185b1db68655a265316\",\"name\":\"C D\",\"image\":{\"@type\":\"ImageObject\",\"inLanguage\":\"fr-FR\",\"@id\":\"https:\/\/vosgesinfo.fr\/remiremontinfo\/#\/schema\/person\/image\/\",\"url\":\"https:\/\/secure.gravatar.com\/avatar\/1f9a70007336511a47468b8f1c66f922b8b7cf617b02a31149ada43893a5d48f?s=96&d=mm&r=g\",\"contentUrl\":\"https:\/\/secure.gravatar.com\/avatar\/1f9a70007336511a47468b8f1c66f922b8b7cf617b02a31149ada43893a5d48f?s=96&d=mm&r=g\",\"caption\":\"C D\"},\"url\":\"https:\/\/vosgesinfo.fr\/remiremontinfo\/author\/cedric-drevet\/\"}]}<\/script>\n<!-- \/ Yoast SEO plugin. -->","yoast_head_json":{"title":"Remiremont : les r\u00e9sultats du 5\u00e8me prix cycliste de l\u2019\u00e9co-quartier de la filature - Remiremont Info","robots":{"index":"index","follow":"follow","max-snippet":"max-snippet:-1","max-image-preview":"max-image-preview:large","max-video-preview":"max-video-preview:-1"},"canonical":"https:\/\/vosgesinfo.fr\/remiremontinfo\/2019\/05\/remiremont-resultats-5eme-prix-cycliste-de-leco-quartier-de-filature\/","twitter_card":"summary_large_image","twitter_title":"Remiremont : les r\u00e9sultats du 5\u00e8me prix cycliste de l\u2019\u00e9co-quartier de la filature - Remiremont Info","twitter_description":"L\u2019Union Cycliste de Remiremont organisait ce dimanche le 5\u00e8me prix\u00a0cycliste de l\u2019\u00e9co-quartier de la Filature. Quelques 50 jeunes se sont [&hellip;]","twitter_image":"https:\/\/vosgesinfo.fr\/app\/uploads\/sites\/5\/2024\/09\/201905p1110203-e1557729013885.jpg","twitter_creator":"@VosgesInfo88","twitter_site":"@VosgesInfo88","twitter_misc":{"\u00c9crit par":"C D","Dur\u00e9e de lecture estim\u00e9e":"1 minute"},"schema":{"@context":"https:\/\/schema.org","@graph":[{"@type":"Article","@id":"https:\/\/vosgesinfo.fr\/remiremontinfo\/2019\/05\/remiremont-resultats-5eme-prix-cycliste-de-leco-quartier-de-filature\/#article","isPartOf":{"@id":"https:\/\/vosgesinfo.fr\/remiremontinfo\/2019\/05\/remiremont-resultats-5eme-prix-cycliste-de-leco-quartier-de-filature\/"},"author":{"name":"C D","@id":"https:\/\/vosgesinfo.fr\/remiremontinfo\/#\/schema\/person\/3bfd164d5218a185b1db68655a265316"},"headline":"Remiremont : les r\u00e9sultats du 5\u00e8me prix cycliste de l\u2019\u00e9co-quartier de la filature","datePublished":"2019-05-13T04:57:20+00:00","dateModified":"2019-05-13T04:57:20+00:00","mainEntityOfPage":{"@id":"https:\/\/vosgesinfo.fr\/remiremontinfo\/2019\/05\/remiremont-resultats-5eme-prix-cycliste-de-leco-quartier-de-filature\/"},"wordCount":126,"commentCount":0,"publisher":{"@id":"https:\/\/vosgesinfo.fr\/remiremontinfo\/#organization"},"image":{"@id":"https:\/\/vosgesinfo.fr\/remiremontinfo\/2019\/05\/remiremont-resultats-5eme-prix-cycliste-de-leco-quartier-de-filature\/#primaryimage"},"thumbnailUrl":"https:\/\/vosgesinfo.fr\/app\/uploads\/sites\/5\/2024\/09\/201905p1110203-e1557729013885.jpg","articleSection":["A la Une","Remiremont","Remiremont &amp; son canton","Sport"],"inLanguage":"fr-FR","potentialAction":[{"@type":"CommentAction","name":"Comment","target":["https:\/\/vosgesinfo.fr\/remiremontinfo\/2019\/05\/remiremont-resultats-5eme-prix-cycliste-de-leco-quartier-de-filature\/#respond"]}]},{"@type":"WebPage","@id":"https:\/\/vosgesinfo.fr\/remiremontinfo\/2019\/05\/remiremont-resultats-5eme-prix-cycliste-de-leco-quartier-de-filature\/","url":"https:\/\/vosgesinfo.fr\/remiremontinfo\/2019\/05\/remiremont-resultats-5eme-prix-cycliste-de-leco-quartier-de-filature\/","name":"Remiremont : les r\u00e9sultats du 5\u00e8me prix cycliste de l\u2019\u00e9co-quartier de la filature - Remiremont Info","isPartOf":{"@id":"https:\/\/vosgesinfo.fr\/remiremontinfo\/#website"},"primaryImageOfPage":{"@id":"https:\/\/vosgesinfo.fr\/remiremontinfo\/2019\/05\/remiremont-resultats-5eme-prix-cycliste-de-leco-quartier-de-filature\/#primaryimage"},"image":{"@id":"https:\/\/vosgesinfo.fr\/remiremontinfo\/2019\/05\/remiremont-resultats-5eme-prix-cycliste-de-leco-quartier-de-filature\/#primaryimage"},"thumbnailUrl":"https:\/\/vosgesinfo.fr\/app\/uploads\/sites\/5\/2024\/09\/201905p1110203-e1557729013885.jpg","datePublished":"2019-05-13T04:57:20+00:00","dateModified":"2019-05-13T04:57:20+00:00","breadcrumb":{"@id":"https:\/\/vosgesinfo.fr\/remiremontinfo\/2019\/05\/remiremont-resultats-5eme-prix-cycliste-de-leco-quartier-de-filature\/#breadcrumb"},"inLanguage":"fr-FR","potentialAction":[{"@type":"ReadAction","target":["https:\/\/vosgesinfo.fr\/remiremontinfo\/2019\/05\/remiremont-resultats-5eme-prix-cycliste-de-leco-quartier-de-filature\/"]}]},{"@type":"ImageObject","inLanguage":"fr-FR","@id":"https:\/\/vosgesinfo.fr\/remiremontinfo\/2019\/05\/remiremont-resultats-5eme-prix-cycliste-de-leco-quartier-de-filature\/#primaryimage","url":"https:\/\/vosgesinfo.fr\/app\/uploads\/sites\/5\/2024\/09\/201905p1110203-e1557729013885.jpg","contentUrl":"https:\/\/vosgesinfo.fr\/app\/uploads\/sites\/5\/2024\/09\/201905p1110203-e1557729013885.jpg","width":2048,"height":1536},{"@type":"BreadcrumbList","@id":"https:\/\/vosgesinfo.fr\/remiremontinfo\/2019\/05\/remiremont-resultats-5eme-prix-cycliste-de-leco-quartier-de-filature\/#breadcrumb","itemListElement":[{"@type":"ListItem","position":1,"name":"Home","item":"https:\/\/vosgesinfo.fr\/remiremontinfo\/"},{"@type":"ListItem","position":2,"name":"Remiremont : les r\u00e9sultats du 5\u00e8me prix cycliste de l\u2019\u00e9co-quartier de la filature"}]},{"@type":"WebSite","@id":"https:\/\/vosgesinfo.fr\/remiremontinfo\/#website","url":"https:\/\/vosgesinfo.fr\/remiremontinfo\/","name":"Remiremont Info","description":"Toute l&#039;actualit\u00e9 de Remiremont","publisher":{"@id":"https:\/\/vosgesinfo.fr\/remiremontinfo\/#organization"},"alternateName":"Toute l'actualit\u00e9 de Remiremont","potentialAction":[{"@type":"SearchAction","target":{"@type":"EntryPoint","urlTemplate":"https:\/\/vosgesinfo.fr\/remiremontinfo\/?s={search_term_string}"},"query-input":"required name=search_term_string"}],"inLanguage":"fr-FR"},{"@type":"Organization","@id":"https:\/\/vosgesinfo.fr\/remiremontinfo\/#organization","name":"Remiremont Info","url":"https:\/\/vosgesinfo.fr\/remiremontinfo\/","logo":{"@type":"ImageObject","inLanguage":"fr-FR","@id":"https:\/\/vosgesinfo.fr\/remiremontinfo\/#\/schema\/logo\/image\/","url":"https:\/\/vosgesinfo.fr\/app\/uploads\/sites\/5\/2023\/08\/favicon-remiremontinfo.png","contentUrl":"https:\/\/vosgesinfo.fr\/app\/uploads\/sites\/5\/2023\/08\/favicon-remiremontinfo.png","width":512,"height":512,"caption":"Remiremont Info"},"image":{"@id":"https:\/\/vosgesinfo.fr\/remiremontinfo\/#\/schema\/logo\/image\/"},"sameAs":["https:\/\/www.facebook.com\/remiremontinfo","https:\/\/x.com\/VosgesInfo88","https:\/\/www.youtube.com\/@vosgesinfo"]},{"@type":"Person","@id":"https:\/\/vosgesinfo.fr\/remiremontinfo\/#\/schema\/person\/3bfd164d5218a185b1db68655a265316","name":"C D","image":{"@type":"ImageObject","inLanguage":"fr-FR","@id":"https:\/\/vosgesinfo.fr\/remiremontinfo\/#\/schema\/person\/image\/","url":"https:\/\/secure.gravatar.com\/avatar\/1f9a70007336511a47468b8f1c66f922b8b7cf617b02a31149ada43893a5d48f?s=96&d=mm&r=g","contentUrl":"https:\/\/secure.gravatar.com\/avatar\/1f9a70007336511a47468b8f1c66f922b8b7cf617b02a31149ada43893a5d48f?s=96&d=mm&r=g","caption":"C D"},"url":"https:\/\/vosgesinfo.fr\/remiremontinfo\/author\/cedric-drevet\/"}]}},"_links":{"self":[{"href":"https:\/\/vosgesinfo.fr\/remiremontinfo\/wp-json\/wp\/v2\/posts\/14177","targetHints":{"allow":["GET"]}}],"collection":[{"href":"https:\/\/vosgesinfo.fr\/remiremontinfo\/wp-json\/wp\/v2\/posts"}],"about":[{"href":"https:\/\/vosgesinfo.fr\/remiremontinfo\/wp-json\/wp\/v2\/types\/post"}],"author":[{"embeddable":true,"href":"https:\/\/vosgesinfo.fr\/remiremontinfo\/wp-json\/wp\/v2\/users\/407"}],"replies":[{"embeddable":true,"href":"https:\/\/vosgesinfo.fr\/remiremontinfo\/wp-json\/wp\/v2\/comments?post=14177"}],"version-history":[{"count":0,"href":"https:\/\/vosgesinfo.fr\/remiremontinfo\/wp-json\/wp\/v2\/posts\/14177\/revisions"}],"wp:featuredmedia":[{"embeddable":true,"href":"https:\/\/vosgesinfo.fr\/remiremontinfo\/wp-json\/wp\/v2\/media\/14178"}],"wp:attachment":[{"href":"https:\/\/vosgesinfo.fr\/remiremontinfo\/wp-json\/wp\/v2\/media?parent=14177"}],"wp:term":[{"taxonomy":"category","embeddable":true,"href":"https:\/\/vosgesinfo.fr\/remiremontinfo\/wp-json\/wp\/v2\/categories?post=14177"},{"taxonomy":"post_tag","embeddable":true,"href":"https:\/\/vosgesinfo.fr\/remiremontinfo\/wp-json\/wp\/v2\/tags?post=14177"}],"curies":[{"name":"wp","href":"https:\/\/api.w.org\/{rel}","templated":true}]}}